{"id":295847,"date":"2026-01-28T10:11:14","date_gmt":"2026-01-28T07:11:14","guid":{"rendered":"https:\/\/www.tgrthaber.com\/mavikadin\/?p=295847"},"modified":"2026-01-28T10:11:14","modified_gmt":"2026-01-28T07:11:14","slug":"hakan-tasiyanin-esi-ve-cocugu-kimdir-hakan-tasiyan-sarkilari-nelerdir","status":"publish","type":"post","link":"https:\/\/www.tgrthaber.com\/mavikadin\/hakan-tasiyanin-esi-ve-cocugu-kimdir-hakan-tasiyan-sarkilari-nelerdir\/","title":{"rendered":"Hakan Ta\u015f\u0131yan&#8217;\u0131n e\u015fi ve \u00e7ocu\u011fu kimdir? Hakan Ta\u015f\u0131yan \u015fark\u0131lar\u0131 nelerdir?"},"content":{"rendered":"<p>Kalp krizi ge\u00e7iren <a href=\"https:\/\/www.tgrthaber.com\/mavikadin\/hakan-tasiyan-hastaligi-nedir-hakan-tasiyan-sag-mi\/\">Hakan Ta\u015f\u0131yan<\/a>, magazin g\u00fcndemine bomba gibi d\u00fc\u015ft\u00fc. Daha \u00f6nce organ nakli olan Ta\u015f\u0131yan\u2019\u0131n kalp krizi ge\u00e7irdi\u011fi ve durumunun kritik oldu\u011fu \u00f6\u011frenildi. Bu geli\u015fme sonras\u0131 hayranlar\u0131, \u201cHakan Ta\u015f\u0131yan\u2019\u0131n e\u015fi ve \u00e7ocu\u011fu kim?\u201d ve \u201cHakan Ta\u015f\u0131yan\u2019\u0131n \u015fark\u0131lar\u0131 nelerdir?\u201d gibi sorular\u0131n cevaplar\u0131n\u0131 ara\u015ft\u0131rmaya ba\u015flad\u0131.<\/p>\n<h3>HAKAN TA\u015eIYAN K\u0130MD\u0130R?<\/h3>\n<p>Aslen Ankaral\u0131 olan <a href=\"https:\/\/www.tgrthaber.com\/mavikadin\/hakan-tasiyan-kimdir-kac-yasinda-hakan-tasiyan-aslen-nereli\/\">Hakan Ta\u015f\u0131yan<\/a>, 1 Nisan 1973\u2019te Ankara\u2019da d\u00fcnyaya geldi. Annesi Trabzonlu, babas\u0131 Diyarbak\u0131rl\u0131d\u0131r. M\u00fczi\u011fe k\u00fc\u00e7\u00fck ya\u015flarda ilgi duymaya ba\u015flayan Ta\u015f\u0131yan, saz \u00e7almay\u0131 \u00f6\u011frendi ve babas\u0131yla birlikte d\u00fc\u011f\u00fcnlerde sahne almaya ba\u015flad\u0131. Askerlik d\u00f6neminde sesinin fark edilmesi ve komutanlar\u0131n\u0131n deste\u011fiyle profesyonel m\u00fczik kariyerine ad\u0131m att\u0131.<\/p>\n<p><img loading=\"lazy\" decoding=\"async\" class=\"aligncenter size-full wp-image-295870\" src=\"https:\/\/www.tgrthaber.com\/mavikadin\/wp-content\/uploads\/2026\/01\/Hakan-Tasiyan-1-1.webp\" alt=\"\" width=\"1280\" height=\"720\" title=\"\" srcset=\"https:\/\/www.tgrthaber.com\/mavikadin\/wp-content\/uploads\/2026\/01\/Hakan-Tasiyan-1-1.webp 1280w, https:\/\/www.tgrthaber.com\/mavikadin\/wp-content\/uploads\/2026\/01\/Hakan-Tasiyan-1-1-300x169.webp 300w, https:\/\/www.tgrthaber.com\/mavikadin\/wp-content\/uploads\/2026\/01\/Hakan-Tasiyan-1-1-1024x576.webp 1024w, https:\/\/www.tgrthaber.com\/mavikadin\/wp-content\/uploads\/2026\/01\/Hakan-Tasiyan-1-1-768x432.webp 768w\" sizes=\"(max-width: 1280px) 100vw, 1280px\" \/><\/p>\n<hr \/>\n<h3>HAKAN TA\u015eIYAN&#8217;IN E\u015e\u0130 VE \u00c7OCU\u011eU K\u0130MD\u0130R?<\/h3>\n<p>Funda Ta\u015f\u0131yan ile evli olan Hakan Ta\u015f\u0131yan&#8217;\u0131n, 2002 do\u011fumlu Ramazan Haktan Ta\u015f\u0131yan ad\u0131nda bir o\u011flu vard\u0131r. Fikret, Dervi\u015f ve \u00d6zkan ad\u0131nda 3 erkek, Sinem ve Gurbet ad\u0131nda 2 k\u0131z karde\u015fi vard\u0131r.<\/p>\n<p><img loading=\"lazy\" decoding=\"async\" class=\"aligncenter size-full wp-image-295871\" src=\"https:\/\/www.tgrthaber.com\/mavikadin\/wp-content\/uploads\/2026\/01\/Hakan-Tasiyan-2-2.jpg\" alt=\"\" width=\"1200\" height=\"675\" title=\"\" srcset=\"https:\/\/www.tgrthaber.com\/mavikadin\/wp-content\/uploads\/2026\/01\/Hakan-Tasiyan-2-2.jpg 1200w, https:\/\/www.tgrthaber.com\/mavikadin\/wp-content\/uploads\/2026\/01\/Hakan-Tasiyan-2-2-300x169.jpg 300w, https:\/\/www.tgrthaber.com\/mavikadin\/wp-content\/uploads\/2026\/01\/Hakan-Tasiyan-2-2-1024x576.jpg 1024w, https:\/\/www.tgrthaber.com\/mavikadin\/wp-content\/uploads\/2026\/01\/Hakan-Tasiyan-2-2-768x432.jpg 768w\" sizes=\"(max-width: 1200px) 100vw, 1200px\" \/><\/p>\n<hr \/>\n<h3>\u0130LK ALB\u00dcM\u00dc \u0130\u00c7\u0130N \u00c7OK \u00c7ALI\u015eTI<\/h3>\n<p>\u0130lk alb\u00fcm\u00fcn\u00fc \u00e7\u0131karmak i\u00e7in \u0130stanbul Unkapan\u0131\u2019ndaki yap\u0131mc\u0131larla g\u00f6r\u00fc\u015fen Ta\u015f\u0131yan, M\u00fcsl\u00fcm G\u00fcrses\u2019i taklit etti\u011fi d\u00fc\u015f\u00fcncesiyle ilgi g\u00f6rmedi. Bunun \u00fczerine Ankara\u2019ya d\u00f6nen sanat\u00e7\u0131, S\u0131la M\u00fczik etiketiyle ilk alb\u00fcm\u00fc \u201cHesab\u0131m Bitmedi\u201dyi yay\u0131mlad\u0131. 1997\u2019de \u00e7\u0131kan ikinci alb\u00fcm\u00fc \u201cSensiz \u0130ki G\u00fcn\u201d, kariyerinin en be\u011fenilen \u00e7al\u0131\u015fmalar\u0131ndan biri oldu ve sanat\u00e7\u0131ya geni\u015f bir hayran kitlesi kazand\u0131rd\u0131. Ard\u0131ndan yay\u0131mlanan \u201cG\u00f6z\u00fcn Sevem\u201d alb\u00fcm\u00fcyle de m\u00fczik kariyerini s\u00fcrd\u00fcrd\u00fc.<\/p>\n<p><img loading=\"lazy\" decoding=\"async\" class=\"aligncenter size-full wp-image-295874\" src=\"https:\/\/www.tgrthaber.com\/mavikadin\/wp-content\/uploads\/2026\/01\/Hakan-Tasiyan-4-1.webp\" alt=\"\" width=\"1280\" height=\"720\" title=\"\" srcset=\"https:\/\/www.tgrthaber.com\/mavikadin\/wp-content\/uploads\/2026\/01\/Hakan-Tasiyan-4-1.webp 1280w, https:\/\/www.tgrthaber.com\/mavikadin\/wp-content\/uploads\/2026\/01\/Hakan-Tasiyan-4-1-300x169.webp 300w, https:\/\/www.tgrthaber.com\/mavikadin\/wp-content\/uploads\/2026\/01\/Hakan-Tasiyan-4-1-1024x576.webp 1024w, https:\/\/www.tgrthaber.com\/mavikadin\/wp-content\/uploads\/2026\/01\/Hakan-Tasiyan-4-1-768x432.webp 768w\" sizes=\"(max-width: 1280px) 100vw, 1280px\" \/><\/p>\n<hr \/>\n<p>M\u00fczik kariyerinin yan\u0131 s\u0131ra oyunculuk da yapan Hakan Ta\u015f\u0131yan, 1998 y\u0131l\u0131nda \u201cHesab\u0131m Bitmedi\u201d dizisinde rol ald\u0131. 2001\u2019de ise \u201cG\u00fcz G\u00fclleri\u201d dizisinde Kemal karakterini canland\u0131rarak ekranlarda yer ald\u0131.<\/p>\n<h3>KARAC\u0130\u011eER S\u0130ROZU VE B\u00d6BREK YETMEZL\u0130\u011e\u0130 YA\u015eADI<\/h3>\n<p>Ekim 2020\u2019de karaci\u011fer sirozu ve b\u00f6brek yetmezli\u011fi tan\u0131s\u0131yla Ankara \u015eehir Hastanesi\u2019ne ba\u015fvuran Ta\u015f\u0131yan\u2019\u0131n tedavisi 23 Ekim\u2019de ba\u015flad\u0131. 4 Mart\u2019ta kadavradan karaci\u011fer, 9 Mart\u2019ta ise karde\u015fi Sinem Sara\u00e7o\u011flu\u2019ndan b\u00f6brek nakli yap\u0131ld\u0131. Yakla\u015f\u0131k yedi ay s\u00fcren tedavi s\u00fcrecinin ard\u0131ndan sa\u011fl\u0131\u011f\u0131na kavu\u015fan sanat\u00e7\u0131, yeniden sahnelere d\u00f6nm\u00fc\u015ft\u00fc.<\/p>\n<p><img loading=\"lazy\" decoding=\"async\" class=\"aligncenter size-full wp-image-295832\" src=\"https:\/\/www.tgrthaber.com\/mavikadin\/wp-content\/uploads\/2026\/01\/Hakan-Tasiyan_restored.webp\" alt=\"\" width=\"2000\" height=\"1224\" title=\"\" srcset=\"https:\/\/www.tgrthaber.com\/mavikadin\/wp-content\/uploads\/2026\/01\/Hakan-Tasiyan_restored.webp 2000w, https:\/\/www.tgrthaber.com\/mavikadin\/wp-content\/uploads\/2026\/01\/Hakan-Tasiyan_restored-300x184.webp 300w, https:\/\/www.tgrthaber.com\/mavikadin\/wp-content\/uploads\/2026\/01\/Hakan-Tasiyan_restored-1024x627.webp 1024w, https:\/\/www.tgrthaber.com\/mavikadin\/wp-content\/uploads\/2026\/01\/Hakan-Tasiyan_restored-768x470.webp 768w, https:\/\/www.tgrthaber.com\/mavikadin\/wp-content\/uploads\/2026\/01\/Hakan-Tasiyan_restored-1536x940.webp 1536w\" sizes=\"(max-width: 2000px) 100vw, 2000px\" \/><\/p>\n<hr \/>\n<h3>HAKAN TA\u015eIYAN \u015eARKILARI NELERD\u0130R?<\/h3>\n<p>Hakan Ta\u015f\u0131yan Alb\u00fcmleri<\/p>\n<p>Hesab\u0131m Bitmedi Seninle (1996)<\/p>\n<p>Sensiz \u0130ki G\u00fcn (1997)<\/p>\n<p>G\u00f6z\u00fcn Sevem (1998)<\/p>\n<p>A Can\u0131m \/ K\u0131ymetini Bilemedim (1999)<\/p>\n<p>G\u00fcz G\u00fclleri (2000)<\/p>\n<p>Mor Hicranlar (2002)<\/p>\n<p>Hakan Ta\u015f\u0131yan (2003)<\/p>\n<p><img loading=\"lazy\" decoding=\"async\" class=\"aligncenter size-full wp-image-295829\" src=\"https:\/\/www.tgrthaber.com\/mavikadin\/wp-content\/uploads\/2026\/01\/Hakan-Tasiyan-4.webp\" alt=\"\" width=\"1280\" height=\"720\" title=\"\" srcset=\"https:\/\/www.tgrthaber.com\/mavikadin\/wp-content\/uploads\/2026\/01\/Hakan-Tasiyan-4.webp 1280w, https:\/\/www.tgrthaber.com\/mavikadin\/wp-content\/uploads\/2026\/01\/Hakan-Tasiyan-4-300x169.webp 300w, https:\/\/www.tgrthaber.com\/mavikadin\/wp-content\/uploads\/2026\/01\/Hakan-Tasiyan-4-1024x576.webp 1024w, https:\/\/www.tgrthaber.com\/mavikadin\/wp-content\/uploads\/2026\/01\/Hakan-Tasiyan-4-768x432.webp 768w\" sizes=\"(max-width: 1280px) 100vw, 1280px\" \/><\/p>\n<hr \/>\n<p>T\u00fcrk\u00fclerle (2004)<\/p>\n<p>Mutluluk Ya\u011fmuru (tarih bilinmiyor)<\/p>\n<p>Ya Sen Ya Hi\u00e7 (2007)<\/p>\n<p>Klasikler, Vol. 1 (2020 civar\u0131)<\/p>\n<p>Klasikler, Vol. 2 (2020 civar\u0131)<\/p>\n<p>Konu\u015fsana Birtanem (2020 civar\u0131)<\/p>\n<p>Sessiz Sedas\u0131z D\u00f6n\u00fc\u015f (2018)<\/p>\n<p>&nbsp;<\/p>\n","protected":false},"excerpt":{"rendered":"<p>Kalp krizi ge\u00e7iren Hakan Ta\u015f\u0131yan magazin g\u00fcndemine bomba gibi d\u00fc\u015ft\u00fc. Daha \u00f6nce organ nakli olan Ta\u015f\u0131yan\u2019\u0131n kalp krizi ge\u00e7irdi\u011fi ve durumunun kritik oldu\u011fu \u00f6\u011frenildi. \u2018Hakan Ta\u015f\u0131yan&#8217;\u0131n e\u015fi ve \u00e7ocu\u011fu kimdir? Hakan Ta\u015f\u0131yan \u015fark\u0131lar\u0131 nelerdir?\u2019 gibi sorular\u0131n cevaplar\u0131 ise hayranlar\u0131 taraf\u0131ndan merak edildi.<\/p>\n","protected":false},"author":5,"featured_media":295875,"comment_status":"closed","ping_status":"closed","sticky":false,"template":"","format":"standard","meta":{"rank_math_lock_modified_date":false,"footnotes":""},"categories":[491],"tags":[3374,10403,71585,71575],"class_list":["post-295847","post","type-post","status-publish","format-standard","has-post-thumbnail","hentry","category-biyografi","tag-biyografi","tag-hakan-tasiyan","tag-hakan-tasiyan-evli-mi","tag-hakan-tasiyan-kimdir"],"_links":{"self":[{"href":"https:\/\/www.tgrthaber.com\/mavikadin\/wp-json\/wp\/v2\/posts\/295847"}],"collection":[{"href":"https:\/\/www.tgrthaber.com\/mavikadin\/wp-json\/wp\/v2\/posts"}],"about":[{"href":"https:\/\/www.tgrthaber.com\/mavikadin\/wp-json\/wp\/v2\/types\/post"}],"author":[{"embeddable":true,"href":"https:\/\/www.tgrthaber.com\/mavikadin\/wp-json\/wp\/v2\/users\/5"}],"replies":[{"embeddable":true,"href":"https:\/\/www.tgrthaber.com\/mavikadin\/wp-json\/wp\/v2\/comments?post=295847"}],"version-history":[{"count":2,"href":"https:\/\/www.tgrthaber.com\/mavikadin\/wp-json\/wp\/v2\/posts\/295847\/revisions"}],"predecessor-version":[{"id":295877,"href":"https:\/\/www.tgrthaber.com\/mavikadin\/wp-json\/wp\/v2\/posts\/295847\/revisions\/295877"}],"wp:featuredmedia":[{"embeddable":true,"href":"https:\/\/www.tgrthaber.com\/mavikadin\/wp-json\/wp\/v2\/media\/295875"}],"wp:attachment":[{"href":"https:\/\/www.tgrthaber.com\/mavikadin\/wp-json\/wp\/v2\/media?parent=295847"}],"wp:term":[{"taxonomy":"category","embeddable":true,"href":"https:\/\/www.tgrthaber.com\/mavikadin\/wp-json\/wp\/v2\/categories?post=295847"},{"taxonomy":"post_tag","embeddable":true,"href":"https:\/\/www.tgrthaber.com\/mavikadin\/wp-json\/wp\/v2\/tags?post=295847"}],"curies":[{"name":"wp","href":"https:\/\/api.w.org\/{rel}","templated":true}]}}