{"id":295858,"date":"2026-01-28T10:03:54","date_gmt":"2026-01-28T07:03:54","guid":{"rendered":"https:\/\/www.tgrthaber.com\/mavikadin\/?p=295858"},"modified":"2026-01-28T10:03:54","modified_gmt":"2026-01-28T07:03:54","slug":"hakan-tasiyan-esi-funda-tasiyan-kimdir-kac-yasinda-funda-tasiyan-meslegi-nedir","status":"publish","type":"post","link":"https:\/\/www.tgrthaber.com\/mavikadin\/hakan-tasiyan-esi-funda-tasiyan-kimdir-kac-yasinda-funda-tasiyan-meslegi-nedir\/","title":{"rendered":"Hakan Ta\u015f\u0131yan e\u015fi Funda Ta\u015f\u0131yan kimdir, ka\u00e7 ya\u015f\u0131nda? Funda Ta\u015f\u0131yan mesle\u011fi nedir?"},"content":{"rendered":"<p>\u00dcnl\u00fc arabesk sanat\u00e7\u0131s\u0131 <a href=\"https:\/\/www.tgrthaber.com\/mavikadin\/hakan-tasiyan-kimdir-kac-yasinda-hakan-tasiyan-aslen-nereli\/\">Hakan Ta\u015f\u0131yan<\/a>, ya\u015fad\u0131\u011f\u0131 sa\u011fl\u0131k durumuyla sevenlerini \u00fczd\u00fc. Hakan Ta\u015f\u0131yan\u2019\u0131n durumu ciddiyetini korurken \u00fcnl\u00fc ismin e\u015fi Funda Ta\u015f\u0131yan hayat\u0131yla arama motorlar\u0131nda merak edilerek ara\u015ft\u0131r\u0131lmaya ba\u015fland\u0131. Peki, Hakan Ta\u015f\u0131yan e\u015fi Funda Ta\u015f\u0131yan kimdir, ka\u00e7 ya\u015f\u0131nda? Funda Ta\u015f\u0131yan mesle\u011fi nedir? sorular\u0131n\u0131 sizin i\u00e7in ara\u015ft\u0131rd\u0131k. \u0130\u015fte detaylar\u2026<\/p>\n<h3>HAKAN TA\u015eIYAN E\u015e\u0130 FUNDA TA\u015eIYAN K\u0130MD\u0130R?<\/h3>\n<p><a href=\"https:\/\/www.tgrthaber.com\/mavikadin\/hakan-tasiyan-hastaligi-nedir-hakan-tasiyan-sag-mi\/\">Hakan Ta\u015f\u0131yan<\/a>, 1 Nisan 1973 y\u0131l\u0131nda Ankara\u2019da d\u00fcnyaya gelmi\u015ftir. Annesi Trabzonlu iken babas\u0131 Diyarbak\u0131rl\u0131d\u0131r. K\u00fc\u00e7\u00fck ya\u015flardan itibaren sanata ilgi duymas\u0131yla saz \u00e7almaya ba\u015flayan Hakan Ta\u015f\u0131yan, d\u00fc\u011f\u00fcnlere giderek kendini g\u00f6stermi\u015ftir.<\/p>\n<p><img loading=\"lazy\" decoding=\"async\" class=\"alignnone size-full wp-image-295867\" src=\"https:\/\/www.tgrthaber.com\/mavikadin\/wp-content\/uploads\/2026\/01\/ARZU-53-3.jpg\" alt=\"Hakan Ta\u015f\u0131yan e\u015fi Funda Ta\u015f\u0131yan kimdir, ka\u00e7 ya\u015f\u0131nda? Funda Ta\u015f\u0131yan mesle\u011fi nedir?\" width=\"1208\" height=\"680\" title=\"\" srcset=\"https:\/\/www.tgrthaber.com\/mavikadin\/wp-content\/uploads\/2026\/01\/ARZU-53-3.jpg 1208w, https:\/\/www.tgrthaber.com\/mavikadin\/wp-content\/uploads\/2026\/01\/ARZU-53-3-300x169.jpg 300w, https:\/\/www.tgrthaber.com\/mavikadin\/wp-content\/uploads\/2026\/01\/ARZU-53-3-1024x576.jpg 1024w, https:\/\/www.tgrthaber.com\/mavikadin\/wp-content\/uploads\/2026\/01\/ARZU-53-3-768x432.jpg 768w\" sizes=\"(max-width: 1208px) 100vw, 1208px\" \/><\/p>\n<hr \/>\n<p>Besteci, sanat\u00e7\u0131 ve oyuncu olan Hakan Ta\u015f\u0131yan, ya\u015fad\u0131\u011f\u0131 kalp krizi sonras\u0131 hayat\u0131yla merak edilmi\u015ftir. \u00d6zellikle de e\u015fi Funda Ta\u015f\u0131yan\u2019\u0131n \u00f6zel hayat\u0131 merak edilerek ara\u015ft\u0131r\u0131lmaya ba\u015flanm\u0131\u015ft\u0131r. Ancak Funda Ta\u015f\u0131yan hakk\u0131nda kamuoyunda detayl\u0131 bir bilgi bulunmamaktad\u0131r.<\/p>\n<p><img loading=\"lazy\" decoding=\"async\" class=\"alignnone size-full wp-image-295865\" src=\"https:\/\/www.tgrthaber.com\/mavikadin\/wp-content\/uploads\/2026\/01\/hakan-tasiyan-6-1.jpg\" alt=\"Hakan Ta\u015f\u0131yan e\u015fi Funda Ta\u015f\u0131yan kimdir, ka\u00e7 ya\u015f\u0131nda? Funda Ta\u015f\u0131yan mesle\u011fi nedir?\" width=\"1208\" height=\"680\" title=\"\" srcset=\"https:\/\/www.tgrthaber.com\/mavikadin\/wp-content\/uploads\/2026\/01\/hakan-tasiyan-6-1.jpg 1208w, https:\/\/www.tgrthaber.com\/mavikadin\/wp-content\/uploads\/2026\/01\/hakan-tasiyan-6-1-300x169.jpg 300w, https:\/\/www.tgrthaber.com\/mavikadin\/wp-content\/uploads\/2026\/01\/hakan-tasiyan-6-1-1024x576.jpg 1024w, https:\/\/www.tgrthaber.com\/mavikadin\/wp-content\/uploads\/2026\/01\/hakan-tasiyan-6-1-768x432.jpg 768w\" sizes=\"(max-width: 1208px) 100vw, 1208px\" \/><\/p>\n<hr \/>\n<p>Kamuoyunda yer alan bilgiler sadece Funda Ta\u015f\u0131yan\u2019\u0131n Hakan Ta\u015f\u0131yan\u2019la evli olmas\u0131d\u0131r. \u00dcnl\u00fc \u00e7iftin bir de 2002 do\u011fumlu bir o\u011flu bulunmaktad\u0131r. Funda Ta\u015f\u0131yan hakk\u0131nda kamuoyunda detayl\u0131 bir bilgi bulunmamaktad\u0131r.<\/p>\n<h3><img loading=\"lazy\" decoding=\"async\" class=\"alignnone size-full wp-image-295864\" src=\"https:\/\/www.tgrthaber.com\/mavikadin\/wp-content\/uploads\/2026\/01\/hakan-tasiyan-5.jpg\" alt=\"Hakan Ta\u015f\u0131yan e\u015fi Funda Ta\u015f\u0131yan kimdir, ka\u00e7 ya\u015f\u0131nda? Funda Ta\u015f\u0131yan mesle\u011fi nedir?\" width=\"1208\" height=\"680\" title=\"\" srcset=\"https:\/\/www.tgrthaber.com\/mavikadin\/wp-content\/uploads\/2026\/01\/hakan-tasiyan-5.jpg 1208w, https:\/\/www.tgrthaber.com\/mavikadin\/wp-content\/uploads\/2026\/01\/hakan-tasiyan-5-300x169.jpg 300w, https:\/\/www.tgrthaber.com\/mavikadin\/wp-content\/uploads\/2026\/01\/hakan-tasiyan-5-1024x576.jpg 1024w, https:\/\/www.tgrthaber.com\/mavikadin\/wp-content\/uploads\/2026\/01\/hakan-tasiyan-5-768x432.jpg 768w\" sizes=\"(max-width: 1208px) 100vw, 1208px\" \/><\/h3>\n<hr \/>\n<h3>FUNDA TA\u015eIYAN KA\u00c7 YA\u015eINDA?<\/h3>\n<p>Funda Ta\u015f\u0131yan hakk\u0131nda en merak edilenlerden biri de ka\u00e7 ya\u015f\u0131nda oldu\u011fu oldu. Ancak kamuoyunda Funda Ta\u015f\u0131yan hakk\u0131nda detayl\u0131 bir bilgi bulunamam\u0131\u015ft\u0131r. Arabesk m\u00fczi\u011fin sevilen isimlerinden biri olan Hakan Ta\u015f\u0131yan\u2019\u0131n e\u015fi Funda Ta\u015f\u0131yan\u2019\u0131n hayat\u0131 hakk\u0131nda detayl\u0131 bir bilgi bulunmamaktad\u0131r.<\/p>\n<p><img loading=\"lazy\" decoding=\"async\" class=\"alignnone size-full wp-image-295863\" src=\"https:\/\/www.tgrthaber.com\/mavikadin\/wp-content\/uploads\/2026\/01\/hakan-tasiyan-4.jpg\" alt=\"Hakan Ta\u015f\u0131yan e\u015fi Funda Ta\u015f\u0131yan kimdir, ka\u00e7 ya\u015f\u0131nda? Funda Ta\u015f\u0131yan mesle\u011fi nedir?\" width=\"1208\" height=\"680\" title=\"\" srcset=\"https:\/\/www.tgrthaber.com\/mavikadin\/wp-content\/uploads\/2026\/01\/hakan-tasiyan-4.jpg 1208w, https:\/\/www.tgrthaber.com\/mavikadin\/wp-content\/uploads\/2026\/01\/hakan-tasiyan-4-300x169.jpg 300w, https:\/\/www.tgrthaber.com\/mavikadin\/wp-content\/uploads\/2026\/01\/hakan-tasiyan-4-1024x576.jpg 1024w, https:\/\/www.tgrthaber.com\/mavikadin\/wp-content\/uploads\/2026\/01\/hakan-tasiyan-4-768x432.jpg 768w\" sizes=\"(max-width: 1208px) 100vw, 1208px\" \/><\/p>\n<hr \/>\n<p>Hakan Ta\u015f\u0131yan ise 1973 y\u0131l\u0131nda d\u00fcnyaya gelmi\u015f ve g\u00fcn\u00fcm\u00fczde 52 ya\u015f\u0131ndad\u0131r. Sanatla \u00e7ok k\u00fc\u00e7\u00fck ya\u015flarda \u00f6zde\u015fen Hakan Ta\u015f\u0131yan, d\u00fc\u011f\u00fcnlerde sahnelere \u00e7\u0131karak kariyerine k\u00fc\u00e7\u00fck ama emin ad\u0131mlarda ilerlemi\u015ftir.<\/p>\n<h3><img loading=\"lazy\" decoding=\"async\" class=\"alignnone size-full wp-image-295862\" src=\"https:\/\/www.tgrthaber.com\/mavikadin\/wp-content\/uploads\/2026\/01\/hakan-tasiyan-3-1.jpg\" alt=\"Hakan Ta\u015f\u0131yan e\u015fi Funda Ta\u015f\u0131yan kimdir, ka\u00e7 ya\u015f\u0131nda? Funda Ta\u015f\u0131yan mesle\u011fi nedir?\" width=\"1208\" height=\"680\" title=\"\" srcset=\"https:\/\/www.tgrthaber.com\/mavikadin\/wp-content\/uploads\/2026\/01\/hakan-tasiyan-3-1.jpg 1208w, https:\/\/www.tgrthaber.com\/mavikadin\/wp-content\/uploads\/2026\/01\/hakan-tasiyan-3-1-300x169.jpg 300w, https:\/\/www.tgrthaber.com\/mavikadin\/wp-content\/uploads\/2026\/01\/hakan-tasiyan-3-1-1024x576.jpg 1024w, https:\/\/www.tgrthaber.com\/mavikadin\/wp-content\/uploads\/2026\/01\/hakan-tasiyan-3-1-768x432.jpg 768w\" sizes=\"(max-width: 1208px) 100vw, 1208px\" \/><\/h3>\n<hr \/>\n<h3>FUNDA TA\u015eIYAN MESLE\u011e\u0130 NED\u0130R?<\/h3>\n<p>Funda Ta\u015f\u0131yan\u2019\u0131n mesle\u011finin ne oldu\u011fu da merak edilen sorulardan biri oldu. Arama motorlar\u0131nda \u2018Funda Ta\u015f\u0131yan mesle\u011fi nedir?\u2019 sorusu olurken, kamuoyunda konu hakk\u0131nda detayl\u0131 bir bilgi bulunamam\u0131\u015ft\u0131r.<\/p>\n<p><img loading=\"lazy\" decoding=\"async\" class=\"alignnone size-full wp-image-295861\" src=\"https:\/\/www.tgrthaber.com\/mavikadin\/wp-content\/uploads\/2026\/01\/hakan-tasiyan-2-1.jpg\" alt=\"Hakan Ta\u015f\u0131yan e\u015fi Funda Ta\u015f\u0131yan kimdir, ka\u00e7 ya\u015f\u0131nda? Funda Ta\u015f\u0131yan mesle\u011fi nedir?\" width=\"1208\" height=\"680\" title=\"\" srcset=\"https:\/\/www.tgrthaber.com\/mavikadin\/wp-content\/uploads\/2026\/01\/hakan-tasiyan-2-1.jpg 1208w, https:\/\/www.tgrthaber.com\/mavikadin\/wp-content\/uploads\/2026\/01\/hakan-tasiyan-2-1-300x169.jpg 300w, https:\/\/www.tgrthaber.com\/mavikadin\/wp-content\/uploads\/2026\/01\/hakan-tasiyan-2-1-1024x576.jpg 1024w, https:\/\/www.tgrthaber.com\/mavikadin\/wp-content\/uploads\/2026\/01\/hakan-tasiyan-2-1-768x432.jpg 768w\" sizes=\"(max-width: 1208px) 100vw, 1208px\" \/><\/p>\n<hr \/>\n<p>\u00dcnl\u00fc arabesk sanat\u00e7\u0131s\u0131 Hakan Ta\u015f\u0131yan\u2019\u0131n e\u015fi Funda Ta\u015f\u0131yan\u2019\u0131n ne i\u015f yapt\u0131\u011f\u0131 bilinmiyor. Hakan Ta\u015f\u0131yan\u2019\u0131n \u00e7ok k\u00fc\u00e7\u00fck ya\u015flardan beri sanata duydu\u011fu ilgiyle hayat\u0131n\u0131n de\u011fi\u015fmesi ayn\u0131 anda olmu\u015ftur.<\/p>\n","protected":false},"excerpt":{"rendered":"<p>Arabesk m\u00fczi\u011fin sevilen isimlerinden biri olan Hakan Ta\u015f\u0131yan, ya\u015fad\u0131\u011f\u0131 sa\u011fl\u0131k sorunu nedeniyle g\u00fcndeme gelirken, e\u015fi Funda Ta\u015f\u0131yan\u2019\u0131n da hayat\u0131 merak edildi. Peki, Hakan Ta\u015f\u0131yan e\u015fi Funda Ta\u015f\u0131yan kimdir, ka\u00e7 ya\u015f\u0131nda? Funda Ta\u015f\u0131yan mesle\u011fi nedir? \u0130\u015fte detaylar\u2026<\/p>\n","protected":false},"author":34,"featured_media":295866,"comment_status":"closed","ping_status":"closed","sticky":false,"template":"","format":"standard","meta":{"rank_math_lock_modified_date":false,"footnotes":""},"categories":[491],"tags":[16521,71583,10403,71584,133],"class_list":["post-295858","post","type-post","status-publish","format-standard","has-post-thumbnail","hentry","category-biyografi","tag-biyografi-haberleri","tag-funda-tasiyan","tag-hakan-tasiyan","tag-hakan-tasiyan-esi","tag-magazin"],"_links":{"self":[{"href":"https:\/\/www.tgrthaber.com\/mavikadin\/wp-json\/wp\/v2\/posts\/295858"}],"collection":[{"href":"https:\/\/www.tgrthaber.com\/mavikadin\/wp-json\/wp\/v2\/posts"}],"about":[{"href":"https:\/\/www.tgrthaber.com\/mavikadin\/wp-json\/wp\/v2\/types\/post"}],"author":[{"embeddable":true,"href":"https:\/\/www.tgrthaber.com\/mavikadin\/wp-json\/wp\/v2\/users\/34"}],"replies":[{"embeddable":true,"href":"https:\/\/www.tgrthaber.com\/mavikadin\/wp-json\/wp\/v2\/comments?post=295858"}],"version-history":[{"count":2,"href":"https:\/\/www.tgrthaber.com\/mavikadin\/wp-json\/wp\/v2\/posts\/295858\/revisions"}],"predecessor-version":[{"id":295869,"href":"https:\/\/www.tgrthaber.com\/mavikadin\/wp-json\/wp\/v2\/posts\/295858\/revisions\/295869"}],"wp:featuredmedia":[{"embeddable":true,"href":"https:\/\/www.tgrthaber.com\/mavikadin\/wp-json\/wp\/v2\/media\/295866"}],"wp:attachment":[{"href":"https:\/\/www.tgrthaber.com\/mavikadin\/wp-json\/wp\/v2\/media?parent=295858"}],"wp:term":[{"taxonomy":"category","embeddable":true,"href":"https:\/\/www.tgrthaber.com\/mavikadin\/wp-json\/wp\/v2\/categories?post=295858"},{"taxonomy":"post_tag","embeddable":true,"href":"https:\/\/www.tgrthaber.com\/mavikadin\/wp-json\/wp\/v2\/tags?post=295858"}],"curies":[{"name":"wp","href":"https:\/\/api.w.org\/{rel}","templated":true}]}}