{"id":295896,"date":"2026-01-28T11:25:46","date_gmt":"2026-01-28T08:25:46","guid":{"rendered":"https:\/\/www.tgrthaber.com\/mavikadin\/?p=295896"},"modified":"2026-01-28T11:36:20","modified_gmt":"2026-01-28T08:36:20","slug":"ece-guney-kimdir-kac-yasinda-ece-guney-sevgilisi-kimdir","status":"publish","type":"post","link":"https:\/\/www.tgrthaber.com\/mavikadin\/ece-guney-kimdir-kac-yasinda-ece-guney-sevgilisi-kimdir\/","title":{"rendered":"Ece G\u00fcney kimdir ka\u00e7 ya\u015f\u0131nda? Ece G\u00fcney sevgilisi kimdir?"},"content":{"rendered":"<p>Ece G\u00fcney, 2012 y\u0131l\u0131nda \u015fark\u0131c\u0131 G\u00f6khan G\u00fcney\u2019in o\u011flu Selim G\u00fcney ile evlenmi\u015f, ancak 2014 y\u0131l\u0131nda e\u015fini kanser nedeniyle kaybetmi\u015ftir. Daha \u00f6nce kay\u0131npederi G\u00f6khan G\u00fcney ile ya\u015fad\u0131\u011f\u0131 sorunlarla g\u00fcndeme gelen Ece G\u00fcney, bu kez sevgilisiyle ya\u015fad\u0131\u011f\u0131 olayl\u0131 tart\u0131\u015fma nedeniyle tekrar dikkatleri \u00fczerine \u00e7ekmi\u015ftir. Peki, Ece G\u00fcney kimdir, ka\u00e7 ya\u015f\u0131ndad\u0131r? \u0130\u015fte detaylar\u2026<\/p>\n<h3>ECE G\u00dcNEY K\u0130MD\u0130R, KA\u00c7 YA\u015eINDA?<\/h3>\n<p>Ece G\u00fcney, ilk olarak FOX TV\u2019de yay\u0131nlanan Esra Ezmeci\u2019nin Kar\u015f\u0131 Kar\u015f\u0131ya program\u0131na konuk olarak, kay\u0131npederi G\u00f6khan <a href=\"https:\/\/www.tgrthaber.com\/mavikadin\/gokhan-guney-kac-evlilik-yapti-gokhan-guneyin-esi-ozlem-guney-kimdir\/\">G\u00fcney<\/a>\u2019in kendisine \u015fantaj yapt\u0131\u011f\u0131n\u0131 iddia etmesiyle g\u00fcndeme gelmi\u015ftir.<\/p>\n<p><img loading=\"lazy\" decoding=\"async\" class=\"alignnone size-full wp-image-295898\" src=\"https:\/\/www.tgrthaber.com\/mavikadin\/wp-content\/uploads\/2026\/01\/Asli-2026-01-28T110759.634.png\" alt=\"\" width=\"1208\" height=\"680\" title=\"\" srcset=\"https:\/\/www.tgrthaber.com\/mavikadin\/wp-content\/uploads\/2026\/01\/Asli-2026-01-28T110759.634.png 1208w, https:\/\/www.tgrthaber.com\/mavikadin\/wp-content\/uploads\/2026\/01\/Asli-2026-01-28T110759.634-300x169.png 300w, https:\/\/www.tgrthaber.com\/mavikadin\/wp-content\/uploads\/2026\/01\/Asli-2026-01-28T110759.634-1024x576.png 1024w, https:\/\/www.tgrthaber.com\/mavikadin\/wp-content\/uploads\/2026\/01\/Asli-2026-01-28T110759.634-768x432.png 768w\" sizes=\"(max-width: 1208px) 100vw, 1208px\" \/><\/p>\n<hr \/>\n<p>G\u00fcney, uygunsuz g\u00f6r\u00fcnt\u00fclerle tehdit edildi\u011fini ve bu yolla 8 dairesine el konuldu\u011funu \u00f6ne s\u00fcrm\u00fc\u015ft\u00fcr. Ece G\u00fcney, \u015fark\u0131c\u0131 G\u00f6khan G\u00fcney\u2019in gelini, Selim G\u00fcney\u2019in e\u015fidir. Ece G\u00fcney&#8217;in ya\u015f\u0131na dair net bir bilgi bulunmamaktad\u0131r.<\/p>\n<p><img loading=\"lazy\" decoding=\"async\" class=\"alignnone size-full wp-image-295899\" src=\"https:\/\/www.tgrthaber.com\/mavikadin\/wp-content\/uploads\/2026\/01\/Asli-2026-01-28T110851.067.png\" alt=\"\" width=\"1208\" height=\"680\" title=\"\" srcset=\"https:\/\/www.tgrthaber.com\/mavikadin\/wp-content\/uploads\/2026\/01\/Asli-2026-01-28T110851.067.png 1208w, https:\/\/www.tgrthaber.com\/mavikadin\/wp-content\/uploads\/2026\/01\/Asli-2026-01-28T110851.067-300x169.png 300w, https:\/\/www.tgrthaber.com\/mavikadin\/wp-content\/uploads\/2026\/01\/Asli-2026-01-28T110851.067-1024x576.png 1024w, https:\/\/www.tgrthaber.com\/mavikadin\/wp-content\/uploads\/2026\/01\/Asli-2026-01-28T110851.067-768x432.png 768w\" sizes=\"(max-width: 1208px) 100vw, 1208px\" \/><\/p>\n<hr \/>\n<h3>ECE G\u00dcNEY\u2019\u0130N SEVG\u0130L\u0130S\u0130 K\u0130MD\u0130R?<\/h3>\n<p>\u015eark\u0131c\u0131 ve oyuncu G\u00f6khan G\u00fcney\u2019in o\u011flu Selim G\u00fcney ile evli kald\u0131\u011f\u0131 bilinen Ece G\u00fcney\u2019in ya\u015fad\u0131\u011f\u0131 evin, birlikte oldu\u011fu erkek arkada\u015f\u0131 taraf\u0131ndan ate\u015fe verildi\u011fi iddia edilmi\u015ftir. Ayn\u0131 sitede oturan kom\u015fular, &#8220;Birlikte kald\u0131\u011f\u0131 erkek arkada\u015f\u0131yla tart\u0131\u015ft\u0131lar. Ece G\u00fcney erkek arkada\u015f\u0131n\u0131 evden \u00e7\u0131kard\u0131 ve kap\u0131y\u0131 a\u00e7mad\u0131. Bunun \u00fczerine erkek arkada\u015f\u0131 sinirlenerek evi ate\u015fe verdi&#8221; ifadelerini kullanm\u0131\u015ft\u0131r. Ece G\u00fcney\u2019in sevgilisinin kim oldu\u011funa dair \u015fu ana kadar herhangi bir bilgi payla\u015f\u0131lmam\u0131\u015ft\u0131r.<\/p>\n<p><img loading=\"lazy\" decoding=\"async\" class=\"alignnone size-full wp-image-295900\" src=\"https:\/\/www.tgrthaber.com\/mavikadin\/wp-content\/uploads\/2026\/01\/Asli-2026-01-28T111943.929.png\" alt=\"\" width=\"1208\" height=\"680\" title=\"\" srcset=\"https:\/\/www.tgrthaber.com\/mavikadin\/wp-content\/uploads\/2026\/01\/Asli-2026-01-28T111943.929.png 1208w, https:\/\/www.tgrthaber.com\/mavikadin\/wp-content\/uploads\/2026\/01\/Asli-2026-01-28T111943.929-300x169.png 300w, https:\/\/www.tgrthaber.com\/mavikadin\/wp-content\/uploads\/2026\/01\/Asli-2026-01-28T111943.929-1024x576.png 1024w, https:\/\/www.tgrthaber.com\/mavikadin\/wp-content\/uploads\/2026\/01\/Asli-2026-01-28T111943.929-768x432.png 768w\" sizes=\"(max-width: 1208px) 100vw, 1208px\" \/><\/p>\n<hr \/>\n<h3>ECE G\u00dcNEY&#8217;\u0130N ESK\u0130 E\u015e\u0130 SEL\u0130M G\u00dcNEY K\u0130MD\u0130R, NEDEN \u00d6LD\u00dc?<\/h3>\n<p>Arabesk m\u00fczi\u011fin tan\u0131nm\u0131\u015f isimlerinden G\u00f6khan G\u00fcney\u2019in o\u011flu Selim G\u00fcney, bir s\u00fcredir mide kanseri nedeniyle tedavi g\u00f6rmekteydi. Kartal E\u011fitim ve Ara\u015ft\u0131rma Hastanesi\u2019nde tedavi alt\u0131nda olan Selim G\u00fcney, 40 ya\u015f\u0131nda hayat\u0131n\u0131 kaybetmi\u015ftir. Selim G\u00fcney\u2019in cenazesi, 10 Temmuz Per\u015fembe g\u00fcn\u00fc memleketi Hatay\u2019\u0131n Reyhanl\u0131 il\u00e7esinde bulunan Asri Mezarl\u0131k\u2019ta topra\u011fa verilmi\u015ftir.<\/p>\n<p><img loading=\"lazy\" decoding=\"async\" class=\"alignnone size-full wp-image-295902\" src=\"https:\/\/www.tgrthaber.com\/mavikadin\/wp-content\/uploads\/2026\/01\/Asli-2026-01-28T112114.036.png\" alt=\"\" width=\"1208\" height=\"680\" title=\"\" srcset=\"https:\/\/www.tgrthaber.com\/mavikadin\/wp-content\/uploads\/2026\/01\/Asli-2026-01-28T112114.036.png 1208w, https:\/\/www.tgrthaber.com\/mavikadin\/wp-content\/uploads\/2026\/01\/Asli-2026-01-28T112114.036-300x169.png 300w, https:\/\/www.tgrthaber.com\/mavikadin\/wp-content\/uploads\/2026\/01\/Asli-2026-01-28T112114.036-1024x576.png 1024w, https:\/\/www.tgrthaber.com\/mavikadin\/wp-content\/uploads\/2026\/01\/Asli-2026-01-28T112114.036-768x432.png 768w\" sizes=\"(max-width: 1208px) 100vw, 1208px\" \/><\/p>\n<hr \/>\n<h3>ECE G\u00dcNEY\u2019\u0130N EV\u0130 M\u0130 YANDI?<\/h3>\n<p>Ece G\u00fcney ile sevgilisi aras\u0131nda \u00e7\u0131kan tart\u0131\u015fman\u0131n b\u00fcy\u00fcmesi \u00fczerine G\u00fcney\u2019in sevgilisi evi ate\u015fe verdi\u011fi iddia edildi. K\u0131sa s\u00fcrede b\u00fcy\u00fcyen yang\u0131n, t\u00fcm daireyi sard\u0131. Yap\u0131lan ihbar \u00fczerine olay yerine \u00e7ok say\u0131da itfaiye, polis ve sa\u011fl\u0131k ekibi sevk edildi. \u0130tfaiye ekiplerinin m\u00fcdahalesiyle yang\u0131n kontrol alt\u0131na al\u0131narak s\u00f6nd\u00fcr\u00fcld\u00fc. Olayda yaralanan olmazken, dairede b\u00fcy\u00fck \u00e7apl\u0131 hasar meydana geldi. Yang\u0131n\u0131 \u00e7\u0131kard\u0131\u011f\u0131 iddia edilen \u015fah\u0131s polis ekiplerince g\u00f6zalt\u0131na al\u0131nd\u0131. \u015e\u00fcpheli, \u00e7\u0131kar\u0131ld\u0131\u011f\u0131 mahkemece tutuklanarak cezaevine g\u00f6nderildi. Site sakinlerinden Haluk Demir, &#8220;Tart\u0131\u015fmalarla uyand\u0131k, ben tekrardan uyudum. Bir s\u00fcre sonra g\u00fcvenlik bir daha arad\u0131 i\u015fte yang\u0131n var falan diye.<\/p>\n<p><img loading=\"lazy\" decoding=\"async\" class=\"alignnone size-full wp-image-295903\" src=\"https:\/\/www.tgrthaber.com\/mavikadin\/wp-content\/uploads\/2026\/01\/Asli-2026-01-28T112201.126.png\" alt=\"\" width=\"1208\" height=\"680\" title=\"\" srcset=\"https:\/\/www.tgrthaber.com\/mavikadin\/wp-content\/uploads\/2026\/01\/Asli-2026-01-28T112201.126.png 1208w, https:\/\/www.tgrthaber.com\/mavikadin\/wp-content\/uploads\/2026\/01\/Asli-2026-01-28T112201.126-300x169.png 300w, https:\/\/www.tgrthaber.com\/mavikadin\/wp-content\/uploads\/2026\/01\/Asli-2026-01-28T112201.126-1024x576.png 1024w, https:\/\/www.tgrthaber.com\/mavikadin\/wp-content\/uploads\/2026\/01\/Asli-2026-01-28T112201.126-768x432.png 768w\" sizes=\"(max-width: 1208px) 100vw, 1208px\" \/><\/p>\n<p>Biz bir \u00e7\u0131kt\u0131k d\u0131\u015far\u0131 zaten ortal\u0131k ana baba g\u00fcn\u00fc, koridorlardan bile \u00e7\u0131kamad\u0131k. Bir de bunun sevgilisi zaten evi yak\u0131yor, ikisi beraberlerdi. Yani iki dakika arayla ikisi de evi ate\u015fe verip d\u0131\u015far\u0131 \u00e7\u0131k\u0131yorlar. Ondan sonra zaten ambulanslar, polisler burada, itfaiyeler geldi&#8221; diye konu\u015ftu.<\/p>\n","protected":false},"excerpt":{"rendered":"<p>\u015eark\u0131c\u0131 ve oyuncu G\u00f6khan G\u00fcney\u2019in o\u011flu Selim G\u00fcney ile bir d\u00f6nem evli kalan Ece G\u00fcney\u2019in kald\u0131\u011f\u0131 evin, sevgilisi taraf\u0131ndan ate\u015fe verildi\u011fi iddias\u0131 g\u00fcndeme geldi. Ya\u015fanan olay sonras\u0131 Ece G\u00fcney vatanda\u015flar taraf\u0131ndan merak konusu oldu.<\/p>\n","protected":false},"author":37,"featured_media":295897,"comment_status":"closed","ping_status":"closed","sticky":false,"template":"","format":"standard","meta":{"rank_math_lock_modified_date":false,"footnotes":""},"categories":[491],"tags":[3374,71589,21369,71590],"class_list":["post-295896","post","type-post","status-publish","format-standard","has-post-thumbnail","hentry","category-biyografi","tag-biyografi","tag-ece-guney","tag-gokhan-guney","tag-selim-guney"],"_links":{"self":[{"href":"https:\/\/www.tgrthaber.com\/mavikadin\/wp-json\/wp\/v2\/posts\/295896"}],"collection":[{"href":"https:\/\/www.tgrthaber.com\/mavikadin\/wp-json\/wp\/v2\/posts"}],"about":[{"href":"https:\/\/www.tgrthaber.com\/mavikadin\/wp-json\/wp\/v2\/types\/post"}],"author":[{"embeddable":true,"href":"https:\/\/www.tgrthaber.com\/mavikadin\/wp-json\/wp\/v2\/users\/37"}],"replies":[{"embeddable":true,"href":"https:\/\/www.tgrthaber.com\/mavikadin\/wp-json\/wp\/v2\/comments?post=295896"}],"version-history":[{"count":3,"href":"https:\/\/www.tgrthaber.com\/mavikadin\/wp-json\/wp\/v2\/posts\/295896\/revisions"}],"predecessor-version":[{"id":295915,"href":"https:\/\/www.tgrthaber.com\/mavikadin\/wp-json\/wp\/v2\/posts\/295896\/revisions\/295915"}],"wp:featuredmedia":[{"embeddable":true,"href":"https:\/\/www.tgrthaber.com\/mavikadin\/wp-json\/wp\/v2\/media\/295897"}],"wp:attachment":[{"href":"https:\/\/www.tgrthaber.com\/mavikadin\/wp-json\/wp\/v2\/media?parent=295896"}],"wp:term":[{"taxonomy":"category","embeddable":true,"href":"https:\/\/www.tgrthaber.com\/mavikadin\/wp-json\/wp\/v2\/categories?post=295896"},{"taxonomy":"post_tag","embeddable":true,"href":"https:\/\/www.tgrthaber.com\/mavikadin\/wp-json\/wp\/v2\/tags?post=295896"}],"curies":[{"name":"wp","href":"https:\/\/api.w.org\/{rel}","templated":true}]}}