{"id":295916,"date":"2026-01-28T12:04:43","date_gmt":"2026-01-28T09:04:43","guid":{"rendered":"https:\/\/www.tgrthaber.com\/mavikadin\/?p=295916"},"modified":"2026-01-28T12:04:43","modified_gmt":"2026-01-28T09:04:43","slug":"sinan-sardogan-kimdir-kac-yasinda-sinan-sardogan-muge-anli-olayi-nedir","status":"publish","type":"post","link":"https:\/\/www.tgrthaber.com\/mavikadin\/sinan-sardogan-kimdir-kac-yasinda-sinan-sardogan-muge-anli-olayi-nedir\/","title":{"rendered":"Sinan Sardo\u011fan kimdir, ka\u00e7 ya\u015f\u0131nda? Sinan Sardo\u011fan M\u00fcge Anl\u0131 olay\u0131 nedir"},"content":{"rendered":"<p>M\u00fcge Anl\u0131 ile Tatl\u0131 Sert program\u0131nda 64 ya\u015f\u0131ndaki Arife G\u00f6k\u00e7e&#8217;nin \u015f\u00fcpheli kaybolu\u015fuyla g\u00fcndeme gelen ve T\u00fcrkiye&#8217;nin tepkisini \u00e7eken Sinan Sardo\u011fan, uzun s\u00fcre kamuoyunun en \u00e7ok konu\u015ftu\u011fu isimlerden biri olmu\u015ftu. Sosyal medyada payla\u015f\u0131lan bir g\u00f6r\u00fcnt\u00fc sonras\u0131 Sinan Sardo\u011fan merak konusu oldu. Sinan Sardo\u011fan kimdir, ka\u00e7 ya\u015f\u0131nda? Sinan Sardo\u011fan M\u00fcge Anl\u0131 olay\u0131 nedir? gibi sorular ara\u015ft\u0131r\u0131l\u0131yor. \u0130\u015fte detaylar&#8230;<\/p>\n<h3>S\u0130NAN SARDO\u011eAN K\u0130MD\u0130R?<\/h3>\n<p>Tokat\u2019taki bir kuaf\u00f6r salonunda kaydedilen video ve foto\u011fraflar\u0131n sosyal medyaya d\u00fc\u015fmesiyle birlikte Sinan Sardo\u011fan kimdir? Sinan Sardo\u011fan m\u00fcge anl\u0131 olay\u0131 sorular\u0131 tekrardan g\u00fcndem oldu.Sinan Sardo\u011fan, kamuoyunda <a href=\"https:\/\/www.tgrthaber.com\/mavikadin\/yapay-zeka-ile-muge-anlinin-ev-halini-yaptilar-ortalik-yikildi\/\">M\u00fcge Anl\u0131<\/a> ile Tatl\u0131 Sert program\u0131nda i\u015flenen Arife G\u00f6k\u00e7e\u2019nin kaybolmas\u0131 dosyas\u0131yla tan\u0131nan isimlerden biridir. Tokat\u2019ta ya\u015fad\u0131\u011f\u0131 belirtilen Sardo\u011fan, programda ortaya at\u0131lan iddialar nedeniyle \u015f\u00fcpheliler aras\u0131nda an\u0131lm\u0131\u015ft\u0131r.<\/p>\n<p><img loading=\"lazy\" decoding=\"async\" class=\"alignnone size-full wp-image-295928\" src=\"https:\/\/www.tgrthaber.com\/mavikadin\/wp-content\/uploads\/2026\/01\/Asli-2026-01-28T115314.070.png\" alt=\"\" width=\"1208\" height=\"680\" title=\"\" srcset=\"https:\/\/www.tgrthaber.com\/mavikadin\/wp-content\/uploads\/2026\/01\/Asli-2026-01-28T115314.070.png 1208w, https:\/\/www.tgrthaber.com\/mavikadin\/wp-content\/uploads\/2026\/01\/Asli-2026-01-28T115314.070-300x169.png 300w, https:\/\/www.tgrthaber.com\/mavikadin\/wp-content\/uploads\/2026\/01\/Asli-2026-01-28T115314.070-1024x576.png 1024w, https:\/\/www.tgrthaber.com\/mavikadin\/wp-content\/uploads\/2026\/01\/Asli-2026-01-28T115314.070-768x432.png 768w\" sizes=\"(max-width: 1208px) 100vw, 1208px\" \/><\/p>\n<hr \/>\n<p>Hakk\u0131nda, k\u00f6yde ya\u015fayan kad\u0131nlara rahats\u0131z edici mesajlar g\u00f6nderdi\u011fi ve \u00f6zellikle ya\u015fl\u0131 kad\u0131nlar\u0131 hedef ald\u0131\u011f\u0131 y\u00f6n\u00fcnde iddialar dile getirilmi\u015ftir. Bu iddialar, programa telefonla ba\u011flanan baz\u0131 k\u00f6yl\u00fcler taraf\u0131ndan da ifade edilmi\u015ftir.<\/p>\n<p><img loading=\"lazy\" decoding=\"async\" class=\"alignnone size-full wp-image-295930\" src=\"https:\/\/www.tgrthaber.com\/mavikadin\/wp-content\/uploads\/2026\/01\/Asli-2026-01-28T115341.430.png\" alt=\"\" width=\"1208\" height=\"680\" title=\"\" srcset=\"https:\/\/www.tgrthaber.com\/mavikadin\/wp-content\/uploads\/2026\/01\/Asli-2026-01-28T115341.430.png 1208w, https:\/\/www.tgrthaber.com\/mavikadin\/wp-content\/uploads\/2026\/01\/Asli-2026-01-28T115341.430-300x169.png 300w, https:\/\/www.tgrthaber.com\/mavikadin\/wp-content\/uploads\/2026\/01\/Asli-2026-01-28T115341.430-1024x576.png 1024w, https:\/\/www.tgrthaber.com\/mavikadin\/wp-content\/uploads\/2026\/01\/Asli-2026-01-28T115341.430-768x432.png 768w\" sizes=\"(max-width: 1208px) 100vw, 1208px\" \/><\/p>\n<hr \/>\n<h3>S\u0130NAN SARDO\u011eAN M\u00dcGE ANLI OLAYI NED\u0130R?<\/h3>\n<p>Sinan Sardo\u011fan\u2019\u0131n ad\u0131, 65 ya\u015f\u0131ndaki Arife G\u00f6k\u00e7e\u2019nin kaybolmas\u0131 ile ili\u015fkilendirilen iddialarla g\u00fcndeme gelmi\u015fti. <a href=\"https:\/\/www.tgrthaber.com\/mavikadin\/muge-anli-ve-trumpin-kizi-oldugunu-iddia-eden-necla-ozmen-kavga-etti-canli-yayinda-anlatti\/\">M\u00fcge Anl\u0131<\/a>\u2019da ortaya \u00e7\u0131kan bilgileri herkesi seyircileri \u015fa\u015fk\u0131na \u00e7evirdi. Tokat\u2019ta ya\u015famakta olan Sinan Sardo\u011fan ya\u015fl\u0131 kad\u0131nlara y\u00f6nelik taciz iddialar\u0131 ile su\u00e7lanarak sosyal medyada da s\u0131k s\u0131k g\u00fcndem oldu. En \u00e7arp\u0131c\u0131 iddialardan birisi de annesi ya\u015f\u0131ndaki Arife G\u00f6k\u00e7e&#8217;nin kaybolmas\u0131nda Sardo\u011fan\u2019\u0131n rol\u00fc olup olmad\u0131\u011f\u0131n\u0131n merak edili\u015fi oldu. G\u00f6k\u00e7e, 12 torun sahibi 65 ya\u015f\u0131nda bir kad\u0131nd\u0131 ve kaybolduktan sonra da ak\u0131betine bir t\u00fcrl\u00fc ula\u015f\u0131lamad\u0131.<\/p>\n<p><img loading=\"lazy\" decoding=\"async\" class=\"alignnone size-full wp-image-295931\" src=\"https:\/\/www.tgrthaber.com\/mavikadin\/wp-content\/uploads\/2026\/01\/Asli-2026-01-28T115437.438.png\" alt=\"\" width=\"1208\" height=\"680\" title=\"\" srcset=\"https:\/\/www.tgrthaber.com\/mavikadin\/wp-content\/uploads\/2026\/01\/Asli-2026-01-28T115437.438.png 1208w, https:\/\/www.tgrthaber.com\/mavikadin\/wp-content\/uploads\/2026\/01\/Asli-2026-01-28T115437.438-300x169.png 300w, https:\/\/www.tgrthaber.com\/mavikadin\/wp-content\/uploads\/2026\/01\/Asli-2026-01-28T115437.438-1024x576.png 1024w, https:\/\/www.tgrthaber.com\/mavikadin\/wp-content\/uploads\/2026\/01\/Asli-2026-01-28T115437.438-768x432.png 768w\" sizes=\"(max-width: 1208px) 100vw, 1208px\" \/><\/p>\n<hr \/>\n<p>Sinan Sardo\u011fan, Tokat\u2019ta ya\u015fad\u0131\u011f\u0131 k\u00f6ydeki kad\u0131nlar\u0131 rahats\u0131z edici mesajlar g\u00f6ndermekle su\u00e7lan\u0131rken bu iddialar k\u00f6yde ya\u015fayan pek \u00e7ok ki\u015fi taraf\u0131ndan da do\u011fruland\u0131. Bu taciz iddialar\u0131, M\u00fcge Anl\u0131&#8217;n\u0131n program\u0131na telefonla ba\u011flanan k\u00f6yl\u00fcler taraf\u0131ndan da dile getirildi. Sardo\u011fan\u2019\u0131n \u00f6zellikle de ya\u015fl\u0131 kad\u0131nlara musallat oldu\u011fu, k\u00f6yde huzursuzluk \u00e7\u0131kard\u0131\u011f\u0131 ve kad\u0131nlar\u0131n bu rahats\u0131zl\u0131k sebebiyle k\u00f6ylerini terk etmek durumunda kald\u0131\u011f\u0131 iddia edildi. Programda ortaya at\u0131lan iddialara g\u00f6re:<\/p>\n<ul>\n<li>Sardo\u011fan\u2019\u0131n k\u00f6yde ya\u015fayan kad\u0131nlara rahats\u0131z edici mesajlar g\u00f6nderdi\u011fi,<\/li>\n<li>\u00d6zellikle ya\u015fl\u0131 kad\u0131nlar\u0131 hedef ald\u0131\u011f\u0131,<\/li>\n<li>Bu durumun k\u00f6yde huzursuzlu\u011fa yol a\u00e7t\u0131\u011f\u0131, baz\u0131 kad\u0131nlar\u0131n k\u00f6y\u00fc terk etmek zorunda kald\u0131\u011f\u0131 \u00f6ne s\u00fcr\u00fclm\u00fc\u015ft\u00fcr.<\/li>\n<\/ul>\n<p><img loading=\"lazy\" decoding=\"async\" class=\"alignnone size-full wp-image-295932\" src=\"https:\/\/www.tgrthaber.com\/mavikadin\/wp-content\/uploads\/2026\/01\/Asli-2026-01-28T115454.024.png\" alt=\"\" width=\"1208\" height=\"680\" title=\"\" srcset=\"https:\/\/www.tgrthaber.com\/mavikadin\/wp-content\/uploads\/2026\/01\/Asli-2026-01-28T115454.024.png 1208w, https:\/\/www.tgrthaber.com\/mavikadin\/wp-content\/uploads\/2026\/01\/Asli-2026-01-28T115454.024-300x169.png 300w, https:\/\/www.tgrthaber.com\/mavikadin\/wp-content\/uploads\/2026\/01\/Asli-2026-01-28T115454.024-1024x576.png 1024w, https:\/\/www.tgrthaber.com\/mavikadin\/wp-content\/uploads\/2026\/01\/Asli-2026-01-28T115454.024-768x432.png 768w\" sizes=\"(max-width: 1208px) 100vw, 1208px\" \/><\/p>\n<hr \/>\n<h3>S\u0130NAN SARDO\u011eAN, TAHL\u0130YE M\u0130 OLDU?<\/h3>\n<p>Sinan Sardo\u011fan\u2019\u0131n, k\u00fc\u00e7\u00fck bir \u00e7ocu\u011fa cinsel istismar su\u00e7undan dolay\u0131 cezaevine girdi\u011fi bilgisi kamuoyuna yans\u0131m\u0131\u015f ve b\u00fcy\u00fck tepki toplam\u0131\u015ft\u0131. Bu geli\u015fmenin ard\u0131ndan Sardo\u011fan uzun s\u00fcre kamuoyu g\u00fcndeminden d\u00fc\u015fmemi\u015fti. Son g\u00fcnlerde sosyal medyada payla\u015f\u0131lan bir g\u00f6r\u00fcnt\u00fc, Sinan Sardo\u011fan\u2019\u0131n cezaevinden tahliye edildi\u011fi y\u00f6n\u00fcnde iddialara neden oldu. G\u00f6r\u00fcnt\u00fcn\u00fcn yay\u0131lmas\u0131yla birlikte Sardo\u011fan\u2019\u0131n nerede oldu\u011fu ve \u015fu an ne yapt\u0131\u011f\u0131 yeniden merak konusu haline geldi. Resmi a\u00e7\u0131klama beklentisi s\u00fcr\u00fcyor.<\/p>\n<p><img loading=\"lazy\" decoding=\"async\" class=\"alignnone size-full wp-image-295933\" src=\"https:\/\/www.tgrthaber.com\/mavikadin\/wp-content\/uploads\/2026\/01\/Asli-2026-01-28T115643.534.png\" alt=\"\" width=\"1208\" height=\"680\" title=\"\" srcset=\"https:\/\/www.tgrthaber.com\/mavikadin\/wp-content\/uploads\/2026\/01\/Asli-2026-01-28T115643.534.png 1208w, https:\/\/www.tgrthaber.com\/mavikadin\/wp-content\/uploads\/2026\/01\/Asli-2026-01-28T115643.534-300x169.png 300w, https:\/\/www.tgrthaber.com\/mavikadin\/wp-content\/uploads\/2026\/01\/Asli-2026-01-28T115643.534-1024x576.png 1024w, https:\/\/www.tgrthaber.com\/mavikadin\/wp-content\/uploads\/2026\/01\/Asli-2026-01-28T115643.534-768x432.png 768w\" sizes=\"(max-width: 1208px) 100vw, 1208px\" \/><br \/>\nTahliye iddias\u0131na ili\u015fkin \u015fu ana kadar resmi bir do\u011frulama yap\u0131lmad\u0131. Sosyal medyada dola\u015f\u0131ma giren g\u00f6r\u00fcnt\u00fc, kamuoyunda tart\u0131\u015fma yarat\u0131rken g\u00f6zler yetkili mercilerden gelecek a\u00e7\u0131klamalara \u00e7evrildi.<\/p>\n","protected":false},"excerpt":{"rendered":"<p>Sinan Sardo\u011fan, M\u00fcge Anl\u0131 ile Tatl\u0131 Sert program\u0131nda aranan 64 ya\u015f\u0131ndaki Arife G\u00f6k\u00e7e\u2019nin kayb\u0131 s\u0131ras\u0131nda kamuoyunun tan\u0131d\u0131\u011f\u0131 bir isim haline gelmi\u015fti. Program s\u00fcrecinde yapt\u0131\u011f\u0131 a\u00e7\u0131klamalar, izleyicilerden yo\u011fun tepki alarak uzun s\u00fcre g\u00fcndemde kalm\u0131\u015ft\u0131r. Sinan Sardo\u011fan ile ilgili payla\u015f\u0131lan son g\u00f6r\u00fcnt\u00fclerle Sinan Sardo\u011fan\u2019\u0131n kim oldu\u011fu ve M\u00fcge Anl\u0131\u2019daki olay\u0131 merak edildi.<\/p>\n","protected":false},"author":37,"featured_media":295925,"comment_status":"closed","ping_status":"closed","sticky":false,"template":"","format":"standard","meta":{"rank_math_lock_modified_date":false,"footnotes":""},"categories":[491],"tags":[3374,2453,2533,41182],"class_list":["post-295916","post","type-post","status-publish","format-standard","has-post-thumbnail","hentry","category-biyografi","tag-biyografi","tag-muge-anli","tag-muge-anli-ile-tatli-sert","tag-sinan-sardogan"],"_links":{"self":[{"href":"https:\/\/www.tgrthaber.com\/mavikadin\/wp-json\/wp\/v2\/posts\/295916"}],"collection":[{"href":"https:\/\/www.tgrthaber.com\/mavikadin\/wp-json\/wp\/v2\/posts"}],"about":[{"href":"https:\/\/www.tgrthaber.com\/mavikadin\/wp-json\/wp\/v2\/types\/post"}],"author":[{"embeddable":true,"href":"https:\/\/www.tgrthaber.com\/mavikadin\/wp-json\/wp\/v2\/users\/37"}],"replies":[{"embeddable":true,"href":"https:\/\/www.tgrthaber.com\/mavikadin\/wp-json\/wp\/v2\/comments?post=295916"}],"version-history":[{"count":2,"href":"https:\/\/www.tgrthaber.com\/mavikadin\/wp-json\/wp\/v2\/posts\/295916\/revisions"}],"predecessor-version":[{"id":295935,"href":"https:\/\/www.tgrthaber.com\/mavikadin\/wp-json\/wp\/v2\/posts\/295916\/revisions\/295935"}],"wp:featuredmedia":[{"embeddable":true,"href":"https:\/\/www.tgrthaber.com\/mavikadin\/wp-json\/wp\/v2\/media\/295925"}],"wp:attachment":[{"href":"https:\/\/www.tgrthaber.com\/mavikadin\/wp-json\/wp\/v2\/media?parent=295916"}],"wp:term":[{"taxonomy":"category","embeddable":true,"href":"https:\/\/www.tgrthaber.com\/mavikadin\/wp-json\/wp\/v2\/categories?post=295916"},{"taxonomy":"post_tag","embeddable":true,"href":"https:\/\/www.tgrthaber.com\/mavikadin\/wp-json\/wp\/v2\/tags?post=295916"}],"curies":[{"name":"wp","href":"https:\/\/api.w.org\/{rel}","templated":true}]}}