{"id":295917,"date":"2026-01-28T11:59:59","date_gmt":"2026-01-28T08:59:59","guid":{"rendered":"https:\/\/www.tgrthaber.com\/mavikadin\/?p=295917"},"modified":"2026-01-28T11:59:59","modified_gmt":"2026-01-28T08:59:59","slug":"ahmet-zafer-demirci-kimdir-kac-yasinda-ahmet-zafer-demirci-meslegi-nedir","status":"publish","type":"post","link":"https:\/\/www.tgrthaber.com\/mavikadin\/ahmet-zafer-demirci-kimdir-kac-yasinda-ahmet-zafer-demirci-meslegi-nedir\/","title":{"rendered":"Ahmet Zafer Demirci kimdir, ka\u00e7 ya\u015f\u0131nda? Ahmet Zafer Demirci mesle\u011fi nedir?"},"content":{"rendered":"<p>\u201cBeyaz\u2019la Joker\u201d sonras\u0131 g\u00fcndem olan \u2018y\u00f6netmen <a href=\"https:\/\/www.tgrthaber.com\/mavikadin\/tarkan-beyazla-joker-programina-mi-katilacak-hasret-sona-mi-eriyor\/\">Ahmet Zafer Demirci<\/a> kimdir?\u2019 merak ediliyor. Demirci, programla ili\u015fkisinin sona erdi\u011fini a\u00e7\u0131klamas\u0131yla birlikte kariyeri ve sekt\u00f6rdeki ge\u00e7mi\u015fi merak konusu oldu. Peki Ahmet Zafer Demirci kimdir, ka\u00e7 ya\u015f\u0131nda? Ahmet Zafer Demirci mesle\u011fi nedir?<\/p>\n<h3>AHMET ZAFER DEM\u0130RC\u0130 K\u0130MD\u0130R, KA\u00c7 YA\u015eINDA?<\/h3>\n<p><a href=\"https:\/\/www.tgrthaber.com\/mavikadin\/beyazla-joker-hangi-gunler-yayinlaniyor-buyuk-bir-ilgiyle-karsilandi\/\">Ahmet Zafer Demirci<\/a>, televizyon ve yap\u0131m sekt\u00f6r\u00fcnde uzun y\u0131llara dayanan kariyeriyle bilinen bir y\u00f6netmendir. \u0130stanbul \u00dcniversitesi Radyo ve Televizyon B\u00f6l\u00fcm\u00fc\u2019nden 1990 y\u0131l\u0131nda mezun olan Demirci, mezuniyetinin ard\u0131ndan bir\u00e7ok \u00f6nemli projede y\u00f6netmenlik yapt\u0131 ve farkl\u0131 yap\u0131m \u015firketlerinde \u00fcst d\u00fczey pozisyonlarda g\u00f6rev ald\u0131.<\/p>\n<p><img loading=\"lazy\" decoding=\"async\" class=\"aligncenter size-full wp-image-295919\" src=\"https:\/\/www.tgrthaber.com\/mavikadin\/wp-content\/uploads\/2026\/01\/Ahmet-Zafer-Demirci-1.webp\" alt=\"\" width=\"1280\" height=\"720\" title=\"\" srcset=\"https:\/\/www.tgrthaber.com\/mavikadin\/wp-content\/uploads\/2026\/01\/Ahmet-Zafer-Demirci-1.webp 1280w, https:\/\/www.tgrthaber.com\/mavikadin\/wp-content\/uploads\/2026\/01\/Ahmet-Zafer-Demirci-1-300x169.webp 300w, https:\/\/www.tgrthaber.com\/mavikadin\/wp-content\/uploads\/2026\/01\/Ahmet-Zafer-Demirci-1-1024x576.webp 1024w, https:\/\/www.tgrthaber.com\/mavikadin\/wp-content\/uploads\/2026\/01\/Ahmet-Zafer-Demirci-1-768x432.webp 768w\" sizes=\"(max-width: 1280px) 100vw, 1280px\" \/><\/p>\n<hr \/>\n<h3>AHMET ZAFER DEM\u0130RC\u0130 MESLE\u011e\u0130 NED\u0130R?<\/h3>\n<p>Kariyeri boyunca bir\u00e7ok projede imzas\u0131 bulunan Demirci, sekt\u00f6rdeki tecr\u00fcbesiyle de dikkat \u00e7ekiyor. Televizyon d\u00fcnyas\u0131nda hem yap\u0131mc\u0131 hem de y\u00f6netmen kimli\u011fiyle \u00e7al\u0131\u015fmalar\u0131yla tan\u0131n\u0131yor.<\/p>\n<p><img loading=\"lazy\" decoding=\"async\" class=\"aligncenter size-full wp-image-295920\" src=\"https:\/\/www.tgrthaber.com\/mavikadin\/wp-content\/uploads\/2026\/01\/Ahmet-Zafer-Demirci-2.jpg\" alt=\"\" width=\"1080\" height=\"851\" title=\"\" srcset=\"https:\/\/www.tgrthaber.com\/mavikadin\/wp-content\/uploads\/2026\/01\/Ahmet-Zafer-Demirci-2.jpg 1080w, https:\/\/www.tgrthaber.com\/mavikadin\/wp-content\/uploads\/2026\/01\/Ahmet-Zafer-Demirci-2-300x236.jpg 300w, https:\/\/www.tgrthaber.com\/mavikadin\/wp-content\/uploads\/2026\/01\/Ahmet-Zafer-Demirci-2-1024x807.jpg 1024w, https:\/\/www.tgrthaber.com\/mavikadin\/wp-content\/uploads\/2026\/01\/Ahmet-Zafer-Demirci-2-768x605.jpg 768w\" sizes=\"(max-width: 1080px) 100vw, 1080px\" \/><\/p>\n<hr \/>\n<h3>AHMET ZAFER DEM\u0130RC\u0130 SEKT\u00d6RDEK\u0130 \u00c7ALI\u015eMALARI<\/h3>\n<p>Ahmet Zafer Demirci, medya d\u00fcnyas\u0131nda farkl\u0131 yap\u0131m \u015firketlerinde kritik g\u00f6revler \u00fcstlendi. Bu \u015firketler aras\u0131nda \u00f6ne \u00e7\u0131kanlar:<\/p>\n<p>D\u00fc\u015fler Yap\u0131m: Yap\u0131mc\u0131 ve y\u00f6netmen olarak g\u00f6rev ald\u0131.<\/p>\n<p><img loading=\"lazy\" decoding=\"async\" class=\"aligncenter size-full wp-image-295921\" src=\"https:\/\/www.tgrthaber.com\/mavikadin\/wp-content\/uploads\/2026\/01\/Ahmet-Zafer-Demirci-2.webp\" alt=\"\" width=\"686\" height=\"359\" title=\"\" srcset=\"https:\/\/www.tgrthaber.com\/mavikadin\/wp-content\/uploads\/2026\/01\/Ahmet-Zafer-Demirci-2.webp 686w, https:\/\/www.tgrthaber.com\/mavikadin\/wp-content\/uploads\/2026\/01\/Ahmet-Zafer-Demirci-2-300x157.webp 300w\" sizes=\"(max-width: 686px) 100vw, 686px\" \/><\/p>\n<hr \/>\n<p>AVA Entertainment: \u015eirket b\u00fcnyesinde dan\u0131\u015fmanl\u0131k yapt\u0131.<\/p>\n<p>NTC Medya, Erdi Yap\u0131m ve Provizyon: Bu \u015firketlerde y\u00f6netmenlik ve genel y\u00f6netmenlik pozisyonlar\u0131nda bulundu.<\/p>\n<p>Bu g\u00f6revler, Demirci\u2019nin hem yarat\u0131c\u0131 hem de y\u00f6netimsel a\u00e7\u0131dan sekt\u00f6rde g\u00fc\u00e7l\u00fc bir profil \u00e7izdi\u011fini g\u00f6steriyor. Televizyon yap\u0131m s\u00fcre\u00e7lerinin her a\u015famas\u0131nda deneyim sahibi olan Demirci, \u00f6zellikle format geli\u015ftirme ve program y\u00f6netimi alanlar\u0131nda dikkat \u00e7ekiyor.<\/p>\n<h3><img loading=\"lazy\" decoding=\"async\" class=\"aligncenter size-full wp-image-295922\" src=\"https:\/\/www.tgrthaber.com\/mavikadin\/wp-content\/uploads\/2026\/01\/Ahmet-Zafer-Demirci-4.jpg\" alt=\"\" width=\"1080\" height=\"1350\" title=\"\" srcset=\"https:\/\/www.tgrthaber.com\/mavikadin\/wp-content\/uploads\/2026\/01\/Ahmet-Zafer-Demirci-4.jpg 1080w, https:\/\/www.tgrthaber.com\/mavikadin\/wp-content\/uploads\/2026\/01\/Ahmet-Zafer-Demirci-4-240x300.jpg 240w, https:\/\/www.tgrthaber.com\/mavikadin\/wp-content\/uploads\/2026\/01\/Ahmet-Zafer-Demirci-4-819x1024.jpg 819w, https:\/\/www.tgrthaber.com\/mavikadin\/wp-content\/uploads\/2026\/01\/Ahmet-Zafer-Demirci-4-768x960.jpg 768w\" sizes=\"(max-width: 1080px) 100vw, 1080px\" \/><\/h3>\n<hr \/>\n<h3>AHMET ZAFER DEM\u0130RC\u0130\u2019N\u0130N \u0130\u015e\u0130NE NEDEN SON VER\u0130LD\u0130?<\/h3>\n<p>Kanal D\u2019nin yeni y\u0131l s\u00fcrprizlerinden biri olarak ekrana gelen \u201cBeyaz\u2019la Joker\u201d, 3 milyon TL\u2019lik dev \u00f6d\u00fcl vaadiyle b\u00fcy\u00fck bir beklentiyle yay\u0131n hayat\u0131na ba\u015flad\u0131. Ancak program, reytinglerde isteneni veremeyince yap\u0131mda kriz patlak verdi ve y\u00f6netmen Ahmet Zafer Demirci\u2019nin i\u015fine son verildi.<\/p>\n<p>Yar\u0131\u015fma program\u0131, uzun bir aradan sonra Beyaz\u0131t \u00d6zt\u00fcrk\u2019\u00fcn sunumuyla izleyici kar\u015f\u0131s\u0131na \u00e7\u0131km\u0131\u015ft\u0131. \u0130lk b\u00f6l\u00fcmde yakalad\u0131\u011f\u0131 ilgiyle dikkat \u00e7eken yap\u0131m sonraki haftalarda beklentilerin alt\u0131nda kalan izlenme oranlar\u0131yla g\u00fcndeme geldi. Reytinglerde istenen ivme yakalanamay\u0131nca yap\u0131m ekibinde sular \u0131s\u0131nmaya ba\u015flad\u0131.<\/p>\n<p><img loading=\"lazy\" decoding=\"async\" class=\"aligncenter size-full wp-image-295923\" src=\"https:\/\/www.tgrthaber.com\/mavikadin\/wp-content\/uploads\/2026\/01\/Ahmet-Zafer-Demirci-3.jpg\" alt=\"\" width=\"1080\" height=\"1350\" title=\"\" srcset=\"https:\/\/www.tgrthaber.com\/mavikadin\/wp-content\/uploads\/2026\/01\/Ahmet-Zafer-Demirci-3.jpg 1080w, https:\/\/www.tgrthaber.com\/mavikadin\/wp-content\/uploads\/2026\/01\/Ahmet-Zafer-Demirci-3-240x300.jpg 240w, https:\/\/www.tgrthaber.com\/mavikadin\/wp-content\/uploads\/2026\/01\/Ahmet-Zafer-Demirci-3-819x1024.jpg 819w, https:\/\/www.tgrthaber.com\/mavikadin\/wp-content\/uploads\/2026\/01\/Ahmet-Zafer-Demirci-3-768x960.jpg 768w\" sizes=\"(max-width: 1080px) 100vw, 1080px\" \/><\/p>\n<hr \/>\n<p>Gerginli\u011fin faturas\u0131 ise y\u00f6netmen Ahmet Zafer Demirci\u2019ye kesildi. Demirci, programla ili\u015fkisinin sona erdi\u011fini sosyal medya hesab\u0131ndan yapt\u0131\u011f\u0131 payla\u015f\u0131mla duyurdu. Demirci\u2019nin payla\u015f\u0131m\u0131nda \u015fu ifadeler yer ald\u0131:<\/p>\n<p>\u201cAn itibar\u0131yla Beyaz\u2019la Joker program\u0131yla ili\u015fkim kalmam\u0131\u015ft\u0131r. Neyse ki sekt\u00f6r kimin ne oldu\u011funu biliyor.\u201d<\/p>\n<p><img loading=\"lazy\" decoding=\"async\" class=\"aligncenter size-full wp-image-295924\" src=\"https:\/\/www.tgrthaber.com\/mavikadin\/wp-content\/uploads\/2026\/01\/Ahmet-Zafer-Demirci-3.webp\" alt=\"\" width=\"820\" height=\"1469\" title=\"\" srcset=\"https:\/\/www.tgrthaber.com\/mavikadin\/wp-content\/uploads\/2026\/01\/Ahmet-Zafer-Demirci-3.webp 820w, https:\/\/www.tgrthaber.com\/mavikadin\/wp-content\/uploads\/2026\/01\/Ahmet-Zafer-Demirci-3-167x300.webp 167w, https:\/\/www.tgrthaber.com\/mavikadin\/wp-content\/uploads\/2026\/01\/Ahmet-Zafer-Demirci-3-572x1024.webp 572w, https:\/\/www.tgrthaber.com\/mavikadin\/wp-content\/uploads\/2026\/01\/Ahmet-Zafer-Demirci-3-768x1376.webp 768w\" sizes=\"(max-width: 820px) 100vw, 820px\" \/><\/p>\n<hr \/>\n<p>Bu mesaj, sosyal medyada geni\u015f yank\u0131 uyand\u0131rd\u0131 ve sekt\u00f6r i\u00e7i tart\u0131\u015fmalar\u0131 yeniden alevlendirdi.<\/p>\n<p>Kanal D\u2019nin iddial\u0131 yap\u0131m\u0131, izleyici taraf\u0131ndan ilk etapta merakla kar\u015f\u0131lanm\u0131\u015f olsa da, yar\u0131\u015fma format\u0131n\u0131n rekabet etti\u011fi g\u00fc\u00e7l\u00fc ak\u015fam ku\u015fa\u011f\u0131nda istenen ba\u015far\u0131y\u0131 s\u00fcrd\u00fcremedi. Y\u00f6netmen de\u011fi\u015fikli\u011fiyle birlikte program\u0131n gelece\u011fi de tart\u0131\u015fma konusu oldu.<\/p>\n","protected":false},"excerpt":{"rendered":"<p>Ahmet Zafer Demirci \u201cBeyaz\u2019la Joker\u201d sonras\u0131 yeniden g\u00fcndeme geldi. Kanal D ekranlar\u0131nda yay\u0131nlanan ve geni\u015f izleyici kitlesi taraf\u0131ndan takip edilen \u201cBeyaz\u2019la Joker\u201d yar\u0131\u015fma program\u0131nda ya\u015fanan y\u00f6netmen de\u011fi\u015fikli\u011fi sonras\u0131, televizyon d\u00fcnyas\u0131n\u0131n deneyimli ismi Ahmet Zafer Demirci magazin g\u00fcndemine bomba gibi d\u00fc\u015ft\u00fc.<\/p>\n","protected":false},"author":5,"featured_media":295918,"comment_status":"closed","ping_status":"closed","sticky":false,"template":"","format":"standard","meta":{"rank_math_lock_modified_date":false,"footnotes":""},"categories":[491],"tags":[71591,71592,71594,71593,3374],"class_list":["post-295917","post","type-post","status-publish","format-standard","has-post-thumbnail","hentry","category-biyografi","tag-ahmet-zafer-demirci","tag-ahmet-zafer-demirci-kimdir","tag-ahmet-zafer-demirci-meslegi","tag-beyazla-joker-yonetmeni","tag-biyografi"],"_links":{"self":[{"href":"https:\/\/www.tgrthaber.com\/mavikadin\/wp-json\/wp\/v2\/posts\/295917"}],"collection":[{"href":"https:\/\/www.tgrthaber.com\/mavikadin\/wp-json\/wp\/v2\/posts"}],"about":[{"href":"https:\/\/www.tgrthaber.com\/mavikadin\/wp-json\/wp\/v2\/types\/post"}],"author":[{"embeddable":true,"href":"https:\/\/www.tgrthaber.com\/mavikadin\/wp-json\/wp\/v2\/users\/5"}],"replies":[{"embeddable":true,"href":"https:\/\/www.tgrthaber.com\/mavikadin\/wp-json\/wp\/v2\/comments?post=295917"}],"version-history":[{"count":2,"href":"https:\/\/www.tgrthaber.com\/mavikadin\/wp-json\/wp\/v2\/posts\/295917\/revisions"}],"predecessor-version":[{"id":295927,"href":"https:\/\/www.tgrthaber.com\/mavikadin\/wp-json\/wp\/v2\/posts\/295917\/revisions\/295927"}],"wp:featuredmedia":[{"embeddable":true,"href":"https:\/\/www.tgrthaber.com\/mavikadin\/wp-json\/wp\/v2\/media\/295918"}],"wp:attachment":[{"href":"https:\/\/www.tgrthaber.com\/mavikadin\/wp-json\/wp\/v2\/media?parent=295917"}],"wp:term":[{"taxonomy":"category","embeddable":true,"href":"https:\/\/www.tgrthaber.com\/mavikadin\/wp-json\/wp\/v2\/categories?post=295917"},{"taxonomy":"post_tag","embeddable":true,"href":"https:\/\/www.tgrthaber.com\/mavikadin\/wp-json\/wp\/v2\/tags?post=295917"}],"curies":[{"name":"wp","href":"https:\/\/api.w.org\/{rel}","templated":true}]}}