{"id":295929,"date":"2026-01-28T12:10:24","date_gmt":"2026-01-28T09:10:24","guid":{"rendered":"https:\/\/www.tgrthaber.com\/mavikadin\/?p=295929"},"modified":"2026-01-28T12:10:25","modified_gmt":"2026-01-28T09:10:25","slug":"beyazla-joker-programinda-soke-eden-ayrilik-sosyal-medyada-veda-mesaji-yayinladi","status":"publish","type":"post","link":"https:\/\/www.tgrthaber.com\/mavikadin\/beyazla-joker-programinda-soke-eden-ayrilik-sosyal-medyada-veda-mesaji-yayinladi\/","title":{"rendered":"Beyaz\u2019la Joker program\u0131nda \u015foke eden ayr\u0131l\u0131k! Sosyal medyada veda mesaj\u0131 yay\u0131nlad\u0131"},"content":{"rendered":"<p>Televizyon ekranlar\u0131n\u0131n sevilen y\u00fcz\u00fc Beyaz\u0131t \u00d6zt\u00fcrk, <a href=\"https:\/\/www.tgrthaber.com\/mavikadin\/tarkan-beyazla-joker-programina-mi-katilacak-hasret-sona-mi-eriyor\/\">\u2018Beyaz\u2019la Joker\u2019<\/a> program\u0131yla seyirci kar\u015f\u0131s\u0131na \u00e7\u0131k\u0131yor. Ekranlar\u0131n yeni iddial\u0131 yar\u0131\u015fma program\u0131 izleyici taraf\u0131ndan be\u011feni topluyor. B\u00fcy\u00fck bir heyecanla takip edilen yar\u0131\u015fma program\u0131nda bir ayr\u0131l\u0131k ya\u015fand\u0131\u011f\u0131 duyuruldu. Beyaz\u0131t \u00d6zt\u00fcrk\u2019\u00fcn sunumuyla ger\u00e7ekle\u015fen Beyaz\u2019la Joker yar\u0131\u015fma program\u0131nda \u015foke eden bir ayr\u0131l\u0131k ya\u015fand\u0131. Ayr\u0131l\u0131k sonras\u0131 sosyal medyada veda mesaj\u0131 yay\u0131nland\u0131. \u0130\u015fte Beyaz\u2019la Joker program\u0131nda herkesi \u015foke eden veda\u2026<\/p>\n<h3>BEYAZ\u2019LA JOKER PROGRAMINDA \u015eOKE EDEN AYRILIK!<\/h3>\n<p>Ekranlar\u0131n en sevilen y\u00fczlerinden Beyaz\u0131t \u00d6zt\u00fcrk\u2019\u00fcn sunumuyla Kanal D ekranlar\u0131nda izleyici kar\u015f\u0131s\u0131na \u00e7\u0131kan <a href=\"https:\/\/www.tgrthaber.com\/mavikadin\/beyazla-joker-hangi-gunler-yayinlaniyor-buyuk-bir-ilgiyle-karsilandi\/\">Beyaz\u2019la Joker<\/a> yar\u0131\u015fma program\u0131 b\u00fcy\u00fck be\u011feni topluyor. Kat\u0131l\u0131mc\u0131lara farkl\u0131 bir yar\u0131\u015fma deneyimi sunan, e\u011flence ve yar\u0131\u015fmay\u0131 bir araya getiren Beyaz\u2019la Joker program\u0131 ekranlar\u0131n yeni iddial\u0131 yar\u0131\u015fma program\u0131 olarak kar\u015f\u0131m\u0131za \u00e7\u0131k\u0131yor.<\/p>\n<p><img loading=\"lazy\" decoding=\"async\" class=\"size-full wp-image-295938\" src=\"https:\/\/www.tgrthaber.com\/mavikadin\/wp-content\/uploads\/2026\/01\/Beyazla-Joker-4-3.jpg\" alt=\"Beyaz\u2019la Joker program\u0131nda \u015foke eden ayr\u0131l\u0131k! Sosyal medyada veda mesaj\u0131 yay\u0131nlad\u0131\" width=\"1208\" height=\"680\" title=\"\" srcset=\"https:\/\/www.tgrthaber.com\/mavikadin\/wp-content\/uploads\/2026\/01\/Beyazla-Joker-4-3.jpg 1208w, https:\/\/www.tgrthaber.com\/mavikadin\/wp-content\/uploads\/2026\/01\/Beyazla-Joker-4-3-300x169.jpg 300w, https:\/\/www.tgrthaber.com\/mavikadin\/wp-content\/uploads\/2026\/01\/Beyazla-Joker-4-3-1024x576.jpg 1024w, https:\/\/www.tgrthaber.com\/mavikadin\/wp-content\/uploads\/2026\/01\/Beyazla-Joker-4-3-768x432.jpg 768w\" sizes=\"(max-width: 1208px) 100vw, 1208px\" \/><\/p>\n<hr \/>\n<p>Ekran maceras\u0131na ge\u00e7ti\u011fimiz haftalarda ba\u015flayan Beyaz\u2019la Joker yar\u0131\u015fma program\u0131nda \u015fimdilerde \u015foke eden bir ayr\u0131l\u0131k ya\u015fand\u0131. Beyaz\u0131t \u00d6zt\u00fcrk\u2019\u00fcn her b\u00f6l\u00fcmde ayr\u0131 ayr\u0131 olmak \u00fczere toplam iki yar\u0131\u015fmac\u0131yla yar\u0131\u015ft\u0131\u011f\u0131 \u2018Beyaz\u2019la Joker\u2019, izleyiciyi ekran ba\u015f\u0131na kilitliyor. Yap\u0131m\u0131n\u0131 Erdi Yap\u0131m ve CB Yap\u0131m\u2019\u0131n \u00fcstlendi\u011fi yar\u0131\u015fma program\u0131nda bir ayr\u0131l\u0131k ya\u015fand\u0131\u011f\u0131 duyuruldu.<\/p>\n<p><img loading=\"lazy\" decoding=\"async\" class=\"size-full wp-image-295942\" src=\"https:\/\/www.tgrthaber.com\/mavikadin\/wp-content\/uploads\/2026\/01\/Beyazla-Joker-8.jpg\" alt=\"Beyaz\u2019la Joker program\u0131nda \u015foke eden ayr\u0131l\u0131k! Sosyal medyada veda mesaj\u0131 yay\u0131nlad\u0131\" width=\"1208\" height=\"680\" title=\"\" srcset=\"https:\/\/www.tgrthaber.com\/mavikadin\/wp-content\/uploads\/2026\/01\/Beyazla-Joker-8.jpg 1208w, https:\/\/www.tgrthaber.com\/mavikadin\/wp-content\/uploads\/2026\/01\/Beyazla-Joker-8-300x169.jpg 300w, https:\/\/www.tgrthaber.com\/mavikadin\/wp-content\/uploads\/2026\/01\/Beyazla-Joker-8-1024x576.jpg 1024w, https:\/\/www.tgrthaber.com\/mavikadin\/wp-content\/uploads\/2026\/01\/Beyazla-Joker-8-768x432.jpg 768w\" sizes=\"(max-width: 1208px) 100vw, 1208px\" \/><\/p>\n<hr \/>\n<p>Televizyon d\u00fcnyas\u0131n\u0131n sevilen y\u00fczlerinden Beyaz\u0131t \u00d6zt\u00fcrk\u2019\u00fcn sunumuyla ger\u00e7ekle\u015fen Beyaz\u2019la Joker program\u0131 reklam \u00e7al\u0131\u015fmalar\u0131na ra\u011fmen istenilen izlenme oranlar\u0131na ula\u015famad\u0131. Seyirci taraf\u0131ndan b\u00fcy\u00fck be\u011feni toplamas\u0131na ra\u011fmen istenilen ba\u015far\u0131ya ula\u015f\u0131lamayan yar\u0131\u015fma program\u0131nda fatura ise program\u0131n y\u00f6netmeni Ahmet Zafer Demirci\u2019ye kesildi.<\/p>\n<p><img loading=\"lazy\" decoding=\"async\" class=\"size-full wp-image-295940\" src=\"https:\/\/www.tgrthaber.com\/mavikadin\/wp-content\/uploads\/2026\/01\/Beyazla-Joker-6-3.jpg\" alt=\"Beyaz\u2019la Joker program\u0131nda \u015foke eden ayr\u0131l\u0131k! Sosyal medyada veda mesaj\u0131 yay\u0131nlad\u0131\" width=\"1208\" height=\"680\" title=\"\" srcset=\"https:\/\/www.tgrthaber.com\/mavikadin\/wp-content\/uploads\/2026\/01\/Beyazla-Joker-6-3.jpg 1208w, https:\/\/www.tgrthaber.com\/mavikadin\/wp-content\/uploads\/2026\/01\/Beyazla-Joker-6-3-300x169.jpg 300w, https:\/\/www.tgrthaber.com\/mavikadin\/wp-content\/uploads\/2026\/01\/Beyazla-Joker-6-3-1024x576.jpg 1024w, https:\/\/www.tgrthaber.com\/mavikadin\/wp-content\/uploads\/2026\/01\/Beyazla-Joker-6-3-768x432.jpg 768w\" sizes=\"(max-width: 1208px) 100vw, 1208px\" \/><\/p>\n<hr \/>\n<p>Her pazar saat 20.00\u2019da Kanal D ekranlar\u0131nda seyirciyle bulu\u015fan Beyaz\u2019la Joker yar\u0131\u015fma program\u0131nda reklam \u00e7al\u0131\u015fmalar\u0131na ra\u011fmen istenilen izlenme oranlar\u0131na ula\u015f\u0131lamay\u0131nca y\u00f6netmen Ahmet Zafer Demirci\u2019nin i\u015fine son verildi. Beyaz\u2019la Joker program\u0131nda y\u00f6netmenin \u015foke eden ayr\u0131l\u0131\u011f\u0131 herkesi \u015fa\u015fk\u0131na \u00e7evirdi.<\/p>\n<p><img loading=\"lazy\" decoding=\"async\" class=\"size-full wp-image-295944\" src=\"https:\/\/www.tgrthaber.com\/mavikadin\/wp-content\/uploads\/2026\/01\/Beyazla-Joker-1-3.jpg\" alt=\"Beyaz\u2019la Joker program\u0131nda \u015foke eden ayr\u0131l\u0131k! Sosyal medyada veda mesaj\u0131 yay\u0131nlad\u0131\" width=\"1208\" height=\"680\" title=\"\" srcset=\"https:\/\/www.tgrthaber.com\/mavikadin\/wp-content\/uploads\/2026\/01\/Beyazla-Joker-1-3.jpg 1208w, https:\/\/www.tgrthaber.com\/mavikadin\/wp-content\/uploads\/2026\/01\/Beyazla-Joker-1-3-300x169.jpg 300w, https:\/\/www.tgrthaber.com\/mavikadin\/wp-content\/uploads\/2026\/01\/Beyazla-Joker-1-3-1024x576.jpg 1024w, https:\/\/www.tgrthaber.com\/mavikadin\/wp-content\/uploads\/2026\/01\/Beyazla-Joker-1-3-768x432.jpg 768w\" sizes=\"(max-width: 1208px) 100vw, 1208px\" \/><\/p>\n<hr \/>\n<h3>BEYAZ\u2019LA JOKER PROGRAMININ Y\u00d6NETMEN\u0130 SOSYAL MEDYADA VEDA MESAJI YAYINLADI!<\/h3>\n<p>Her yar\u0131\u015fmac\u0131n\u0131n, 3 milyon TL\u2019lik b\u00fcy\u00fck \u00f6d\u00fcle ula\u015fmak i\u00e7in genel k\u00fclt\u00fcrlerini ve bilgi seviyelerini \u00f6l\u00e7en sorularla kar\u015f\u0131 kar\u015f\u0131ya kald\u0131\u011f\u0131 <a href=\"https:\/\/www.tgrthaber.com\/mavikadin\/beyazla-joker-basvuru-nasil-yapilir-yeni-bolum-icin-geri-sayim-basladi\/\">Beyaz\u2019la Joker<\/a> program\u0131nda y\u00f6netmen Ahmet Zafer Demirci\u2019nin i\u015fine son verildi. Programda reklam \u00e7al\u0131\u015fmalar\u0131na ra\u011fmen istenilen izlenme oranlar\u0131na ula\u015famay\u0131nca fatura program\u0131n y\u00f6netmenine kesildi.<\/p>\n<p><img loading=\"lazy\" decoding=\"async\" class=\"size-full wp-image-295937\" src=\"https:\/\/www.tgrthaber.com\/mavikadin\/wp-content\/uploads\/2026\/01\/Beyazla-Joker-3-3.jpg\" alt=\"Beyaz\u2019la Joker program\u0131nda \u015foke eden ayr\u0131l\u0131k! Sosyal medyada veda mesaj\u0131 yay\u0131nlad\u0131\" width=\"1208\" height=\"680\" title=\"\" srcset=\"https:\/\/www.tgrthaber.com\/mavikadin\/wp-content\/uploads\/2026\/01\/Beyazla-Joker-3-3.jpg 1208w, https:\/\/www.tgrthaber.com\/mavikadin\/wp-content\/uploads\/2026\/01\/Beyazla-Joker-3-3-300x169.jpg 300w, https:\/\/www.tgrthaber.com\/mavikadin\/wp-content\/uploads\/2026\/01\/Beyazla-Joker-3-3-1024x576.jpg 1024w, https:\/\/www.tgrthaber.com\/mavikadin\/wp-content\/uploads\/2026\/01\/Beyazla-Joker-3-3-768x432.jpg 768w\" sizes=\"(max-width: 1208px) 100vw, 1208px\" \/><\/p>\n<hr \/>\n<p>\u0130\u015fine son verilen Ahmet Zafer Demirci, sosyal medya hesab\u0131ndan imal\u0131 bir mesaj payla\u015ft\u0131. Beyaz\u2019la Joker program\u0131n\u0131n y\u00f6netmeni yay\u0131nlad\u0131\u011f\u0131 veda mesaj\u0131yla g\u00fcndeme bomba gibi oturdu. Demirci, payla\u015f\u0131m\u0131nda \u015fu ifadelere yer verdi:<\/p>\n<p><img loading=\"lazy\" decoding=\"async\" class=\"size-full wp-image-295943\" src=\"https:\/\/www.tgrthaber.com\/mavikadin\/wp-content\/uploads\/2026\/01\/Beyazla-Joker-9.jpg\" alt=\"Beyaz\u2019la Joker program\u0131nda \u015foke eden ayr\u0131l\u0131k! Sosyal medyada veda mesaj\u0131 yay\u0131nlad\u0131\" width=\"1208\" height=\"680\" title=\"\" srcset=\"https:\/\/www.tgrthaber.com\/mavikadin\/wp-content\/uploads\/2026\/01\/Beyazla-Joker-9.jpg 1208w, https:\/\/www.tgrthaber.com\/mavikadin\/wp-content\/uploads\/2026\/01\/Beyazla-Joker-9-300x169.jpg 300w, https:\/\/www.tgrthaber.com\/mavikadin\/wp-content\/uploads\/2026\/01\/Beyazla-Joker-9-1024x576.jpg 1024w, https:\/\/www.tgrthaber.com\/mavikadin\/wp-content\/uploads\/2026\/01\/Beyazla-Joker-9-768x432.jpg 768w\" sizes=\"(max-width: 1208px) 100vw, 1208px\" \/><\/p>\n<hr \/>\n<p>\u201cAn itibar\u0131yla Beyaz\u2019la Joker program\u0131yla ili\u015fkim kalmam\u0131\u015ft\u0131r. Neyse ki sekt\u00f6r kimin ne oldu\u011funu biliyor.\u201d<\/p>\n<p>Yay\u0131nland\u0131\u011f\u0131 d\u00f6neme damga vuran \u2018Beyaz Show\u2019 program\u0131yla b\u00fcy\u00fck ilgi toplayan Beyaz\u0131t \u00d6zt\u00fcrk, \u015fimdilerde \u2018Beyaz\u2019la Joker\u2019 adl\u0131 yepyeni bir yar\u0131\u015fma program\u0131yla dikkatleri \u00fczerine \u00e7ekiyor. Seyircinin merakla takip etti\u011fi program\u0131n ilerleyen s\u00fcre\u00e7teki gidi\u015fat\u0131 da merak ediliyor.<\/p>\n","protected":false},"excerpt":{"rendered":"<p>Beyaz\u0131t \u00d6zt\u00fcrk\u2019\u00fcn sunumuyla ger\u00e7ekle\u015fen Beyaz\u2019la Joker yar\u0131\u015fma program\u0131nda \u015foke eden bir ayr\u0131l\u0131k ya\u015fand\u0131. Ayr\u0131l\u0131k sonras\u0131 sosyal medyada veda mesaj\u0131 yay\u0131nland\u0131. \u0130\u015fte detaylar\u2026<\/p>\n","protected":false},"author":26,"featured_media":295936,"comment_status":"closed","ping_status":"closed","sticky":false,"template":"","format":"standard","meta":{"rank_math_lock_modified_date":false,"footnotes":""},"categories":[76],"tags":[71591,71595,69749,71593,133,2218],"class_list":["post-295929","post","type-post","status-publish","format-standard","has-post-thumbnail","hentry","category-magazin","tag-ahmet-zafer-demirci","tag-beyazla-joker-veda","tag-beyazla-joker","tag-beyazla-joker-yonetmeni","tag-magazin","tag-magazin-haberleri"],"_links":{"self":[{"href":"https:\/\/www.tgrthaber.com\/mavikadin\/wp-json\/wp\/v2\/posts\/295929"}],"collection":[{"href":"https:\/\/www.tgrthaber.com\/mavikadin\/wp-json\/wp\/v2\/posts"}],"about":[{"href":"https:\/\/www.tgrthaber.com\/mavikadin\/wp-json\/wp\/v2\/types\/post"}],"author":[{"embeddable":true,"href":"https:\/\/www.tgrthaber.com\/mavikadin\/wp-json\/wp\/v2\/users\/26"}],"replies":[{"embeddable":true,"href":"https:\/\/www.tgrthaber.com\/mavikadin\/wp-json\/wp\/v2\/comments?post=295929"}],"version-history":[{"count":1,"href":"https:\/\/www.tgrthaber.com\/mavikadin\/wp-json\/wp\/v2\/posts\/295929\/revisions"}],"predecessor-version":[{"id":295945,"href":"https:\/\/www.tgrthaber.com\/mavikadin\/wp-json\/wp\/v2\/posts\/295929\/revisions\/295945"}],"wp:featuredmedia":[{"embeddable":true,"href":"https:\/\/www.tgrthaber.com\/mavikadin\/wp-json\/wp\/v2\/media\/295936"}],"wp:attachment":[{"href":"https:\/\/www.tgrthaber.com\/mavikadin\/wp-json\/wp\/v2\/media?parent=295929"}],"wp:term":[{"taxonomy":"category","embeddable":true,"href":"https:\/\/www.tgrthaber.com\/mavikadin\/wp-json\/wp\/v2\/categories?post=295929"},{"taxonomy":"post_tag","embeddable":true,"href":"https:\/\/www.tgrthaber.com\/mavikadin\/wp-json\/wp\/v2\/tags?post=295929"}],"curies":[{"name":"wp","href":"https:\/\/api.w.org\/{rel}","templated":true}]}}