{"id":295946,"date":"2026-01-28T12:36:25","date_gmt":"2026-01-28T09:36:25","guid":{"rendered":"https:\/\/www.tgrthaber.com\/mavikadin\/?p=295946"},"modified":"2026-01-28T12:36:25","modified_gmt":"2026-01-28T09:36:25","slug":"delikanli-dizisine-bomba-transfer-salih-bademci-tekrardan-ekranlara-donuyor","status":"publish","type":"post","link":"https:\/\/www.tgrthaber.com\/mavikadin\/delikanli-dizisine-bomba-transfer-salih-bademci-tekrardan-ekranlara-donuyor\/","title":{"rendered":"Delikanl\u0131 dizisine bomba transfer! Salih Bademci tekrardan ekranlara d\u00f6n\u00fcyor"},"content":{"rendered":"<p><a href=\"https:\/\/www.tgrthaber.com\/mavikadin\/delikanli-dizisinde-mert-ramazan-demirin-partneri-belli-oldu-mina-demirtas-ekranlara-geri-donuyor\/\">Delikanl\u0131<\/a> dizisine bomba transfer ger\u00e7ekle\u015fiyor. Salih Bademci, Sak\u0131ncal\u0131 dizisinin ard\u0131ndan ekranlara geri d\u00f6n\u00fcyor. Sevenleriyle bulu\u015facak olan Salih Bademci, yeni dizisi ve rol\u00fcyle merak ediliyor. \u0130\u015fte detaylar\u2026<\/p>\n<h3>DEL\u0130KANLI D\u0130Z\u0130S\u0130NE BOMBA TRANSFER!<\/h3>\n<p>Ba\u015frollerini <a href=\"https:\/\/www.tgrthaber.com\/mavikadin\/mert-ramazan-demir-ve-miray-danerin-basrol-paylastigi-bize-bir-sey-olmaz-dizisi-sete-cikti\/\">Mert Ramazan<\/a> Demir ve Mina Demirta\u015f\u2019\u0131n oynayaca\u011f\u0131 \u2018Delikanl\u0131\u2019 dizisine bomba transfer ger\u00e7ekle\u015fti. \u0130stanbullu Gelin dizisinin y\u00f6netmenleri olan Zeynep G\u00fcnay ve Recai Karag\u00f6z\u2019\u00fcn haz\u0131rl\u0131klar\u0131na devam etti\u011fi yeni dizi Delikanl\u0131, ba\u015far\u0131l\u0131 oyuncuyu kadrosuna dahil etti.<\/p>\n<p><img loading=\"lazy\" decoding=\"async\" class=\"alignnone size-full wp-image-295955\" src=\"https:\/\/www.tgrthaber.com\/mavikadin\/wp-content\/uploads\/2026\/01\/delikanli-2.jpg\" alt=\"Delikanl\u0131 dizisine bomba transfer! Salih Bademci tekrardan ekranlara d\u00f6n\u00fcyor\" width=\"1208\" height=\"680\" title=\"\" srcset=\"https:\/\/www.tgrthaber.com\/mavikadin\/wp-content\/uploads\/2026\/01\/delikanli-2.jpg 1208w, https:\/\/www.tgrthaber.com\/mavikadin\/wp-content\/uploads\/2026\/01\/delikanli-2-300x169.jpg 300w, https:\/\/www.tgrthaber.com\/mavikadin\/wp-content\/uploads\/2026\/01\/delikanli-2-1024x576.jpg 1024w, https:\/\/www.tgrthaber.com\/mavikadin\/wp-content\/uploads\/2026\/01\/delikanli-2-768x432.jpg 768w\" sizes=\"(max-width: 1208px) 100vw, 1208px\" \/><\/p>\n<hr \/>\n<p>\u0130zleyicinin merakla bekledi\u011fi Delikanl\u0131 dizisine en son ekranlarda Sak\u0131ncal\u0131 dizisiyle g\u00f6rd\u00fc\u011f\u00fcm\u00fcz Salih Bademci, dahil oldu. Yeni proje \u015fimdiden merakla beklenirken, oyuncu se\u00e7imleriyle de ad\u0131ndan s\u00f6z ettirecek gibi g\u00f6r\u00fcn\u00fcyor.<\/p>\n<h3><img loading=\"lazy\" decoding=\"async\" class=\"alignnone size-full wp-image-295954\" src=\"https:\/\/www.tgrthaber.com\/mavikadin\/wp-content\/uploads\/2026\/01\/delikanli-1.jpg\" alt=\"Delikanl\u0131 dizisine bomba transfer! Salih Bademci tekrardan ekranlara d\u00f6n\u00fcyor\" width=\"1208\" height=\"680\" title=\"\" srcset=\"https:\/\/www.tgrthaber.com\/mavikadin\/wp-content\/uploads\/2026\/01\/delikanli-1.jpg 1208w, https:\/\/www.tgrthaber.com\/mavikadin\/wp-content\/uploads\/2026\/01\/delikanli-1-300x169.jpg 300w, https:\/\/www.tgrthaber.com\/mavikadin\/wp-content\/uploads\/2026\/01\/delikanli-1-1024x576.jpg 1024w, https:\/\/www.tgrthaber.com\/mavikadin\/wp-content\/uploads\/2026\/01\/delikanli-1-768x432.jpg 768w\" sizes=\"(max-width: 1208px) 100vw, 1208px\" \/><\/h3>\n<hr \/>\n<h3>SAL\u0130H BADEMC\u0130 TEKRARDAN EKRANLARA D\u00d6N\u00dcYOR<\/h3>\n<p>En son \u2018Ba\u015fka Bir G\u00fcn\u2019 ve \u2018Sak\u0131ncal\u0131\u2019 dizileriyle ekranlara gelirken, \u015fimdilerde tekrardan ekranlara Delikanl\u0131 diziyle geri d\u00f6n\u00fcyor. Yeni adresi Delikanl\u0131 olan Salih Bademci, Mert Ramazan Demir ve Mina Demirta\u015f\u2019la beraber ekranlar\u0131 payla\u015facak.<\/p>\n<p><img loading=\"lazy\" decoding=\"async\" class=\"alignnone size-full wp-image-295959\" src=\"https:\/\/www.tgrthaber.com\/mavikadin\/wp-content\/uploads\/2026\/01\/delikanli-6.jpg\" alt=\"Delikanl\u0131 dizisine bomba transfer! Salih Bademci tekrardan ekranlara d\u00f6n\u00fcyor\" width=\"1208\" height=\"680\" title=\"\" srcset=\"https:\/\/www.tgrthaber.com\/mavikadin\/wp-content\/uploads\/2026\/01\/delikanli-6.jpg 1208w, https:\/\/www.tgrthaber.com\/mavikadin\/wp-content\/uploads\/2026\/01\/delikanli-6-300x169.jpg 300w, https:\/\/www.tgrthaber.com\/mavikadin\/wp-content\/uploads\/2026\/01\/delikanli-6-1024x576.jpg 1024w, https:\/\/www.tgrthaber.com\/mavikadin\/wp-content\/uploads\/2026\/01\/delikanli-6-768x432.jpg 768w\" sizes=\"(max-width: 1208px) 100vw, 1208px\" \/><\/p>\n<hr \/>\n<p>Birsen Altunta\u015f\u2019\u0131n haberine g\u00f6re, \u0130stanbullu Gelin dizisinin y\u00f6netmenleri Zeynep G\u00fcnay ve Recai Karag\u00f6z\u2019le daha \u00f6nceden de \u00e7al\u0131\u015fan Salih Bademci, \u0130stanbullu Gelin\u2019in kadrosunda da yer alm\u0131\u015ft\u0131. \u015eimdilerde Delikanl\u0131 dizisiyle izleyiciyle bulu\u015facak olan Salih Bademci, karakteriyle de merak edilmeye ba\u015fland\u0131.<\/p>\n<p><img loading=\"lazy\" decoding=\"async\" class=\"alignnone size-full wp-image-295958\" src=\"https:\/\/www.tgrthaber.com\/mavikadin\/wp-content\/uploads\/2026\/01\/delikanli-5.jpg\" alt=\"Delikanl\u0131 dizisine bomba transfer! Salih Bademci tekrardan ekranlara d\u00f6n\u00fcyor\" width=\"1208\" height=\"680\" title=\"\" srcset=\"https:\/\/www.tgrthaber.com\/mavikadin\/wp-content\/uploads\/2026\/01\/delikanli-5.jpg 1208w, https:\/\/www.tgrthaber.com\/mavikadin\/wp-content\/uploads\/2026\/01\/delikanli-5-300x169.jpg 300w, https:\/\/www.tgrthaber.com\/mavikadin\/wp-content\/uploads\/2026\/01\/delikanli-5-1024x576.jpg 1024w, https:\/\/www.tgrthaber.com\/mavikadin\/wp-content\/uploads\/2026\/01\/delikanli-5-768x432.jpg 768w\" sizes=\"(max-width: 1208px) 100vw, 1208px\" \/><\/p>\n<hr \/>\n<p>Mina Demirta\u015f\u2019\u0131n oynayaca\u011f\u0131 Dila\u2019n\u0131n a\u011fabeyi \u2018Pars\u2019 karakterini oynayacak olan Salih Bademci, ba\u015far\u0131l\u0131 performans\u0131yla \u015fimdiden merak edilen ki\u015filer aras\u0131nda yer al\u0131yor. \u00c7ekimlerinin \u015fubat ay\u0131n\u0131n ortas\u0131 gibi ba\u015flayaca\u011f\u0131 ifade eden Delikanl\u0131 dizisi, \u2018Yusuf\u2019 karakterinin intikam\u0131n\u0131 konu al\u0131yor.<\/p>\n<h3><img loading=\"lazy\" decoding=\"async\" class=\"alignnone size-full wp-image-295957\" src=\"https:\/\/www.tgrthaber.com\/mavikadin\/wp-content\/uploads\/2026\/01\/delikanli-4.jpg\" alt=\"Delikanl\u0131 dizisine bomba transfer! Salih Bademci tekrardan ekranlara d\u00f6n\u00fcyor\" width=\"1208\" height=\"680\" title=\"\" srcset=\"https:\/\/www.tgrthaber.com\/mavikadin\/wp-content\/uploads\/2026\/01\/delikanli-4.jpg 1208w, https:\/\/www.tgrthaber.com\/mavikadin\/wp-content\/uploads\/2026\/01\/delikanli-4-300x169.jpg 300w, https:\/\/www.tgrthaber.com\/mavikadin\/wp-content\/uploads\/2026\/01\/delikanli-4-1024x576.jpg 1024w, https:\/\/www.tgrthaber.com\/mavikadin\/wp-content\/uploads\/2026\/01\/delikanli-4-768x432.jpg 768w\" sizes=\"(max-width: 1208px) 100vw, 1208px\" \/><\/h3>\n<hr \/>\n<h3>SAL\u0130H BADEMC\u0130 K\u0130MD\u0130R?<\/h3>\n<p>Salih Bademci, 15 A\u011fustos\u2019ta d\u00fcnyaya geldi. Bornova Anadolu Lisesi\u2019nden mezun olan Salih Bademci, \u0130stanbul \u00dcniversitesi Devlet Konservatuvar\u0131 Tiyatro B\u00f6l\u00fcm\u00fc\u2019nde e\u011fitim g\u00f6rm\u00fc\u015ft\u00fcr. Sinema ve Televizyon kariyerine 2006 y\u0131l\u0131nda ba\u015flam\u0131\u015ft\u0131r. Serdar Akar\u2019\u0131n yap\u0131mc\u0131l\u0131\u011f\u0131n\u0131 yapan Elveda Rumeli dizisinde yer alm\u0131\u015ft\u0131r.<\/p>\n<p><img loading=\"lazy\" decoding=\"async\" class=\"alignnone size-full wp-image-295956\" src=\"https:\/\/www.tgrthaber.com\/mavikadin\/wp-content\/uploads\/2026\/01\/delikanli-3.jpg\" alt=\"Delikanl\u0131 dizisine bomba transfer! Salih Bademci tekrardan ekranlara d\u00f6n\u00fcyor\" width=\"1208\" height=\"680\" title=\"\" srcset=\"https:\/\/www.tgrthaber.com\/mavikadin\/wp-content\/uploads\/2026\/01\/delikanli-3.jpg 1208w, https:\/\/www.tgrthaber.com\/mavikadin\/wp-content\/uploads\/2026\/01\/delikanli-3-300x169.jpg 300w, https:\/\/www.tgrthaber.com\/mavikadin\/wp-content\/uploads\/2026\/01\/delikanli-3-1024x576.jpg 1024w, https:\/\/www.tgrthaber.com\/mavikadin\/wp-content\/uploads\/2026\/01\/delikanli-3-768x432.jpg 768w\" sizes=\"(max-width: 1208px) 100vw, 1208px\" \/><\/p>\n<hr \/>\n<p>Zeytin Tepesi, Ulan \u0130stanbul, Kiral\u0131k A\u015fk ve \u0130stanbullu Gelin gibi yap\u0131mlarla ekranlara gelen Salih Bademci, son olarak Sak\u0131ncal\u0131 dizisiyle ekranlara gelmi\u015ftir. \u015eimdilerde Delikanl\u0131 dizisinin kadrosuna dahil olan Salih Bademci, ba\u015far\u0131l\u0131 performans\u0131yla merak i\u00e7inde bekleniyor.<\/p>\n","protected":false},"excerpt":{"rendered":"<p>\u00dcnl\u00fc oyuncu Salih Bademci, Delikanl\u0131 dizisinin kadrosuna dahil oldu. Ge\u00e7ti\u011fimiz sezon Sak\u0131ncal\u0131 dizisiyle ekranlara gelen Salih Bademci, tekrardan ekranlara d\u00f6nerek sevenleriyle bulu\u015fmaya haz\u0131rlan\u0131yor. \u0130\u015fte detaylar\u2026<\/p>\n","protected":false},"author":34,"featured_media":295953,"comment_status":"closed","ping_status":"closed","sticky":false,"template":"","format":"standard","meta":{"rank_math_lock_modified_date":false,"footnotes":""},"categories":[602],"tags":[70369,71597,2628,3186],"class_list":["post-295946","post","type-post","status-publish","format-standard","has-post-thumbnail","hentry","category-diziler","tag-delikanli-dizisi","tag-delikanli-dizisi-salih-bademci","tag-dizi-haberleri","tag-salih-bademci"],"_links":{"self":[{"href":"https:\/\/www.tgrthaber.com\/mavikadin\/wp-json\/wp\/v2\/posts\/295946"}],"collection":[{"href":"https:\/\/www.tgrthaber.com\/mavikadin\/wp-json\/wp\/v2\/posts"}],"about":[{"href":"https:\/\/www.tgrthaber.com\/mavikadin\/wp-json\/wp\/v2\/types\/post"}],"author":[{"embeddable":true,"href":"https:\/\/www.tgrthaber.com\/mavikadin\/wp-json\/wp\/v2\/users\/34"}],"replies":[{"embeddable":true,"href":"https:\/\/www.tgrthaber.com\/mavikadin\/wp-json\/wp\/v2\/comments?post=295946"}],"version-history":[{"count":1,"href":"https:\/\/www.tgrthaber.com\/mavikadin\/wp-json\/wp\/v2\/posts\/295946\/revisions"}],"predecessor-version":[{"id":295960,"href":"https:\/\/www.tgrthaber.com\/mavikadin\/wp-json\/wp\/v2\/posts\/295946\/revisions\/295960"}],"wp:featuredmedia":[{"embeddable":true,"href":"https:\/\/www.tgrthaber.com\/mavikadin\/wp-json\/wp\/v2\/media\/295953"}],"wp:attachment":[{"href":"https:\/\/www.tgrthaber.com\/mavikadin\/wp-json\/wp\/v2\/media?parent=295946"}],"wp:term":[{"taxonomy":"category","embeddable":true,"href":"https:\/\/www.tgrthaber.com\/mavikadin\/wp-json\/wp\/v2\/categories?post=295946"},{"taxonomy":"post_tag","embeddable":true,"href":"https:\/\/www.tgrthaber.com\/mavikadin\/wp-json\/wp\/v2\/tags?post=295946"}],"curies":[{"name":"wp","href":"https:\/\/api.w.org\/{rel}","templated":true}]}}