{"id":295971,"date":"2026-01-28T13:35:48","date_gmt":"2026-01-28T10:35:48","guid":{"rendered":"https:\/\/www.tgrthaber.com\/mavikadin\/?p=295971"},"modified":"2026-01-28T13:56:49","modified_gmt":"2026-01-28T10:56:49","slug":"survivor-2026-ask-kokusu-yayildi-acun-ilicali-deniz-catalbasi-tetikledi","status":"publish","type":"post","link":"https:\/\/www.tgrthaber.com\/mavikadin\/survivor-2026-ask-kokusu-yayildi-acun-ilicali-deniz-catalbasi-tetikledi\/","title":{"rendered":"Survivor 2026 a\u015fk kokusu yay\u0131ld\u0131! Acun Il\u0131cal\u0131, Deniz \u00c7atalba\u015f&#8217;\u0131 tetikledi"},"content":{"rendered":"<p><a href=\"https:\/\/www.tgrthaber.com\/mavikadin\/survivor-2026da-bayhandan-nagihana-soke-eden-yorum-asirlardir-gelip-gidiyor\/\">Survivor 2026<\/a>, dikkatleri \u00fczerine \u00e7ekerek g\u00fcndemdeki yerini al\u0131yor. Yar\u0131\u015fmac\u0131lar\u0131n k\u0131yas\u0131ya yar\u0131\u015ft\u0131klar\u0131 Survivor 2026, a\u015fk iddias\u0131yla g\u00fcndeme geldi. \u00dcnl\u00fcler tak\u0131m\u0131ndan Deniz \u00c7atalba\u015f ile G\u00f6n\u00fcll\u00fcler tak\u0131m\u0131nda Eren Semerci\u2019nin eski sevgili olduklar\u0131 ada konseyinde konu\u015fuldu. Acun Il\u0131cal\u0131 sordu\u011fu sorular ile Deniz \u00c7atalba\u015f\u2019\u0131 tetikledi. \u0130\u015fte detaylar\u2026<\/p>\n<h3>SURV\u0130VOR 2026 A\u015eK KOKUSU YAYILDI!<\/h3>\n<p><a href=\"https:\/\/www.tgrthaber.com\/mavikadin\/survivor-izleyicisi-acun-ilicaliya-tepkili-sosyal-medyada-elestiriler-cig-gibi-buyuyor\/\">Survivor 2026<\/a> sezonu dikkat \u00e7eken b\u00f6l\u00fcmleriyle ekranlara gelmeye devam ediyor. Yar\u0131\u015fmac\u0131lar\u0131n k\u0131yas\u0131ya rekabeti ekranlara gelirken, izleyicinin de dikkatini \u00e7eken olaylar meydana geliyor. \u00d6zellikle de sosyal medyada fark edilerek g\u00fcndem olan konular \u00e7ok\u00e7a konu\u015fulanlar aras\u0131nda yer al\u0131yor.<\/p>\n<p><img loading=\"lazy\" decoding=\"async\" class=\"alignnone size-full wp-image-295979\" src=\"https:\/\/www.tgrthaber.com\/mavikadin\/wp-content\/uploads\/2026\/01\/ARZU-55-3.jpg\" alt=\"Survivor 2026 a\u015fk kokusu yay\u0131ld\u0131! Acun Il\u0131cal\u0131, Deniz \u00c7atalba\u015f&#039;\u0131 tetikledi\" width=\"1208\" height=\"680\" title=\"\" srcset=\"https:\/\/www.tgrthaber.com\/mavikadin\/wp-content\/uploads\/2026\/01\/ARZU-55-3.jpg 1208w, https:\/\/www.tgrthaber.com\/mavikadin\/wp-content\/uploads\/2026\/01\/ARZU-55-3-300x169.jpg 300w, https:\/\/www.tgrthaber.com\/mavikadin\/wp-content\/uploads\/2026\/01\/ARZU-55-3-1024x576.jpg 1024w, https:\/\/www.tgrthaber.com\/mavikadin\/wp-content\/uploads\/2026\/01\/ARZU-55-3-768x432.jpg 768w\" sizes=\"(max-width: 1208px) 100vw, 1208px\" \/><\/p>\n<hr \/>\n<p>Adaya olan adaptasyon, oyunlar\u0131n zorluklar\u0131 derken g\u00fcn\u00fcn en \u00e7ok izlenen yap\u0131mlar\u0131 aras\u0131nda yer al\u0131yor. Ancak televizyon izleyicisinin g\u00f6z\u00fcnden ka\u00e7an detaylar sosyal medyan\u0131n diline dolanabiliyor. Yeni sezonda da birbirinden ba\u015far\u0131l\u0131 yar\u0131\u015fmac\u0131lar yer al\u0131rken ge\u00e7ti\u011fimiz aylarda iki ki\u015fi hakk\u0131nda a\u015fk ya\u015fad\u0131klar\u0131 iddias\u0131 gelmi\u015fti.<\/p>\n<p><img loading=\"lazy\" decoding=\"async\" class=\"alignnone size-full wp-image-295980\" src=\"https:\/\/www.tgrthaber.com\/mavikadin\/wp-content\/uploads\/2026\/01\/ARZU-54-3.jpg\" alt=\"Survivor 2026 a\u015fk kokusu yay\u0131ld\u0131! Acun Il\u0131cal\u0131, Deniz \u00c7atalba\u015f&#039;\u0131 tetikledi\" width=\"1208\" height=\"680\" title=\"\" srcset=\"https:\/\/www.tgrthaber.com\/mavikadin\/wp-content\/uploads\/2026\/01\/ARZU-54-3.jpg 1208w, https:\/\/www.tgrthaber.com\/mavikadin\/wp-content\/uploads\/2026\/01\/ARZU-54-3-300x169.jpg 300w, https:\/\/www.tgrthaber.com\/mavikadin\/wp-content\/uploads\/2026\/01\/ARZU-54-3-1024x576.jpg 1024w, https:\/\/www.tgrthaber.com\/mavikadin\/wp-content\/uploads\/2026\/01\/ARZU-54-3-768x432.jpg 768w\" sizes=\"(max-width: 1208px) 100vw, 1208px\" \/><\/p>\n<hr \/>\n<p>\u00dcnl\u00fcler tak\u0131m\u0131ndan Deniz \u00c7atalba\u015f ve G\u00f6n\u00fcll\u00fcler tak\u0131m\u0131ndan Eren Semerci\u2019nin ge\u00e7mi\u015fte a\u015fk ya\u015fad\u0131\u011f\u0131na dair iddialar ortaya at\u0131lm\u0131\u015ft\u0131. \u0130kilinin sosyal medya payla\u015f\u0131mlar\u0131 da dikkat \u00e7ekerken magazin g\u00fcndemine de bomba gibi d\u00fc\u015fm\u00fc\u015ft\u00fc.<\/p>\n<p><img loading=\"lazy\" decoding=\"async\" class=\"alignnone size-full wp-image-295976\" src=\"https:\/\/www.tgrthaber.com\/mavikadin\/wp-content\/uploads\/2026\/01\/ARZU-58-3.jpg\" alt=\"Survivor 2026 a\u015fk kokusu yay\u0131ld\u0131! Acun Il\u0131cal\u0131, Deniz \u00c7atalba\u015f&#039;\u0131 tetikledi\" width=\"1208\" height=\"680\" title=\"\" srcset=\"https:\/\/www.tgrthaber.com\/mavikadin\/wp-content\/uploads\/2026\/01\/ARZU-58-3.jpg 1208w, https:\/\/www.tgrthaber.com\/mavikadin\/wp-content\/uploads\/2026\/01\/ARZU-58-3-300x169.jpg 300w, https:\/\/www.tgrthaber.com\/mavikadin\/wp-content\/uploads\/2026\/01\/ARZU-58-3-1024x576.jpg 1024w, https:\/\/www.tgrthaber.com\/mavikadin\/wp-content\/uploads\/2026\/01\/ARZU-58-3-768x432.jpg 768w\" sizes=\"(max-width: 1208px) 100vw, 1208px\" \/><\/p>\n<hr \/>\n<p>Survivor 2026\u2019n\u0131 yeni b\u00f6l\u00fcmde adeta aday\u0131 a\u015fk kokusu yay\u0131lacak. Acun Il\u0131cal\u0131\u2019n\u0131n Deniz \u00c7atalba\u015f ve Eren Semerci\u2019ye sord\u0131\u011fu sorular ortamda e\u011flenceli anlar\u0131n olu\u015fmas\u0131na neden olurken, \u00dcnl\u00fcler tak\u0131m\u0131nda Deniz \u00c7atalba\u015f\u2019a sorular kendisini terletti. Acun Il\u0131cal\u0131 adeta Deniz \u00c7atalba\u015f\u2019\u0131 tetikledi.<\/p>\n<h3><img loading=\"lazy\" decoding=\"async\" class=\"alignnone size-full wp-image-295978\" src=\"https:\/\/www.tgrthaber.com\/mavikadin\/wp-content\/uploads\/2026\/01\/ARZU-56-3.jpg\" alt=\"Survivor 2026 a\u015fk kokusu yay\u0131ld\u0131! Acun Il\u0131cal\u0131, Deniz \u00c7atalba\u015f&#039;\u0131 tetikledi\" width=\"1208\" height=\"680\" title=\"\" srcset=\"https:\/\/www.tgrthaber.com\/mavikadin\/wp-content\/uploads\/2026\/01\/ARZU-56-3.jpg 1208w, https:\/\/www.tgrthaber.com\/mavikadin\/wp-content\/uploads\/2026\/01\/ARZU-56-3-300x169.jpg 300w, https:\/\/www.tgrthaber.com\/mavikadin\/wp-content\/uploads\/2026\/01\/ARZU-56-3-1024x576.jpg 1024w, https:\/\/www.tgrthaber.com\/mavikadin\/wp-content\/uploads\/2026\/01\/ARZU-56-3-768x432.jpg 768w\" sizes=\"(max-width: 1208px) 100vw, 1208px\" \/><\/h3>\n<hr \/>\n<h3>ACUN ILICALI, DEN\u0130Z \u00c7ATALBA\u015e&#8217;I TET\u0130KLED\u0130<\/h3>\n<p>Survivor 2026\u2019da ge\u00e7ti\u011fimiz g\u00fcnlerde olduk\u00e7a dikkat \u00e7eken a\u015fk iddialar\u0131 Acun Il\u0131cal\u0131 taraf\u0131ndan ada konseyinde ele al\u0131nd\u0131. \u00dcnl\u00fcler tak\u0131m\u0131nda yer alan Deniz \u00c7atalba\u015f ve G\u00f6n\u00fcll\u00fcler tak\u0131m\u0131nda yer alan Eren Semerci\u2019nin a\u015fk iddialar\u0131 konu\u015fuldu. Deniz \u00c7atalba\u015f ve Eren Semerci\u2019nin kendi sosyal medya hesaplar\u0131ndan yay\u0131nlad\u0131klar\u0131 baz\u0131 foto\u011fraflar, a\u015fk iddialar\u0131n\u0131 ortaya \u00e7\u0131kard\u0131.<\/p>\n<div style=\"width: 640px;\" class=\"wp-video\"><!--[if lt IE 9]><script>document.createElement('video');<\/script><![endif]-->\n<video class=\"wp-video-shortcode\" id=\"video-295971-1\" width=\"640\" height=\"640\" preload=\"metadata\" controls=\"controls\"><source type=\"video\/mp4\" src=\"https:\/\/www.tgrthaber.com\/mavikadin\/wp-content\/uploads\/2026\/01\/video-birlestirme-1-4.mp4?_=1\" \/><a href=\"https:\/\/www.tgrthaber.com\/mavikadin\/wp-content\/uploads\/2026\/01\/video-birlestirme-1-4.mp4\">https:\/\/www.tgrthaber.com\/mavikadin\/wp-content\/uploads\/2026\/01\/video-birlestirme-1-4.mp4<\/a><\/video><\/div>\n<hr \/>\n<p>Pek \u00e7ok sosyal medya kullan\u0131c\u0131s\u0131 ikisinin daha \u00f6nce sevgili olduklar\u0131n\u0131 iddia etmesiyle, Acun Il\u0131cal\u0131\u2019da yeni b\u00f6l\u00fcmde olan ada konseyinde Deniz \u00c7atalba\u015f\u2019a sordu\u011fu sorularla g\u00fcndemdeki yerini ald\u0131.<\/p>\n<p><img loading=\"lazy\" decoding=\"async\" class=\"alignnone size-full wp-image-295977\" src=\"https:\/\/www.tgrthaber.com\/mavikadin\/wp-content\/uploads\/2026\/01\/ARZU-57-3.jpg\" alt=\"Survivor 2026 a\u015fk kokusu yay\u0131ld\u0131! Acun Il\u0131cal\u0131, Deniz \u00c7atalba\u015f&#039;\u0131 tetikledi\" width=\"1208\" height=\"680\" title=\"\" srcset=\"https:\/\/www.tgrthaber.com\/mavikadin\/wp-content\/uploads\/2026\/01\/ARZU-57-3.jpg 1208w, https:\/\/www.tgrthaber.com\/mavikadin\/wp-content\/uploads\/2026\/01\/ARZU-57-3-300x169.jpg 300w, https:\/\/www.tgrthaber.com\/mavikadin\/wp-content\/uploads\/2026\/01\/ARZU-57-3-1024x576.jpg 1024w, https:\/\/www.tgrthaber.com\/mavikadin\/wp-content\/uploads\/2026\/01\/ARZU-57-3-768x432.jpg 768w\" sizes=\"(max-width: 1208px) 100vw, 1208px\" \/><\/p>\n<hr \/>\n<p>Konseyde \u00c7atalba\u015f\u2019a sorulan \u2018mavi tak\u0131ma ge\u00e7mek ister misin?\u2019 sorusuyla adeta Deniz \u00c7atalba\u015f\u2019\u0131 terletti. \u00a0Acun Il\u0131cal\u0131, Deniz \u00c7atalba\u015f\u2019\u0131 tetiklerken, Semerci\u2019nin olaya dahil olmas\u0131yla e\u011flenceli anlar ortaya \u00e7\u0131kt\u0131.<\/p>\n","protected":false},"excerpt":{"rendered":"<p>Survivor 2026 yay\u0131n hayat\u0131na devam ederken a\u015fk kokusu adeta adaya yay\u0131lm\u0131\u015f durumda. Ge\u00e7ti\u011fimiz g\u00fcnlerde g\u00fcndem olan a\u015fk iddias\u0131 ada konseyinde konu\u015fulunca Deniz \u00c7atalba\u015f ve Eren Semerci\u2019ye sorulan sorular dikkat \u00e7ekti. Acun Il\u0131cal\u0131, sordu\u011fu sorularla Deniz \u00c7atalba\u015f\u2019\u0131 adeta terletti. \u0130\u015fte detaylar\u2026<\/p>\n","protected":false},"author":34,"featured_media":295981,"comment_status":"closed","ping_status":"closed","sticky":false,"template":"","format":"standard","meta":{"rank_math_lock_modified_date":false,"footnotes":""},"categories":[76],"tags":[2218,63785,71599,69933,69646],"class_list":["post-295971","post","type-post","status-publish","format-standard","has-post-thumbnail","hentry","category-magazin","tag-magazin-haberleri","tag-survivor-2026","tag-survivor-2026-ask-iddiasi","tag-survivor-deniz-catalbas","tag-survivor-eren-semerci"],"_links":{"self":[{"href":"https:\/\/www.tgrthaber.com\/mavikadin\/wp-json\/wp\/v2\/posts\/295971"}],"collection":[{"href":"https:\/\/www.tgrthaber.com\/mavikadin\/wp-json\/wp\/v2\/posts"}],"about":[{"href":"https:\/\/www.tgrthaber.com\/mavikadin\/wp-json\/wp\/v2\/types\/post"}],"author":[{"embeddable":true,"href":"https:\/\/www.tgrthaber.com\/mavikadin\/wp-json\/wp\/v2\/users\/34"}],"replies":[{"embeddable":true,"href":"https:\/\/www.tgrthaber.com\/mavikadin\/wp-json\/wp\/v2\/comments?post=295971"}],"version-history":[{"count":2,"href":"https:\/\/www.tgrthaber.com\/mavikadin\/wp-json\/wp\/v2\/posts\/295971\/revisions"}],"predecessor-version":[{"id":295984,"href":"https:\/\/www.tgrthaber.com\/mavikadin\/wp-json\/wp\/v2\/posts\/295971\/revisions\/295984"}],"wp:featuredmedia":[{"embeddable":true,"href":"https:\/\/www.tgrthaber.com\/mavikadin\/wp-json\/wp\/v2\/media\/295981"}],"wp:attachment":[{"href":"https:\/\/www.tgrthaber.com\/mavikadin\/wp-json\/wp\/v2\/media?parent=295971"}],"wp:term":[{"taxonomy":"category","embeddable":true,"href":"https:\/\/www.tgrthaber.com\/mavikadin\/wp-json\/wp\/v2\/categories?post=295971"},{"taxonomy":"post_tag","embeddable":true,"href":"https:\/\/www.tgrthaber.com\/mavikadin\/wp-json\/wp\/v2\/tags?post=295971"}],"curies":[{"name":"wp","href":"https:\/\/api.w.org\/{rel}","templated":true}]}}