{"id":296003,"date":"2026-01-28T14:31:26","date_gmt":"2026-01-28T11:31:26","guid":{"rendered":"https:\/\/www.tgrthaber.com\/mavikadin\/?p=296003"},"modified":"2026-01-28T14:31:26","modified_gmt":"2026-01-28T11:31:26","slug":"esref-ruya-dizisinde-buyuk-yuzlesme-esref-ruyasina-kavusuyor","status":"publish","type":"post","link":"https:\/\/www.tgrthaber.com\/mavikadin\/esref-ruya-dizisinde-buyuk-yuzlesme-esref-ruyasina-kavusuyor\/","title":{"rendered":"E\u015fref R\u00fcya dizisinde b\u00fcy\u00fck y\u00fczle\u015fme! E\u015fref, R\u00fcya\u2019s\u0131na kavu\u015fuyor"},"content":{"rendered":"<p>\u00c7ar\u015famba ak\u015famlar\u0131n\u0131n en \u00e7ok izlenen dizilerinde biri olan <a href=\"https:\/\/www.tgrthaber.com\/mavikadin\/demet-ozdemir-esref-ruya-dizisinden-ayriliyor-mu-esref-tek-ruyayi-ogrenince-ne-olacak\/\">E\u015fref R\u00fcya,<\/a> yeni b\u00f6l\u00fcm\u00fcyle ekranlara damga vurmaya geliyor. E\u015fref R\u00fcya dizisinde b\u00fcy\u00fck y\u00fczle\u015fmenin izleyiciye aktar\u0131laca\u011f\u0131 yeni b\u00f6l\u00fcm de E\u015fref, R\u00fcya\u2019s\u0131na kavu\u015fuyor. \u0130\u015fte detaylar\u2026<\/p>\n<h3>E\u015eREF R\u00dcYA D\u0130Z\u0130S\u0130NDE B\u00dcY\u00dcK Y\u00dcZLE\u015eME!<\/h3>\n<p>Kanal D\u2019nin fenomen dizisi<a href=\"https:\/\/www.tgrthaber.com\/mavikadin\/esref-ruyada-nisan-gercekle-yuzlesiyor-ben-ruyayim-esref-ruya-dizisi-yeni-bolum-ne-zaman-son-bolumde-ne-oldu\/\"> E\u015fref R\u00fcya<\/a>, izleyicinin dikkatini \u00e7ekmeye devam ediyor. \u00c7ar\u015famba ak\u015famlar\u0131n\u0131n sevilen yap\u0131m\u0131, yeni b\u00f6l\u00fcm\u00fcyle bu ak\u015fam ekranlara damga vurmaya geliyor. B\u00fcy\u00fck y\u00fczle\u015fmenin meydana gelece\u011fi E\u015fref R\u00fcya dizisinde heyecan dorukta.<\/p>\n<p><img loading=\"lazy\" decoding=\"async\" class=\"alignnone size-full wp-image-296010\" src=\"https:\/\/www.tgrthaber.com\/mavikadin\/wp-content\/uploads\/2026\/01\/esref-ruya.jpg\" alt=\"\nE\u015fref R\u00fcya dizisinde b\u00fcy\u00fck y\u00fczle\u015fme! E\u015fref, R\u00fcya\u2019s\u0131na kavu\u015fuyor\n\" width=\"1208\" height=\"680\" title=\"\" srcset=\"https:\/\/www.tgrthaber.com\/mavikadin\/wp-content\/uploads\/2026\/01\/esref-ruya.jpg 1208w, https:\/\/www.tgrthaber.com\/mavikadin\/wp-content\/uploads\/2026\/01\/esref-ruya-300x169.jpg 300w, https:\/\/www.tgrthaber.com\/mavikadin\/wp-content\/uploads\/2026\/01\/esref-ruya-1024x576.jpg 1024w, https:\/\/www.tgrthaber.com\/mavikadin\/wp-content\/uploads\/2026\/01\/esref-ruya-768x432.jpg 768w\" sizes=\"(max-width: 1208px) 100vw, 1208px\" \/><\/p>\n<hr \/>\n<p>Dizinin yay\u0131nlanan yeni b\u00f6l\u00fcm fragman\u0131yla adete hem sosyal medya hem de son tan\u0131t\u0131m\u0131 izleyenler adeta \u015fok oldular. \u0130zleyicinin uzun s\u00fcredir merakla bekledi\u011fi \u2018E\u015fref, Nisan\u2019\u0131n R\u00fcya oldu\u011funu ne zaman \u00f6\u011frenecek?\u2019 sorusu bu ak\u015fam cevap bulacak.<\/p>\n<p><img loading=\"lazy\" decoding=\"async\" class=\"alignnone size-full wp-image-296008\" src=\"https:\/\/www.tgrthaber.com\/mavikadin\/wp-content\/uploads\/2026\/01\/esref-ruya-4-1.jpg\" alt=\"\nE\u015fref R\u00fcya dizisinde b\u00fcy\u00fck y\u00fczle\u015fme! E\u015fref, R\u00fcya\u2019s\u0131na kavu\u015fuyor\n\" width=\"1208\" height=\"680\" title=\"\" srcset=\"https:\/\/www.tgrthaber.com\/mavikadin\/wp-content\/uploads\/2026\/01\/esref-ruya-4-1.jpg 1208w, https:\/\/www.tgrthaber.com\/mavikadin\/wp-content\/uploads\/2026\/01\/esref-ruya-4-1-300x169.jpg 300w, https:\/\/www.tgrthaber.com\/mavikadin\/wp-content\/uploads\/2026\/01\/esref-ruya-4-1-1024x576.jpg 1024w, https:\/\/www.tgrthaber.com\/mavikadin\/wp-content\/uploads\/2026\/01\/esref-ruya-4-1-768x432.jpg 768w\" sizes=\"(max-width: 1208px) 100vw, 1208px\" \/><\/p>\n<hr \/>\n<p>\u0130pu\u00e7lar\u0131n\u0131n verildi\u011fi yeni b\u00f6l\u00fcm fragman\u0131nda izleyici Nisan\u2019\u0131n R\u00fcya oldu\u011funu anlad\u0131\u011f\u0131 k\u0131s\u0131mlar\u0131, g\u00f6recek. E\u015fref\u2019in her yerde arad\u0131\u011f\u0131 R\u00fcya\u2019s\u0131 yan\u0131 ba\u015f\u0131nda \u00e7\u0131k\u0131nca neler yapaca\u011f\u0131 merakla bekleniyor. Ekranlara 30. b\u00f6l\u00fcm\u00fcyle damga vurmaya haz\u0131rlanan E\u015fref R\u00fcya, bu ak\u015fam Kanal D\u2019de izleyicisiyle bulu\u015facak.<\/p>\n<div style=\"width: 640px;\" class=\"wp-video\"><!--[if lt IE 9]><script>document.createElement('video');<\/script><![endif]-->\n<video class=\"wp-video-shortcode\" id=\"video-296003-1\" width=\"640\" height=\"640\" preload=\"metadata\" controls=\"controls\"><source type=\"video\/mp4\" src=\"https:\/\/www.tgrthaber.com\/mavikadin\/wp-content\/uploads\/2026\/01\/esref-ruya-1.mp4?_=1\" \/><a href=\"https:\/\/www.tgrthaber.com\/mavikadin\/wp-content\/uploads\/2026\/01\/esref-ruya-1.mp4\">https:\/\/www.tgrthaber.com\/mavikadin\/wp-content\/uploads\/2026\/01\/esref-ruya-1.mp4<\/a><\/video><\/div>\n<hr \/>\n<h3>E\u015eREF, R\u00dcYA\u2019SINA KAVU\u015eUYOR<\/h3>\n<p>Ekranlar\u0131n sevilen dizisi E\u015fref R\u00fcya, 30. B\u00f6l\u00fcm\u00fcyle izleyiciyi \u015fok etmeye geliyor. Fragmanlar\u0131yla dikkatleri \u00fczerine \u00e7eken E\u015fref R\u00fcya dizisi, uzun s\u00fcredir merakla beklenen sorunun cevab\u0131n\u0131 izleyiciye verecek.<\/p>\n<p><img loading=\"lazy\" decoding=\"async\" class=\"alignnone size-full wp-image-296006\" src=\"https:\/\/www.tgrthaber.com\/mavikadin\/wp-content\/uploads\/2026\/01\/esref-ruya-2-1.jpg\" alt=\"\nE\u015fref R\u00fcya dizisinde b\u00fcy\u00fck y\u00fczle\u015fme! E\u015fref, R\u00fcya\u2019s\u0131na kavu\u015fuyor\n\" width=\"1208\" height=\"680\" title=\"\" srcset=\"https:\/\/www.tgrthaber.com\/mavikadin\/wp-content\/uploads\/2026\/01\/esref-ruya-2-1.jpg 1208w, https:\/\/www.tgrthaber.com\/mavikadin\/wp-content\/uploads\/2026\/01\/esref-ruya-2-1-300x169.jpg 300w, https:\/\/www.tgrthaber.com\/mavikadin\/wp-content\/uploads\/2026\/01\/esref-ruya-2-1-1024x576.jpg 1024w, https:\/\/www.tgrthaber.com\/mavikadin\/wp-content\/uploads\/2026\/01\/esref-ruya-2-1-768x432.jpg 768w\" sizes=\"(max-width: 1208px) 100vw, 1208px\" \/><\/p>\n<hr \/>\n<p>Demet \u00d6zdemir ve \u00c7a\u011fatay Ulusoy\u2019un ba\u015frollerini oynad\u0131klar\u0131 E\u015fref R\u00fcya, b\u00fcy\u00fck y\u00fczle\u015fmeyle ekranlar\u0131n en \u00e7ok konu\u015fulan dizilerinden biri olmaya geliyor. Nisan\u2019\u0131n art\u0131k kendisinin R\u00fcya oldu\u011funu \u00f6\u011frenmesiyle, E\u015fref\u2019e de s\u00f6ylemesi izleyicinin uzun zamand\u0131r merak etti\u011fi E\u015fref, R\u00fcya sahnesini ortaya \u00e7\u0131karacak.<\/p>\n<p><img loading=\"lazy\" decoding=\"async\" class=\"alignnone size-full wp-image-296007\" src=\"https:\/\/www.tgrthaber.com\/mavikadin\/wp-content\/uploads\/2026\/01\/esref-ruya-3-1.jpg\" alt=\"\nE\u015fref R\u00fcya dizisinde b\u00fcy\u00fck y\u00fczle\u015fme! E\u015fref, R\u00fcya\u2019s\u0131na kavu\u015fuyor\n\" width=\"1208\" height=\"680\" title=\"\" srcset=\"https:\/\/www.tgrthaber.com\/mavikadin\/wp-content\/uploads\/2026\/01\/esref-ruya-3-1.jpg 1208w, https:\/\/www.tgrthaber.com\/mavikadin\/wp-content\/uploads\/2026\/01\/esref-ruya-3-1-300x169.jpg 300w, https:\/\/www.tgrthaber.com\/mavikadin\/wp-content\/uploads\/2026\/01\/esref-ruya-3-1-1024x576.jpg 1024w, https:\/\/www.tgrthaber.com\/mavikadin\/wp-content\/uploads\/2026\/01\/esref-ruya-3-1-768x432.jpg 768w\" sizes=\"(max-width: 1208px) 100vw, 1208px\" \/><\/p>\n<hr \/>\n<p>30. b\u00f6l\u00fcmde, yetimlerin liderli\u011fini eline alan E\u015fref, g\u00fcc\u00fcn\u00fc t\u00fcm aleme g\u00f6sterecek. \u0130htiyar\u2019\u0131 tamamen kar\u015f\u0131na alacak E\u015fref, Nisan ile ya\u015fad\u0131\u011f\u0131 s\u0131k\u0131nt\u0131l\u0131 s\u00fcre\u00e7leri de atlatacak. Ancak muhbir konusu kapanmad\u0131\u011f\u0131ndan aralar\u0131nda sert r\u00fczgarlar\u0131n esmesine neden olacak.<\/p>\n<p><img loading=\"lazy\" decoding=\"async\" class=\"alignnone size-full wp-image-296009\" src=\"https:\/\/www.tgrthaber.com\/mavikadin\/wp-content\/uploads\/2026\/01\/esref-ruya-5-1.jpg\" alt=\"\nE\u015fref R\u00fcya dizisinde b\u00fcy\u00fck y\u00fczle\u015fme! E\u015fref, R\u00fcya\u2019s\u0131na kavu\u015fuyor\n\" width=\"1208\" height=\"680\" title=\"\" srcset=\"https:\/\/www.tgrthaber.com\/mavikadin\/wp-content\/uploads\/2026\/01\/esref-ruya-5-1.jpg 1208w, https:\/\/www.tgrthaber.com\/mavikadin\/wp-content\/uploads\/2026\/01\/esref-ruya-5-1-300x169.jpg 300w, https:\/\/www.tgrthaber.com\/mavikadin\/wp-content\/uploads\/2026\/01\/esref-ruya-5-1-1024x576.jpg 1024w, https:\/\/www.tgrthaber.com\/mavikadin\/wp-content\/uploads\/2026\/01\/esref-ruya-5-1-768x432.jpg 768w\" sizes=\"(max-width: 1208px) 100vw, 1208px\" \/><\/p>\n<hr \/>\n<p>Kadir, H\u0131d\u0131r\u2019\u0131n E\u015fref\u2019e destek \u00e7\u0131kmas\u0131na sinir olsa da H\u0131d\u0131r\u2019la y\u00fczle\u015fecek olan Kadir, eski defterleri tekrardan a\u00e7acak. \u0130ntikam i\u00e7in \u0130htiyar\u2019la \u00e7al\u0131\u015ft\u0131\u011f\u0131 d\u00fc\u015f\u00fcn\u00fclen Kadir\u2019in asl\u0131nda bamba\u015fka fikirleri oldu\u011fu ortaya \u00e7\u0131kacakt\u0131r. Di\u011fer bir yandan Nisan kendi i\u00e7inde i\u00e7sel bir sava\u015f verirken, kendisinin asl\u0131nda R\u00fcya oldu\u011funu anlayacakt\u0131r.<\/p>\n","protected":false},"excerpt":{"rendered":"<p>Kanal D ekranlar\u0131n\u0131n yo\u011fun ilgiyle takip edilen dizisi E\u015fref R\u00fcya, izleyicinin merakla bekledi\u011fi b\u00fcy\u00fck s\u0131rr\u0131 a\u00e7\u0131\u011fa \u00e7\u0131kar\u0131yor. E\u015fref R\u00fcya dizisinde b\u00fcy\u00fck y\u00fczle\u015fmenin olaca\u011f\u0131 yeni b\u00f6l\u00fcm de E\u015fref, R\u00fcya\u2019s\u0131na kavu\u015fuyor. \u0130\u015fte detaylar\u2026<\/p>\n","protected":false},"author":34,"featured_media":296004,"comment_status":"closed","ping_status":"closed","sticky":false,"template":"","format":"standard","meta":{"rank_math_lock_modified_date":false,"footnotes":""},"categories":[602],"tags":[2628,4755,4756,15356,71601],"class_list":["post-296003","post","type-post","status-publish","format-standard","has-post-thumbnail","hentry","category-diziler","tag-dizi-haberleri","tag-esref-ruya","tag-esref-ruya-dizisi","tag-esref-ruya-yeni-bolum","tag-esref-ruyayi-ogreniyor"],"_links":{"self":[{"href":"https:\/\/www.tgrthaber.com\/mavikadin\/wp-json\/wp\/v2\/posts\/296003"}],"collection":[{"href":"https:\/\/www.tgrthaber.com\/mavikadin\/wp-json\/wp\/v2\/posts"}],"about":[{"href":"https:\/\/www.tgrthaber.com\/mavikadin\/wp-json\/wp\/v2\/types\/post"}],"author":[{"embeddable":true,"href":"https:\/\/www.tgrthaber.com\/mavikadin\/wp-json\/wp\/v2\/users\/34"}],"replies":[{"embeddable":true,"href":"https:\/\/www.tgrthaber.com\/mavikadin\/wp-json\/wp\/v2\/comments?post=296003"}],"version-history":[{"count":2,"href":"https:\/\/www.tgrthaber.com\/mavikadin\/wp-json\/wp\/v2\/posts\/296003\/revisions"}],"predecessor-version":[{"id":296012,"href":"https:\/\/www.tgrthaber.com\/mavikadin\/wp-json\/wp\/v2\/posts\/296003\/revisions\/296012"}],"wp:featuredmedia":[{"embeddable":true,"href":"https:\/\/www.tgrthaber.com\/mavikadin\/wp-json\/wp\/v2\/media\/296004"}],"wp:attachment":[{"href":"https:\/\/www.tgrthaber.com\/mavikadin\/wp-json\/wp\/v2\/media?parent=296003"}],"wp:term":[{"taxonomy":"category","embeddable":true,"href":"https:\/\/www.tgrthaber.com\/mavikadin\/wp-json\/wp\/v2\/categories?post=296003"},{"taxonomy":"post_tag","embeddable":true,"href":"https:\/\/www.tgrthaber.com\/mavikadin\/wp-json\/wp\/v2\/tags?post=296003"}],"curies":[{"name":"wp","href":"https:\/\/api.w.org\/{rel}","templated":true}]}}