{"id":296025,"date":"2026-01-28T15:30:54","date_gmt":"2026-01-28T12:30:54","guid":{"rendered":"https:\/\/www.tgrthaber.com\/mavikadin\/?p=296025"},"modified":"2026-01-28T17:47:47","modified_gmt":"2026-01-28T14:47:47","slug":"gelinim-mutfakta-ceyrek-altini-hangi-gelin-aldi-gelinim-mutfakta-28-ocak-2026-puan-tablosu","status":"publish","type":"post","link":"https:\/\/www.tgrthaber.com\/mavikadin\/gelinim-mutfakta-ceyrek-altini-hangi-gelin-aldi-gelinim-mutfakta-28-ocak-2026-puan-tablosu\/","title":{"rendered":"Gelinim Mutfakta \u00e7eyrek alt\u0131n\u0131 hangi gelin ald\u0131? Gelinim Mutfakta 28 Ocak 2026 puan tablosu!"},"content":{"rendered":"<p>Kanal D ekranlar\u0131nda yay\u0131nlanan <a href=\"https:\/\/www.tgrthaber.com\/mavikadin\/gelinim-mutfakta-tugbanin-yeni-kayinvalidesi-kim-eski-kayinvalide-ile-benzerlik-yok-artik-dedirtti\/\">Gelinim Mutfakta<\/a> milyonlar\u0131 ekran ba\u015f\u0131na kilitlemeye devam ediyor. Yar\u0131\u015fmada her an t\u00fcm dengeler de\u011fi\u015firken, g\u00fcn sonunda bir gelin \u00e7eyrek alt\u0131n sahibi oluyor. Peki Gelinim Mutfakta&#8217;da \u00e7eyrek alt\u0131n hangi geline gitti? 28 Ocak 2026 \u00c7ar\u015famba Gelinim Mutfakta kim kazand\u0131? \u0130\u015fte detaylar&#8230;<\/p>\n<h3>GEL\u0130N\u0130M MUTFAKTA \u00c7EYREK ALTINI HANG\u0130 GEL\u0130N ALDI?<\/h3>\n<p>Asl\u0131 H\u00fcnel&#8217;in sunumuyla hafta i\u00e7i her g\u00fcn Kanal D ekranlar\u0131nda yay\u0131nlanan <a href=\"https:\/\/www.tgrthaber.com\/mavikadin\/gelinim-mutfaktada-ortalik-karisti-gozde-ve-esi-zafer-studyoda-restlesti-kayinvalide-meryem-ipleri-kopardi\/\">Gelinim Mutfakta<\/a> alt\u0131n da\u011f\u0131tmaya devam ediyor. Her g\u00fcn en y\u00fcksek puan\u0131 alan geline \u00e7eyrek alt\u0131n verilirken, Cuma g\u00fcn\u00fc yap\u0131lan haftal\u0131k performans puanlamas\u0131 10 alt\u0131n bilezi\u011fin sahibini netle\u015ftiriyor. Peki Gelinim Mutfakta&#8217;da 28 Ocak \u00c7ar\u015famba g\u00fcn\u00fc hangi gelin en y\u00fcksek puan\u0131 ald\u0131, \u00e7eyrek alt\u0131n kime gitti?<\/p>\n<p><img loading=\"lazy\" decoding=\"async\" class=\"alignnone wp-image-296027 size-full\" src=\"https:\/\/www.tgrthaber.com\/mavikadin\/wp-content\/uploads\/2026\/01\/Ekran-goruntusu-2026-01-28-150812.png\" alt=\"\" width=\"1919\" height=\"1073\" title=\"\" srcset=\"https:\/\/www.tgrthaber.com\/mavikadin\/wp-content\/uploads\/2026\/01\/Ekran-goruntusu-2026-01-28-150812.png 1919w, https:\/\/www.tgrthaber.com\/mavikadin\/wp-content\/uploads\/2026\/01\/Ekran-goruntusu-2026-01-28-150812-300x168.png 300w, https:\/\/www.tgrthaber.com\/mavikadin\/wp-content\/uploads\/2026\/01\/Ekran-goruntusu-2026-01-28-150812-1024x573.png 1024w, https:\/\/www.tgrthaber.com\/mavikadin\/wp-content\/uploads\/2026\/01\/Ekran-goruntusu-2026-01-28-150812-768x429.png 768w, https:\/\/www.tgrthaber.com\/mavikadin\/wp-content\/uploads\/2026\/01\/Ekran-goruntusu-2026-01-28-150812-1536x859.png 1536w\" sizes=\"(max-width: 1919px) 100vw, 1919px\" \/><\/p>\n<hr \/>\n<p>Gelin Tu\u011fba&#8217;n\u0131n kay\u0131nvalidesi Menek\u015fe Han\u0131m&#8217;\u0131n diskalifiye olmas\u0131ndan sonra Tu\u011fba&#8217;n\u0131n yeni kay\u0131nvalidesinin kimin olaca\u011f\u0131 merak konusu olmu\u015ftu. Daha \u00f6nce g\u00f6r\u00fcc\u00fc olarak programa kat\u0131lan S\u00fcheyla Han\u0131m d\u00fcn itibar\u0131yla yar\u0131\u015fmaya kat\u0131ld\u0131. Yar\u0131\u015fman\u0131n gidi\u015fat\u0131n\u0131 de\u011fi\u015ftirecek bu geli\u015fme sonras\u0131 t\u00fcm g\u00f6zler bug\u00fcn hangi gelinin \u00e7eyrek alt\u0131n\u0131 alaca\u011f\u0131na \u00e7evrildi.<\/p>\n<p><img loading=\"lazy\" decoding=\"async\" class=\"alignnone wp-image-296031 size-full\" src=\"https:\/\/www.tgrthaber.com\/mavikadin\/wp-content\/uploads\/2026\/01\/673470a0f072a7bd36dcc37b.webp\" alt=\"\" width=\"1200\" height=\"675\" title=\"\" srcset=\"https:\/\/www.tgrthaber.com\/mavikadin\/wp-content\/uploads\/2026\/01\/673470a0f072a7bd36dcc37b.webp 1200w, https:\/\/www.tgrthaber.com\/mavikadin\/wp-content\/uploads\/2026\/01\/673470a0f072a7bd36dcc37b-300x169.webp 300w, https:\/\/www.tgrthaber.com\/mavikadin\/wp-content\/uploads\/2026\/01\/673470a0f072a7bd36dcc37b-1024x576.webp 1024w, https:\/\/www.tgrthaber.com\/mavikadin\/wp-content\/uploads\/2026\/01\/673470a0f072a7bd36dcc37b-768x432.webp 768w\" sizes=\"(max-width: 1200px) 100vw, 1200px\" \/><\/p>\n<hr \/>\n<p>Gelinim Mutfakta&#8217;da bug\u00fcn\u00fcn men\u00fcs\u00fc \u00e7ocuklar\u0131n bay\u0131larak yedi\u011fi bal\u0131k k\u00f6ftesi oldu. Gelinler hem kay\u0131nvalidelerden hem de Asl\u0131 H\u00fcnel&#8217;den en y\u00fcksek puan\u0131 almak i\u00e7in tezgah ba\u015f\u0131nda ter d\u00f6kt\u00fc. G\u00fcn sonunda \u00e7eyrek alt\u0131n\u0131 almak i\u00e7in birbirleriyle yar\u0131\u015fan gelinler i\u00e7in puanlamalar yap\u0131ld\u0131.<\/p>\n<p><img loading=\"lazy\" decoding=\"async\" class=\"alignnone wp-image-296030 size-full\" src=\"https:\/\/www.tgrthaber.com\/mavikadin\/wp-content\/uploads\/2026\/01\/679b5616ef0228554a91bb96-1.webp\" alt=\"\" width=\"1200\" height=\"675\" title=\"\" srcset=\"https:\/\/www.tgrthaber.com\/mavikadin\/wp-content\/uploads\/2026\/01\/679b5616ef0228554a91bb96-1.webp 1200w, https:\/\/www.tgrthaber.com\/mavikadin\/wp-content\/uploads\/2026\/01\/679b5616ef0228554a91bb96-1-300x169.webp 300w, https:\/\/www.tgrthaber.com\/mavikadin\/wp-content\/uploads\/2026\/01\/679b5616ef0228554a91bb96-1-1024x576.webp 1024w, https:\/\/www.tgrthaber.com\/mavikadin\/wp-content\/uploads\/2026\/01\/679b5616ef0228554a91bb96-1-768x432.webp 768w\" sizes=\"(max-width: 1200px) 100vw, 1200px\" \/><\/p>\n<hr \/>\n<p>Gelinim Mutfakta&#8217;da \u00e7eyrek alt\u0131n\u0131 kazanan gelin Alime oldu. Alime hem Asl\u0131 H\u00fcnel&#8217;den hem de kay\u0131nvalidelerden en y\u00fcksek puan\u0131 alarak g\u00fcn sonunda yakas\u0131na \u00e7eyrek alt\u0131n\u0131 takmaya hak kazand\u0131. \u0130\u015fte Gelinim Mutfakta 28 Ocak 2026 \u00c7ar\u015famba puan tablosu&#8230;<\/p>\n<p><img loading=\"lazy\" decoding=\"async\" class=\"alignnone wp-image-296106 size-full\" src=\"https:\/\/www.tgrthaber.com\/mavikadin\/wp-content\/uploads\/2026\/01\/Ekran-goruntusu-2026-01-28-174408.png\" alt=\"\" width=\"1196\" height=\"667\" title=\"\" srcset=\"https:\/\/www.tgrthaber.com\/mavikadin\/wp-content\/uploads\/2026\/01\/Ekran-goruntusu-2026-01-28-174408.png 1196w, https:\/\/www.tgrthaber.com\/mavikadin\/wp-content\/uploads\/2026\/01\/Ekran-goruntusu-2026-01-28-174408-300x167.png 300w, https:\/\/www.tgrthaber.com\/mavikadin\/wp-content\/uploads\/2026\/01\/Ekran-goruntusu-2026-01-28-174408-1024x571.png 1024w, https:\/\/www.tgrthaber.com\/mavikadin\/wp-content\/uploads\/2026\/01\/Ekran-goruntusu-2026-01-28-174408-768x428.png 768w\" sizes=\"(max-width: 1196px) 100vw, 1196px\" \/><\/p>\n<hr \/>\n<p>Alime &#8211; 19 puan<\/p>\n<p>Miyase &#8211; 15 puan<\/p>\n<p>Tu\u011fba &#8211; 12 puan<\/p>\n<p>G\u00f6zde &#8211; 4 puan<\/p>\n<p><img loading=\"lazy\" decoding=\"async\" class=\"alignnone wp-image-296028 size-full\" src=\"https:\/\/www.tgrthaber.com\/mavikadin\/wp-content\/uploads\/2026\/01\/Ekran-goruntusu-2026-01-28-150832.png\" alt=\"\" width=\"1919\" height=\"1079\" title=\"\" srcset=\"https:\/\/www.tgrthaber.com\/mavikadin\/wp-content\/uploads\/2026\/01\/Ekran-goruntusu-2026-01-28-150832.png 1919w, https:\/\/www.tgrthaber.com\/mavikadin\/wp-content\/uploads\/2026\/01\/Ekran-goruntusu-2026-01-28-150832-300x169.png 300w, https:\/\/www.tgrthaber.com\/mavikadin\/wp-content\/uploads\/2026\/01\/Ekran-goruntusu-2026-01-28-150832-1024x576.png 1024w, https:\/\/www.tgrthaber.com\/mavikadin\/wp-content\/uploads\/2026\/01\/Ekran-goruntusu-2026-01-28-150832-768x432.png 768w, https:\/\/www.tgrthaber.com\/mavikadin\/wp-content\/uploads\/2026\/01\/Ekran-goruntusu-2026-01-28-150832-1536x864.png 1536w\" sizes=\"(max-width: 1919px) 100vw, 1919px\" \/><\/p>\n<hr \/>\n<h3>GEL\u0130N\u0130M MUTFAKTA 26 OCAK 2026 \u00c7EYREK ALTINI K\u0130M ALDI?<\/h3>\n<p><a href=\"https:\/\/www.tgrthaber.com\/mavikadin\/gelinim-mutfakta-ceyrek-altini-kim-kazandi-27-ocak-2026-gelinim-mutfaktada-gunun-birincisi\/\">Gelinim Mutfakta<\/a>&#8216;da haftan\u0131n ilk g\u00fcn\u00fc \u00e7eyrek alt\u0131n\u0131 alan gelin G\u00f6zde oldu. 26 Ocak Pazartesi g\u00fcn\u00fc Gelinim Mutfakta&#8217;da olu\u015fan puan tablosu \u015fu \u015fekilde;<\/p>\n<p><img loading=\"lazy\" decoding=\"async\" class=\"alignnone wp-image-296029 size-full\" src=\"https:\/\/www.tgrthaber.com\/mavikadin\/wp-content\/uploads\/2026\/01\/6970c638b547f97caa5e1d31-1.webp\" alt=\"\" width=\"1200\" height=\"630\" title=\"\" srcset=\"https:\/\/www.tgrthaber.com\/mavikadin\/wp-content\/uploads\/2026\/01\/6970c638b547f97caa5e1d31-1.webp 1200w, https:\/\/www.tgrthaber.com\/mavikadin\/wp-content\/uploads\/2026\/01\/6970c638b547f97caa5e1d31-1-300x158.webp 300w, https:\/\/www.tgrthaber.com\/mavikadin\/wp-content\/uploads\/2026\/01\/6970c638b547f97caa5e1d31-1-1024x538.webp 1024w, https:\/\/www.tgrthaber.com\/mavikadin\/wp-content\/uploads\/2026\/01\/6970c638b547f97caa5e1d31-1-768x403.webp 768w\" sizes=\"(max-width: 1200px) 100vw, 1200px\" \/><\/p>\n<hr \/>\n<p>G\u00f6zde &#8211; 16 puan<\/p>\n<p>Tu\u011fba &#8211; 12 puan<\/p>\n<p>Alime &#8211; 10 puan<\/p>\n<p>Miyase &#8211; 2 puan<\/p>\n<p><img loading=\"lazy\" decoding=\"async\" class=\"alignnone wp-image-296033 size-full\" src=\"https:\/\/www.tgrthaber.com\/mavikadin\/wp-content\/uploads\/2026\/01\/Ekran-goruntusu-2026-01-28-143236.png\" alt=\"\" width=\"1232\" height=\"693\" title=\"\" srcset=\"https:\/\/www.tgrthaber.com\/mavikadin\/wp-content\/uploads\/2026\/01\/Ekran-goruntusu-2026-01-28-143236.png 1232w, https:\/\/www.tgrthaber.com\/mavikadin\/wp-content\/uploads\/2026\/01\/Ekran-goruntusu-2026-01-28-143236-300x169.png 300w, https:\/\/www.tgrthaber.com\/mavikadin\/wp-content\/uploads\/2026\/01\/Ekran-goruntusu-2026-01-28-143236-1024x576.png 1024w, https:\/\/www.tgrthaber.com\/mavikadin\/wp-content\/uploads\/2026\/01\/Ekran-goruntusu-2026-01-28-143236-768x432.png 768w\" sizes=\"(max-width: 1232px) 100vw, 1232px\" \/><\/p>\n<hr \/>\n<h3>GEL\u0130N\u0130M MUTFAKTA 27 OCAK 2026 \u00c7EYREK ALTINI K\u0130M ALDI?<\/h3>\n<p>D\u00fcn yay\u0131nlanan Gelinim Mutfakta&#8217;da g\u00fcn\u00fcn en lezzetli taba\u011f\u0131n\u0131 yapan ve kay\u0131nvalidelerden en y\u00fcksek puan\u0131 alan gelin Tu\u011fba ve Miyase oldu. Tu\u011fba ve Miyase aras\u0131nda yap\u0131lan kura \u00e7ekili\u015fi sonras\u0131 \u00e7eyrek alt\u0131n\u0131 yakas\u0131na takan gelin Tu\u011fba olarak a\u00e7\u0131kland\u0131.<\/p>\n<p><img loading=\"lazy\" decoding=\"async\" class=\"alignnone wp-image-296032 size-full\" src=\"https:\/\/www.tgrthaber.com\/mavikadin\/wp-content\/uploads\/2026\/01\/miyase-27102025359b70f2-1.webp\" alt=\"\" width=\"1200\" height=\"722\" title=\"\" srcset=\"https:\/\/www.tgrthaber.com\/mavikadin\/wp-content\/uploads\/2026\/01\/miyase-27102025359b70f2-1.webp 1200w, https:\/\/www.tgrthaber.com\/mavikadin\/wp-content\/uploads\/2026\/01\/miyase-27102025359b70f2-1-300x181.webp 300w, https:\/\/www.tgrthaber.com\/mavikadin\/wp-content\/uploads\/2026\/01\/miyase-27102025359b70f2-1-1024x616.webp 1024w, https:\/\/www.tgrthaber.com\/mavikadin\/wp-content\/uploads\/2026\/01\/miyase-27102025359b70f2-1-768x462.webp 768w\" sizes=\"(max-width: 1200px) 100vw, 1200px\" \/><\/p>\n<hr \/>\n<h3>GEL\u0130N\u0130M MUTFAKTA 23 OCAK CUMA 10 ALTIN B\u0130LEZ\u0130\u011e\u0130 K\u0130M ALDI?<\/h3>\n<p>Kanal D ekranlar\u0131n\u0131n fenomen yar\u0131\u015fma program\u0131 Gelinim Mutfakta&#8217;da Cuma g\u00fcn\u00fc b\u00fcy\u00fck \u00f6d\u00fcl olan 10 alt\u0131n bilezik i\u00e7in gelinler k\u0131yas\u0131ya rekabet etmeye devam ediyor. Ge\u00e7en hafta 10 alt\u0131n bilezi\u011fin sahibi Miyase olarak belirlendi. Miyase toplam 81 puan alarak 10 alt\u0131n bilezi\u011fin sahibi oldu. Her Cuma bir gelinin elendi\u011fi yar\u0131\u015fmada di\u011fer 3 gelin 63 puanda kald\u0131 ve elenen isim olmad\u0131.<\/p>\n","protected":false},"excerpt":{"rendered":"<p>Gelinim Mutfakta&#8217;da 28 Ocak 2026 \u00c7ar\u015famba g\u00fcn\u00fc hangi gelinin \u00e7eyrek alt\u0131n ald\u0131\u011f\u0131 merak ediliyor. Peki Gelinim Mutfakta&#8217;da g\u00fcn\u00fcn birincisi a\u00e7\u0131kland\u0131 m\u0131? Gelinim Mutfakta \u00e7eyrek alt\u0131n\u0131 kim ald\u0131? \u0130\u015fte Gelinim Mutfakta puan tablosu&#8230;<\/p>\n","protected":false},"author":35,"featured_media":296026,"comment_status":"closed","ping_status":"closed","sticky":false,"template":"","format":"standard","meta":{"rank_math_lock_modified_date":false,"footnotes":""},"categories":[76],"tags":[7578,71604,71487,51906,133],"class_list":["post-296025","post","type-post","status-publish","format-standard","has-post-thumbnail","hentry","category-magazin","tag-gelinim-mutfakta","tag-gelinim-mutfakta-28-ocak-2026","tag-gelinim-mutfakta-ceyrek-altin","tag-gelinim-mutfakta-kim-kazandi","tag-magazin"],"_links":{"self":[{"href":"https:\/\/www.tgrthaber.com\/mavikadin\/wp-json\/wp\/v2\/posts\/296025"}],"collection":[{"href":"https:\/\/www.tgrthaber.com\/mavikadin\/wp-json\/wp\/v2\/posts"}],"about":[{"href":"https:\/\/www.tgrthaber.com\/mavikadin\/wp-json\/wp\/v2\/types\/post"}],"author":[{"embeddable":true,"href":"https:\/\/www.tgrthaber.com\/mavikadin\/wp-json\/wp\/v2\/users\/35"}],"replies":[{"embeddable":true,"href":"https:\/\/www.tgrthaber.com\/mavikadin\/wp-json\/wp\/v2\/comments?post=296025"}],"version-history":[{"count":6,"href":"https:\/\/www.tgrthaber.com\/mavikadin\/wp-json\/wp\/v2\/posts\/296025\/revisions"}],"predecessor-version":[{"id":296107,"href":"https:\/\/www.tgrthaber.com\/mavikadin\/wp-json\/wp\/v2\/posts\/296025\/revisions\/296107"}],"wp:featuredmedia":[{"embeddable":true,"href":"https:\/\/www.tgrthaber.com\/mavikadin\/wp-json\/wp\/v2\/media\/296026"}],"wp:attachment":[{"href":"https:\/\/www.tgrthaber.com\/mavikadin\/wp-json\/wp\/v2\/media?parent=296025"}],"wp:term":[{"taxonomy":"category","embeddable":true,"href":"https:\/\/www.tgrthaber.com\/mavikadin\/wp-json\/wp\/v2\/categories?post=296025"},{"taxonomy":"post_tag","embeddable":true,"href":"https:\/\/www.tgrthaber.com\/mavikadin\/wp-json\/wp\/v2\/tags?post=296025"}],"curies":[{"name":"wp","href":"https:\/\/api.w.org\/{rel}","templated":true}]}}