{"id":296060,"date":"2026-01-28T16:36:22","date_gmt":"2026-01-28T13:36:22","guid":{"rendered":"https:\/\/www.tgrthaber.com\/mavikadin\/?p=296060"},"modified":"2026-01-28T16:36:23","modified_gmt":"2026-01-28T13:36:23","slug":"survivor-2026-seda-ocak-geri-mi-donuyor-seda-ocak-survivor-hangi-takimda-olacak","status":"publish","type":"post","link":"https:\/\/www.tgrthaber.com\/mavikadin\/survivor-2026-seda-ocak-geri-mi-donuyor-seda-ocak-survivor-hangi-takimda-olacak\/","title":{"rendered":"Survivor 2026 Seda Ocak geri mi d\u00f6n\u00fcyor? Seda Ocak Survivor hangi tak\u0131mda olacak?"},"content":{"rendered":"<p>TV 8 ekranlar\u0131nda yay\u0131nlanan Survivor 2026, yay\u0131n hayat\u0131na h\u0131z kesmeden devam ediyor. \u00d6zellikle de sar\u0131 tak\u0131m\u0131n yar\u0131\u015fmaya dahil olmas\u0131yla t\u00fcm dengelerin de\u011fi\u015fmesi, Survivor\u2019da iddialar\u0131nda pe\u015f pe\u015fe gelmesine neden oldu. \u00d6yle ki sosyal medyada g\u00fcndem olan bir iddia dikkat \u00e7ekti bir d\u00f6neme damga vuran yar\u0131\u015fmac\u0131 Seda Ocak\u2019\u0131n <a href=\"https:\/\/www.tgrthaber.com\/mavikadin\/survivor-2026-deniz-catalbas-bakin-hangi-dizide-oynuyormus-basarili-yarismaci-kariyeriyle-sasirtti\/\">Survivor 2026<\/a> sezona kat\u0131laca\u011f\u0131 izleyenleri heyecanland\u0131rd\u0131. Peki, Survivor 2026 Seda Ocak geri mi d\u00f6n\u00fcyor? Seda Ocak Survivor hangi tak\u0131mda olacak? sorular\u0131n\u0131 sizin i\u00e7in ara\u015ft\u0131rd\u0131k. \u0130\u015fte detaylar\u2026<\/p>\n<h3>SURV\u0130VOR 2026 SEDA OCAK GER\u0130 M\u0130 D\u00d6N\u00dcYOR?<\/h3>\n<p><a href=\"https:\/\/www.tgrthaber.com\/mavikadin\/survivor-2026-ask-kokusu-yayildi-acun-ilicali-deniz-catalbasi-tetikledi\/\">Survivor 2026<\/a>, heyecanl\u0131 b\u00f6l\u00fcmleriyle ekranlara gelmeye devam ediyor. Yar\u0131\u015fmac\u0131lar\u0131n k\u0131yas\u0131ya rekabetini ekranlara ta\u015f\u0131yan yar\u0131\u015fma program\u0131, izleyicisinden de tam not al\u0131yor. Ge\u00e7ti\u011fimiz g\u00fcnlerde Survivor 2026\u2019ya sar\u0131 tak\u0131m\u0131nda dahil edilmesiyle dengelerin de\u011fi\u015fti\u011fi g\u00f6zlemlenmi\u015fti.<\/p>\n<p><img loading=\"lazy\" decoding=\"async\" class=\"alignnone size-full wp-image-296064\" src=\"https:\/\/www.tgrthaber.com\/mavikadin\/wp-content\/uploads\/2026\/01\/seda-ocak-3.jpg\" alt=\"Survivor 2026 Seda Ocak geri mi d\u00f6n\u00fcyor? Seda Ocak Survivor hangi tak\u0131mda olacak?\" width=\"1208\" height=\"680\" title=\"\" srcset=\"https:\/\/www.tgrthaber.com\/mavikadin\/wp-content\/uploads\/2026\/01\/seda-ocak-3.jpg 1208w, https:\/\/www.tgrthaber.com\/mavikadin\/wp-content\/uploads\/2026\/01\/seda-ocak-3-300x169.jpg 300w, https:\/\/www.tgrthaber.com\/mavikadin\/wp-content\/uploads\/2026\/01\/seda-ocak-3-1024x576.jpg 1024w, https:\/\/www.tgrthaber.com\/mavikadin\/wp-content\/uploads\/2026\/01\/seda-ocak-3-768x432.jpg 768w\" sizes=\"(max-width: 1208px) 100vw, 1208px\" \/><\/p>\n<hr \/>\n<p>Eski yar\u0131\u015fmac\u0131lardan olu\u015fan sar\u0131 tak\u0131m, heyecan\u0131 \u00fcst seviyelere \u00e7\u0131kar\u0131yor. Rekabetin daha da artaca\u011f\u0131 d\u00fc\u015f\u00fcn\u00fclen Survivor 2026\u2019da dahil olan yar\u0131\u015fmac\u0131larda dikkat \u00e7ekerek g\u00fcndem oluyor. \u00d6yle ki sosyal medyada yer alan bir iddiaya g\u00f6re, bir d\u00f6neme damga vuran yar\u0131\u015fmac\u0131 Seda Ocak, Survivor 2026\u2019ya geri d\u00f6n\u00fcyor.<\/p>\n<p><img loading=\"lazy\" decoding=\"async\" class=\"alignnone size-full wp-image-296062\" src=\"https:\/\/www.tgrthaber.com\/mavikadin\/wp-content\/uploads\/2026\/01\/seda-ocak-1.jpg\" alt=\"Survivor 2026 Seda Ocak geri mi d\u00f6n\u00fcyor? Seda Ocak Survivor hangi tak\u0131mda olacak?\" width=\"1208\" height=\"680\" title=\"\" srcset=\"https:\/\/www.tgrthaber.com\/mavikadin\/wp-content\/uploads\/2026\/01\/seda-ocak-1.jpg 1208w, https:\/\/www.tgrthaber.com\/mavikadin\/wp-content\/uploads\/2026\/01\/seda-ocak-1-300x169.jpg 300w, https:\/\/www.tgrthaber.com\/mavikadin\/wp-content\/uploads\/2026\/01\/seda-ocak-1-1024x576.jpg 1024w, https:\/\/www.tgrthaber.com\/mavikadin\/wp-content\/uploads\/2026\/01\/seda-ocak-1-768x432.jpg 768w\" sizes=\"(max-width: 1208px) 100vw, 1208px\" \/><\/p>\n<hr \/>\n<p>Acil durum konseyinin toplanmas\u0131yla yedek kadronun kesinle\u015fmesiyle eski yar\u0131\u015fmac\u0131lar Do\u011fu\u015f, Bar\u0131\u015f Murat Ya\u011fc\u0131, Osman Can ve Sercan erkekler kadrosu olu\u015furken kad\u0131nlardan sar\u0131 tak\u0131m i\u00e7in, Tu\u011f\u00e7e Melis, B\u00fc\u015fra, Nefise Karatay ve Nagihan Karadere yar\u0131\u015fmaya kat\u0131ld\u0131.<\/p>\n<h3><img loading=\"lazy\" decoding=\"async\" class=\"alignnone size-full wp-image-296063\" src=\"https:\/\/www.tgrthaber.com\/mavikadin\/wp-content\/uploads\/2026\/01\/seda-ocak-2.jpg\" alt=\"Survivor 2026 Seda Ocak geri mi d\u00f6n\u00fcyor? Seda Ocak Survivor hangi tak\u0131mda olacak?\" width=\"1208\" height=\"680\" title=\"\" srcset=\"https:\/\/www.tgrthaber.com\/mavikadin\/wp-content\/uploads\/2026\/01\/seda-ocak-2.jpg 1208w, https:\/\/www.tgrthaber.com\/mavikadin\/wp-content\/uploads\/2026\/01\/seda-ocak-2-300x169.jpg 300w, https:\/\/www.tgrthaber.com\/mavikadin\/wp-content\/uploads\/2026\/01\/seda-ocak-2-1024x576.jpg 1024w, https:\/\/www.tgrthaber.com\/mavikadin\/wp-content\/uploads\/2026\/01\/seda-ocak-2-768x432.jpg 768w\" sizes=\"(max-width: 1208px) 100vw, 1208px\" \/><\/h3>\n<hr \/>\n<h3>SEDA OCAK SURV\u0130VOR HANG\u0130 TAKIMDA OLACAK?<\/h3>\n<p>Eski sezon yar\u0131\u015fmac\u0131lar\u0131n\u0131n da kat\u0131l\u0131m\u0131yla heyecan\u0131n daha da artt\u0131\u011f\u0131 Survivor 2026 sezonu, ekranlar\u0131n en \u00e7ok izlenen yap\u0131mlar\u0131 aras\u0131nda yer ald\u0131. Sar\u0131 tak\u0131m\u0131n kurulmas\u0131yla yedeklerden gelen isimler, g\u00fcndem oldu.<\/p>\n<p><img loading=\"lazy\" decoding=\"async\" class=\"alignnone size-full wp-image-296065\" src=\"https:\/\/www.tgrthaber.com\/mavikadin\/wp-content\/uploads\/2026\/01\/seda-ocak-4.jpg\" alt=\"Survivor 2026 Seda Ocak geri mi d\u00f6n\u00fcyor? Seda Ocak Survivor hangi tak\u0131mda olacak?\" width=\"1208\" height=\"680\" title=\"\" srcset=\"https:\/\/www.tgrthaber.com\/mavikadin\/wp-content\/uploads\/2026\/01\/seda-ocak-4.jpg 1208w, https:\/\/www.tgrthaber.com\/mavikadin\/wp-content\/uploads\/2026\/01\/seda-ocak-4-300x169.jpg 300w, https:\/\/www.tgrthaber.com\/mavikadin\/wp-content\/uploads\/2026\/01\/seda-ocak-4-1024x576.jpg 1024w, https:\/\/www.tgrthaber.com\/mavikadin\/wp-content\/uploads\/2026\/01\/seda-ocak-4-768x432.jpg 768w\" sizes=\"(max-width: 1208px) 100vw, 1208px\" \/><\/p>\n<hr \/>\n<p>\u015eimdilerde sosyal medyada ortaya at\u0131lan bir iddiaya g\u00f6re, bir d\u00f6neme damga vuran yar\u0131\u015fmac\u0131 Seda Ocak\u2019\u0131n da Survivor 2026 sezonunda yer alaca\u011f\u0131 iddia edildi. Ancak ne yap\u0131m ekibi taraf\u0131ndan ne de Seda Ocak\u2019tan bir a\u00e7\u0131klama gelmedi.<\/p>\n<p><img loading=\"lazy\" decoding=\"async\" class=\"alignnone size-full wp-image-296067\" src=\"https:\/\/www.tgrthaber.com\/mavikadin\/wp-content\/uploads\/2026\/01\/seda-ocak-6.jpg\" alt=\"Survivor 2026 Seda Ocak geri mi d\u00f6n\u00fcyor? Seda Ocak Survivor hangi tak\u0131mda olacak?\" width=\"1208\" height=\"680\" title=\"\" srcset=\"https:\/\/www.tgrthaber.com\/mavikadin\/wp-content\/uploads\/2026\/01\/seda-ocak-6.jpg 1208w, https:\/\/www.tgrthaber.com\/mavikadin\/wp-content\/uploads\/2026\/01\/seda-ocak-6-300x169.jpg 300w, https:\/\/www.tgrthaber.com\/mavikadin\/wp-content\/uploads\/2026\/01\/seda-ocak-6-1024x576.jpg 1024w, https:\/\/www.tgrthaber.com\/mavikadin\/wp-content\/uploads\/2026\/01\/seda-ocak-6-768x432.jpg 768w\" sizes=\"(max-width: 1208px) 100vw, 1208px\" \/><\/p>\n<hr \/>\n<p>A\u00e7\u0131klama yapmayan Seda Ocak, Survivor\u2019da bir d\u00f6nem yar\u0131\u015fan Sahra I\u015f\u0131k Aybirdi\u2019nin sosyal medyadan yapt\u0131\u011f\u0131 bir payla\u015f\u0131m dikkat \u00e7ekti. Sahra I\u015f\u0131k Aybirdi\u2019nin yapm\u0131\u015f oldu\u011fu payla\u015f\u0131mda \u201cSeda\u2019ya veda vakti\u2019 yazmas\u0131 hayranlar\u0131 taraf\u0131ndan Seda Ocak\u2019\u0131n Survivor 2026 sezonunda yar\u0131\u015facak isimlerden biri oldu\u011fu iddialar\u0131n\u0131 ortaya \u00e7\u0131kard\u0131. Seda Ocak&#8217;\u0131n hangi tak\u0131mda olaca\u011f\u0131 ise hen\u00fcz bilinmiyor. Ancak Sar\u0131 tak\u0131mda yer alaca\u011f\u0131 d\u00fc\u015f\u00fcn\u00fcl\u00fcyor.<\/p>\n<h3><img loading=\"lazy\" decoding=\"async\" class=\"alignnone size-full wp-image-296068\" src=\"https:\/\/www.tgrthaber.com\/mavikadin\/wp-content\/uploads\/2026\/01\/seda-ocak-7.jpg\" alt=\"Survivor 2026 Seda Ocak geri mi d\u00f6n\u00fcyor? Seda Ocak Survivor hangi tak\u0131mda olacak?\" width=\"1208\" height=\"680\" title=\"\" srcset=\"https:\/\/www.tgrthaber.com\/mavikadin\/wp-content\/uploads\/2026\/01\/seda-ocak-7.jpg 1208w, https:\/\/www.tgrthaber.com\/mavikadin\/wp-content\/uploads\/2026\/01\/seda-ocak-7-300x169.jpg 300w, https:\/\/www.tgrthaber.com\/mavikadin\/wp-content\/uploads\/2026\/01\/seda-ocak-7-1024x576.jpg 1024w, https:\/\/www.tgrthaber.com\/mavikadin\/wp-content\/uploads\/2026\/01\/seda-ocak-7-768x432.jpg 768w\" sizes=\"(max-width: 1208px) 100vw, 1208px\" \/><\/h3>\n<hr \/>\n<h3>SEDA OCAK K\u0130MD\u0130R?<\/h3>\n<p>\u00dcnl\u00fc isim Seda Ocak, 17 A\u011fustos 1985 y\u0131l\u0131nda Bursa\u2019da d\u00fcnyaya geldi. E\u011fitimlerini tamamlad\u0131ktan sonra Anaokulu \u00d6\u011fretmenli\u011fi ve Spor Bilimleri B\u00f6l\u00fcm\u00fc\u2019nden mezun olan Seda Ocak, ikizi Sema Aydemir\u2019le birlikte spora ba\u015flayarak ad\u0131n\u0131 s\u0131k\u00e7a duyurdu.<\/p>\n<p><img loading=\"lazy\" decoding=\"async\" class=\"alignnone size-full wp-image-296069\" src=\"https:\/\/www.tgrthaber.com\/mavikadin\/wp-content\/uploads\/2026\/01\/ARZU-61-2.jpg\" alt=\"Survivor 2026 Seda Ocak geri mi d\u00f6n\u00fcyor? Seda Ocak Survivor hangi tak\u0131mda olacak?\" width=\"1208\" height=\"680\" title=\"\" srcset=\"https:\/\/www.tgrthaber.com\/mavikadin\/wp-content\/uploads\/2026\/01\/ARZU-61-2.jpg 1208w, https:\/\/www.tgrthaber.com\/mavikadin\/wp-content\/uploads\/2026\/01\/ARZU-61-2-300x169.jpg 300w, https:\/\/www.tgrthaber.com\/mavikadin\/wp-content\/uploads\/2026\/01\/ARZU-61-2-1024x576.jpg 1024w, https:\/\/www.tgrthaber.com\/mavikadin\/wp-content\/uploads\/2026\/01\/ARZU-61-2-768x432.jpg 768w\" sizes=\"(max-width: 1208px) 100vw, 1208px\" \/><\/p>\n<hr \/>\n<p>Seda Ocak 2003 y\u0131l\u0131nda Balkan \u015fampiyonu olarak g\u00fcndem olurken daha sonra ayn\u0131 y\u0131l evlenmi\u015f ve \u00e7ocuk sahibi olmu\u015ftur. 2019 y\u0131l\u0131nda da Survivor\u2019a kat\u0131larak yar\u0131\u015fmada 2. olmu\u015ftur.<\/p>\n","protected":false},"excerpt":{"rendered":"<p>Survivor 2026 sezonu dikkat \u00e7ekmeye devam ediyor. K\u0131yas\u0131ya rekabetin bir an olsun azalmad\u0131\u011f\u0131 Survivor 2026\u2019ya bir d\u00f6neme damga vurmu\u015f isim Seda Ocak\u2019\u0131n d\u00f6nece\u011fi iddialar\u0131 g\u00fcndeme bomba gibi d\u00fc\u015ft\u00fc. Peki, Survivor 2026 Seda Ocak geri mi d\u00f6n\u00fcyor? Seda Ocak Survivor hangi tak\u0131mda olacak? \u0130\u015fte detaylar\u2026<\/p>\n","protected":false},"author":34,"featured_media":296066,"comment_status":"closed","ping_status":"closed","sticky":false,"template":"","format":"standard","meta":{"rank_math_lock_modified_date":false,"footnotes":""},"categories":[76],"tags":[2218,63785,70454,71609],"class_list":["post-296060","post","type-post","status-publish","format-standard","has-post-thumbnail","hentry","category-magazin","tag-magazin-haberleri","tag-survivor-2026","tag-survivor-2026-yedek-yarismacilar","tag-survivor-seda-ocak"],"_links":{"self":[{"href":"https:\/\/www.tgrthaber.com\/mavikadin\/wp-json\/wp\/v2\/posts\/296060"}],"collection":[{"href":"https:\/\/www.tgrthaber.com\/mavikadin\/wp-json\/wp\/v2\/posts"}],"about":[{"href":"https:\/\/www.tgrthaber.com\/mavikadin\/wp-json\/wp\/v2\/types\/post"}],"author":[{"embeddable":true,"href":"https:\/\/www.tgrthaber.com\/mavikadin\/wp-json\/wp\/v2\/users\/34"}],"replies":[{"embeddable":true,"href":"https:\/\/www.tgrthaber.com\/mavikadin\/wp-json\/wp\/v2\/comments?post=296060"}],"version-history":[{"count":2,"href":"https:\/\/www.tgrthaber.com\/mavikadin\/wp-json\/wp\/v2\/posts\/296060\/revisions"}],"predecessor-version":[{"id":296071,"href":"https:\/\/www.tgrthaber.com\/mavikadin\/wp-json\/wp\/v2\/posts\/296060\/revisions\/296071"}],"wp:featuredmedia":[{"embeddable":true,"href":"https:\/\/www.tgrthaber.com\/mavikadin\/wp-json\/wp\/v2\/media\/296066"}],"wp:attachment":[{"href":"https:\/\/www.tgrthaber.com\/mavikadin\/wp-json\/wp\/v2\/media?parent=296060"}],"wp:term":[{"taxonomy":"category","embeddable":true,"href":"https:\/\/www.tgrthaber.com\/mavikadin\/wp-json\/wp\/v2\/categories?post=296060"},{"taxonomy":"post_tag","embeddable":true,"href":"https:\/\/www.tgrthaber.com\/mavikadin\/wp-json\/wp\/v2\/tags?post=296060"}],"curies":[{"name":"wp","href":"https:\/\/api.w.org\/{rel}","templated":true}]}}