{"id":296073,"date":"2026-01-28T17:12:15","date_gmt":"2026-01-28T14:12:15","guid":{"rendered":"https:\/\/www.tgrthaber.com\/mavikadin\/?p=296073"},"modified":"2026-01-29T00:13:58","modified_gmt":"2026-01-28T21:13:58","slug":"survivor-28-ocak-2026-unluler-gonulluler-dokunulmazlik-oyunu-kim-kazandi-survivor-eleme-adayi-kim-oldu","status":"publish","type":"post","link":"https:\/\/www.tgrthaber.com\/mavikadin\/survivor-28-ocak-2026-unluler-gonulluler-dokunulmazlik-oyunu-kim-kazandi-survivor-eleme-adayi-kim-oldu\/","title":{"rendered":"Survivor 28 Ocak 2026 \u00dcnl\u00fcler G\u00f6n\u00fcll\u00fcler dokunulmazl\u0131k oyunu kim kazand\u0131? Surv\u0131vor eleme aday\u0131 kim oldu?"},"content":{"rendered":"<p>H\u0131z, rekabet, adrenalin, strateji ve a\u00e7l\u0131k bir arada yer ald\u0131\u011f\u0131<a href=\"https:\/\/www.tgrthaber.com\/mavikadin\/survivor-27-ocak-2026-odul-oyununu-hangi-takim-kazandi-survivorda-ceza-odulunu-hangi-takim-aldi\/\"> Survivor<\/a> T\u00fcrkiye yar\u0131\u015fmas\u0131nda heyecan giderek art\u0131r\u0131yor. All Star yar\u0131\u015fmac\u0131lar\u0131n\u0131n yeni kadrolar\u0131 belli oldu. Survivor 2026 K\u0131rm\u0131z\u0131 ve Mavi tak\u0131m kadrosu olarak ilk dokunulmazl\u0131k oyununa \u00e7\u0131kacak olan yar\u0131\u015fmac\u0131lar zorlu bir parkur ile kar\u015f\u0131la\u015facak. Bu hafta oynanacak dokunulmazl\u0131k oyunlar\u0131nda kaybeden tak\u0131mdan kad\u0131n yar\u0131\u015fmac\u0131lar\u0131n isimleri \u00e7\u0131kacak. Peki, Survivor 28 Ocak 2026 \u00dcnl\u00fcler G\u00f6n\u00fcll\u00fcler dokunulmazl\u0131k oyunu kim kazand\u0131? Surv\u0131vor eleme aday\u0131 kim oldu?<\/p>\n<h3>SURV\u0130VOR 28 OCAK 2026 \u00dcNL\u00dcLER G\u00d6N\u00dcLL\u00dcLER DOKUNULMAZLIK OYUNU K\u0130M KAZANDI?<\/h3>\n<p><a href=\"https:\/\/www.tgrthaber.com\/mavikadin\/survivorda-takimlar-yeniden-kuruluyor-survivor-2026-kirmizi-ve-mavi-takim-kadrosu\/\">Survivor<\/a> 28 Ocak 2026 dokunulmazl\u0131k oyununu G\u00f6n\u00fcll\u00fcler (mavi) tak\u0131m\u0131 kazand\u0131. B\u00fcy\u00fck bir puan fark\u0131yla \u00dcnl\u00fcler ( k\u0131rm\u0131z\u0131) tak\u0131m\u0131 12 &#8211; 4 puanla ilk dokunulmazl\u0131k oyununu kaybetti .<\/p>\n<p><img loading=\"lazy\" decoding=\"async\" class=\"alignnone wp-image-296087 size-full\" src=\"https:\/\/www.tgrthaber.com\/mavikadin\/wp-content\/uploads\/2026\/01\/Survivor-28-Ocak-2026-Unluler-Gonulluler-dokunulmazlik-oyunu-kim-kazandi.jpg\" alt=\"\" width=\"1208\" height=\"680\" title=\"\" srcset=\"https:\/\/www.tgrthaber.com\/mavikadin\/wp-content\/uploads\/2026\/01\/Survivor-28-Ocak-2026-Unluler-Gonulluler-dokunulmazlik-oyunu-kim-kazandi.jpg 1208w, https:\/\/www.tgrthaber.com\/mavikadin\/wp-content\/uploads\/2026\/01\/Survivor-28-Ocak-2026-Unluler-Gonulluler-dokunulmazlik-oyunu-kim-kazandi-300x169.jpg 300w, https:\/\/www.tgrthaber.com\/mavikadin\/wp-content\/uploads\/2026\/01\/Survivor-28-Ocak-2026-Unluler-Gonulluler-dokunulmazlik-oyunu-kim-kazandi-1024x576.jpg 1024w, https:\/\/www.tgrthaber.com\/mavikadin\/wp-content\/uploads\/2026\/01\/Survivor-28-Ocak-2026-Unluler-Gonulluler-dokunulmazlik-oyunu-kim-kazandi-768x432.jpg 768w\" sizes=\"(max-width: 1208px) 100vw, 1208px\" \/><\/p>\n<hr \/>\n<h3>SURVIVOR ELEME ADAYI K\u0130M OLDU?<\/h3>\n<p>Survivor 28 Ocak 2026 eleme aday\u0131 olan yar\u0131\u015fmac\u0131 Seren Ay \u00c7etin oldu.<\/p>\n<h3>SURV\u0130VOR 2026\u2019YA VEDA EDEN SON YARI\u015eMACI K\u0130MD\u0130?<\/h3>\n<p>Survivor 2026 yar\u0131\u015fmas\u0131na veda eden son yar\u0131\u015fmac\u0131 Erkan Bilben\u2019di.<\/p>\n<p><img loading=\"lazy\" decoding=\"async\" class=\"alignnone wp-image-296086 size-full\" src=\"https:\/\/www.tgrthaber.com\/mavikadin\/wp-content\/uploads\/2026\/01\/Adsiz-tasarim-104.jpg\" alt=\"\" width=\"1208\" height=\"680\" title=\"\" srcset=\"https:\/\/www.tgrthaber.com\/mavikadin\/wp-content\/uploads\/2026\/01\/Adsiz-tasarim-104.jpg 1208w, https:\/\/www.tgrthaber.com\/mavikadin\/wp-content\/uploads\/2026\/01\/Adsiz-tasarim-104-300x169.jpg 300w, https:\/\/www.tgrthaber.com\/mavikadin\/wp-content\/uploads\/2026\/01\/Adsiz-tasarim-104-1024x576.jpg 1024w, https:\/\/www.tgrthaber.com\/mavikadin\/wp-content\/uploads\/2026\/01\/Adsiz-tasarim-104-768x432.jpg 768w\" sizes=\"(max-width: 1208px) 100vw, 1208px\" \/><\/p>\n<hr \/>\n<h3>SURV\u0130VOR 2026 KIRMIZI VE MAV\u0130 TAKIM KADROSU<\/h3>\n<p><strong>Survivor 2026 K\u0131rm\u0131z\u0131 tak\u0131m kadrosu\u00a0<\/strong><\/p>\n<ul>\n<li>Bayhan G\u00fcrhan<\/li>\n<li>Deniz \u00c7atalba\u015f<\/li>\n<li>Nagihan Karadere<\/li>\n<li>Sercan Y\u0131ld\u0131r\u0131m<\/li>\n<li>Mert Nobre<\/li>\n<li>Meryem Boz<\/li>\n<li>Murat Ark\u0131n<\/li>\n<li>Seren Ay \u00c7etin<\/li>\n<li>Serhan Onat<\/li>\n<li>Tu\u011f\u00e7e Melis Demir<\/li>\n<li>Can Berkay Ertemiz<\/li>\n<li>Seda Albayrak<\/li>\n<li>Do\u011fu\u015f<\/li>\n<\/ul>\n<p><img loading=\"lazy\" decoding=\"async\" class=\"alignnone wp-image-296084 size-full\" src=\"https:\/\/www.tgrthaber.com\/mavikadin\/wp-content\/uploads\/2026\/01\/Adsiz-tasarim-8-21.jpg\" alt=\"\" width=\"1208\" height=\"680\" title=\"\" srcset=\"https:\/\/www.tgrthaber.com\/mavikadin\/wp-content\/uploads\/2026\/01\/Adsiz-tasarim-8-21.jpg 1208w, https:\/\/www.tgrthaber.com\/mavikadin\/wp-content\/uploads\/2026\/01\/Adsiz-tasarim-8-21-300x169.jpg 300w, https:\/\/www.tgrthaber.com\/mavikadin\/wp-content\/uploads\/2026\/01\/Adsiz-tasarim-8-21-1024x576.jpg 1024w, https:\/\/www.tgrthaber.com\/mavikadin\/wp-content\/uploads\/2026\/01\/Adsiz-tasarim-8-21-768x432.jpg 768w\" sizes=\"(max-width: 1208px) 100vw, 1208px\" \/><\/p>\n<hr \/>\n<p><strong>Survivor 2026 Mavi tak\u0131m kadrosu\u00a0<\/strong><\/p>\n<ul>\n<li>Ramazan Sar\u0131<\/li>\n<li>Beyza Gemici<\/li>\n<li>Engincan Tura<\/li>\n<li>Eren Semerci<\/li>\n<li>G\u00f6zde Bozkurt<\/li>\n<li>Lina Hourieh<\/li>\n<li>Nisanur G\u00fcler<\/li>\n<li>Onur Alp \u00c7am<\/li>\n<li>Nefise Karatay<\/li>\n<li>Bar\u0131\u015f Murat Ya\u011fc\u0131<\/li>\n<li>Osman Can Ural<\/li>\n<li>B\u00fc\u015fra Yal\u00e7\u0131n<\/li>\n<\/ul>\n<p><img loading=\"lazy\" decoding=\"async\" class=\"alignnone wp-image-296081 size-full\" src=\"https:\/\/www.tgrthaber.com\/mavikadin\/wp-content\/uploads\/2026\/01\/Survivor-Unluler-Gonulluler-3.jpg\" alt=\"\" width=\"1208\" height=\"680\" title=\"\" srcset=\"https:\/\/www.tgrthaber.com\/mavikadin\/wp-content\/uploads\/2026\/01\/Survivor-Unluler-Gonulluler-3.jpg 1208w, https:\/\/www.tgrthaber.com\/mavikadin\/wp-content\/uploads\/2026\/01\/Survivor-Unluler-Gonulluler-3-300x169.jpg 300w, https:\/\/www.tgrthaber.com\/mavikadin\/wp-content\/uploads\/2026\/01\/Survivor-Unluler-Gonulluler-3-1024x576.jpg 1024w, https:\/\/www.tgrthaber.com\/mavikadin\/wp-content\/uploads\/2026\/01\/Survivor-Unluler-Gonulluler-3-768x432.jpg 768w\" sizes=\"(max-width: 1208px) 100vw, 1208px\" \/><\/p>\n<hr \/>\n<h3>SURV\u0130VOR 2026\u2019YA VEDE EDEN YARI\u015eMACILAR<\/h3>\n<ul>\n<li>Dilan \u00c7\u0131tak<\/li>\n<li>Keremcem D\u00fcr\u00fck<\/li>\n<li>Selen G\u00f6rg\u00fczel<\/li>\n<li>Erkan Bilben<\/li>\n<\/ul>\n","protected":false},"excerpt":{"rendered":"<p>Survivor 2026 \u00dcnl\u00fcler G\u00f6n\u00fcll\u00fcler yar\u0131\u015fmas\u0131na All Star yar\u0131\u015fmac\u0131lar\u0131n\u0131n kat\u0131lmas\u0131yla ilk dokunulmazl\u0131k oyununa \u00e7\u0131k\u0131lacak. 26 Ocak \u2013 1 \u015eubat 2026 haftas\u0131nda ekranlara gelecek olan Survivor 2026 yar\u0131\u015fmas\u0131nda bu hafta kad\u0131n elemesi ger\u00e7ekle\u015fecek. Peki, Survivor 28 Ocak 2026 \u00dcnl\u00fcler G\u00f6n\u00fcll\u00fcler dokunulmazl\u0131k oyunu kim kazand\u0131? Surv\u0131vor eleme aday\u0131 kim oldu? <\/p>\n","protected":false},"author":10,"featured_media":296090,"comment_status":"closed","ping_status":"closed","sticky":false,"template":"","format":"standard","meta":{"rank_math_lock_modified_date":false,"footnotes":""},"categories":[76],"tags":[133,12175,2366,63785,71611,71612],"class_list":["post-296073","post","type-post","status-publish","format-standard","has-post-thumbnail","hentry","category-magazin","tag-magazin","tag-magazin-haberi","tag-survivor","tag-survivor-2026","tag-survivor-28-ocak-2026-dokunulmazlik-oyunu","tag-survivor-28-ocak-2026-eleme-adayi"],"_links":{"self":[{"href":"https:\/\/www.tgrthaber.com\/mavikadin\/wp-json\/wp\/v2\/posts\/296073"}],"collection":[{"href":"https:\/\/www.tgrthaber.com\/mavikadin\/wp-json\/wp\/v2\/posts"}],"about":[{"href":"https:\/\/www.tgrthaber.com\/mavikadin\/wp-json\/wp\/v2\/types\/post"}],"author":[{"embeddable":true,"href":"https:\/\/www.tgrthaber.com\/mavikadin\/wp-json\/wp\/v2\/users\/10"}],"replies":[{"embeddable":true,"href":"https:\/\/www.tgrthaber.com\/mavikadin\/wp-json\/wp\/v2\/comments?post=296073"}],"version-history":[{"count":6,"href":"https:\/\/www.tgrthaber.com\/mavikadin\/wp-json\/wp\/v2\/posts\/296073\/revisions"}],"predecessor-version":[{"id":296203,"href":"https:\/\/www.tgrthaber.com\/mavikadin\/wp-json\/wp\/v2\/posts\/296073\/revisions\/296203"}],"wp:featuredmedia":[{"embeddable":true,"href":"https:\/\/www.tgrthaber.com\/mavikadin\/wp-json\/wp\/v2\/media\/296090"}],"wp:attachment":[{"href":"https:\/\/www.tgrthaber.com\/mavikadin\/wp-json\/wp\/v2\/media?parent=296073"}],"wp:term":[{"taxonomy":"category","embeddable":true,"href":"https:\/\/www.tgrthaber.com\/mavikadin\/wp-json\/wp\/v2\/categories?post=296073"},{"taxonomy":"post_tag","embeddable":true,"href":"https:\/\/www.tgrthaber.com\/mavikadin\/wp-json\/wp\/v2\/tags?post=296073"}],"curies":[{"name":"wp","href":"https:\/\/api.w.org\/{rel}","templated":true}]}}