{"id":296117,"date":"2026-01-28T18:34:06","date_gmt":"2026-01-28T15:34:06","guid":{"rendered":"https:\/\/www.tgrthaber.com\/mavikadin\/?p=296117"},"modified":"2026-01-28T18:34:07","modified_gmt":"2026-01-28T15:34:07","slug":"arka-sokaklar-dizisinde-dengeleri-sarsan-veda-kotu-adam-icin-final-sahnesi-yazildi","status":"publish","type":"post","link":"https:\/\/www.tgrthaber.com\/mavikadin\/arka-sokaklar-dizisinde-dengeleri-sarsan-veda-kotu-adam-icin-final-sahnesi-yazildi\/","title":{"rendered":"Arka Sokaklar dizisinde dengeleri sarsan veda! K\u00f6t\u00fc adam i\u00e7in final sahnesi yaz\u0131ld\u0131"},"content":{"rendered":"<p>Tam 20 sezondur milyonlar\u0131 ekran ba\u015f\u0131na kilitleyen <a href=\"https:\/\/www.tgrthaber.com\/mavikadin\/arka-sokaklarda-riza-baba-hayatla-olum-arasinda-737-bolum-fragmani-yayinlandi-mi\/\">Arka Sokaklar<\/a>, fla\u015f bir ayr\u0131l\u0131k haberiyle g\u00fcndeme bomba gibi d\u00fc\u015ft\u00fc. Arka Sokaklar&#8217;\u0131n en k\u00f6t\u00fc adam\u0131 se\u00e7ilen karakter Cevher \u015eanl\u0131 i\u00e7in final sahnesi yaz\u0131ld\u0131. Gazeteci Birsen Altunta\u015f&#8217;\u0131n haberine g\u00f6re, Nail K\u0131rm\u0131z\u0131g\u00fcl&#8217;\u00fcn oynad\u0131\u011f\u0131 Cevher \u015eanl\u0131 Arka Sokaklar ekibine veda etmeye haz\u0131rlan\u0131yor. \u0130\u015fte detaylar&#8230;<\/p>\n<h3>ARKA SOKAKLAR D\u0130Z\u0130S\u0130NDE DENGELER\u0130 SARSAN VEDA!<\/h3>\n<p>Kanal D&#8217;nin en uzun soluklu dizisi <a href=\"https:\/\/www.tgrthaber.com\/mavikadin\/arka-sokaklar-dizisinden-nerede-o-eski-diziler-dedirttiren-sahneler-sosyal-medyada-gundem-olan-goruntuler-gunumuz-dizileriyle-kiyaslandi\/\">Arka Sokaklar<\/a> izleyicisi, fla\u015f bir ayr\u0131l\u0131k haberiyle sars\u0131ld\u0131. Arka Sokaklar&#8217;\u0131n milyonlar\u0131 ekran ba\u015f\u0131na kilitleyen k\u00f6t\u00fc karakteri Cevher i\u00e7in hikaye sona erdi. Arka Sokaklar yeni b\u00f6l\u00fcmde ya\u015fanacak vedan\u0131n hikayenin de gidi\u015fat\u0131n\u0131 tamamen de\u011fi\u015ftirece\u011fi d\u00fc\u015f\u00fcn\u00fcl\u00fcyor.<\/p>\n<p><img loading=\"lazy\" decoding=\"async\" class=\"alignnone wp-image-296128 \" src=\"https:\/\/www.tgrthaber.com\/mavikadin\/wp-content\/uploads\/2026\/01\/i-37.webp\" alt=\"\" width=\"1229\" height=\"635\" title=\"\" srcset=\"https:\/\/www.tgrthaber.com\/mavikadin\/wp-content\/uploads\/2026\/01\/i-37.webp 480w, https:\/\/www.tgrthaber.com\/mavikadin\/wp-content\/uploads\/2026\/01\/i-37-300x155.webp 300w\" sizes=\"(max-width: 1229px) 100vw, 1229px\" \/><\/p>\n<hr \/>\n<p>Arka Sokaklar&#8217;\u0131n en k\u00f6t\u00fc karakteri se\u00e7ilen Cevher \u015eanl\u0131&#8217;y\u0131 ba\u015far\u0131yla oynayan Nail K\u0131rm\u0131z\u0131g\u00fcl&#8217;\u00fcn senaryo gere\u011fi diziye \u00f6lerek veda edece\u011fi konu\u015fuluyor. Bununla beraber dizinin senaristi Ozan Yurdakul&#8217;da Arka Sokaklar\u0131n k\u00f6t\u00fc adam\u0131 Cevher&#8217;in veda sahnesini kendi Instagram hesab\u0131ndan payla\u015farak, ya\u015fanacak ayr\u0131l\u0131\u011f\u0131 resmen duyurmu\u015f oldu.<\/p>\n<p><img loading=\"lazy\" decoding=\"async\" class=\"alignnone wp-image-296125 size-full\" src=\"https:\/\/www.tgrthaber.com\/mavikadin\/wp-content\/uploads\/2026\/01\/arka-sokaklar-cevher-i0mz-7nun.webp\" alt=\"\" width=\"1280\" height=\"720\" title=\"\" srcset=\"https:\/\/www.tgrthaber.com\/mavikadin\/wp-content\/uploads\/2026\/01\/arka-sokaklar-cevher-i0mz-7nun.webp 1280w, https:\/\/www.tgrthaber.com\/mavikadin\/wp-content\/uploads\/2026\/01\/arka-sokaklar-cevher-i0mz-7nun-300x169.webp 300w, https:\/\/www.tgrthaber.com\/mavikadin\/wp-content\/uploads\/2026\/01\/arka-sokaklar-cevher-i0mz-7nun-1024x576.webp 1024w, https:\/\/www.tgrthaber.com\/mavikadin\/wp-content\/uploads\/2026\/01\/arka-sokaklar-cevher-i0mz-7nun-768x432.webp 768w\" sizes=\"(max-width: 1280px) 100vw, 1280px\" \/><\/p>\n<hr \/>\n<h3>K\u00d6T\u00dc ADAM \u0130\u00c7\u0130N F\u0130NAL SAHNES\u0130 YAZILDI<\/h3>\n<p>Kanal D&#8217;nin fenomen dizisi Arka Sokaklar&#8217;da ya\u015fanacak bu s\u00fcrpriz ayr\u0131l\u0131k \u015fok etkisi olu\u015ftururken, Ozan Yurdakul&#8217;dan bir sahne payla\u015f\u0131m\u0131 dikkat \u00e7ekti. Senaryoda k\u00f6t\u00fc adam Cevher&#8217;in Arka Sokaklar hikayesinin net bir \u015fekilde bitti\u011fi de anla\u015f\u0131lm\u0131\u015f oldu. Karakterin vedas\u0131 sessiz sedas\u0131z de\u011fil, \u00e7ok g\u00fc\u00e7l\u00fc bir final vurgusuyla yap\u0131laca\u011fa benziyor.<\/p>\n<p><img loading=\"lazy\" decoding=\"async\" class=\"alignnone wp-image-296126 size-full\" src=\"https:\/\/www.tgrthaber.com\/mavikadin\/wp-content\/uploads\/2026\/01\/adsiz-tasarim-2026-01-28t174400496.webp\" alt=\"\" width=\"1280\" height=\"720\" title=\"\" srcset=\"https:\/\/www.tgrthaber.com\/mavikadin\/wp-content\/uploads\/2026\/01\/adsiz-tasarim-2026-01-28t174400496.webp 1280w, https:\/\/www.tgrthaber.com\/mavikadin\/wp-content\/uploads\/2026\/01\/adsiz-tasarim-2026-01-28t174400496-300x169.webp 300w, https:\/\/www.tgrthaber.com\/mavikadin\/wp-content\/uploads\/2026\/01\/adsiz-tasarim-2026-01-28t174400496-1024x576.webp 1024w, https:\/\/www.tgrthaber.com\/mavikadin\/wp-content\/uploads\/2026\/01\/adsiz-tasarim-2026-01-28t174400496-768x432.webp 768w\" sizes=\"(max-width: 1280px) 100vw, 1280px\" \/><\/p>\n<hr \/>\n<p><a href=\"https:\/\/www.tgrthaber.com\/mavikadin\/arka-sokaklar-dizisinin-cevher-sanlisi-nail-kirmizigul-kimdir-hangi-dizilerde-rol-aldi\/\">Nail K\u0131rm\u0131z\u0131g\u00fcl<\/a>&#8216;\u00fcn oynad\u0131\u011f\u0131 Cevher \u015eanl\u0131&#8217;n\u0131n Arka Sokaklar dizisine vedas\u0131 sonras\u0131 dizinin hikayesine yeni bir k\u00f6t\u00fc adam\u0131n da gelece\u011fi konu\u015fuluyor. Yeni k\u00f6t\u00fc karakterin kim olaca\u011f\u0131 ise \u015fimdiden merak uyand\u0131rm\u0131\u015f durumda.<\/p>\n<p><img loading=\"lazy\" decoding=\"async\" class=\"alignnone wp-image-296129 size-full\" src=\"https:\/\/www.tgrthaber.com\/mavikadin\/wp-content\/uploads\/2026\/01\/6643-arka-sokaklar-cevher-sanli-kimdir-nail-kirmizigul-kimdir-nereli-kac-yasinda.webp\" alt=\"\" width=\"1280\" height=\"720\" title=\"\" srcset=\"https:\/\/www.tgrthaber.com\/mavikadin\/wp-content\/uploads\/2026\/01\/6643-arka-sokaklar-cevher-sanli-kimdir-nail-kirmizigul-kimdir-nereli-kac-yasinda.webp 1280w, https:\/\/www.tgrthaber.com\/mavikadin\/wp-content\/uploads\/2026\/01\/6643-arka-sokaklar-cevher-sanli-kimdir-nail-kirmizigul-kimdir-nereli-kac-yasinda-300x169.webp 300w, https:\/\/www.tgrthaber.com\/mavikadin\/wp-content\/uploads\/2026\/01\/6643-arka-sokaklar-cevher-sanli-kimdir-nail-kirmizigul-kimdir-nereli-kac-yasinda-1024x576.webp 1024w, https:\/\/www.tgrthaber.com\/mavikadin\/wp-content\/uploads\/2026\/01\/6643-arka-sokaklar-cevher-sanli-kimdir-nail-kirmizigul-kimdir-nereli-kac-yasinda-768x432.webp 768w\" sizes=\"(max-width: 1280px) 100vw, 1280px\" \/><\/p>\n<hr \/>\n<p>Yap\u0131m ekibi taraf\u0131ndan yeni k\u00f6t\u00fc karakterin kim olaca\u011f\u0131 a\u00e7\u0131klanmasa da izleyicinin beklentisi \u015fimdiden olduk\u00e7a y\u00fcsek. Arka Sokaklar dizisinde Cevher \u015eanl\u0131&#8217;n\u0131n \u00f6lerek diziye veda edece\u011fi sahnenin ve yerine gelecek k\u00f6t\u00fc karakterin, dizinin ilerleyen b\u00f6l\u00fcmlerine damga vurmas\u0131 bekleniyor.<\/p>\n<p><img loading=\"lazy\" decoding=\"async\" class=\"alignnone wp-image-296130 \" src=\"https:\/\/www.tgrthaber.com\/mavikadin\/wp-content\/uploads\/2026\/01\/Ekran-goruntusu-2026-01-28-180241.png\" alt=\"\" width=\"1227\" height=\"848\" title=\"\" srcset=\"https:\/\/www.tgrthaber.com\/mavikadin\/wp-content\/uploads\/2026\/01\/Ekran-goruntusu-2026-01-28-180241.png 744w, https:\/\/www.tgrthaber.com\/mavikadin\/wp-content\/uploads\/2026\/01\/Ekran-goruntusu-2026-01-28-180241-300x207.png 300w\" sizes=\"(max-width: 1227px) 100vw, 1227px\" \/><\/p>\n<hr \/>\n<h3>NA\u0130L KIRMIZIG\u00dcL K\u0130MD\u0130R, HANG\u0130 D\u0130Z\u0130LERDE OYNADI?<\/h3>\n<p>Nail K\u0131rm\u0131z\u0131g\u00fcl 3 Eyl\u00fcl 1965 y\u0131l\u0131nda Gaziantep&#8217;te do\u011fmu\u015ftur. Tiyatro k\u00f6keni bulunan usta oyuncu bug\u00fcne kadar bir\u00e7ok dikkat \u00e7eken dizide yer alm\u0131\u015ft\u0131r. \u0130\u015fte Arka Sokaklar&#8217;\u0131n Cevher&#8217;i Nail K\u0131rm\u0131z\u0131g\u00fcl&#8217;\u00fcn rol ald\u0131\u011f\u0131 ba\u015fl\u0131ca diziler&#8230;<\/p>\n<p><img loading=\"lazy\" decoding=\"async\" class=\"alignnone wp-image-296127 size-full\" src=\"https:\/\/www.tgrthaber.com\/mavikadin\/wp-content\/uploads\/2026\/01\/nail-kirmizigul-kimdir.webp\" alt=\"\" width=\"1920\" height=\"1080\" title=\"\" srcset=\"https:\/\/www.tgrthaber.com\/mavikadin\/wp-content\/uploads\/2026\/01\/nail-kirmizigul-kimdir.webp 1920w, https:\/\/www.tgrthaber.com\/mavikadin\/wp-content\/uploads\/2026\/01\/nail-kirmizigul-kimdir-300x169.webp 300w, https:\/\/www.tgrthaber.com\/mavikadin\/wp-content\/uploads\/2026\/01\/nail-kirmizigul-kimdir-1024x576.webp 1024w, https:\/\/www.tgrthaber.com\/mavikadin\/wp-content\/uploads\/2026\/01\/nail-kirmizigul-kimdir-768x432.webp 768w, https:\/\/www.tgrthaber.com\/mavikadin\/wp-content\/uploads\/2026\/01\/nail-kirmizigul-kimdir-1536x864.webp 1536w\" sizes=\"(max-width: 1920px) 100vw, 1920px\" \/><\/p>\n<hr \/>\n<p>Arka Sokaklar &#8211; Cevher \u015eanl\u0131<\/p>\n<p>Y\u0131lan Hikayesi &#8211; Komiser Cem<\/p>\n<p>Do\u011fdu\u011fun Ev Kaderindir<\/p>\n<p>Lake<\/p>\n<p><img loading=\"lazy\" decoding=\"async\" class=\"alignnone wp-image-296131 \" src=\"https:\/\/www.tgrthaber.com\/mavikadin\/wp-content\/uploads\/2026\/01\/i-2-1.webp\" alt=\"\" width=\"1177\" height=\"662\" title=\"\" srcset=\"https:\/\/www.tgrthaber.com\/mavikadin\/wp-content\/uploads\/2026\/01\/i-2-1.webp 480w, https:\/\/www.tgrthaber.com\/mavikadin\/wp-content\/uploads\/2026\/01\/i-2-1-300x169.webp 300w\" sizes=\"(max-width: 1177px) 100vw, 1177px\" \/><\/p>\n<hr \/>\n<p>Y\u0131lanlar\u0131n \u00d6c\u00fc<\/p>\n<p>Bir Ferhat ile \u015eirin Hikayesi<\/p>\n<p>Firar<\/p>\n<p>G\u00f6n\u00fcl Ferman Dinlemiyor<\/p>\n","protected":false},"excerpt":{"rendered":"<p>Cuma ak\u015famlar\u0131n\u0131n y\u0131llard\u0131r takip edilen dizisi Arka Sokaklar i\u00e7in dengeleri sarsan bir veda ya\u015fan\u0131yor. Dizinin en k\u00f6t\u00fc adam\u0131 i\u00e7in yolun sonu g\u00f6r\u00fcnd\u00fc. Fenomen dizide ya\u015fanacak bu ayr\u0131l\u0131k, hikayenin seyrini de k\u00f6k\u00fcnden de\u011fi\u015ftirecek. \u0130\u015fte Arka Sokaklar dizisinde geni\u015f yank\u0131 uyand\u0131ran vedan\u0131n t\u00fcm detaylar\u0131&#8230;<\/p>\n","protected":false},"author":35,"featured_media":296119,"comment_status":"closed","ping_status":"closed","sticky":false,"template":"","format":"standard","meta":{"rank_math_lock_modified_date":false,"footnotes":""},"categories":[602],"tags":[2976,71615,71614,3602,22003],"class_list":["post-296117","post","type-post","status-publish","format-standard","has-post-thumbnail","hentry","category-diziler","tag-arka-sokaklar","tag-arka-sokaklar-kim-ayriliyor","tag-cevher-sanli","tag-diziler","tag-nail-kirmizigul"],"_links":{"self":[{"href":"https:\/\/www.tgrthaber.com\/mavikadin\/wp-json\/wp\/v2\/posts\/296117"}],"collection":[{"href":"https:\/\/www.tgrthaber.com\/mavikadin\/wp-json\/wp\/v2\/posts"}],"about":[{"href":"https:\/\/www.tgrthaber.com\/mavikadin\/wp-json\/wp\/v2\/types\/post"}],"author":[{"embeddable":true,"href":"https:\/\/www.tgrthaber.com\/mavikadin\/wp-json\/wp\/v2\/users\/35"}],"replies":[{"embeddable":true,"href":"https:\/\/www.tgrthaber.com\/mavikadin\/wp-json\/wp\/v2\/comments?post=296117"}],"version-history":[{"count":2,"href":"https:\/\/www.tgrthaber.com\/mavikadin\/wp-json\/wp\/v2\/posts\/296117\/revisions"}],"predecessor-version":[{"id":296134,"href":"https:\/\/www.tgrthaber.com\/mavikadin\/wp-json\/wp\/v2\/posts\/296117\/revisions\/296134"}],"wp:featuredmedia":[{"embeddable":true,"href":"https:\/\/www.tgrthaber.com\/mavikadin\/wp-json\/wp\/v2\/media\/296119"}],"wp:attachment":[{"href":"https:\/\/www.tgrthaber.com\/mavikadin\/wp-json\/wp\/v2\/media?parent=296117"}],"wp:term":[{"taxonomy":"category","embeddable":true,"href":"https:\/\/www.tgrthaber.com\/mavikadin\/wp-json\/wp\/v2\/categories?post=296117"},{"taxonomy":"post_tag","embeddable":true,"href":"https:\/\/www.tgrthaber.com\/mavikadin\/wp-json\/wp\/v2\/tags?post=296117"}],"curies":[{"name":"wp","href":"https:\/\/api.w.org\/{rel}","templated":true}]}}