{"id":296118,"date":"2026-01-28T18:26:50","date_gmt":"2026-01-28T15:26:50","guid":{"rendered":"https:\/\/www.tgrthaber.com\/mavikadin\/?p=296118"},"modified":"2026-01-28T18:26:50","modified_gmt":"2026-01-28T15:26:50","slug":"kadir-ezildi-hayalindeki-isi-ilk-kez-itiraf-etti-gozunu-oraya-da-dikmis","status":"publish","type":"post","link":"https:\/\/www.tgrthaber.com\/mavikadin\/kadir-ezildi-hayalindeki-isi-ilk-kez-itiraf-etti-gozunu-oraya-da-dikmis\/","title":{"rendered":"Kadir Ezildi hayalindeki i\u015fi ilk kez itiraf etti! G\u00f6z\u00fcn\u00fc oraya da dikmi\u015f"},"content":{"rendered":"<p>\u00dcnl\u00fc sunucu <a href=\"https:\/\/www.tgrthaber.com\/mavikadin\/kadir-ezildi-gozyaslarina-boguldu-gozlerinin-onunde-yikildi\/\">Kadir Ezildi<\/a> e\u015fi Gizem Ezildi ile birlikte ilk defa bir etkinlikte boy g\u00f6sterdi. Ezildi, e\u015fiyle objektiflerin kar\u015f\u0131s\u0131nda poz verirken, muhabirlerin sordu\u011fu sorular\u0131 da cevaplad\u0131. Kadir Ezildi, kendisine y\u00f6netilen oyunculukla alakal\u0131 soruya verdi\u011fi cevapla b\u00fcy\u00fck bir iddia da bulundu. Ezildi, &#8220;Bir g\u00fcn istersem, \u00fcst\u00fcne gidersem yapamayaca\u011f\u0131m i\u015f yok&#8221; diyerek taklit yetene\u011finin kuvvetli oldu\u011funu ifade etti.<\/p>\n<h3>KAD\u0130R EZ\u0130LD\u0130 EVL\u0130L\u0130\u011e\u0130YLE \u0130LG\u0130L\u0130 KONU\u015eTU<\/h3>\n<p><a href=\"https:\/\/www.tgrthaber.com\/mavikadin\/kadir-ezildinin-bu-paylasimi-hayranlarini-korkuttu-gercek-daha-sonra-ortaya-cikti\/\">Kadir Ezildi<\/a>, d\u00fcn ak\u015fam galas\u0131 d\u00fczenlenen \u201cMutlu muyuz?\u201d filminin etkinli\u011fine kat\u0131ld\u0131. E\u015fi Gizem Ezildi ile birlikte kameralar kar\u015f\u0131s\u0131na ge\u00e7en Kadir Ezildi, objektiflere poz verdi. Muhabirlerin sorular\u0131n\u0131 yan\u0131tlayan Kadir Ezildi, evlili\u011fiyle ilgili sorulan sorular\u0131 da cevaplad\u0131.<\/p>\n<p><img loading=\"lazy\" decoding=\"async\" class=\"alignnone wp-image-296120 size-full\" src=\"https:\/\/www.tgrthaber.com\/mavikadin\/wp-content\/uploads\/2026\/01\/Adsiz-tasarim-9-11.jpg\" alt=\"\" width=\"1208\" height=\"680\" title=\"\" srcset=\"https:\/\/www.tgrthaber.com\/mavikadin\/wp-content\/uploads\/2026\/01\/Adsiz-tasarim-9-11.jpg 1208w, https:\/\/www.tgrthaber.com\/mavikadin\/wp-content\/uploads\/2026\/01\/Adsiz-tasarim-9-11-300x169.jpg 300w, https:\/\/www.tgrthaber.com\/mavikadin\/wp-content\/uploads\/2026\/01\/Adsiz-tasarim-9-11-1024x576.jpg 1024w, https:\/\/www.tgrthaber.com\/mavikadin\/wp-content\/uploads\/2026\/01\/Adsiz-tasarim-9-11-768x432.jpg 768w\" sizes=\"(max-width: 1208px) 100vw, 1208px\" \/><\/p>\n<hr \/>\n<p>Ezildi, Al\u0131\u015fabildiniz mi evlili\u011fe? Sorusuna \u015f\u00f6yle cevap verdi; &#8221;Evimizin kurallar\u0131 de\u011fi\u015fti, rutinler artt\u0131. Benim i\u00e7in evi biriyle payla\u015fmak ger\u00e7ekten zor. Gayet uyumluyuz. Kurallar\u0131m\u0131z belli, uydu\u011fumuz s\u00fcrece s\u0131k\u0131nt\u0131 yok. Ben biraz daha seyreltmeye \u00e7al\u0131\u015f\u0131yorum baz\u0131 \u015feyleri o da bana yard\u0131mc\u0131 olmaya \u00e7al\u0131\u015f\u0131yor. En g\u00fczeli anlay\u0131\u015f.&#8221;<\/p>\n<div style=\"width: 640px;\" class=\"wp-video\"><!--[if lt IE 9]><script>document.createElement('video');<\/script><![endif]-->\n<video class=\"wp-video-shortcode\" id=\"video-296118-1\" width=\"640\" height=\"1138\" preload=\"metadata\" controls=\"controls\"><source type=\"video\/mp4\" src=\"https:\/\/www.tgrthaber.com\/mavikadin\/wp-content\/uploads\/2026\/01\/Kadir-Ezildi-hayalindeki-isi-ilk-kez-itiraf-etti.mp4?_=1\" \/><a href=\"https:\/\/www.tgrthaber.com\/mavikadin\/wp-content\/uploads\/2026\/01\/Kadir-Ezildi-hayalindeki-isi-ilk-kez-itiraf-etti.mp4\">https:\/\/www.tgrthaber.com\/mavikadin\/wp-content\/uploads\/2026\/01\/Kadir-Ezildi-hayalindeki-isi-ilk-kez-itiraf-etti.mp4<\/a><\/video><\/div>\n<hr \/>\n<h3>KAD\u0130R EZ\u0130LD\u0130 HAYAL\u0130NDEK\u0130 \u0130\u015e\u0130 S\u00d6YLED\u0130<\/h3>\n<p>Kadir Ezildi, oyunculuk ile ilgili gelen sorulara ise \u00e7ocuk hayalinden bahsederek cevaplad\u0131. Ezildi, \u201c Annelerin \u00f6rnek g\u00f6sterdi\u011fi kom\u015fu \u00e7ocu\u011fu diyebiliriz. Anneler sevdi\u011fi kadar \u00e7ocuklarda biraz \u015fikayet\u00e7iler. Siz yap\u0131yorsunuz sonra annemiz bizden istiyorlar diyorlar. Ne yapay\u0131m annemde benden \u015fikayet\u00e7i, i\u015fin tuhaf taraf\u0131 da o asl\u0131nda. \u00c7ocuklu\u011fumdan beri hep taklit yetene\u011fim vard\u0131r. Evde kendi kendime dilenci falan oluyordum. Kariyerim dilencilikle ba\u015flad\u0131. Oyunculuk k\u0131sm\u0131n\u0131 o bamba\u015fka bir yetenek. Bir g\u00fcn isteyip \u00fcst\u00fcne gidersem yapamayaca\u011f\u0131m bir i\u015f yok diye d\u00fc\u015f\u00fcn\u00fcyorum.\u201d \u015eeklinde a\u00e7\u0131klad\u0131.<\/p>\n","protected":false},"excerpt":{"rendered":"<p>\u00dcnl\u00fc sunucu Kadir Ezildi, d\u00fcn ak\u015fam e\u015fiyle kat\u0131ld\u0131\u011f\u0131 \u201cMutlu muyuz?\u201d filmin galas\u0131nda muhabirlerin sorular\u0131n\u0131 cevaplad\u0131. Kadir Ezildi, kendisinde de oyunculuk yetene\u011finin oldu\u011funu itiraf etti. \u00dcnl\u00fc sunucu, &#8220;Bir g\u00fcn istersem, \u00fcst\u00fcne gidersem yapamayaca\u011f\u0131m i\u015f yok&#8221; diyerek taklit yetene\u011finin kuvvetli oldu\u011funu iddia etti. <\/p>\n","protected":false},"author":10,"featured_media":296122,"comment_status":"closed","ping_status":"closed","sticky":false,"template":"","format":"standard","meta":{"rank_math_lock_modified_date":false,"footnotes":""},"categories":[76],"tags":[2573,71613,133,12175],"class_list":["post-296118","post","type-post","status-publish","format-standard","has-post-thumbnail","hentry","category-magazin","tag-kadir-ezildi","tag-kadir-ezildi-taklit-yetenegi","tag-magazin","tag-magazin-haberi"],"_links":{"self":[{"href":"https:\/\/www.tgrthaber.com\/mavikadin\/wp-json\/wp\/v2\/posts\/296118"}],"collection":[{"href":"https:\/\/www.tgrthaber.com\/mavikadin\/wp-json\/wp\/v2\/posts"}],"about":[{"href":"https:\/\/www.tgrthaber.com\/mavikadin\/wp-json\/wp\/v2\/types\/post"}],"author":[{"embeddable":true,"href":"https:\/\/www.tgrthaber.com\/mavikadin\/wp-json\/wp\/v2\/users\/10"}],"replies":[{"embeddable":true,"href":"https:\/\/www.tgrthaber.com\/mavikadin\/wp-json\/wp\/v2\/comments?post=296118"}],"version-history":[{"count":2,"href":"https:\/\/www.tgrthaber.com\/mavikadin\/wp-json\/wp\/v2\/posts\/296118\/revisions"}],"predecessor-version":[{"id":296124,"href":"https:\/\/www.tgrthaber.com\/mavikadin\/wp-json\/wp\/v2\/posts\/296118\/revisions\/296124"}],"wp:featuredmedia":[{"embeddable":true,"href":"https:\/\/www.tgrthaber.com\/mavikadin\/wp-json\/wp\/v2\/media\/296122"}],"wp:attachment":[{"href":"https:\/\/www.tgrthaber.com\/mavikadin\/wp-json\/wp\/v2\/media?parent=296118"}],"wp:term":[{"taxonomy":"category","embeddable":true,"href":"https:\/\/www.tgrthaber.com\/mavikadin\/wp-json\/wp\/v2\/categories?post=296118"},{"taxonomy":"post_tag","embeddable":true,"href":"https:\/\/www.tgrthaber.com\/mavikadin\/wp-json\/wp\/v2\/tags?post=296118"}],"curies":[{"name":"wp","href":"https:\/\/api.w.org\/{rel}","templated":true}]}}