{"id":296132,"date":"2026-01-28T18:54:18","date_gmt":"2026-01-28T15:54:18","guid":{"rendered":"https:\/\/www.tgrthaber.com\/mavikadin\/?p=296132"},"modified":"2026-01-28T18:54:18","modified_gmt":"2026-01-28T15:54:18","slug":"yeralti-dizisi-1-bolum-haydar-ali-ve-ceylanin-tehlikeli-yolculugu-haydar-alinin-kaderi-degisiyor","status":"publish","type":"post","link":"https:\/\/www.tgrthaber.com\/mavikadin\/yeralti-dizisi-1-bolum-haydar-ali-ve-ceylanin-tehlikeli-yolculugu-haydar-alinin-kaderi-degisiyor\/","title":{"rendered":"Yeralt\u0131 dizisi 1. b\u00f6l\u00fcm Haydar Ali ve Ceylan\u2019\u0131n tehlikeli yolculu\u011fu! Haydar Ali\u2019nin kaderi de\u011fi\u015fiyor!"},"content":{"rendered":"<p><a href=\"https:\/\/www.tgrthaber.com\/mavikadin\/yeralti-dizisi-ne-zaman-baslayacak-yeralti-dizisi-ne-anlatiyor\/\">Yeralt\u0131<\/a> dizisi 1. b\u00f6l\u00fcm ile ekran maceras\u0131na iddial\u0131 bir ba\u015flang\u0131\u00e7 yap\u0131yor. Haydar Ali ve Ceylan\u2019\u0131n tutku dolu ili\u015fkisi, beklenmedik bir gecede bamba\u015fka bir boyut kazan\u0131rken, Haydar Ali kendini devletin gizli planlar\u0131yla \u0130stanbul\u2019un ac\u0131mas\u0131z yeralt\u0131 d\u00fcnyas\u0131n\u0131n tam ortas\u0131nda buluyor. Hayat\u0131 bir anda alt\u00fcst olan Haydar Ali\u2019nin kaderi, ald\u0131\u011f\u0131 tek bir kararla geri d\u00f6n\u00fclmez \u015fekilde de\u011fi\u015fiyor. Yeralt\u0131 ilk b\u00f6l\u00fcmden tansiyonu y\u00fcksek sahneleriyle dikkat \u00e7ekiyor. Peki, Yeralt\u0131 1. b\u00f6l\u00fcmde neler olacak?<\/p>\n<h3>YERALTI D\u0130Z\u0130S\u0130NDE HAYDAR AL\u0130\u2019N\u0130N KADER\u0130 DE\u011e\u0130\u015e\u0130YOR!<\/h3>\n<p>Ba\u015frollerinde Deniz Can Akta\u015f, Devrim \u00d6zkan ve Uraz Kayg\u0131laro\u011flu, Mehmet Y\u0131lmaz Ak ve S\u00fcmeyye Aydo\u011fan gibi g\u00fc\u00e7l\u00fc oyuncu kadrosu bulunan<a href=\"https:\/\/www.tgrthaber.com\/mavikadin\/yeralti-dizisi-konusu-nedir-yeralti-dizisi-nerede-oynayacak-oyunculari\/\"> Yeralt\u0131<\/a> dizisi ilk b\u00f6l\u00fcm\u00fcyle seyircisiyle bulu\u015fuyor. Zaman atlamas\u0131yla ba\u015flayacak olan Yeralt\u0131 dizisinde Haydar Ali\u2019nin hayat\u0131 3 y\u0131l sonra hapishaneden \u00e7\u0131kmas\u0131yla bamba\u015fka bir boyutta olacak.<\/p>\n<p><img loading=\"lazy\" decoding=\"async\" class=\"alignnone wp-image-296136 size-full\" src=\"https:\/\/www.tgrthaber.com\/mavikadin\/wp-content\/uploads\/2026\/01\/Adsiz-tasarim-10-16.jpg\" alt=\"\" width=\"1208\" height=\"680\" title=\"\" srcset=\"https:\/\/www.tgrthaber.com\/mavikadin\/wp-content\/uploads\/2026\/01\/Adsiz-tasarim-10-16.jpg 1208w, https:\/\/www.tgrthaber.com\/mavikadin\/wp-content\/uploads\/2026\/01\/Adsiz-tasarim-10-16-300x169.jpg 300w, https:\/\/www.tgrthaber.com\/mavikadin\/wp-content\/uploads\/2026\/01\/Adsiz-tasarim-10-16-1024x576.jpg 1024w, https:\/\/www.tgrthaber.com\/mavikadin\/wp-content\/uploads\/2026\/01\/Adsiz-tasarim-10-16-768x432.jpg 768w\" sizes=\"(max-width: 1208px) 100vw, 1208px\" \/><\/p>\n<hr \/>\n<h3>YERALTI D\u0130Z\u0130S\u0130NDE AL\u0130 VE BOZO HERKES\u0130N HEDEF\u0130 OLACAK<\/h3>\n<p>Yeralt\u0131 d\u00fcnyas\u0131nda dengeler h\u0131zla de\u011fi\u015firken, Haydar Ali ve Bozo i\u00e7in tehlike bu kez demir parmakl\u0131klar\u0131n ard\u0131nda b\u00fcy\u00fcyor. \u0130ki isim, hapishanede ya\u015fanacak b\u00fcy\u00fck bir sald\u0131r\u0131 sonras\u0131 hayatta kalabilmek i\u00e7in istemeden de olsa ayn\u0131 safta yer almak zorunda kalacak. Bu sald\u0131r\u0131, sadece bir g\u00f6zda\u011f\u0131 de\u011fil; Ali ve Bozo\u2019nun yeralt\u0131 d\u00fcnyas\u0131n\u0131n do\u011frudan hedefi haline geldi\u011finin a\u00e7\u0131k bir g\u00f6stergesi olacak. Haydar Ali, yeralt\u0131 d\u00fcnyas\u0131na girebilmek i\u00e7inse Sultan ile evlenecek.<\/p>\n<p><img loading=\"lazy\" decoding=\"async\" class=\"alignnone wp-image-296137 size-full\" src=\"https:\/\/www.tgrthaber.com\/mavikadin\/wp-content\/uploads\/2026\/01\/Adsiz-tasarim-11-19.jpg\" alt=\"\" width=\"1208\" height=\"680\" title=\"\" srcset=\"https:\/\/www.tgrthaber.com\/mavikadin\/wp-content\/uploads\/2026\/01\/Adsiz-tasarim-11-19.jpg 1208w, https:\/\/www.tgrthaber.com\/mavikadin\/wp-content\/uploads\/2026\/01\/Adsiz-tasarim-11-19-300x169.jpg 300w, https:\/\/www.tgrthaber.com\/mavikadin\/wp-content\/uploads\/2026\/01\/Adsiz-tasarim-11-19-1024x576.jpg 1024w, https:\/\/www.tgrthaber.com\/mavikadin\/wp-content\/uploads\/2026\/01\/Adsiz-tasarim-11-19-768x432.jpg 768w\" sizes=\"(max-width: 1208px) 100vw, 1208px\" \/><\/p>\n<hr \/>\n<p>\u00d6te yandan dizinin hik\u00e2yesine yeni bir karakter dahil oluyor. Ba\u015far\u0131l\u0131 oyuncu Taner Turan, Ya\u015far karakteriyle ikinci b\u00f6l\u00fcmde seyirci kar\u015f\u0131s\u0131na \u00e7\u0131kacak. Ya\u015far\u2019\u0131n geli\u015fi, yeralt\u0131 dengelerini alt\u00fcst edecek yeni hesaplar\u0131n habercisi olarak yorumlan\u0131yor.<\/p>\n<p><img loading=\"lazy\" decoding=\"async\" class=\"alignnone wp-image-296138 size-full\" src=\"https:\/\/www.tgrthaber.com\/mavikadin\/wp-content\/uploads\/2026\/01\/Adsiz-tasarim-12-16.jpg\" alt=\"\" width=\"1208\" height=\"680\" title=\"\" srcset=\"https:\/\/www.tgrthaber.com\/mavikadin\/wp-content\/uploads\/2026\/01\/Adsiz-tasarim-12-16.jpg 1208w, https:\/\/www.tgrthaber.com\/mavikadin\/wp-content\/uploads\/2026\/01\/Adsiz-tasarim-12-16-300x169.jpg 300w, https:\/\/www.tgrthaber.com\/mavikadin\/wp-content\/uploads\/2026\/01\/Adsiz-tasarim-12-16-1024x576.jpg 1024w, https:\/\/www.tgrthaber.com\/mavikadin\/wp-content\/uploads\/2026\/01\/Adsiz-tasarim-12-16-768x432.jpg 768w\" sizes=\"(max-width: 1208px) 100vw, 1208px\" \/><\/p>\n<hr \/>\n<p>S\u00fcrpriz bir geli\u015fme ise Ceylan cephesinde ya\u015fan\u0131yor. Ceylan\u2019\u0131n istihbarata \u00e7al\u0131\u015ft\u0131\u011f\u0131n\u0131n ortaya \u00e7\u0131kmas\u0131, Haydar Ali ile olan ili\u015fkisinin bamba\u015fka bir boyuta ta\u015f\u0131nmas\u0131na neden olacak. Bu s\u0131r, ilerleyen b\u00f6l\u00fcmlerde b\u00fcy\u00fck y\u00fczle\u015fmelerin kap\u0131s\u0131n\u0131 aralayacak.<\/p>\n<p><img loading=\"lazy\" decoding=\"async\" class=\"alignnone wp-image-296139 size-full\" src=\"https:\/\/www.tgrthaber.com\/mavikadin\/wp-content\/uploads\/2026\/01\/yeralti-1.-bolum-ozeti.jpg\" alt=\"\" width=\"1208\" height=\"680\" title=\"\" srcset=\"https:\/\/www.tgrthaber.com\/mavikadin\/wp-content\/uploads\/2026\/01\/yeralti-1.-bolum-ozeti.jpg 1208w, https:\/\/www.tgrthaber.com\/mavikadin\/wp-content\/uploads\/2026\/01\/yeralti-1.-bolum-ozeti-300x169.jpg 300w, https:\/\/www.tgrthaber.com\/mavikadin\/wp-content\/uploads\/2026\/01\/yeralti-1.-bolum-ozeti-1024x576.jpg 1024w, https:\/\/www.tgrthaber.com\/mavikadin\/wp-content\/uploads\/2026\/01\/yeralti-1.-bolum-ozeti-768x432.jpg 768w\" sizes=\"(max-width: 1208px) 100vw, 1208px\" \/><\/p>\n<hr \/>\n<h3>YERALTI D\u0130Z\u0130S\u0130 1. B\u00d6L\u00dcM \u00d6ZET\u0130<\/h3>\n<p>Haydar Ali ve Ceylan\u2019\u0131n b\u00fcy\u00fck bir a\u015fkla ba\u015flayan ili\u015fkisi, beklenmedik bir gecede geri d\u00f6n\u00fc\u015f\u00fc olmayan bir yola saparken, Haydar Ali kendini hem devletin gizli planlar\u0131n\u0131n hem de \u0130stanbul\u2019un ac\u0131mas\u0131z yeralt\u0131 d\u00fczeninin tam ortas\u0131nda bulur. Ceylan ise, sevdi\u011fi adam\u0131 korumak u\u011fruna kendi s\u0131n\u0131rlar\u0131n\u0131 a\u015far ve masumiyetle su\u00e7 aras\u0131ndaki ince \u00e7izgide tehlikeli bir yolculu\u011fa \u00e7\u0131kar. \u0130hanet, sadakat ve hayatta kalma i\u00e7g\u00fcd\u00fcs\u00fcn\u00fcn s\u0131nand\u0131\u011f\u0131 bu d\u00fcnyada, tek bir yanl\u0131\u015f ad\u0131m herkes i\u00e7in \u00f6l\u00fcmc\u00fcl sonu\u00e7lar do\u011furabilir. Yeralt\u0131, a\u015fk\u0131n bile kurallara tabi oldu\u011fu bir evrende, bir adam\u0131n kaderle ve kendi karanl\u0131\u011f\u0131yla verdi\u011fi sava\u015f\u0131 nefes kesen bir gerilimle anlat\u0131yor.<\/p>\n<p><img loading=\"lazy\" decoding=\"async\" class=\"alignnone wp-image-296140 size-full\" src=\"https:\/\/www.tgrthaber.com\/mavikadin\/wp-content\/uploads\/2026\/01\/yeralti-2.-bolum-fragmani-yayinlandi-mi.jpg\" alt=\"\" width=\"1208\" height=\"680\" title=\"\" srcset=\"https:\/\/www.tgrthaber.com\/mavikadin\/wp-content\/uploads\/2026\/01\/yeralti-2.-bolum-fragmani-yayinlandi-mi.jpg 1208w, https:\/\/www.tgrthaber.com\/mavikadin\/wp-content\/uploads\/2026\/01\/yeralti-2.-bolum-fragmani-yayinlandi-mi-300x169.jpg 300w, https:\/\/www.tgrthaber.com\/mavikadin\/wp-content\/uploads\/2026\/01\/yeralti-2.-bolum-fragmani-yayinlandi-mi-1024x576.jpg 1024w, https:\/\/www.tgrthaber.com\/mavikadin\/wp-content\/uploads\/2026\/01\/yeralti-2.-bolum-fragmani-yayinlandi-mi-768x432.jpg 768w\" sizes=\"(max-width: 1208px) 100vw, 1208px\" \/><\/p>\n<hr \/>\n<h3>YERALTI 2. B\u00d6L\u00dcM FRAGMANI YAYINLANDI MI?<\/h3>\n<p>28 Ocak 2026 \u00c7ar\u015famba ak\u015fam\u0131 ilk b\u00f6l\u00fcm\u00fcyle ekranlara gelen Yeralt\u0131 dizisi, hikayesi ve oyuncular\u0131yla dikkat \u00e7ekti. Dizinin ilk b\u00f6l\u00fcm\u00fcn\u00fcn ard\u0131ndan geli\u015fen olaylar merak edilmeye ba\u015fland\u0131. Yeralt\u0131 2. b\u00f6l\u00fcm fragman\u0131 yay\u0131nland\u0131 m\u0131? sorusunun cevab\u0131 dizinin ilk b\u00f6l\u00fcm\u00fcn\u00fcn bitmesiyle NOW kanal\u0131 yap\u0131ma dair detaylar\u0131 izleyiciye verecek.<\/p>\n","protected":false},"excerpt":{"rendered":"<p>Yeralt\u0131 dizisi 1. b\u00f6l\u00fcm\u00fcyle 28 Ocak 2026 \u00c7ar\u015famba ak\u015fam\u0131 ekranlara gelecek. Dizinin yay\u0131nlanacak birinci b\u00f6l\u00fcm\u00fcyle seyirciyi karanl\u0131k ve tehlikeli bir d\u00fcnyan\u0131n i\u00e7ine \u00e7ekiyor. Haydar Ali ve Ceylan\u2019\u0131n b\u00fcy\u00fck a\u015fkla ba\u015flayan hik\u00e2yesi, tek bir gecede geri d\u00f6n\u00fc\u015f\u00fc olmayan bir yola giriyor. Peki, Yeralt\u0131 1. b\u00f6l\u00fcmde neler olacak?<\/p>\n","protected":false},"author":10,"featured_media":296141,"comment_status":"closed","ping_status":"closed","sticky":false,"template":"","format":"standard","meta":{"rank_math_lock_modified_date":false,"footnotes":""},"categories":[602],"tags":[32159,66165,69104,71616,71617,66164],"class_list":["post-296132","post","type-post","status-publish","format-standard","has-post-thumbnail","hentry","category-diziler","tag-dizi","tag-yeralti","tag-yeralti-1-bolum","tag-yeralti-1-bolum-ozeti","tag-yeralti-2-bolum-fragmani","tag-yeralti-dizi"],"_links":{"self":[{"href":"https:\/\/www.tgrthaber.com\/mavikadin\/wp-json\/wp\/v2\/posts\/296132"}],"collection":[{"href":"https:\/\/www.tgrthaber.com\/mavikadin\/wp-json\/wp\/v2\/posts"}],"about":[{"href":"https:\/\/www.tgrthaber.com\/mavikadin\/wp-json\/wp\/v2\/types\/post"}],"author":[{"embeddable":true,"href":"https:\/\/www.tgrthaber.com\/mavikadin\/wp-json\/wp\/v2\/users\/10"}],"replies":[{"embeddable":true,"href":"https:\/\/www.tgrthaber.com\/mavikadin\/wp-json\/wp\/v2\/comments?post=296132"}],"version-history":[{"count":1,"href":"https:\/\/www.tgrthaber.com\/mavikadin\/wp-json\/wp\/v2\/posts\/296132\/revisions"}],"predecessor-version":[{"id":296142,"href":"https:\/\/www.tgrthaber.com\/mavikadin\/wp-json\/wp\/v2\/posts\/296132\/revisions\/296142"}],"wp:featuredmedia":[{"embeddable":true,"href":"https:\/\/www.tgrthaber.com\/mavikadin\/wp-json\/wp\/v2\/media\/296141"}],"wp:attachment":[{"href":"https:\/\/www.tgrthaber.com\/mavikadin\/wp-json\/wp\/v2\/media?parent=296132"}],"wp:term":[{"taxonomy":"category","embeddable":true,"href":"https:\/\/www.tgrthaber.com\/mavikadin\/wp-json\/wp\/v2\/categories?post=296132"},{"taxonomy":"post_tag","embeddable":true,"href":"https:\/\/www.tgrthaber.com\/mavikadin\/wp-json\/wp\/v2\/tags?post=296132"}],"curies":[{"name":"wp","href":"https:\/\/api.w.org\/{rel}","templated":true}]}}