{"id":296135,"date":"2026-01-28T19:21:41","date_gmt":"2026-01-28T16:21:41","guid":{"rendered":"https:\/\/www.tgrthaber.com\/mavikadin\/?p=296135"},"modified":"2026-01-28T19:22:23","modified_gmt":"2026-01-28T16:22:23","slug":"gelinim-mutfaktada-alimenin-ablasindan-zehir-zemberek-sozler-evin-tapusu-gundem-oldu","status":"publish","type":"post","link":"https:\/\/www.tgrthaber.com\/mavikadin\/gelinim-mutfaktada-alimenin-ablasindan-zehir-zemberek-sozler-evin-tapusu-gundem-oldu\/","title":{"rendered":"Gelinim Mutfakta&#8217;da Alime&#8217;nin ablas\u0131ndan zehir zemberek s\u00f6zler! Evin tapusu g\u00fcndem oldu"},"content":{"rendered":"<p>Kanal D ekranlar\u0131n\u0131n en sevilen yar\u0131\u015fmas\u0131 <a href=\"https:\/\/www.tgrthaber.com\/mavikadin\/gelinim-mutfakta-ceyrek-altini-hangi-gelin-aldi-gelinim-mutfakta-28-ocak-2026-puan-tablosu\/\">Gelinim Mutfakta<\/a> yeni b\u00f6l\u00fcm\u00fcyle bug\u00fcn Kanal D ekranlar\u0131nda yerini ald\u0131. Gelinim Mutfakta&#8217;da bug\u00fcn tapu krizi adeta patlak verdi. Alime&#8217;nin ablas\u0131 kay\u0131nvalide Tijen&#8217;e fena y\u00fcklendi. St\u00fcdyoda ba\u015flayan tapu tart\u0131\u015fmas\u0131, Alime&#8217;nin ablas\u0131n\u0131n sert s\u00f6zleriyle b\u00fcy\u00fck bir hesapla\u015fmaya d\u00f6nd\u00fc. Tijen Han\u0131m&#8217;\u0131n tapu konusunda kararl\u0131 ve net \u00e7\u0131k\u0131\u015f\u0131 ise gelinler taraf\u0131ndan tepki toplad\u0131. \u0130\u015fte Gelinim Mutfakta 28 Ocak \u00c7ar\u015famba yay\u0131n\u0131na damga vuran tapu olay\u0131 ve Alime2nin ablas\u0131ndan Tijen&#8217;e y\u00f6nelik zehir zemberek s\u00f6zler&#8230;<\/p>\n<h3>GEL\u0130N\u0130M MUTFAKTA&#8217;DA AL\u0130ME&#8217;N\u0130N ABLASINDAN ZEH\u0130R ZEMBEREK S\u00d6ZLER!<\/h3>\n<p><a href=\"https:\/\/www.tgrthaber.com\/mavikadin\/gelinim-mutfaktada-ortalik-karisti-gozde-ve-esi-zafer-studyoda-restlesti-kayinvalide-meryem-ipleri-kopardi\/\">Gelinim Mutfakta<\/a>\u2019n\u0131n bug\u00fcn ekrana gelen b\u00f6l\u00fcmde resmen bir aile krizi ya\u015fand\u0131. Alime\u2019nin kay\u0131nvalidesi Tijen Han\u0131m\u2019\u0131n s\u00f6zleri st\u00fcdyoda adeta deprem etkisi olu\u015fturdu.<\/p>\n<p><img loading=\"lazy\" decoding=\"async\" class=\"alignnone wp-image-296155 size-full\" src=\"https:\/\/www.tgrthaber.com\/mavikadin\/wp-content\/uploads\/2026\/01\/Ekran-goruntusu-2026-01-28-190407.png\" alt=\"\" width=\"1614\" height=\"855\" title=\"\" srcset=\"https:\/\/www.tgrthaber.com\/mavikadin\/wp-content\/uploads\/2026\/01\/Ekran-goruntusu-2026-01-28-190407.png 1614w, https:\/\/www.tgrthaber.com\/mavikadin\/wp-content\/uploads\/2026\/01\/Ekran-goruntusu-2026-01-28-190407-300x159.png 300w, https:\/\/www.tgrthaber.com\/mavikadin\/wp-content\/uploads\/2026\/01\/Ekran-goruntusu-2026-01-28-190407-1024x542.png 1024w, https:\/\/www.tgrthaber.com\/mavikadin\/wp-content\/uploads\/2026\/01\/Ekran-goruntusu-2026-01-28-190407-768x407.png 768w, https:\/\/www.tgrthaber.com\/mavikadin\/wp-content\/uploads\/2026\/01\/Ekran-goruntusu-2026-01-28-190407-1536x814.png 1536w\" sizes=\"(max-width: 1614px) 100vw, 1614px\" \/><\/p>\n<hr \/>\n<p>Tijen Han\u0131m, evin tapusu konusuna dair tavr\u0131n\u0131 sert ifadelerle dile getirerek, &#8216;7 y\u0131ll\u0131k evlisin, ben sana neden g\u00fcveneyim Alime? Tapu vermem, hele Alime\u2019ye hi\u00e7 vermem&#8217; dedi. Tijen Han\u0131m, &#8216;D\u00fc\u011f\u00fcnde tak\u0131lan alt\u0131nlarla bor\u00e7lar\u0131 \u00f6dedik. D\u00fc\u011f\u00fcn\u00fc biz yapt\u0131k, tak\u0131lar\u0131 da ald\u0131m&#8217; \u00e7\u0131k\u0131\u015f\u0131yla st\u00fcdyoda bulunan gelinlerin tepkisini \u00e7ekti.<\/p>\n<p><img loading=\"lazy\" decoding=\"async\" class=\"alignnone wp-image-296158 \" src=\"https:\/\/www.tgrthaber.com\/mavikadin\/wp-content\/uploads\/2026\/01\/Ekran-goruntusu-2026-01-28-153546.png\" alt=\"\" width=\"1328\" height=\"676\" title=\"\" srcset=\"https:\/\/www.tgrthaber.com\/mavikadin\/wp-content\/uploads\/2026\/01\/Ekran-goruntusu-2026-01-28-153546.png 713w, https:\/\/www.tgrthaber.com\/mavikadin\/wp-content\/uploads\/2026\/01\/Ekran-goruntusu-2026-01-28-153546-300x153.png 300w\" sizes=\"(max-width: 1328px) 100vw, 1328px\" \/><\/p>\n<hr \/>\n<p>Torun konusuna da kap\u0131y\u0131 kapatan Tijen Han\u0131m, &#8216;Babaanne olmaya haz\u0131r de\u011filim. O\u011flum da zaten haz\u0131r de\u011fil&#8217; diyerek dikkatleri t\u00fcm\u00fcyle \u00fczerine \u00e7ekti. Bu ifadeler sonras\u0131 g\u00f6zler Alime\u2019ye \u00e7evrilirken, g\u00fcne damga vuran as\u0131l olay Alime&#8217;nin ablas\u0131ndan gelen video oldu.<\/p>\n<p><img loading=\"lazy\" decoding=\"async\" class=\"alignnone wp-image-296154 size-full\" src=\"https:\/\/www.tgrthaber.com\/mavikadin\/wp-content\/uploads\/2026\/01\/Ekran-goruntusu-2026-01-28-190323.png\" alt=\"\" width=\"1626\" height=\"865\" title=\"\" srcset=\"https:\/\/www.tgrthaber.com\/mavikadin\/wp-content\/uploads\/2026\/01\/Ekran-goruntusu-2026-01-28-190323.png 1626w, https:\/\/www.tgrthaber.com\/mavikadin\/wp-content\/uploads\/2026\/01\/Ekran-goruntusu-2026-01-28-190323-300x160.png 300w, https:\/\/www.tgrthaber.com\/mavikadin\/wp-content\/uploads\/2026\/01\/Ekran-goruntusu-2026-01-28-190323-1024x545.png 1024w, https:\/\/www.tgrthaber.com\/mavikadin\/wp-content\/uploads\/2026\/01\/Ekran-goruntusu-2026-01-28-190323-768x409.png 768w, https:\/\/www.tgrthaber.com\/mavikadin\/wp-content\/uploads\/2026\/01\/Ekran-goruntusu-2026-01-28-190323-1536x817.png 1536w\" sizes=\"(max-width: 1626px) 100vw, 1626px\" \/><\/p>\n<hr \/>\n<p>&#8216;Alime\u2019nin d\u00fc\u011f\u00fcn\u00fcnde karde\u015fime tak\u0131lan ne varsa ald\u0131n\u0131z. Resmen gelin odas\u0131n\u0131n kap\u0131s\u0131nda n\u00f6bet tuttunuz&#8217; diyen abla, karde\u015fi Alime&#8217;ye yap\u0131lan haks\u0131zl\u0131klar\u0131n hesab\u0131n\u0131 bir bir sordu. &#8216;K\u00fc\u00e7\u00fck gelini gelinlik bakmaya g\u00f6t\u00fcrd\u00fcn\u00fcz ama beni Alime\u2019nin gelinli\u011fine bakmaya bile \u00e7a\u011f\u0131rmad\u0131n\u0131z&#8217; s\u00f6zleriyle kay\u0131nvalide Tijen&#8217;e resmen ate\u015f p\u00fcsk\u00fcrd\u00fc.<\/p>\n<p><img loading=\"lazy\" decoding=\"async\" class=\"alignnone wp-image-296158 \" src=\"https:\/\/www.tgrthaber.com\/mavikadin\/wp-content\/uploads\/2026\/01\/Ekran-goruntusu-2026-01-28-153546.png\" alt=\"\" width=\"1406\" height=\"716\" title=\"\" srcset=\"https:\/\/www.tgrthaber.com\/mavikadin\/wp-content\/uploads\/2026\/01\/Ekran-goruntusu-2026-01-28-153546.png 713w, https:\/\/www.tgrthaber.com\/mavikadin\/wp-content\/uploads\/2026\/01\/Ekran-goruntusu-2026-01-28-153546-300x153.png 300w\" sizes=\"(max-width: 1406px) 100vw, 1406px\" \/><\/p>\n<hr \/>\n<h3>EV\u0130N TAPUSU G\u00dcNDEM OLDU<\/h3>\n<p>Tart\u0131\u015fman\u0131n merkezinde ise y\u0131llard\u0131r Alime&#8217;ye verilmeyen ev tapusu yer ald\u0131. Gelin Alime; &#8216;Alt\u0131nlar\u0131 ald\u0131lar, bize ev vereceklerini s\u00f6ylediler. Apartman yap\u0131ld\u0131, herkese bir daire d\u00fc\u015ft\u00fc ama tapu kay\u0131nvalidemin \u00fczerinde. Bana vermedi&#8217; dedi.<\/p>\n<p><img loading=\"lazy\" decoding=\"async\" class=\"alignnone wp-image-296157 \" src=\"https:\/\/www.tgrthaber.com\/mavikadin\/wp-content\/uploads\/2026\/01\/Ekran-goruntusu-2026-01-26-184103.png\" alt=\"\" width=\"1307\" height=\"734\" title=\"\" srcset=\"https:\/\/www.tgrthaber.com\/mavikadin\/wp-content\/uploads\/2026\/01\/Ekran-goruntusu-2026-01-26-184103.png 805w, https:\/\/www.tgrthaber.com\/mavikadin\/wp-content\/uploads\/2026\/01\/Ekran-goruntusu-2026-01-26-184103-300x168.png 300w, https:\/\/www.tgrthaber.com\/mavikadin\/wp-content\/uploads\/2026\/01\/Ekran-goruntusu-2026-01-26-184103-768x431.png 768w\" sizes=\"(max-width: 1307px) 100vw, 1307px\" \/><\/p>\n<hr \/>\n<p><a href=\"https:\/\/www.tgrthaber.com\/mavikadin\/gelinim-mutfakta-tugbanin-yeni-kayinvalidesi-kim-eski-kayinvalide-ile-benzerlik-yok-artik-dedirtti\/\">Gelinim Mutfakta<\/a>&#8216;ya \u00f6zel bir video haz\u0131rlayan Alime&#8217;nin ablas\u0131 t\u00fcm bu ya\u015fananlara sitem ederek dikkat \u00e7eken a\u00e7\u0131klamalar\u0131na devam etti. &#8216;Alime\u2019nin bilezikleri d\u0131\u015f\u0131nda tak\u0131lan t\u00fcm tak\u0131lar\u0131 ald\u0131n\u0131z&#8217; diyen abla,&#8217;Bu evlilik size ra\u011fmen ayakta duruyorsa, bu Alime\u2019nin eme\u011fidir&#8217; s\u00f6zlerini kullanarak kay\u0131nvalide Tijen&#8217;e y\u00fcklenmeye devam etti. \u0130\u015fte Gelinim Mutfakta&#8217;n\u0131n yeni b\u00f6l\u00fcm\u00fcne damga vuran Alime&#8217;nin ablas\u0131ndan kaynana Tijen&#8217;e sert \u00e7\u0131k\u0131\u015f&#8230;<\/p>\n<div style=\"width: 640px;\" class=\"wp-video\"><!--[if lt IE 9]><script>document.createElement('video');<\/script><![endif]-->\n<video class=\"wp-video-shortcode\" id=\"video-296135-1\" width=\"640\" height=\"1138\" preload=\"metadata\" controls=\"controls\"><source type=\"video\/mp4\" src=\"https:\/\/www.tgrthaber.com\/mavikadin\/wp-content\/uploads\/2026\/01\/Alimenin-ablasi-Tijen-Hanim-hakkinda-ne-aciklayacak-@aslihunel-@kanald-@kargafilm.production-.mp4?_=1\" \/><a href=\"https:\/\/www.tgrthaber.com\/mavikadin\/wp-content\/uploads\/2026\/01\/Alimenin-ablasi-Tijen-Hanim-hakkinda-ne-aciklayacak-@aslihunel-@kanald-@kargafilm.production-.mp4\">https:\/\/www.tgrthaber.com\/mavikadin\/wp-content\/uploads\/2026\/01\/Alimenin-ablasi-Tijen-Hanim-hakkinda-ne-aciklayacak-@aslihunel-@kanald-@kargafilm.production-.mp4<\/a><\/video><\/div>\n<hr \/>\n<p>Gelinim Mutfakta hafta i\u00e7i her g\u00fcn Kanal D ekranlar\u0131nda olmaya devam ediyor. G\u00fcn sonunda \u00e7eyrek alt\u0131n i\u00e7in m\u00fccadele eden gelinler Cuma g\u00fcn\u00fc 10 alt\u0131n bilezi\u011fi almak i\u00e7in tezgah ba\u015f\u0131na ge\u00e7iyor. 28 Ocak \u00c7ar\u015famba \u00e7eyrek alt\u0131n\u0131 alan gelin ise Alime olarak a\u00e7\u0131kland\u0131.<\/p>\n","protected":false},"excerpt":{"rendered":"<p>Gelinim Mutfakta&#8217;n\u0131n bug\u00fcn yay\u0131nlanan b\u00f6l\u00fcm\u00fcnde tansiyon bir an olsun d\u00fc\u015fmedi. St\u00fcdyoda ba\u015flayan tapu tart\u0131\u015fmas\u0131, Alime&#8217;nin ablas\u0131n\u0131n payla\u015ft\u0131\u011f\u0131 bir video ile daha da alevlendi. Zehir zemberek s\u00f6zler sarf eden Alime&#8217;nin ablas\u0131 ekran ba\u015f\u0131ndakileri \u015fa\u015fk\u0131na u\u011fratt\u0131. \u0130\u015fte detaylar&#8230;<\/p>\n","protected":false},"author":35,"featured_media":296153,"comment_status":"closed","ping_status":"closed","sticky":false,"template":"","format":"standard","meta":{"rank_math_lock_modified_date":false,"footnotes":""},"categories":[76],"tags":[7578,71212,71621,133,2218],"class_list":["post-296135","post","type-post","status-publish","format-standard","has-post-thumbnail","hentry","category-magazin","tag-gelinim-mutfakta","tag-gelinim-mutfakta-alime","tag-gelinim-mutfakta-alimenin-ablasi","tag-magazin","tag-magazin-haberleri"],"_links":{"self":[{"href":"https:\/\/www.tgrthaber.com\/mavikadin\/wp-json\/wp\/v2\/posts\/296135"}],"collection":[{"href":"https:\/\/www.tgrthaber.com\/mavikadin\/wp-json\/wp\/v2\/posts"}],"about":[{"href":"https:\/\/www.tgrthaber.com\/mavikadin\/wp-json\/wp\/v2\/types\/post"}],"author":[{"embeddable":true,"href":"https:\/\/www.tgrthaber.com\/mavikadin\/wp-json\/wp\/v2\/users\/35"}],"replies":[{"embeddable":true,"href":"https:\/\/www.tgrthaber.com\/mavikadin\/wp-json\/wp\/v2\/comments?post=296135"}],"version-history":[{"count":3,"href":"https:\/\/www.tgrthaber.com\/mavikadin\/wp-json\/wp\/v2\/posts\/296135\/revisions"}],"predecessor-version":[{"id":296162,"href":"https:\/\/www.tgrthaber.com\/mavikadin\/wp-json\/wp\/v2\/posts\/296135\/revisions\/296162"}],"wp:featuredmedia":[{"embeddable":true,"href":"https:\/\/www.tgrthaber.com\/mavikadin\/wp-json\/wp\/v2\/media\/296153"}],"wp:attachment":[{"href":"https:\/\/www.tgrthaber.com\/mavikadin\/wp-json\/wp\/v2\/media?parent=296135"}],"wp:term":[{"taxonomy":"category","embeddable":true,"href":"https:\/\/www.tgrthaber.com\/mavikadin\/wp-json\/wp\/v2\/categories?post=296135"},{"taxonomy":"post_tag","embeddable":true,"href":"https:\/\/www.tgrthaber.com\/mavikadin\/wp-json\/wp\/v2\/tags?post=296135"}],"curies":[{"name":"wp","href":"https:\/\/api.w.org\/{rel}","templated":true}]}}