{"id":296163,"date":"2026-01-28T19:53:01","date_gmt":"2026-01-28T16:53:01","guid":{"rendered":"https:\/\/www.tgrthaber.com\/mavikadin\/?p=296163"},"modified":"2026-01-28T19:53:02","modified_gmt":"2026-01-28T16:53:02","slug":"kizilcik-serbeti-dizisinden-apar-topar-cikarilan-dogukan-gungore-veda-pastasi-gozyaslarina-boguldu-aciklamalari-dikkat-cekti","status":"publish","type":"post","link":"https:\/\/www.tgrthaber.com\/mavikadin\/kizilcik-serbeti-dizisinden-apar-topar-cikarilan-dogukan-gungore-veda-pastasi-gozyaslarina-boguldu-aciklamalari-dikkat-cekti\/","title":{"rendered":"K\u0131z\u0131lc\u0131k \u015eerbeti dizisinden apar topar \u00e7\u0131kar\u0131lan Do\u011fukan G\u00fcng\u00f6r&#8217;e veda pastas\u0131! G\u00f6zya\u015flar\u0131na bo\u011fuldu a\u00e7\u0131klamalar\u0131 dikkat \u00e7ekti"},"content":{"rendered":"<p>Ba\u015far\u0131l\u0131 oyuncu <a href=\"https:\/\/www.tgrthaber.com\/mavikadin\/dogukan-gungor-kizilcik-serbeti-dizisinden-ayrildi-mi-akillara-feyza-civelek-geldi\/\">Do\u011fukan G\u00fcng\u00f6r<\/a> i\u00e7in K\u0131z\u0131lc\u0131k \u015eerbeti hikayesi ani bir \u015fekilde sona erdi. Yasakl\u0131 madde soru\u015fturmas\u0131 kapsam\u0131nda test sonucunun pozitif \u00e7\u0131kmas\u0131 sonras\u0131, diziden apar topar \u00e7\u0131kar\u0131lan Do\u011fukan G\u00fcng\u00f6r i\u00e7in ekip arkada\u015flar\u0131 veda pastas\u0131 kesti. 4 sezondur K\u0131z\u0131lc\u0131k \u015eerbeti dizisinde oynayan oyuncu veda konu\u015fmas\u0131nda g\u00f6zya\u015flar\u0131na da hakim olamad\u0131. T\u00fcm detaylar haberimizde&#8230;<\/p>\n<h3>KIZILCIK \u015eERBET\u0130 D\u0130Z\u0130S\u0130NDEN APAR TOPAR \u00c7IKARILAN DO\u011eUKAN G\u00dcNG\u00d6R&#8217;E VEDA PASTASI!<\/h3>\n<p><a href=\"https:\/\/www.tgrthaber.com\/mavikadin\/kizilcik-serbeti-dizisinde-ayrimcilik-dogukan-gungor-gitti-feyza-civelek-duruyor\/\">K\u0131z\u0131lc\u0131k \u015eerbeti<\/a> dizisinde Fatih rol\u00fcnde izleyici kar\u015f\u0131s\u0131na \u00e7\u0131kan Do\u011fukan G\u00fcng\u00f6r, diziden \u00e7\u0131kart\u0131ld\u0131. G\u00fcng\u00f6r&#8217;\u00fcn kadrodan \u00e7\u0131kar\u0131lmas\u0131 sonras\u0131, set ekibi \u00fcnl\u00fc oyuncu i\u00e7in veda pastas\u0131 kesti.<\/p>\n<p><img loading=\"lazy\" decoding=\"async\" class=\"alignnone wp-image-296166 size-full\" src=\"https:\/\/www.tgrthaber.com\/mavikadin\/wp-content\/uploads\/2026\/01\/kizilcik-serbetinin-fatihi-dogukan-gungorden-yeni-proje-anlasmasi-eefl.jpg\" alt=\"\" width=\"1280\" height=\"720\" title=\"\" srcset=\"https:\/\/www.tgrthaber.com\/mavikadin\/wp-content\/uploads\/2026\/01\/kizilcik-serbetinin-fatihi-dogukan-gungorden-yeni-proje-anlasmasi-eefl.jpg 1280w, https:\/\/www.tgrthaber.com\/mavikadin\/wp-content\/uploads\/2026\/01\/kizilcik-serbetinin-fatihi-dogukan-gungorden-yeni-proje-anlasmasi-eefl-300x169.jpg 300w, https:\/\/www.tgrthaber.com\/mavikadin\/wp-content\/uploads\/2026\/01\/kizilcik-serbetinin-fatihi-dogukan-gungorden-yeni-proje-anlasmasi-eefl-1024x576.jpg 1024w, https:\/\/www.tgrthaber.com\/mavikadin\/wp-content\/uploads\/2026\/01\/kizilcik-serbetinin-fatihi-dogukan-gungorden-yeni-proje-anlasmasi-eefl-768x432.jpg 768w\" sizes=\"(max-width: 1280px) 100vw, 1280px\" \/><\/p>\n<hr \/>\n<p>D\u00f6rt sezondur K\u0131z\u0131lc\u0131k \u015eerbeti hikayesinde bulunan Do\u011fukan G\u00fcng\u00f6r, yapt\u0131\u011f\u0131 a\u00e7\u0131klamalarla dikkat \u00e7ekerken, o anlarda g\u00f6zya\u015flar\u0131na bo\u011fuldu. K\u0131z\u0131lc\u0131k \u015eerbeti dizisinde rol arkada\u015flar\u0131 olan Feyza Civelek ve Seray Kaya ba\u015fta olmak \u00fczere bir\u00e7ok isim sosyal medya hesaplar\u0131 \u00fczerinden veda payla\u015f\u0131m\u0131 yaparak, oyuncu Do\u011fukan G\u00fcng\u00f6r&#8217;e bu s\u00fcre\u00e7te destek oldular.<\/p>\n<p><img loading=\"lazy\" decoding=\"async\" class=\"alignnone wp-image-296169 size-full\" src=\"https:\/\/www.tgrthaber.com\/mavikadin\/wp-content\/uploads\/2026\/01\/5YTw-kizilcik-serbetinde-deprem-dogukan-gungor-kadrodan-cikarildi-yeni-fatih-belli-oldu-iste-o-isim.webp\" alt=\"\" width=\"1280\" height=\"720\" title=\"\" srcset=\"https:\/\/www.tgrthaber.com\/mavikadin\/wp-content\/uploads\/2026\/01\/5YTw-kizilcik-serbetinde-deprem-dogukan-gungor-kadrodan-cikarildi-yeni-fatih-belli-oldu-iste-o-isim.webp 1280w, https:\/\/www.tgrthaber.com\/mavikadin\/wp-content\/uploads\/2026\/01\/5YTw-kizilcik-serbetinde-deprem-dogukan-gungor-kadrodan-cikarildi-yeni-fatih-belli-oldu-iste-o-isim-300x169.webp 300w, https:\/\/www.tgrthaber.com\/mavikadin\/wp-content\/uploads\/2026\/01\/5YTw-kizilcik-serbetinde-deprem-dogukan-gungor-kadrodan-cikarildi-yeni-fatih-belli-oldu-iste-o-isim-1024x576.webp 1024w, https:\/\/www.tgrthaber.com\/mavikadin\/wp-content\/uploads\/2026\/01\/5YTw-kizilcik-serbetinde-deprem-dogukan-gungor-kadrodan-cikarildi-yeni-fatih-belli-oldu-iste-o-isim-768x432.webp 768w\" sizes=\"(max-width: 1280px) 100vw, 1280px\" \/><\/p>\n<hr \/>\n<h3>G\u00d6ZYA\u015eLARINA BO\u011eULDU A\u00c7IKLAMALARI D\u0130KKAT \u00c7EKT\u0130<\/h3>\n<p><a href=\"https:\/\/www.tgrthaber.com\/mavikadin\/dogukan-gungor-kizilcik-serbetinden-ayriliyor-yeni-fatih-unal-icin-arayislar-basladi\/\">Do\u011fukan G\u00fcng\u00f6r<\/a>&#8216;\u00fcn pastas\u0131n\u0131 keserken konu\u015fmakta olduk\u00e7a zorland\u0131 ve g\u00f6zya\u015flar\u0131na hakim olamad\u0131. G\u00fcng\u00f6r; &#8216;Bu enkaz\u0131n alt\u0131nda oyunculu\u011fa olan a\u015fk\u0131m, i\u015fime olan sevgim ve kendime olan g\u00fcvenimle \u00e7\u0131kaca\u011f\u0131ma emin olabilirsiniz&#8217; diyerek duygusal anlar ya\u015fatt\u0131.<\/p>\n<p><img loading=\"lazy\" decoding=\"async\" class=\"alignnone wp-image-296168 size-full\" src=\"https:\/\/www.tgrthaber.com\/mavikadin\/wp-content\/uploads\/2026\/01\/adsiz-tasarim-2026-01-28t181629805.webp\" alt=\"\" width=\"1280\" height=\"720\" title=\"\" srcset=\"https:\/\/www.tgrthaber.com\/mavikadin\/wp-content\/uploads\/2026\/01\/adsiz-tasarim-2026-01-28t181629805.webp 1280w, https:\/\/www.tgrthaber.com\/mavikadin\/wp-content\/uploads\/2026\/01\/adsiz-tasarim-2026-01-28t181629805-300x169.webp 300w, https:\/\/www.tgrthaber.com\/mavikadin\/wp-content\/uploads\/2026\/01\/adsiz-tasarim-2026-01-28t181629805-1024x576.webp 1024w, https:\/\/www.tgrthaber.com\/mavikadin\/wp-content\/uploads\/2026\/01\/adsiz-tasarim-2026-01-28t181629805-768x432.webp 768w\" sizes=\"(max-width: 1280px) 100vw, 1280px\" \/><\/p>\n<hr \/>\n<p>Do\u011fukan G\u00fcng\u00f6r; &#8216;Yeni gelen karde\u015fimizin de herkes arkas\u0131nda olsun l\u00fctfen. Zor bir g\u00f6rev devrald\u0131 ya\u015fanan durum itibar\u0131yla. Her \u015fey i\u00e7in te\u015fekk\u00fcr ederim&#8217; diyerek K\u0131z\u0131lc\u0131k \u015ferbeti ekibine veda etti.<\/p>\n<p><img loading=\"lazy\" decoding=\"async\" class=\"alignnone wp-image-296167 size-full\" src=\"https:\/\/www.tgrthaber.com\/mavikadin\/wp-content\/uploads\/2026\/01\/kizilcik-serbetinin-fatihi-dogukan-gungor-sevgilisiyle-yakalandi-bunu-yayinlamayalim-17161911252134.webp\" alt=\"\" width=\"1280\" height=\"720\" title=\"\" srcset=\"https:\/\/www.tgrthaber.com\/mavikadin\/wp-content\/uploads\/2026\/01\/kizilcik-serbetinin-fatihi-dogukan-gungor-sevgilisiyle-yakalandi-bunu-yayinlamayalim-17161911252134.webp 1280w, https:\/\/www.tgrthaber.com\/mavikadin\/wp-content\/uploads\/2026\/01\/kizilcik-serbetinin-fatihi-dogukan-gungor-sevgilisiyle-yakalandi-bunu-yayinlamayalim-17161911252134-300x169.webp 300w, https:\/\/www.tgrthaber.com\/mavikadin\/wp-content\/uploads\/2026\/01\/kizilcik-serbetinin-fatihi-dogukan-gungor-sevgilisiyle-yakalandi-bunu-yayinlamayalim-17161911252134-1024x576.webp 1024w, https:\/\/www.tgrthaber.com\/mavikadin\/wp-content\/uploads\/2026\/01\/kizilcik-serbetinin-fatihi-dogukan-gungor-sevgilisiyle-yakalandi-bunu-yayinlamayalim-17161911252134-768x432.webp 768w\" sizes=\"(max-width: 1280px) 100vw, 1280px\" \/><\/p>\n<hr \/>\n<h3>SAHNELER \u0130PTAL, SENARYO AC\u0130L REV\u0130ZYONA G\u0130RD\u0130<\/h3>\n<p>Gazeteci Birsen Altunta\u015f&#8217;\u0131n payla\u015ft\u0131\u011f\u0131 bir di\u011fer bilgi ise G\u00fcng\u00f6r&#8217;\u00fcn diziden \u00e7\u0131kar\u0131lmas\u0131 sonras\u0131 Cuma g\u00fcn\u00fc \u00e7ekilen t\u00fcm sahnelerin iptal edilmi\u015f olmas\u0131. Ayr\u0131ca yeni b\u00f6l\u00fcm fragman\u0131nda yer alan Do\u011fukan G\u00fcng\u00f6r&#8217;\u00fcn bulundu\u011fu t\u00fcm kareler de t\u00fcm\u00fcyle temizlendi. Yap\u0131m ekibi ya\u015fananlardan sonra dizinin hikayesinde acil olarak revizyona girdi.<\/p>\n<div style=\"width: 640px;\" class=\"wp-video\"><!--[if lt IE 9]><script>document.createElement('video');<\/script><![endif]-->\n<video class=\"wp-video-shortcode\" id=\"video-296163-1\" width=\"640\" height=\"1138\" preload=\"metadata\" controls=\"controls\"><source type=\"video\/mp4\" src=\"https:\/\/www.tgrthaber.com\/mavikadin\/wp-content\/uploads\/2026\/01\/get-1-1.mp4?_=1\" \/><a href=\"https:\/\/www.tgrthaber.com\/mavikadin\/wp-content\/uploads\/2026\/01\/get-1-1.mp4\">https:\/\/www.tgrthaber.com\/mavikadin\/wp-content\/uploads\/2026\/01\/get-1-1.mp4<\/a><\/video><\/div>\n<hr \/>\n<h3>KIZILCIK \u015eERBET\u0130 D\u0130Z\u0130S\u0130N\u0130N YEN\u0130 FAT\u0130H&#8217;\u0130 NETLE\u015eT\u0130<\/h3>\n<p>Bununla birlikte K\u0131z\u0131lc\u0131k \u015eerbeti dizisinin Fatih&#8217;ini oynayacak oyuncu da belli oldu. Ba\u015far\u0131l\u0131 oyuncu Emre Dinler K\u0131z\u0131lc\u0131k \u015eerbeti dizisinin yeni Fatih&#8217;i oldu. Ya\u015fanan bu olaylar sonras\u0131 dizideki dengelerin nas\u0131l olaca\u011f\u0131 ve K\u0131z\u0131lc\u0131k \u015eerbeti Fatih&#8217;i Emre Dinler&#8217;in performans\u0131 \u015fimdiden merak konusu oldu.<\/p>\n","protected":false},"excerpt":{"rendered":"<p>K\u0131z\u0131lc\u0131k \u015eerbeti dizisinde ya\u015fanan Do\u011fukan G\u00fcng\u00f6r&#8217;\u00fcn ani vedas\u0131 geni\u015f yank\u0131 uyand\u0131rd\u0131. Fatih rol\u00fcyle milyonlar\u0131 ekran ba\u015f\u0131na kilitleyen Do\u011fukan G\u00fcng\u00f6r i\u00e7in sette veda pastas\u0131 kesildi. O anlarda g\u00f6zya\u015flar\u0131na bo\u011fulan G\u00fcng\u00f6r&#8217;\u00fcn a\u00e7\u0131klamalar\u0131 da dikkat \u00e7ekti. \u0130\u015fte detaylar&#8230;<\/p>\n","protected":false},"author":35,"featured_media":296164,"comment_status":"closed","ping_status":"closed","sticky":false,"template":"","format":"standard","meta":{"rank_math_lock_modified_date":false,"footnotes":""},"categories":[76],"tags":[4112,5496,157,71622,133],"class_list":["post-296163","post","type-post","status-publish","format-standard","has-post-thumbnail","hentry","category-magazin","tag-dogukan-gungor","tag-emre-dinler","tag-kizilcik-serbeti","tag-kizilcik-serbeti-fatihi","tag-magazin"],"_links":{"self":[{"href":"https:\/\/www.tgrthaber.com\/mavikadin\/wp-json\/wp\/v2\/posts\/296163"}],"collection":[{"href":"https:\/\/www.tgrthaber.com\/mavikadin\/wp-json\/wp\/v2\/posts"}],"about":[{"href":"https:\/\/www.tgrthaber.com\/mavikadin\/wp-json\/wp\/v2\/types\/post"}],"author":[{"embeddable":true,"href":"https:\/\/www.tgrthaber.com\/mavikadin\/wp-json\/wp\/v2\/users\/35"}],"replies":[{"embeddable":true,"href":"https:\/\/www.tgrthaber.com\/mavikadin\/wp-json\/wp\/v2\/comments?post=296163"}],"version-history":[{"count":2,"href":"https:\/\/www.tgrthaber.com\/mavikadin\/wp-json\/wp\/v2\/posts\/296163\/revisions"}],"predecessor-version":[{"id":296173,"href":"https:\/\/www.tgrthaber.com\/mavikadin\/wp-json\/wp\/v2\/posts\/296163\/revisions\/296173"}],"wp:featuredmedia":[{"embeddable":true,"href":"https:\/\/www.tgrthaber.com\/mavikadin\/wp-json\/wp\/v2\/media\/296164"}],"wp:attachment":[{"href":"https:\/\/www.tgrthaber.com\/mavikadin\/wp-json\/wp\/v2\/media?parent=296163"}],"wp:term":[{"taxonomy":"category","embeddable":true,"href":"https:\/\/www.tgrthaber.com\/mavikadin\/wp-json\/wp\/v2\/categories?post=296163"},{"taxonomy":"post_tag","embeddable":true,"href":"https:\/\/www.tgrthaber.com\/mavikadin\/wp-json\/wp\/v2\/tags?post=296163"}],"curies":[{"name":"wp","href":"https:\/\/api.w.org\/{rel}","templated":true}]}}