{"id":296165,"date":"2026-01-28T20:13:43","date_gmt":"2026-01-28T17:13:43","guid":{"rendered":"https:\/\/www.tgrthaber.com\/mavikadin\/?p=296165"},"modified":"2026-01-28T20:13:44","modified_gmt":"2026-01-28T17:13:44","slug":"survivor-ramazan-saridan-baris-osman-can-ve-nefiseye-gonderme-survivor-ramazandan-olay-sozler","status":"publish","type":"post","link":"https:\/\/www.tgrthaber.com\/mavikadin\/survivor-ramazan-saridan-baris-osman-can-ve-nefiseye-gonderme-survivor-ramazandan-olay-sozler\/","title":{"rendered":"Survivor Ramazan Sar\u0131\u2019dan Bar\u0131\u015f, Osman Can ve Nefise\u2019ye g\u00f6nderme! Survivor Ramazan\u2019dan olay s\u00f6zler!"},"content":{"rendered":"<p><a href=\"https:\/\/www.tgrthaber.com\/mavikadin\/survivor-28-ocak-2026-unluler-gonulluler-dokunulmazlik-oyunu-kim-kazandi-survivor-eleme-adayi-kim-oldu\/\">Survivor<\/a> 2026\u2019da tansiyon her ge\u00e7en g\u00fcn daha da y\u00fckseliyor. S\u00f6ylemleri ve adadaki tav\u0131rlar\u0131yla zaman zaman kendi tak\u0131m\u0131ndan da tepki \u00e7eken Ramazan Sar\u0131, bu kez hedefini All Star yar\u0131\u015fmac\u0131lar\u0131na \u00e7evirdi. All Star isimlerin adaya gelmesiyle birlikte \u201cAll Star benim\u201d s\u00f6zleriyle meydan okuyan Ramazan, \u00e7\u0131k\u0131\u015f\u0131yla g\u00fcndem oldu. G\u00f6n\u00fcll\u00fcler (Mavi Tak\u0131m) kadrosuna dahil olan Bar\u0131\u015f Murat Ya\u011fc\u0131, Osman Can Ural ve Nefise Karatay hakk\u0131nda sert ifadeler kullanan Ramazan Sar\u0131, isimler \u00fczerinden yapt\u0131\u011f\u0131 g\u00f6ndermelerle hem adada hem de sosyal medyada b\u00fcy\u00fck yank\u0131 uyand\u0131rd\u0131. Bu s\u00f6zlerin ard\u0131ndan g\u00f6zler, All Star yar\u0131\u015fmac\u0131lar\u0131n\u0131n Ramazan\u2019\u0131n \u00e7\u0131k\u0131\u015f\u0131na nas\u0131l kar\u015f\u0131l\u0131k verece\u011fine \u00e7evrildi. Yeni b\u00f6l\u00fcmde ya\u015fanacak y\u00fczle\u015fmeler \u015fimdiden merak konusu oldu.<\/p>\n<h3>SURV\u0130VOR RAMAZAN ALL STARLARI HEDEF ALDI<\/h3>\n<p>Survivor 2026 G\u00f6n\u00fcll\u00fcler tak\u0131m kadrosunda yer alan Ramazan Sar\u0131, birka\u00e7 haftad\u0131r oyun performans\u0131n\u0131n yan\u0131 s\u0131ra All Star yar\u0131\u015fmac\u0131lar\u0131na s\u00f6yledi\u011fi s\u00f6zlerle g\u00fcndeme geliyor. Eski yar\u0131\u015fmac\u0131lar\u0131n adaya gelmesi, Survivor Ramazan\u2019\u0131 rahats\u0131z etti. Survivor Ramazan, \u201c All Star benim\u201d s\u00f6zleriyle de performans\u0131n\u0131n onlardan da kat ve kat daha iyi oldu\u011funu savundu.<\/p>\n<p><img loading=\"lazy\" decoding=\"async\" class=\"alignnone wp-image-296174 size-full\" src=\"https:\/\/www.tgrthaber.com\/mavikadin\/wp-content\/uploads\/2026\/01\/Adsiz-tasarim-17-12.jpg\" alt=\"\" width=\"1208\" height=\"680\" title=\"\" srcset=\"https:\/\/www.tgrthaber.com\/mavikadin\/wp-content\/uploads\/2026\/01\/Adsiz-tasarim-17-12.jpg 1208w, https:\/\/www.tgrthaber.com\/mavikadin\/wp-content\/uploads\/2026\/01\/Adsiz-tasarim-17-12-300x169.jpg 300w, https:\/\/www.tgrthaber.com\/mavikadin\/wp-content\/uploads\/2026\/01\/Adsiz-tasarim-17-12-1024x576.jpg 1024w, https:\/\/www.tgrthaber.com\/mavikadin\/wp-content\/uploads\/2026\/01\/Adsiz-tasarim-17-12-768x432.jpg 768w\" sizes=\"(max-width: 1208px) 100vw, 1208px\" \/><\/p>\n<hr \/>\n<p>Eski All Star yar\u0131\u015fmac\u0131lar\u0131n\u0131n yeni tak\u0131mlar\u0131 belli olmas\u0131 \u00fczerine G\u00f6n\u00fcll\u00fcler (mavi) tak\u0131m\u0131na Bar\u0131\u015f Murat Ya\u011fc\u0131, Osman Can Ural ve Nefise Karatay ge\u00e7ti. Survivor 2026\u2019\u0131n mavi tak\u0131m\u0131na gelen eski yar\u0131\u015fmac\u0131lar hakk\u0131nda adada Ramazan Sar\u0131, Engincan Tura ve Nisanur G\u00fcler konu\u015ftu.<\/p>\n<p><img loading=\"lazy\" decoding=\"async\" class=\"alignnone wp-image-296175 size-full\" src=\"https:\/\/www.tgrthaber.com\/mavikadin\/wp-content\/uploads\/2026\/01\/Adsiz-tasarim-21-11.jpg\" alt=\"\" width=\"1208\" height=\"680\" title=\"\" srcset=\"https:\/\/www.tgrthaber.com\/mavikadin\/wp-content\/uploads\/2026\/01\/Adsiz-tasarim-21-11.jpg 1208w, https:\/\/www.tgrthaber.com\/mavikadin\/wp-content\/uploads\/2026\/01\/Adsiz-tasarim-21-11-300x169.jpg 300w, https:\/\/www.tgrthaber.com\/mavikadin\/wp-content\/uploads\/2026\/01\/Adsiz-tasarim-21-11-1024x576.jpg 1024w, https:\/\/www.tgrthaber.com\/mavikadin\/wp-content\/uploads\/2026\/01\/Adsiz-tasarim-21-11-768x432.jpg 768w\" sizes=\"(max-width: 1208px) 100vw, 1208px\" \/><\/p>\n<hr \/>\n<p>Survivor Ramazan Sar\u0131, \u201c Benim burada kimsenin Nefisey\u2019mi\u015f yok Osman Can\u2019m\u0131\u015f Bar\u0131\u015f Murat Ya\u011fc\u0131\u2019ym\u0131\u015f. Benim burada kimsenin yol g\u00f6stermesine ihtiyac\u0131m yok. Eski yar\u0131\u015fmac\u0131 yeni yar\u0131\u015fmac\u0131 benim i\u00e7in fark etmez. Bana kimse m\u00fcdahale edemez. Bunu yap \u015funu yap diyemez.\u201d s\u00f6zlerini kulland\u0131. Konu\u015fmas\u0131n\u0131n devam\u0131nda Ramazan, \u201c \u015eimdiden boyun b\u00fckersen dedi\u011fim gibi, Onur Alp gibi, G\u00f6zde gibi, \u201c s\u00f6zleriyle tak\u0131m arkada\u015flar\u0131n\u0131n All Star ekibine olan yak\u0131nl\u0131klar\u0131ndan rahats\u0131zl\u0131k duydu\u011funu ifade etti.<\/p>\n<p><img loading=\"lazy\" decoding=\"async\" class=\"alignnone wp-image-296176 size-full\" src=\"https:\/\/www.tgrthaber.com\/mavikadin\/wp-content\/uploads\/2026\/01\/Adsiz-tasarim-19-7.jpg\" alt=\"\" width=\"1208\" height=\"680\" title=\"\" srcset=\"https:\/\/www.tgrthaber.com\/mavikadin\/wp-content\/uploads\/2026\/01\/Adsiz-tasarim-19-7.jpg 1208w, https:\/\/www.tgrthaber.com\/mavikadin\/wp-content\/uploads\/2026\/01\/Adsiz-tasarim-19-7-300x169.jpg 300w, https:\/\/www.tgrthaber.com\/mavikadin\/wp-content\/uploads\/2026\/01\/Adsiz-tasarim-19-7-1024x576.jpg 1024w, https:\/\/www.tgrthaber.com\/mavikadin\/wp-content\/uploads\/2026\/01\/Adsiz-tasarim-19-7-768x432.jpg 768w\" sizes=\"(max-width: 1208px) 100vw, 1208px\" \/><\/p>\n<hr \/>\n<h3>NEF\u0130SE, OSMAN CAN VE BARI\u015e MURAT RAMAZAN\u2019I ELE\u015eT\u0130RD\u0130<\/h3>\n<p>Adaya gittiklerinde Ramazan Sar\u0131\u2019n\u0131n hal ve tav\u0131rlar\u0131ndan rahats\u0131zl\u0131k duyduklar\u0131n\u0131 Nefise Karatay, Bar\u0131\u015f Murat Ya\u011fc\u0131 ve Osman Can Ural dile getirdi.<\/p>\n<p><img loading=\"lazy\" decoding=\"async\" class=\"alignnone wp-image-296177 size-full\" src=\"https:\/\/www.tgrthaber.com\/mavikadin\/wp-content\/uploads\/2026\/01\/Adsiz-tasarim-23-7.jpg\" alt=\"\" width=\"1208\" height=\"680\" title=\"\" srcset=\"https:\/\/www.tgrthaber.com\/mavikadin\/wp-content\/uploads\/2026\/01\/Adsiz-tasarim-23-7.jpg 1208w, https:\/\/www.tgrthaber.com\/mavikadin\/wp-content\/uploads\/2026\/01\/Adsiz-tasarim-23-7-300x169.jpg 300w, https:\/\/www.tgrthaber.com\/mavikadin\/wp-content\/uploads\/2026\/01\/Adsiz-tasarim-23-7-1024x576.jpg 1024w, https:\/\/www.tgrthaber.com\/mavikadin\/wp-content\/uploads\/2026\/01\/Adsiz-tasarim-23-7-768x432.jpg 768w\" sizes=\"(max-width: 1208px) 100vw, 1208px\" \/><\/p>\n<hr \/>\n<p>Ramazan Sar\u0131 ile ilgili d\u00fc\u015f\u00fcncelerini payla\u015fan Bar\u0131\u015f \u201c Ramazan bizi \u00e7ok istemiyor gibi. Ramazan\u2019da \u015f\u00f6yle bir \u015fey de var. Biz rakip geldik\u201d s\u00f6zlerini kullan\u0131rken,<\/p>\n<p><img loading=\"lazy\" decoding=\"async\" class=\"alignnone wp-image-296178 size-full\" src=\"https:\/\/www.tgrthaber.com\/mavikadin\/wp-content\/uploads\/2026\/01\/Adsiz-tasarim-22-10.jpg\" alt=\"\" width=\"1208\" height=\"680\" title=\"\" srcset=\"https:\/\/www.tgrthaber.com\/mavikadin\/wp-content\/uploads\/2026\/01\/Adsiz-tasarim-22-10.jpg 1208w, https:\/\/www.tgrthaber.com\/mavikadin\/wp-content\/uploads\/2026\/01\/Adsiz-tasarim-22-10-300x169.jpg 300w, https:\/\/www.tgrthaber.com\/mavikadin\/wp-content\/uploads\/2026\/01\/Adsiz-tasarim-22-10-1024x576.jpg 1024w, https:\/\/www.tgrthaber.com\/mavikadin\/wp-content\/uploads\/2026\/01\/Adsiz-tasarim-22-10-768x432.jpg 768w\" sizes=\"(max-width: 1208px) 100vw, 1208px\" \/><\/p>\n<hr \/>\n<p>Survivor Nefise, \u201c Bunlar nereden \u00e7\u0131kt\u0131 ba\u015f\u0131ma der gibi bir tav\u0131rda. Kimse burada padi\u015fah de\u011fil. Kimsenin taht\u0131 da yok burada. Kimsenin tapulu mal\u0131 da de\u011fil buras\u0131.\u201d s\u00f6zleriyle d\u00fc\u015f\u00fcncelerini dile getirdiler.<\/p>\n","protected":false},"excerpt":{"rendered":"<p>Survivor 2026 yar\u0131\u015fmas\u0131nda s\u00f6ylemleriyle ve adadaki tav\u0131rlar\u0131yla tak\u0131m\u0131ndan da tepki g\u00f6ren Ramazan Sar\u0131, All Star yar\u0131\u015fmac\u0131lar\u0131n\u0131 hedef ald\u0131. All Star yar\u0131\u015fmac\u0131lar\u0131n adaya gelmesiyle Survivor Ramazan, as\u0131l All Star benim diyerek meydan okumu\u015ftu. Survivor 2026 mavi tak\u0131ma(G\u00f6n\u00fcll\u00fcler) gelen Bar\u0131\u015f Murat Ya\u011fc\u0131, Osman Can Ural ve Nefise Karatay\u2019a Ramazan Sar\u0131 sert s\u00f6zler s\u00f6yledi.  <\/p>\n","protected":false},"author":10,"featured_media":296179,"comment_status":"closed","ping_status":"closed","sticky":false,"template":"","format":"standard","meta":{"rank_math_lock_modified_date":false,"footnotes":""},"categories":[76],"tags":[6589,133,4151,71623,69735,2366,63785],"class_list":["post-296165","post","type-post","status-publish","format-standard","has-post-thumbnail","hentry","category-magazin","tag-baris-murat-yagci","tag-magazin","tag-nefise-karatay","tag-osman-can-ural","tag-ramazan-sari","tag-survivor","tag-survivor-2026"],"_links":{"self":[{"href":"https:\/\/www.tgrthaber.com\/mavikadin\/wp-json\/wp\/v2\/posts\/296165"}],"collection":[{"href":"https:\/\/www.tgrthaber.com\/mavikadin\/wp-json\/wp\/v2\/posts"}],"about":[{"href":"https:\/\/www.tgrthaber.com\/mavikadin\/wp-json\/wp\/v2\/types\/post"}],"author":[{"embeddable":true,"href":"https:\/\/www.tgrthaber.com\/mavikadin\/wp-json\/wp\/v2\/users\/10"}],"replies":[{"embeddable":true,"href":"https:\/\/www.tgrthaber.com\/mavikadin\/wp-json\/wp\/v2\/comments?post=296165"}],"version-history":[{"count":1,"href":"https:\/\/www.tgrthaber.com\/mavikadin\/wp-json\/wp\/v2\/posts\/296165\/revisions"}],"predecessor-version":[{"id":296180,"href":"https:\/\/www.tgrthaber.com\/mavikadin\/wp-json\/wp\/v2\/posts\/296165\/revisions\/296180"}],"wp:featuredmedia":[{"embeddable":true,"href":"https:\/\/www.tgrthaber.com\/mavikadin\/wp-json\/wp\/v2\/media\/296179"}],"wp:attachment":[{"href":"https:\/\/www.tgrthaber.com\/mavikadin\/wp-json\/wp\/v2\/media?parent=296165"}],"wp:term":[{"taxonomy":"category","embeddable":true,"href":"https:\/\/www.tgrthaber.com\/mavikadin\/wp-json\/wp\/v2\/categories?post=296165"},{"taxonomy":"post_tag","embeddable":true,"href":"https:\/\/www.tgrthaber.com\/mavikadin\/wp-json\/wp\/v2\/tags?post=296165"}],"curies":[{"name":"wp","href":"https:\/\/api.w.org\/{rel}","templated":true}]}}