{"id":296181,"date":"2026-01-28T21:24:58","date_gmt":"2026-01-28T18:24:58","guid":{"rendered":"https:\/\/www.tgrthaber.com\/mavikadin\/?p=296181"},"modified":"2026-01-28T21:24:58","modified_gmt":"2026-01-28T18:24:58","slug":"yeralti-dizisi-hikayesi-gercek-mi-yeralti-dizisi-uyarlama-mi","status":"publish","type":"post","link":"https:\/\/www.tgrthaber.com\/mavikadin\/yeralti-dizisi-hikayesi-gercek-mi-yeralti-dizisi-uyarlama-mi\/","title":{"rendered":"Yeralt\u0131 dizisi hikayesi ger\u00e7ek mi? Yeralt\u0131 dizisi uyarlama m\u0131?"},"content":{"rendered":"<p>NOW ekranlar\u0131nda 28 Ocak \u00c7ar\u015famba g\u00fcn\u00fc ilk b\u00f6l\u00fcm\u00fc yay\u0131nlanan <a href=\"https:\/\/www.tgrthaber.com\/mavikadin\/yeralti-dizisi-1-bolum-haydar-ali-ve-ceylanin-tehlikeli-yolculugu-haydar-alinin-kaderi-degisiyor\/\">Yeralt\u0131<\/a>, izleyicinin radar\u0131na girmeyi ba\u015fard\u0131. Hem hikayesi hem de oyuncu kadrosuyla daha yay\u0131nlanmadan geni\u015f yank\u0131 uyand\u0131ran Yeralt\u0131 dizisinin uyarlama olup olmad\u0131\u011f\u0131 merak ediliyor. Peki Yeralt\u0131 dizisi neyi anlat\u0131yor? Yeralt\u0131 dizisi hikayesi ger\u00e7ek mi, yoksa uyarlama m\u0131? \u0130\u015fte oyuncu kadrosu ve t\u00fcm detaylar\u0131yla Yeralt\u0131 dizisine dair merak edilenler&#8230;<\/p>\n<h3>YERALTI D\u0130Z\u0130S\u0130 H\u0130KAYES\u0130 GER\u00c7EK M\u0130?<\/h3>\n<p>NOW&#8217;un yeni dizisi <a href=\"https:\/\/www.tgrthaber.com\/mavikadin\/yeralti-dizisinin-ozel-tanitimi-yayinlandi-fragmanda-eypio-etkisi\/\">Yeralt\u0131<\/a>, ilk b\u00f6l\u00fcm\u00fcyle ekran yolculu\u011funa ba\u015flad\u0131. Sert sahneleri, oyuncu kadrosu ve hikayesiyle dikkatleri \u00e7eken Yeralt\u0131 dizisi bir mafya hikayesini merkezine al\u0131yor. Yeralt\u0131 dizisine dair merak edilen konular\u0131n ba\u015f\u0131nda ise hikayesinin ger\u00e7ek olup olmad\u0131\u011f\u0131 yer ald\u0131.<\/p>\n<p><img loading=\"lazy\" decoding=\"async\" class=\"alignnone wp-image-296183 size-full\" src=\"https:\/\/www.tgrthaber.com\/mavikadin\/wp-content\/uploads\/2026\/01\/Ekran-goruntusu-2026-01-28-210151.png\" alt=\"\" width=\"1919\" height=\"897\" title=\"\" srcset=\"https:\/\/www.tgrthaber.com\/mavikadin\/wp-content\/uploads\/2026\/01\/Ekran-goruntusu-2026-01-28-210151.png 1919w, https:\/\/www.tgrthaber.com\/mavikadin\/wp-content\/uploads\/2026\/01\/Ekran-goruntusu-2026-01-28-210151-300x140.png 300w, https:\/\/www.tgrthaber.com\/mavikadin\/wp-content\/uploads\/2026\/01\/Ekran-goruntusu-2026-01-28-210151-1024x479.png 1024w, https:\/\/www.tgrthaber.com\/mavikadin\/wp-content\/uploads\/2026\/01\/Ekran-goruntusu-2026-01-28-210151-768x359.png 768w, https:\/\/www.tgrthaber.com\/mavikadin\/wp-content\/uploads\/2026\/01\/Ekran-goruntusu-2026-01-28-210151-1536x718.png 1536w\" sizes=\"(max-width: 1919px) 100vw, 1919px\" \/><\/p>\n<hr \/>\n<p>Yeralt\u0131 dizisi ekrana gelen sahneleriyle izleyiciye ger\u00e7ekmi\u015f hissi verse bile, ya\u015fanm\u0131\u015f bir hikayeye dayanm\u0131yor. Dizide anlat\u0131lan olaylar ve karakterler tamam\u0131 kurgu olarak i\u015fleniyor. Yeralt\u0131 dizisinde ad\u0131 ge\u00e7en karakterler ve anlat\u0131lan olaylar ger\u00e7ek bir hayattan al\u0131nmad\u0131.<\/p>\n<p><img loading=\"lazy\" decoding=\"async\" class=\"alignnone wp-image-296184 size-full\" src=\"https:\/\/www.tgrthaber.com\/mavikadin\/wp-content\/uploads\/2026\/01\/Ekran-goruntusu-2026-01-28-210203.png\" alt=\"\" width=\"1919\" height=\"902\" title=\"\" srcset=\"https:\/\/www.tgrthaber.com\/mavikadin\/wp-content\/uploads\/2026\/01\/Ekran-goruntusu-2026-01-28-210203.png 1919w, https:\/\/www.tgrthaber.com\/mavikadin\/wp-content\/uploads\/2026\/01\/Ekran-goruntusu-2026-01-28-210203-300x141.png 300w, https:\/\/www.tgrthaber.com\/mavikadin\/wp-content\/uploads\/2026\/01\/Ekran-goruntusu-2026-01-28-210203-1024x481.png 1024w, https:\/\/www.tgrthaber.com\/mavikadin\/wp-content\/uploads\/2026\/01\/Ekran-goruntusu-2026-01-28-210203-768x361.png 768w, https:\/\/www.tgrthaber.com\/mavikadin\/wp-content\/uploads\/2026\/01\/Ekran-goruntusu-2026-01-28-210203-1536x722.png 1536w\" sizes=\"(max-width: 1919px) 100vw, 1919px\" \/><\/p>\n<hr \/>\n<p>Yeralt\u0131 dizisi su\u00e7 d\u00fcnyas\u0131n\u0131, g\u00fc\u00e7 dengelerini, korku, \u00e7at\u0131\u015fma ve vicdan duygular\u0131n\u0131 izleyicisine aktarmay\u0131 hedefliyor. Dizinin hikayesinde ekran ba\u015f\u0131ndaki izleyiciler, karakterler aras\u0131nda verilen kritik kararlar\u0131 ve ge\u00e7mi\u015fe dair b\u00fcy\u00fck y\u00fczle\u015fmeleri bol bol g\u00f6recekler.<\/p>\n<p><img loading=\"lazy\" decoding=\"async\" class=\"alignnone wp-image-296188 size-full\" src=\"https:\/\/www.tgrthaber.com\/mavikadin\/wp-content\/uploads\/2026\/01\/Ekran-goruntusu-2026-01-28-210237.png\" alt=\"\" width=\"1919\" height=\"917\" title=\"\" srcset=\"https:\/\/www.tgrthaber.com\/mavikadin\/wp-content\/uploads\/2026\/01\/Ekran-goruntusu-2026-01-28-210237.png 1919w, https:\/\/www.tgrthaber.com\/mavikadin\/wp-content\/uploads\/2026\/01\/Ekran-goruntusu-2026-01-28-210237-300x143.png 300w, https:\/\/www.tgrthaber.com\/mavikadin\/wp-content\/uploads\/2026\/01\/Ekran-goruntusu-2026-01-28-210237-1024x489.png 1024w, https:\/\/www.tgrthaber.com\/mavikadin\/wp-content\/uploads\/2026\/01\/Ekran-goruntusu-2026-01-28-210237-768x367.png 768w, https:\/\/www.tgrthaber.com\/mavikadin\/wp-content\/uploads\/2026\/01\/Ekran-goruntusu-2026-01-28-210237-1536x734.png 1536w\" sizes=\"(max-width: 1919px) 100vw, 1919px\" \/><\/p>\n<hr \/>\n<h3>YERALTI D\u0130Z\u0130S\u0130 UYARLAMA MI?<\/h3>\n<p>Daha yay\u0131nlanmadan ses getiren NOW&#8217;un yeni dizisi Yeralt\u0131, ilk b\u00f6l\u00fcm\u00fcyle izleyiciden tam not ald\u0131. Yeralt\u0131 dizisinin uyarlama olup olmad\u0131\u011f\u0131 da do\u011fal olarak merak edildi. Yeralt\u0131 dizisi herhangi bir yerli ya da yabanc\u0131 projeden uyarlama de\u011fil. Dizinin hikayesi tamamen \u00f6zg\u00fcn bir bi\u00e7imde yaz\u0131ld\u0131.<\/p>\n<p><img loading=\"lazy\" decoding=\"async\" class=\"alignnone wp-image-296186 size-full\" src=\"https:\/\/www.tgrthaber.com\/mavikadin\/wp-content\/uploads\/2026\/01\/Ekran-goruntusu-2026-01-28-210225.png\" alt=\"\" width=\"1919\" height=\"911\" title=\"\" srcset=\"https:\/\/www.tgrthaber.com\/mavikadin\/wp-content\/uploads\/2026\/01\/Ekran-goruntusu-2026-01-28-210225.png 1919w, https:\/\/www.tgrthaber.com\/mavikadin\/wp-content\/uploads\/2026\/01\/Ekran-goruntusu-2026-01-28-210225-300x142.png 300w, https:\/\/www.tgrthaber.com\/mavikadin\/wp-content\/uploads\/2026\/01\/Ekran-goruntusu-2026-01-28-210225-1024x486.png 1024w, https:\/\/www.tgrthaber.com\/mavikadin\/wp-content\/uploads\/2026\/01\/Ekran-goruntusu-2026-01-28-210225-768x365.png 768w, https:\/\/www.tgrthaber.com\/mavikadin\/wp-content\/uploads\/2026\/01\/Ekran-goruntusu-2026-01-28-210225-1536x729.png 1536w\" sizes=\"(max-width: 1919px) 100vw, 1919px\" \/><\/p>\n<hr \/>\n<h3>YERALTI D\u0130Z\u0130S\u0130 OYUNCULARI K\u0130MLER?<\/h3>\n<p>Senaryosunu Berna Aruz&#8217;un yazd\u0131\u011f\u0131 Yerlat\u0131 dizisinin ba\u015frol\u00fcnde Deniz Can Akta\u015f, Devrim \u00d6zkan ve Uraz Kayg\u0131laro\u011flu bulunuyor. Dizinin oyuncu kadrosunda S\u00fcmeyye Aydo\u011fan, Mehmet Y\u0131lmaz Ak, Burak Sevin\u00e7, \u00dclk\u00fc Hilal \u00c7ift\u00e7i, Ekin Mert Daymaz, H\u00fclya G\u00fcl\u015fen, Koray \u015eahinba\u015f, Hakan \u00c7elebi, Emir Benderlio\u011flu, Nilay Erd\u00f6nmez, Sunay Kurtulu\u015f, Ekin Aksoy, Ceren Ka\u00e7ar, \u0130layda Uzun, Sevil Ak\u0131, Seray \u00d6zkan, Zeynep Kumral ve Murat Danac\u0131 gibi g\u00fc\u00e7l\u00fc isimler yer al\u0131yor.<\/p>\n<p><img loading=\"lazy\" decoding=\"async\" class=\"alignnone wp-image-296185 size-full\" src=\"https:\/\/www.tgrthaber.com\/mavikadin\/wp-content\/uploads\/2026\/01\/Ekran-goruntusu-2026-01-28-210219.png\" alt=\"\" width=\"1919\" height=\"894\" title=\"\" srcset=\"https:\/\/www.tgrthaber.com\/mavikadin\/wp-content\/uploads\/2026\/01\/Ekran-goruntusu-2026-01-28-210219.png 1919w, https:\/\/www.tgrthaber.com\/mavikadin\/wp-content\/uploads\/2026\/01\/Ekran-goruntusu-2026-01-28-210219-300x140.png 300w, https:\/\/www.tgrthaber.com\/mavikadin\/wp-content\/uploads\/2026\/01\/Ekran-goruntusu-2026-01-28-210219-1024x477.png 1024w, https:\/\/www.tgrthaber.com\/mavikadin\/wp-content\/uploads\/2026\/01\/Ekran-goruntusu-2026-01-28-210219-768x358.png 768w, https:\/\/www.tgrthaber.com\/mavikadin\/wp-content\/uploads\/2026\/01\/Ekran-goruntusu-2026-01-28-210219-1536x716.png 1536w\" sizes=\"(max-width: 1919px) 100vw, 1919px\" \/><\/p>\n<hr \/>\n<h3>YERLATI \u0130LK B\u00d6L\u00dcM\u00dcYLE EKRANA DAMGA VURDU!<\/h3>\n<p>Yeralt\u0131 dizisi bu ak\u015fam yay\u0131nlad\u0131\u011f\u0131 ilk b\u00f6l\u00fcm\u00fcyle ekranlara damga vurdu. Haydar Ali ve Ceylan&#8217;\u0131n temiz duygularla ba\u015flayan ili\u015fkisi, tek bir gecede alt\u00fcst olur. Haydar Ali, kendini aniden devletin y\u00fcr\u00fctt\u00fc\u011f\u00fc hesapla\u015fmalarda ve \u0130stanbul&#8217;un ac\u0131mas\u0131z ve tehlikeli yeralt\u0131 d\u00fcnyas\u0131n\u0131n i\u00e7inde bulur. Haydar Ali i\u00e7in art\u0131k hi\u00e7bir \u015fey ayn\u0131 gitmez. Ceylan ise bu de\u011fi\u015fimden nasibini alacakt\u0131r.<\/p>\n<p><img loading=\"lazy\" decoding=\"async\" class=\"alignnone wp-image-296189 \" src=\"https:\/\/www.tgrthaber.com\/mavikadin\/wp-content\/uploads\/2026\/01\/post125644_6979e4302ad27_t.jpg\" alt=\"\" width=\"1230\" height=\"692\" title=\"\" srcset=\"https:\/\/www.tgrthaber.com\/mavikadin\/wp-content\/uploads\/2026\/01\/post125644_6979e4302ad27_t.jpg 416w, https:\/\/www.tgrthaber.com\/mavikadin\/wp-content\/uploads\/2026\/01\/post125644_6979e4302ad27_t-300x169.jpg 300w\" sizes=\"(max-width: 1230px) 100vw, 1230px\" \/><\/p>\n<hr \/>\n<p>Yeralt\u0131 dizisi hikayesi Raci \u015ea\u015fmaz ve Berna Aruz&#8217;un kalemine emanet edilmi\u015f durumda. Y\u00f6netmen koltu\u011funda ise Murat \u00d6zt\u00fcrk oturmakta. Yeralt\u0131 dizisi temposu giderek artan hikayesiyle Medyap\u0131m imzas\u0131yla her \u00c7ar\u015famba NOW ekranlar\u0131nda izleyicisiyle bulu\u015facak.<\/p>\n","protected":false},"excerpt":{"rendered":"<p>NOW&#8217;un merakla beklenen yeni dizisi Yeralt\u0131, bu ak\u015fam ilk b\u00f6l\u00fcm\u00fcyle izleyicisiyle bulu\u015ftu. Dizi yay\u0131nlan\u0131r yay\u0131nlanmaz, hikayesiyle dikkat \u00e7ekti. Peki Yeralt\u0131 dizisi hikayesi ger\u00e7ek mi? Yeralt\u0131 dizisi uyarlama m\u0131? Oyuncu kadrosunda kimler var? \u0130\u015fte Yeralt\u0131 dizisine dair merak edilen t\u00fcm detaylar&#8230;<\/p>\n","protected":false},"author":35,"featured_media":296182,"comment_status":"closed","ping_status":"closed","sticky":false,"template":"","format":"standard","meta":{"rank_math_lock_modified_date":false,"footnotes":""},"categories":[602],"tags":[3602,60886,61211,71624,71625],"class_list":["post-296181","post","type-post","status-publish","format-standard","has-post-thumbnail","hentry","category-diziler","tag-diziler","tag-now-dizisi","tag-yeralti-dizisi","tag-yeralti-dizisi-gercek-mi","tag-yeralti-dizisi-uyarlama-mi"],"_links":{"self":[{"href":"https:\/\/www.tgrthaber.com\/mavikadin\/wp-json\/wp\/v2\/posts\/296181"}],"collection":[{"href":"https:\/\/www.tgrthaber.com\/mavikadin\/wp-json\/wp\/v2\/posts"}],"about":[{"href":"https:\/\/www.tgrthaber.com\/mavikadin\/wp-json\/wp\/v2\/types\/post"}],"author":[{"embeddable":true,"href":"https:\/\/www.tgrthaber.com\/mavikadin\/wp-json\/wp\/v2\/users\/35"}],"replies":[{"embeddable":true,"href":"https:\/\/www.tgrthaber.com\/mavikadin\/wp-json\/wp\/v2\/comments?post=296181"}],"version-history":[{"count":1,"href":"https:\/\/www.tgrthaber.com\/mavikadin\/wp-json\/wp\/v2\/posts\/296181\/revisions"}],"predecessor-version":[{"id":296190,"href":"https:\/\/www.tgrthaber.com\/mavikadin\/wp-json\/wp\/v2\/posts\/296181\/revisions\/296190"}],"wp:featuredmedia":[{"embeddable":true,"href":"https:\/\/www.tgrthaber.com\/mavikadin\/wp-json\/wp\/v2\/media\/296182"}],"wp:attachment":[{"href":"https:\/\/www.tgrthaber.com\/mavikadin\/wp-json\/wp\/v2\/media?parent=296181"}],"wp:term":[{"taxonomy":"category","embeddable":true,"href":"https:\/\/www.tgrthaber.com\/mavikadin\/wp-json\/wp\/v2\/categories?post=296181"},{"taxonomy":"post_tag","embeddable":true,"href":"https:\/\/www.tgrthaber.com\/mavikadin\/wp-json\/wp\/v2\/tags?post=296181"}],"curies":[{"name":"wp","href":"https:\/\/api.w.org\/{rel}","templated":true}]}}