{"id":296192,"date":"2026-01-28T23:33:43","date_gmt":"2026-01-28T20:33:43","guid":{"rendered":"https:\/\/www.tgrthaber.com\/mavikadin\/?p=296192"},"modified":"2026-01-28T23:46:07","modified_gmt":"2026-01-28T20:46:07","slug":"esref-ruyada-firat-koral-dincer-cikti-esref-dinceri-oldurecek-mi","status":"publish","type":"post","link":"https:\/\/www.tgrthaber.com\/mavikadin\/esref-ruyada-firat-koral-dincer-cikti-esref-dinceri-oldurecek-mi\/","title":{"rendered":"E\u015fref R\u00fcya\u2019da F\u0131rat Koral Din\u00e7er \u00e7\u0131kt\u0131! E\u015fref Din\u00e7er\u2019i \u00f6ld\u00fcrecek mi?"},"content":{"rendered":"<p><a href=\"https:\/\/www.tgrthaber.com\/mavikadin\/esref-ruya-dizisinde-buyuk-yuzlesme-esref-ruyasina-kavusuyor\/\">E\u015fref R\u00fcya<\/a>\u2019da nefeslerin tutuldu\u011fu anlar geliyor. E\u015fref R\u00fcya 30. b\u00f6l\u00fcmde uzun s\u00fcredir merak konusu olan F\u0131rat Koral gizemi sonunda \u00e7\u00f6z\u00fclmeye ba\u015fl\u0131yor. Y\u0131llar \u00f6nce babas\u0131n\u0131n \u00f6l\u00fcm\u00fcnden E\u015fref\u2019i sorumlu tutan Din\u00e7er, intikam ate\u015fiyle geri d\u00f6nerken, ger\u00e7ek kimli\u011finin a\u00e7\u0131\u011fa \u00e7\u0131kmas\u0131 an meselesi. E\u015fref\u2019in kar\u015f\u0131s\u0131na \u00e7\u0131kan Din\u00e7er ad\u0131yla plan\u0131 ad\u0131m ad\u0131m i\u015flerken, E\u015fref\u2019in bu b\u00fcy\u00fck s\u0131rr\u0131 \u00f6\u011frenip \u00f6\u011frenmeyece\u011fi izleyiciyi ekran ba\u015f\u0131na kilitliyor. \u0130ki isim aras\u0131ndaki y\u00fczle\u015fme giderek ka\u00e7\u0131n\u0131lmaz hale gelirken, \u201cE\u015fref Din\u00e7er\u2019in kim oldu\u011funu fark edecek mi?\u201d ve \u201cE\u015fref Din\u00e7er&#8217;i \u00f6ld\u00fcrecek mi? \u201d sorular\u0131 yeni b\u00f6l\u00fcm\u00fcn en b\u00fcy\u00fck merak unsuru oluyor. Gerilimin zirveye \u00e7\u0131kaca\u011f\u0131 b\u00f6l\u00fcm, dizinin kaderini de\u011fi\u015ftirecek geli\u015fmelere sahne olacak.<\/p>\n<h3>E\u015eREF D\u0130N\u00c7ER\u0130 \u00d6LD\u00dcRECEK M\u0130?<\/h3>\n<p>Ge\u00e7mi\u015fin s\u0131rlar\u0131 ortaya \u00e7\u0131kt\u0131. F\u0131rat Koral&#8217;\u0131n babas\u0131n\u0131n y\u0131llar \u00f6nce E\u015fref taraf\u0131ndan bir k\u0131z\u0131 taciz etmesinden kaynakl\u0131 olarak \u00f6ld\u00fcrd\u00fc\u011f\u00fc ortaya \u00e7\u0131kt\u0131. Din\u00e7er&#8217;in ise babas\u0131n\u0131n \u00f6l\u00fcm nedenini tam bilmeden E\u015fref&#8217;e kar\u015f\u0131 intikam besledi. Y\u0131llar sonra ortaya \u00e7\u0131kan gizemli s\u0131r, Din\u00e7er ve E\u015fref&#8217;in y\u00fczle\u015fmesinde hangi s\u0131rlar\u0131 da ortaya \u00e7\u0131karacak. Din\u00e7er&#8217;in babas\u0131n\u0131n taciz etti\u011fi k\u0131z R\u00fcya m\u0131? Nisan&#8217;\u0131n hat\u0131rlayamad\u0131\u011f\u0131 olay bu mu? seyircinin akl\u0131nda bir s\u00fcr\u00fc soru olu\u015ftu. E\u015fref, F\u0131rat Koral&#8217;\u0131n izini s\u00fcrerken, \u0130htiyar onu bulmas\u0131 i\u00e7in uzaktan yard\u0131m etmeye devam edecek.<\/p>\n<p><img loading=\"lazy\" decoding=\"async\" class=\"alignnone wp-image-296193 size-full\" src=\"https:\/\/www.tgrthaber.com\/mavikadin\/wp-content\/uploads\/2026\/01\/esref-dinceri-oldurecek-mi.jpg\" alt=\"\" width=\"1208\" height=\"680\" title=\"\" srcset=\"https:\/\/www.tgrthaber.com\/mavikadin\/wp-content\/uploads\/2026\/01\/esref-dinceri-oldurecek-mi.jpg 1208w, https:\/\/www.tgrthaber.com\/mavikadin\/wp-content\/uploads\/2026\/01\/esref-dinceri-oldurecek-mi-300x169.jpg 300w, https:\/\/www.tgrthaber.com\/mavikadin\/wp-content\/uploads\/2026\/01\/esref-dinceri-oldurecek-mi-1024x576.jpg 1024w, https:\/\/www.tgrthaber.com\/mavikadin\/wp-content\/uploads\/2026\/01\/esref-dinceri-oldurecek-mi-768x432.jpg 768w\" sizes=\"(max-width: 1208px) 100vw, 1208px\" \/><\/p>\n<hr \/>\n<p>E\u015fref, Din\u00e7er&#8217;in ger\u00e7ekte F\u0131rat Koral oldu\u011funu \u00f6\u011frenecek. \u0130kilinin hesapla\u015fmas\u0131nda E\u015fref, Din\u00e7er&#8217;i \u00f6ld\u00fcrecek. Nisan ise kendisinin R\u00fcya oldu\u011fu ger\u00e7e\u011fiyle y\u00fczle\u015fecek. Ge\u00e7mi\u015fe dair her \u015feyi hat\u0131rlayacak.<\/p>\n<p><img loading=\"lazy\" decoding=\"async\" class=\"alignnone wp-image-296194 size-full\" src=\"https:\/\/www.tgrthaber.com\/mavikadin\/wp-content\/uploads\/2026\/01\/Adsiz-tasarim-24-8.jpg\" alt=\"\" width=\"1208\" height=\"680\" title=\"\" srcset=\"https:\/\/www.tgrthaber.com\/mavikadin\/wp-content\/uploads\/2026\/01\/Adsiz-tasarim-24-8.jpg 1208w, https:\/\/www.tgrthaber.com\/mavikadin\/wp-content\/uploads\/2026\/01\/Adsiz-tasarim-24-8-300x169.jpg 300w, https:\/\/www.tgrthaber.com\/mavikadin\/wp-content\/uploads\/2026\/01\/Adsiz-tasarim-24-8-1024x576.jpg 1024w, https:\/\/www.tgrthaber.com\/mavikadin\/wp-content\/uploads\/2026\/01\/Adsiz-tasarim-24-8-768x432.jpg 768w\" sizes=\"(max-width: 1208px) 100vw, 1208px\" \/><\/p>\n<hr \/>\n<h3>E\u015eREF R\u00dcYA 30. B\u00d6L\u00dcM \u00d6ZET\u0130<\/h3>\n<p>Yetimlerin liderli\u011fini resmen devralan E\u015fref, g\u00fcc\u00fcn\u00fc t\u00fcm aleme kan\u0131tlayarak \u0130htiyar\u2019\u0131 tamamen kar\u015f\u0131s\u0131na al\u0131r. Nisan ile ili\u015fkisini yoluna koydu\u011fu s\u0131rada ise ekipteki muhbir meselesinin yeniden patlak vermesi, ikili aras\u0131nda so\u011fuk r\u00fczgarlar esmesine neden olur.<br \/>\nKadir, H\u0131d\u0131r\u2019\u0131n E\u015fref\u2019e destek \u00e7\u0131kmas\u0131na i\u00e7erlese de H\u0131d\u0131r\u2019la yeniden y\u00fczle\u015ferek ge\u00e7mi\u015f defterleri a\u00e7ar. H\u0131d\u0131r, Kadir\u2019in intikam i\u00e7in \u0130htiyar\u2019la \u00e7at\u0131\u015faca\u011f\u0131n\u0131 d\u00fc\u015f\u00fcn\u00fcr ancak Kadir\u2019in akl\u0131nda bamba\u015fka planlar vard\u0131r.<\/p>\n<p><img loading=\"lazy\" decoding=\"async\" class=\"alignnone wp-image-296198 size-full\" src=\"https:\/\/www.tgrthaber.com\/mavikadin\/wp-content\/uploads\/2026\/01\/esref-ruya-30-bolum-ozeti.jpg\" alt=\"\" width=\"1208\" height=\"680\" title=\"\" srcset=\"https:\/\/www.tgrthaber.com\/mavikadin\/wp-content\/uploads\/2026\/01\/esref-ruya-30-bolum-ozeti.jpg 1208w, https:\/\/www.tgrthaber.com\/mavikadin\/wp-content\/uploads\/2026\/01\/esref-ruya-30-bolum-ozeti-300x169.jpg 300w, https:\/\/www.tgrthaber.com\/mavikadin\/wp-content\/uploads\/2026\/01\/esref-ruya-30-bolum-ozeti-1024x576.jpg 1024w, https:\/\/www.tgrthaber.com\/mavikadin\/wp-content\/uploads\/2026\/01\/esref-ruya-30-bolum-ozeti-768x432.jpg 768w\" sizes=\"(max-width: 1208px) 100vw, 1208px\" \/><\/p>\n<hr \/>\n<p>Psikolojik bir sava\u015f\u0131n ortas\u0131nda kalan Nisan, psikiyatristten yard\u0131m alarak karanl\u0131k ge\u00e7mi\u015fine \u0131\u015f\u0131k tutmaya \u00e7al\u0131\u015f\u0131r. Ancak par\u00e7alar yerine oturdu\u011funda, Nisan hayat\u0131n\u0131n en a\u011f\u0131r s\u0131nav\u0131yla kar\u015f\u0131 kar\u015f\u0131ya kalacakt\u0131r.<\/p>\n<p><img loading=\"lazy\" decoding=\"async\" class=\"alignnone wp-image-296199 size-full\" src=\"https:\/\/www.tgrthaber.com\/mavikadin\/wp-content\/uploads\/2026\/01\/esref-ruya-31.-bolum-fragmani-yayinlandi-mi.jpg\" alt=\"\" width=\"1208\" height=\"680\" title=\"\" srcset=\"https:\/\/www.tgrthaber.com\/mavikadin\/wp-content\/uploads\/2026\/01\/esref-ruya-31.-bolum-fragmani-yayinlandi-mi.jpg 1208w, https:\/\/www.tgrthaber.com\/mavikadin\/wp-content\/uploads\/2026\/01\/esref-ruya-31.-bolum-fragmani-yayinlandi-mi-300x169.jpg 300w, https:\/\/www.tgrthaber.com\/mavikadin\/wp-content\/uploads\/2026\/01\/esref-ruya-31.-bolum-fragmani-yayinlandi-mi-1024x576.jpg 1024w, https:\/\/www.tgrthaber.com\/mavikadin\/wp-content\/uploads\/2026\/01\/esref-ruya-31.-bolum-fragmani-yayinlandi-mi-768x432.jpg 768w\" sizes=\"(max-width: 1208px) 100vw, 1208px\" \/><\/p>\n<hr \/>\n<h3>E\u015eREF R\u00dcYA 31. B\u00d6L\u00dcM FRAGMANI YAYINLANDI MI?<\/h3>\n<p><a href=\"https:\/\/www.tgrthaber.com\/mavikadin\/esref-ruyada-nisan-gercekle-yuzlesiyor-ben-ruyayim-esref-ruya-dizisi-yeni-bolum-ne-zaman-son-bolumde-ne-oldu\/\">E\u015fref R\u00fcya<\/a> 30. b\u00f6l\u00fcmde t\u00fcm s\u0131rlar\u0131 ortaya \u00e7\u0131kard\u0131. E\u015fref ihtiyarla y\u00fczle\u015fmek ve hesapla\u015fmak i\u00e7in her yolu deneyecek. Din\u00e7er ise E\u015fref&#8217;ten saklad\u0131\u011f\u0131n\u0131 d\u00fc\u015f\u00fcnd\u00fc\u011f\u00fc s\u0131rlar\u0131n\u0131n ortaya \u00e7\u0131kt\u0131\u011f\u0131n\u0131 \u00f6\u011frenecek. E\u015fref R\u00fcya 31. b\u00f6l\u00fcm fragman\u0131 dizinin yeni b\u00f6l\u00fcm\u00fc biter bitmez ekranlara gelecek.<\/p>\n","protected":false},"excerpt":{"rendered":"<p>E\u015fref R\u00fcya 30. B\u00f6l\u00fcmde herkesin merakla bekledi\u011fi F\u0131rat Koral gizemi \u00e7\u00f6z\u00fcl\u00fcyor. Din\u00e7er, E\u015fref\u2019ten y\u0131llar \u00f6nce babas\u0131n\u0131 \u00f6ld\u00fcrd\u00fc\u011f\u00fc i\u00e7in ondan intikam almak istemi\u015fti. E\u015fref, F\u0131rat Koral\u2019\u0131n asl\u0131nda Din\u00e7er oldu\u011funu \u00f6\u011frenecek mi? E\u015fref Din\u00e7er\u2019i \u00f6ld\u00fcrecek mi? <\/p>\n","protected":false},"author":10,"featured_media":296195,"comment_status":"closed","ping_status":"closed","sticky":false,"template":"","format":"standard","meta":{"rank_math_lock_modified_date":false,"footnotes":""},"categories":[602],"tags":[32159,4755,71626,71627,11026],"class_list":["post-296192","post","type-post","status-publish","format-standard","has-post-thumbnail","hentry","category-diziler","tag-dizi","tag-esref-ruya","tag-esref-ruya-30-bolum-ozeti","tag-esref-ruya-31-bolum-fragmani","tag-esref-ruya-dizi"],"_links":{"self":[{"href":"https:\/\/www.tgrthaber.com\/mavikadin\/wp-json\/wp\/v2\/posts\/296192"}],"collection":[{"href":"https:\/\/www.tgrthaber.com\/mavikadin\/wp-json\/wp\/v2\/posts"}],"about":[{"href":"https:\/\/www.tgrthaber.com\/mavikadin\/wp-json\/wp\/v2\/types\/post"}],"author":[{"embeddable":true,"href":"https:\/\/www.tgrthaber.com\/mavikadin\/wp-json\/wp\/v2\/users\/10"}],"replies":[{"embeddable":true,"href":"https:\/\/www.tgrthaber.com\/mavikadin\/wp-json\/wp\/v2\/comments?post=296192"}],"version-history":[{"count":3,"href":"https:\/\/www.tgrthaber.com\/mavikadin\/wp-json\/wp\/v2\/posts\/296192\/revisions"}],"predecessor-version":[{"id":296200,"href":"https:\/\/www.tgrthaber.com\/mavikadin\/wp-json\/wp\/v2\/posts\/296192\/revisions\/296200"}],"wp:featuredmedia":[{"embeddable":true,"href":"https:\/\/www.tgrthaber.com\/mavikadin\/wp-json\/wp\/v2\/media\/296195"}],"wp:attachment":[{"href":"https:\/\/www.tgrthaber.com\/mavikadin\/wp-json\/wp\/v2\/media?parent=296192"}],"wp:term":[{"taxonomy":"category","embeddable":true,"href":"https:\/\/www.tgrthaber.com\/mavikadin\/wp-json\/wp\/v2\/categories?post=296192"},{"taxonomy":"post_tag","embeddable":true,"href":"https:\/\/www.tgrthaber.com\/mavikadin\/wp-json\/wp\/v2\/tags?post=296192"}],"curies":[{"name":"wp","href":"https:\/\/api.w.org\/{rel}","templated":true}]}}