{"id":296205,"date":"2026-01-29T09:10:15","date_gmt":"2026-01-29T06:10:15","guid":{"rendered":"https:\/\/www.tgrthaber.com\/mavikadin\/?p=296205"},"modified":"2026-01-29T09:10:15","modified_gmt":"2026-01-29T06:10:15","slug":"tasacak-bu-denizin-esmesi-deniz-baysaldan-eglenceli-kamera-arkasi-paylasimi-sosyal-medyada-gundem-oldu","status":"publish","type":"post","link":"https:\/\/www.tgrthaber.com\/mavikadin\/tasacak-bu-denizin-esmesi-deniz-baysaldan-eglenceli-kamera-arkasi-paylasimi-sosyal-medyada-gundem-oldu\/","title":{"rendered":"Ta\u015facak Bu Deniz&#8217;in Esme&#8217;si Deniz Baysal&#8217;dan e\u011flenceli kamera arkas\u0131 payla\u015f\u0131m\u0131! Sosyal medyada g\u00fcndem oldu"},"content":{"rendered":"<p>TRT 1\u2019in reyting rekorlar\u0131 k\u0131ran dizisi Ta\u015facak Bu Deniz&#8217;in Esmesi <a href=\"https:\/\/www.tgrthaber.com\/mavikadin\/tasacak-bu-denizde-sirin-furtuna-oluyor-mu-sozleri-ayrilik-sinyallerini-ele-verdi-oyuncu-gamze-suner-atay-diziden-mi-ayriliyor\/\">Deniz Baysal<\/a>&#8216;\u0131n sosyal medya payla\u015f\u0131m\u0131 be\u011feni toplad\u0131. Dizi daha ilk b\u00f6l\u00fcmlerinden itibaren izleyiciyi ekran ba\u015f\u0131na kilitlemeyi ba\u015fard\u0131. Tempolu hik\u00e2yesi ve g\u00fc\u00e7l\u00fc oyuncu kadrosuyla sezonun en \u00e7ok konu\u015fulan yap\u0131mlar\u0131 aras\u0131nda yer alan dizide, kamera \u00f6n\u00fc kadar kamera arkas\u0131 da bir hayli renkli.<\/p>\n<h3>DEN\u0130Z BAYSAL&#8217;DAN G\u00dcLD\u00dcREN PAYLA\u015eIM<\/h3>\n<p>Dizide Esme karakterine hayat veren <a href=\"https:\/\/www.tgrthaber.com\/mavikadin\/reyting-yarisinda-zirvede-buyuk-degisiklik-kizilcik-serbeti-tasacak-bu-denizin-liderligini-elinden-aliyor\/\">Deniz Baysal<\/a>, set arkas\u0131nda \u00e7ekilen e\u011flenceli bir videoyu sosyal medya hesab\u0131ndan payla\u015farak hayranlar\u0131n\u0131 g\u00fcl\u00fcmsetti. K\u0131sa s\u00fcrede g\u00fcndem olan video, dizinin set ortam\u0131ndaki enerjiyi bir kez daha g\u00f6zler \u00f6n\u00fcne serdi.<\/p>\n<div style=\"width: 640px;\" class=\"wp-video\"><!--[if lt IE 9]><script>document.createElement('video');<\/script><![endif]-->\n<video class=\"wp-video-shortcode\" id=\"video-296205-1\" width=\"640\" height=\"1138\" preload=\"metadata\" controls=\"controls\"><source type=\"video\/mp4\" src=\"https:\/\/www.tgrthaber.com\/mavikadin\/wp-content\/uploads\/2026\/01\/Deniz-Baysal-1.mp4?_=1\" \/><a href=\"https:\/\/www.tgrthaber.com\/mavikadin\/wp-content\/uploads\/2026\/01\/Deniz-Baysal-1.mp4\">https:\/\/www.tgrthaber.com\/mavikadin\/wp-content\/uploads\/2026\/01\/Deniz-Baysal-1.mp4<\/a><\/video><\/div>\n<hr \/>\n<h3>\u201cAMA DAHA YAKIN PLANLARIN \u00c7EK\u0130LECEKT\u0130R\u201d<\/h3>\n<p>Deniz Baysal, dizinin y\u00f6netmeni \u00c7a\u011fr\u0131 Bayrak ile \u00e7ekti\u011fi videoya \u201c\u0130yi ki vars\u0131n\u0131z can\u0131m hocam\u201d notunu d\u00fc\u015ferken, esprili diliyle de dikkat \u00e7ekti. \u201cY\u00f6netmenin k\u00f6t\u00fc \u015faka yapm\u0131\u015ft\u0131r ama daha yak\u0131n planlar\u0131n \u00e7ekilecektir\u201d s\u00f6zleriyle Bayrak\u2019\u0131 tatl\u0131 tatl\u0131 ti\u2019ye alan Baysal\u2019\u0131n payla\u015f\u0131m\u0131, hayranlar\u0131ndan binlerce be\u011feni ve yorum ald\u0131.<\/p>\n<p><img loading=\"lazy\" decoding=\"async\" class=\"aligncenter size-full wp-image-296208\" src=\"https:\/\/www.tgrthaber.com\/mavikadin\/wp-content\/uploads\/2026\/01\/Deniz-Baysal-1.jpg\" alt=\"\" width=\"1080\" height=\"1440\" title=\"\" srcset=\"https:\/\/www.tgrthaber.com\/mavikadin\/wp-content\/uploads\/2026\/01\/Deniz-Baysal-1.jpg 1080w, https:\/\/www.tgrthaber.com\/mavikadin\/wp-content\/uploads\/2026\/01\/Deniz-Baysal-1-225x300.jpg 225w, https:\/\/www.tgrthaber.com\/mavikadin\/wp-content\/uploads\/2026\/01\/Deniz-Baysal-1-768x1024.jpg 768w\" sizes=\"(max-width: 1080px) 100vw, 1080px\" \/><\/p>\n<hr \/>\n<h3>REYT\u0130NGLERDE G\u00dc\u00c7L\u00dc DURU\u015e S\u00dcR\u00dcYOR<\/h3>\n<p>Deniz Baysal, Ula\u015f Tuna Astepe ve Ava Yaman gibi y\u0131ld\u0131z isimleri bulu\u015fturan Ta\u015facak Bu Deniz, reytinglerdeki istikrarl\u0131 y\u00fckseli\u015fini s\u00fcrd\u00fcr\u00fcyor. Dizinin temposu d\u00fc\u015fmezken, oyuncular\u0131n set arkas\u0131ndaki uyumu da ekran ba\u015far\u0131s\u0131n\u0131n arkas\u0131ndaki en \u00f6nemli etkenlerden biri olarak g\u00f6steriliyor.<\/p>\n<p><img loading=\"lazy\" decoding=\"async\" class=\"aligncenter size-full wp-image-296209\" src=\"https:\/\/www.tgrthaber.com\/mavikadin\/wp-content\/uploads\/2026\/01\/Deniz-Baysal-4.jpg\" alt=\"\" width=\"1080\" height=\"1440\" title=\"\" srcset=\"https:\/\/www.tgrthaber.com\/mavikadin\/wp-content\/uploads\/2026\/01\/Deniz-Baysal-4.jpg 1080w, https:\/\/www.tgrthaber.com\/mavikadin\/wp-content\/uploads\/2026\/01\/Deniz-Baysal-4-225x300.jpg 225w, https:\/\/www.tgrthaber.com\/mavikadin\/wp-content\/uploads\/2026\/01\/Deniz-Baysal-4-768x1024.jpg 768w\" sizes=\"(max-width: 1080px) 100vw, 1080px\" \/><\/p>\n<hr \/>\n<h3>DEN\u0130Z BAYSAL K\u0130MD\u0130R?<\/h3>\n<p>5 Nisan 1991\u2019de \u0130zmir Kar\u015f\u0131yaka\u2019da do\u011fan Deniz Baysal Yurtcu, oyunculu\u011fa \u00e7ocuk ya\u015flarda Kar\u015f\u0131yaka Belediye Tiyatrosu\u2019nda ad\u0131m att\u0131 ve uzun y\u0131llar tiyatro sahnesinde deneyim kazand\u0131. Celal Bayar \u00dcniversitesi Uluslararas\u0131 Ticaret b\u00f6l\u00fcm\u00fcnden mezun olmas\u0131na ra\u011fmen kariyer tercihini oyunculuktan yana kulland\u0131.<\/p>\n<p><img loading=\"lazy\" decoding=\"async\" class=\"aligncenter size-full wp-image-296210\" src=\"https:\/\/www.tgrthaber.com\/mavikadin\/wp-content\/uploads\/2026\/01\/Deniz-Baysal-6.jpg\" alt=\"\" width=\"1080\" height=\"1350\" title=\"\" srcset=\"https:\/\/www.tgrthaber.com\/mavikadin\/wp-content\/uploads\/2026\/01\/Deniz-Baysal-6.jpg 1080w, https:\/\/www.tgrthaber.com\/mavikadin\/wp-content\/uploads\/2026\/01\/Deniz-Baysal-6-240x300.jpg 240w, https:\/\/www.tgrthaber.com\/mavikadin\/wp-content\/uploads\/2026\/01\/Deniz-Baysal-6-819x1024.jpg 819w, https:\/\/www.tgrthaber.com\/mavikadin\/wp-content\/uploads\/2026\/01\/Deniz-Baysal-6-768x960.jpg 768w\" sizes=\"(max-width: 1080px) 100vw, 1080px\" \/><\/p>\n<hr \/>\n<p>Derin Sular, Ka\u00e7ak Gelinler ve Fazilet Han\u0131m ve K\u0131zlar\u0131 dizileriyle geni\u015f bir hayran kitlesine ula\u015fan Baysal, \u00f6zellikle S\u00f6z ve Te\u015fkilat dizilerindeki performanslar\u0131yla ad\u0131ndan s\u0131k\u00e7a s\u00f6z ettirdi.<\/p>\n<p><img loading=\"lazy\" decoding=\"async\" class=\"aligncenter size-full wp-image-296211\" src=\"https:\/\/www.tgrthaber.com\/mavikadin\/wp-content\/uploads\/2026\/01\/Deniz-Baysal-5.jpg\" alt=\"\" width=\"1080\" height=\"1440\" title=\"\" srcset=\"https:\/\/www.tgrthaber.com\/mavikadin\/wp-content\/uploads\/2026\/01\/Deniz-Baysal-5.jpg 1080w, https:\/\/www.tgrthaber.com\/mavikadin\/wp-content\/uploads\/2026\/01\/Deniz-Baysal-5-225x300.jpg 225w, https:\/\/www.tgrthaber.com\/mavikadin\/wp-content\/uploads\/2026\/01\/Deniz-Baysal-5-768x1024.jpg 768w\" sizes=\"(max-width: 1080px) 100vw, 1080px\" \/><\/p>\n<hr \/>\n<p>Sinemada ise 7. Ko\u011fu\u015ftaki Mucize filmindeki rol\u00fcyle be\u011feni toplad\u0131. Do\u011fal oyunculu\u011fu ve samimi enerjisiyle dikkat \u00e7eken Deniz Baysal, 2019 y\u0131l\u0131nda m\u00fczisyen Bar\u0131\u015f Yurt\u00e7u ile evlendi.<\/p>\n","protected":false},"excerpt":{"rendered":"<p>Ta\u015facak Bu Deniz dizisinin Esme&#8217;si Deniz Baysal&#8217;\u0131n sosyal medya payla\u015f\u0131m\u0131 g\u00fcld\u00fcrd\u00fc. Y\u00f6netmeniyle komik bir video payla\u015fan \u00fcnl\u00fc isme be\u011feni ve yorum ya\u011fd\u0131. Tempolu hik\u00e2yesi, s\u00fcr\u00fckleyici sahneleri ve g\u00fc\u00e7l\u00fc oyuncu kadrosuyla sezonun en \u00e7ok konu\u015fulan yap\u0131mlar\u0131 aras\u0131na ad\u0131n\u0131 yazd\u0131ran dizide kamera \u00f6n\u00fcnde ya\u015fananlar kadar kamera arkas\u0131ndaki e\u011flenceli anlar da dikkat \u00e7ekiyor.<\/p>\n","protected":false},"author":5,"featured_media":296206,"comment_status":"closed","ping_status":"closed","sticky":false,"template":"","format":"standard","meta":{"rank_math_lock_modified_date":false,"footnotes":""},"categories":[76],"tags":[2848,71628,133,61052],"class_list":["post-296205","post","type-post","status-publish","format-standard","has-post-thumbnail","hentry","category-magazin","tag-deniz-baysal","tag-deniz-baysal-sosyal-medya","tag-magazin","tag-tasacak-bu-deniz"],"_links":{"self":[{"href":"https:\/\/www.tgrthaber.com\/mavikadin\/wp-json\/wp\/v2\/posts\/296205"}],"collection":[{"href":"https:\/\/www.tgrthaber.com\/mavikadin\/wp-json\/wp\/v2\/posts"}],"about":[{"href":"https:\/\/www.tgrthaber.com\/mavikadin\/wp-json\/wp\/v2\/types\/post"}],"author":[{"embeddable":true,"href":"https:\/\/www.tgrthaber.com\/mavikadin\/wp-json\/wp\/v2\/users\/5"}],"replies":[{"embeddable":true,"href":"https:\/\/www.tgrthaber.com\/mavikadin\/wp-json\/wp\/v2\/comments?post=296205"}],"version-history":[{"count":2,"href":"https:\/\/www.tgrthaber.com\/mavikadin\/wp-json\/wp\/v2\/posts\/296205\/revisions"}],"predecessor-version":[{"id":296213,"href":"https:\/\/www.tgrthaber.com\/mavikadin\/wp-json\/wp\/v2\/posts\/296205\/revisions\/296213"}],"wp:featuredmedia":[{"embeddable":true,"href":"https:\/\/www.tgrthaber.com\/mavikadin\/wp-json\/wp\/v2\/media\/296206"}],"wp:attachment":[{"href":"https:\/\/www.tgrthaber.com\/mavikadin\/wp-json\/wp\/v2\/media?parent=296205"}],"wp:term":[{"taxonomy":"category","embeddable":true,"href":"https:\/\/www.tgrthaber.com\/mavikadin\/wp-json\/wp\/v2\/categories?post=296205"},{"taxonomy":"post_tag","embeddable":true,"href":"https:\/\/www.tgrthaber.com\/mavikadin\/wp-json\/wp\/v2\/tags?post=296205"}],"curies":[{"name":"wp","href":"https:\/\/api.w.org\/{rel}","templated":true}]}}