{"id":296216,"date":"2026-01-29T09:51:04","date_gmt":"2026-01-29T06:51:04","guid":{"rendered":"https:\/\/www.tgrthaber.com\/mavikadin\/?p=296216"},"modified":"2026-01-29T09:51:04","modified_gmt":"2026-01-29T06:51:04","slug":"esref-ruya-31-bolum-fragmani-yayinlandi-mi-esref-ruya-son-bolum-nereden-izlenir","status":"publish","type":"post","link":"https:\/\/www.tgrthaber.com\/mavikadin\/esref-ruya-31-bolum-fragmani-yayinlandi-mi-esref-ruya-son-bolum-nereden-izlenir\/","title":{"rendered":"E\u015fref R\u00fcya 31. b\u00f6l\u00fcm fragman\u0131 yay\u0131nland\u0131 m\u0131? E\u015fref R\u00fcya son b\u00f6l\u00fcm nereden izlenir?"},"content":{"rendered":"<p><a href=\"https:\/\/www.tgrthaber.com\/mavikadin\/esref-ruyada-firat-koral-dincer-cikti-esref-dinceri-oldurecek-mi\/\">E\u015fref R\u00fcya<\/a> dizisi Kanal D ekranlar\u0131nda \u00e7ar\u015famba ak\u015famlar\u0131na damga vurmaya devam ediyor. Yay\u0131nland\u0131\u011f\u0131 g\u00fcnden bu yana b\u00fcy\u00fck bir ilgiyle takip edilen fenomen dizi reyting rekorlar\u0131 k\u0131r\u0131yor. Ge\u00e7ti\u011fimiz ak\u015fam 30. b\u00f6l\u00fcm\u00fcyle izleyici kar\u015f\u0131s\u0131na \u00e7\u0131kan fenomen dizinin s\u0131k\u0131 takip\u00e7ileri ise E\u015fref R\u00fcya\u2019n\u0131n 31. b\u00f6l\u00fcm fragman\u0131n\u0131n yay\u0131nlan\u0131p yay\u0131nlanmad\u0131\u011f\u0131n\u0131 ara\u015ft\u0131rmaya ba\u015flad\u0131. Peki, E\u015fref R\u00fcya 31. b\u00f6l\u00fcm fragman\u0131 yay\u0131nland\u0131 m\u0131? E\u015fref R\u00fcya son b\u00f6l\u00fcm nereden izlenir? Her hafta oldu\u011fu gibi bu haftada nefes kesen bir b\u00f6l\u00fcme imza atan dizinin yeni b\u00f6l\u00fcm fragman\u0131 hakk\u0131nda merak edilenleri sizin i\u00e7in ara\u015ft\u0131rd\u0131k. \u0130\u015fte E\u015fref R\u00fcya dizisi 31. b\u00f6l\u00fcm fragman\u0131na dair bilinmeyenler ve 30. b\u00f6l\u00fcm\u00fcn nereden izlenece\u011fi hakk\u0131nda detaylar\u2026<\/p>\n<h3>E\u015eREF R\u00dcYA 31. B\u00d6L\u00dcM FRAGMANI YAYINLANDI MI?<\/h3>\n<p>Kanal D ekranlar\u0131n\u0131n b\u00fcy\u00fck bir ilgiyle takip edilen dizisi <a href=\"https:\/\/www.tgrthaber.com\/mavikadin\/esref-ruya-dizisinde-buyuk-yuzlesme-esref-ruyasina-kavusuyor\/\">E\u015fref R\u00fcya<\/a> ge\u00e7ti\u011fimiz ak\u015fam 30. b\u00f6l\u00fcm\u00fcyle seyirci kar\u015f\u0131s\u0131na \u00e7\u0131kt\u0131. Nefes kesen yeni b\u00f6l\u00fcm\u00fcyle izleyiciyi ekran ba\u015f\u0131na kilitleyen fenomen dizinin 31. b\u00f6l\u00fcm fragman\u0131 merak edildi. Yay\u0131nland\u0131\u011f\u0131 g\u00fcnden bu yana izlenme rekorlar\u0131na imza atan E\u015fref R\u00fcya dizisi, son b\u00f6l\u00fcm\u00fcyle seyirciyi ekran ba\u015f\u0131na toplad\u0131.<\/p>\n<p><img loading=\"lazy\" decoding=\"async\" class=\"size-full wp-image-296224\" src=\"https:\/\/www.tgrthaber.com\/mavikadin\/wp-content\/uploads\/2026\/01\/Esref-Ruya-21.jpg\" alt=\"E\u015fref R\u00fcya 31. b\u00f6l\u00fcm fragman\u0131 yay\u0131nland\u0131 m\u0131? E\u015fref R\u00fcya son b\u00f6l\u00fcm nereden izlenir?\" width=\"1208\" height=\"680\" title=\"\" srcset=\"https:\/\/www.tgrthaber.com\/mavikadin\/wp-content\/uploads\/2026\/01\/Esref-Ruya-21.jpg 1208w, https:\/\/www.tgrthaber.com\/mavikadin\/wp-content\/uploads\/2026\/01\/Esref-Ruya-21-300x169.jpg 300w, https:\/\/www.tgrthaber.com\/mavikadin\/wp-content\/uploads\/2026\/01\/Esref-Ruya-21-1024x576.jpg 1024w, https:\/\/www.tgrthaber.com\/mavikadin\/wp-content\/uploads\/2026\/01\/Esref-Ruya-21-768x432.jpg 768w\" sizes=\"(max-width: 1208px) 100vw, 1208px\" \/><\/p>\n<hr \/>\n<p>\u00c7ar\u015famba ak\u015famlar\u0131n\u0131n pop\u00fcler dizisi haline gelen E\u015fref R\u00fcya dizisinin 31. b\u00f6l\u00fcm fragman\u0131 hen\u00fcz yay\u0131nlanmad\u0131. Nefes kesen yeni b\u00f6l\u00fcm\u00fcyle her hafta oldu\u011fu gibi bu haftada reytinglerdeki ba\u015far\u0131s\u0131n\u0131 s\u00fcrd\u00fcren fenomen dizi, son b\u00f6l\u00fcm\u00fcyle izleyiciden be\u011feni toplad\u0131.<\/p>\n<p><img loading=\"lazy\" decoding=\"async\" class=\"size-full wp-image-296222\" src=\"https:\/\/www.tgrthaber.com\/mavikadin\/wp-content\/uploads\/2026\/01\/Esref-Ruya-19.jpg\" alt=\"E\u015fref R\u00fcya 31. b\u00f6l\u00fcm fragman\u0131 yay\u0131nland\u0131 m\u0131? E\u015fref R\u00fcya son b\u00f6l\u00fcm nereden izlenir?\" width=\"1208\" height=\"680\" title=\"\" srcset=\"https:\/\/www.tgrthaber.com\/mavikadin\/wp-content\/uploads\/2026\/01\/Esref-Ruya-19.jpg 1208w, https:\/\/www.tgrthaber.com\/mavikadin\/wp-content\/uploads\/2026\/01\/Esref-Ruya-19-300x169.jpg 300w, https:\/\/www.tgrthaber.com\/mavikadin\/wp-content\/uploads\/2026\/01\/Esref-Ruya-19-1024x576.jpg 1024w, https:\/\/www.tgrthaber.com\/mavikadin\/wp-content\/uploads\/2026\/01\/Esref-Ruya-19-768x432.jpg 768w\" sizes=\"(max-width: 1208px) 100vw, 1208px\" \/><\/p>\n<hr \/>\n<p>Demet \u00d6zdemir ve \u00c7a\u011fatay Ulusoy\u2019un ba\u015frollerinde yer ald\u0131\u011f\u0131 E\u015fref R\u00fcya dizisi son b\u00f6l\u00fcm\u00fcyle adeta nefesleri kesti. E\u015fref R\u00fcya\u2019n\u0131n 30. b\u00f6l\u00fcm\u00fcnde; yetimlerin liderli\u011fini resmen devralan E\u015fref, g\u00fcc\u00fcn\u00fc t\u00fcm aleme kan\u0131tlayarak \u0130htiyar&#8217;\u0131 tamamen kar\u015f\u0131s\u0131na ald\u0131. E\u015fref ve Nisan\u2019\u0131n aralar\u0131n\u0131 d\u00fczeltmesinin ard\u0131ndan ekipteki muhbir meselesinin yeniden patlak vermesi, ikili aras\u0131nda so\u011fuk r\u00fczgarlar esmesine neden oldu.<\/p>\n<p><img loading=\"lazy\" decoding=\"async\" class=\"size-full wp-image-296223\" src=\"https:\/\/www.tgrthaber.com\/mavikadin\/wp-content\/uploads\/2026\/01\/Esref-Ruya-20.jpg\" alt=\"E\u015fref R\u00fcya 31. b\u00f6l\u00fcm fragman\u0131 yay\u0131nland\u0131 m\u0131? E\u015fref R\u00fcya son b\u00f6l\u00fcm nereden izlenir?\" width=\"1208\" height=\"680\" title=\"\" srcset=\"https:\/\/www.tgrthaber.com\/mavikadin\/wp-content\/uploads\/2026\/01\/Esref-Ruya-20.jpg 1208w, https:\/\/www.tgrthaber.com\/mavikadin\/wp-content\/uploads\/2026\/01\/Esref-Ruya-20-300x169.jpg 300w, https:\/\/www.tgrthaber.com\/mavikadin\/wp-content\/uploads\/2026\/01\/Esref-Ruya-20-1024x576.jpg 1024w, https:\/\/www.tgrthaber.com\/mavikadin\/wp-content\/uploads\/2026\/01\/Esref-Ruya-20-768x432.jpg 768w\" sizes=\"(max-width: 1208px) 100vw, 1208px\" \/><\/p>\n<hr \/>\n<p>Psikolojik bir sava\u015f\u0131n ortas\u0131nda kalan Nisan, psikiyatristten yard\u0131m alarak karanl\u0131k ge\u00e7mi\u015fine \u0131\u015f\u0131k tutmaya \u00e7al\u0131\u015ft\u0131. Fakat par\u00e7alar yerine oturdu\u011funda, Nisan hayat\u0131n\u0131n en a\u011f\u0131r ger\u00e7e\u011fi ve s\u0131nav\u0131yla kar\u015f\u0131 kar\u015f\u0131ya kalarak y\u00fczle\u015fti. E\u015fref R\u00fcya\u2019n\u0131n son b\u00f6l\u00fcm\u00fcnde Nisan kendisinin \u2018R\u00fcya\u2019 oldu\u011funu anlad\u0131.<\/p>\n<p><img loading=\"lazy\" decoding=\"async\" class=\"size-full wp-image-296221\" src=\"https:\/\/www.tgrthaber.com\/mavikadin\/wp-content\/uploads\/2026\/01\/Esref-Ruya-18-1.jpg\" alt=\"E\u015fref R\u00fcya 31. b\u00f6l\u00fcm fragman\u0131 yay\u0131nland\u0131 m\u0131? E\u015fref R\u00fcya son b\u00f6l\u00fcm nereden izlenir?\" width=\"1208\" height=\"680\" title=\"\" srcset=\"https:\/\/www.tgrthaber.com\/mavikadin\/wp-content\/uploads\/2026\/01\/Esref-Ruya-18-1.jpg 1208w, https:\/\/www.tgrthaber.com\/mavikadin\/wp-content\/uploads\/2026\/01\/Esref-Ruya-18-1-300x169.jpg 300w, https:\/\/www.tgrthaber.com\/mavikadin\/wp-content\/uploads\/2026\/01\/Esref-Ruya-18-1-1024x576.jpg 1024w, https:\/\/www.tgrthaber.com\/mavikadin\/wp-content\/uploads\/2026\/01\/Esref-Ruya-18-1-768x432.jpg 768w\" sizes=\"(max-width: 1208px) 100vw, 1208px\" \/><\/p>\n<hr \/>\n<h3>E\u015eREF R\u00dcYA SON B\u00d6L\u00dcM NEREDEN \u0130ZLEN\u0130R?<\/h3>\n<p>Son zamanlar\u0131n en pop\u00fcler dizilerinden biri olan <a href=\"https:\/\/www.tgrthaber.com\/mavikadin\/demet-ozdemir-esref-ruya-dizisinden-ayriliyor-mu-esref-tek-ruyayi-ogrenince-ne-olacak\/\">E\u015fref R\u00fcya<\/a>, g\u00fc\u00e7l\u00fc oyuncu kadrosu ve etkileyici hikayesiyle izleyiciyi ekran ba\u015f\u0131na kilitliyor. Kanal D ekranlar\u0131nda her \u00e7ar\u015famba seyirciyle bulu\u015fan E\u015fref R\u00fcya dizisi yeni b\u00f6l\u00fcmleriyle nefesleri kesiyor.<\/p>\n<p><img loading=\"lazy\" decoding=\"async\" class=\"size-full wp-image-296226\" src=\"https:\/\/www.tgrthaber.com\/mavikadin\/wp-content\/uploads\/2026\/01\/Esref-Ruya-17-1.jpg\" alt=\"E\u015fref R\u00fcya 31. b\u00f6l\u00fcm fragman\u0131 yay\u0131nland\u0131 m\u0131? E\u015fref R\u00fcya son b\u00f6l\u00fcm nereden izlenir?\" width=\"1208\" height=\"680\" title=\"\" srcset=\"https:\/\/www.tgrthaber.com\/mavikadin\/wp-content\/uploads\/2026\/01\/Esref-Ruya-17-1.jpg 1208w, https:\/\/www.tgrthaber.com\/mavikadin\/wp-content\/uploads\/2026\/01\/Esref-Ruya-17-1-300x169.jpg 300w, https:\/\/www.tgrthaber.com\/mavikadin\/wp-content\/uploads\/2026\/01\/Esref-Ruya-17-1-1024x576.jpg 1024w, https:\/\/www.tgrthaber.com\/mavikadin\/wp-content\/uploads\/2026\/01\/Esref-Ruya-17-1-768x432.jpg 768w\" sizes=\"(max-width: 1208px) 100vw, 1208px\" \/><\/p>\n<hr \/>\n<p>En son 30. b\u00f6l\u00fcm\u00fcyle ekranlara gelen E\u015fref R\u00fcya dizisinin nereden izlenebilece\u011fi de merakla ara\u015ft\u0131r\u0131l\u0131yor. Heyecan dolu son b\u00f6l\u00fcm\u00fcyle ekranlara gelen E\u015fref R\u00fcya dizisinin 28. b\u00f6l\u00fcm\u00fc Amazon Prime\u2019dan izlenebiliyor. Diziyi ka\u00e7\u0131ranlar ve yeniden izlemek isteyenler yaln\u0131zca Amazon Prime dijital platformundan E\u015fref R\u00fcya\u2019n\u0131n son b\u00f6l\u00fcm\u00fcn\u00fc full tek par\u00e7a izleyebiliyor. \u00c7ar\u015famba ak\u015famlar\u0131n\u0131n b\u00fcy\u00fck bir ilgiyle takip edilen dizisi E\u015fref R\u00fcya, televizyon yay\u0131n\u0131 sonras\u0131 yaln\u0131zca Prime Video\u2019da izleyici kar\u015f\u0131s\u0131na \u00e7\u0131k\u0131yor.<\/p>\n<p><img loading=\"lazy\" decoding=\"async\" class=\"size-full wp-image-296229\" src=\"https:\/\/www.tgrthaber.com\/mavikadin\/wp-content\/uploads\/2026\/01\/Esref-Ruya-14-2.jpg\" alt=\"E\u015fref R\u00fcya 31. b\u00f6l\u00fcm fragman\u0131 yay\u0131nland\u0131 m\u0131? E\u015fref R\u00fcya son b\u00f6l\u00fcm nereden izlenir?\" width=\"1208\" height=\"680\" title=\"\" srcset=\"https:\/\/www.tgrthaber.com\/mavikadin\/wp-content\/uploads\/2026\/01\/Esref-Ruya-14-2.jpg 1208w, https:\/\/www.tgrthaber.com\/mavikadin\/wp-content\/uploads\/2026\/01\/Esref-Ruya-14-2-300x169.jpg 300w, https:\/\/www.tgrthaber.com\/mavikadin\/wp-content\/uploads\/2026\/01\/Esref-Ruya-14-2-1024x576.jpg 1024w, https:\/\/www.tgrthaber.com\/mavikadin\/wp-content\/uploads\/2026\/01\/Esref-Ruya-14-2-768x432.jpg 768w\" sizes=\"(max-width: 1208px) 100vw, 1208px\" \/><\/p>\n<hr \/>\n<p>Di\u011fer yandan dizinin ge\u00e7mi\u015f b\u00f6l\u00fcmleri ise s\u0131rayla Kanal D resmi sitesinde ve YouTube resmi sayfas\u0131nda yay\u0131nlan\u0131yor. Fakat fenomen dizinin son b\u00f6l\u00fcm\u00fcn\u00fc izlemek isteyenler Prime Video\u2019dan kolayl\u0131kla ula\u015fabiliyor.<\/p>\n","protected":false},"excerpt":{"rendered":"<p>Kanal D ekranlar\u0131n\u0131n b\u00fcy\u00fck bir ilgiyle takip edilen dizisi E\u015fref R\u00fcya\u2019n\u0131n 31. b\u00f6l\u00fcm fragman\u0131n\u0131n yay\u0131nlan\u0131p yay\u0131nlanmad\u0131\u011f\u0131 merak ediliyor. Peki, E\u015fref R\u00fcya 31. b\u00f6l\u00fcm fragman\u0131 yay\u0131nland\u0131 m\u0131? E\u015fref R\u00fcya son b\u00f6l\u00fcm nereden izlenir? \u0130\u015fte detaylar\u2026<\/p>\n","protected":false},"author":26,"featured_media":296225,"comment_status":"closed","ping_status":"closed","sticky":false,"template":"","format":"standard","meta":{"rank_math_lock_modified_date":false,"footnotes":""},"categories":[602],"tags":[32159,2628,3602,4755,71627,18579],"class_list":["post-296216","post","type-post","status-publish","format-standard","has-post-thumbnail","hentry","category-diziler","tag-dizi","tag-dizi-haberleri","tag-diziler","tag-esref-ruya","tag-esref-ruya-31-bolum-fragmani","tag-esref-ruya-son-bolum"],"_links":{"self":[{"href":"https:\/\/www.tgrthaber.com\/mavikadin\/wp-json\/wp\/v2\/posts\/296216"}],"collection":[{"href":"https:\/\/www.tgrthaber.com\/mavikadin\/wp-json\/wp\/v2\/posts"}],"about":[{"href":"https:\/\/www.tgrthaber.com\/mavikadin\/wp-json\/wp\/v2\/types\/post"}],"author":[{"embeddable":true,"href":"https:\/\/www.tgrthaber.com\/mavikadin\/wp-json\/wp\/v2\/users\/26"}],"replies":[{"embeddable":true,"href":"https:\/\/www.tgrthaber.com\/mavikadin\/wp-json\/wp\/v2\/comments?post=296216"}],"version-history":[{"count":1,"href":"https:\/\/www.tgrthaber.com\/mavikadin\/wp-json\/wp\/v2\/posts\/296216\/revisions"}],"predecessor-version":[{"id":296233,"href":"https:\/\/www.tgrthaber.com\/mavikadin\/wp-json\/wp\/v2\/posts\/296216\/revisions\/296233"}],"wp:featuredmedia":[{"embeddable":true,"href":"https:\/\/www.tgrthaber.com\/mavikadin\/wp-json\/wp\/v2\/media\/296225"}],"wp:attachment":[{"href":"https:\/\/www.tgrthaber.com\/mavikadin\/wp-json\/wp\/v2\/media?parent=296216"}],"wp:term":[{"taxonomy":"category","embeddable":true,"href":"https:\/\/www.tgrthaber.com\/mavikadin\/wp-json\/wp\/v2\/categories?post=296216"},{"taxonomy":"post_tag","embeddable":true,"href":"https:\/\/www.tgrthaber.com\/mavikadin\/wp-json\/wp\/v2\/tags?post=296216"}],"curies":[{"name":"wp","href":"https:\/\/api.w.org\/{rel}","templated":true}]}}