{"id":296264,"date":"2026-01-29T11:37:14","date_gmt":"2026-01-29T08:37:14","guid":{"rendered":"https:\/\/www.tgrthaber.com\/mavikadin\/?p=296264"},"modified":"2026-01-29T11:37:15","modified_gmt":"2026-01-29T08:37:15","slug":"yeralti-dizisi-nerede-cekiliyor-yeralti-dizisi-cekim-yerleri-nereler","status":"publish","type":"post","link":"https:\/\/www.tgrthaber.com\/mavikadin\/yeralti-dizisi-nerede-cekiliyor-yeralti-dizisi-cekim-yerleri-nereler\/","title":{"rendered":"Yeralt\u0131 dizisi nerede \u00e7ekiliyor? Yeralt\u0131 dizisi \u00e7ekim yerleri nereler?"},"content":{"rendered":"<p>Ba\u015far\u0131l\u0131 oyuncu kadrosu ve ilgi \u00e7ekici senaryosu ile Yeralt\u0131 dizisinin ilk b\u00f6l\u00fcm\u00fc 28 Ocak 2026 tarihinde yay\u0131mland\u0131. NOW TV\u2019de yay\u0131nlanan, Medyap\u0131m taraf\u0131ndan haz\u0131rlanan Yeralt\u0131 dizisinin nerede \u00e7ekildi\u011fi, Yeralt\u0131 dizisi \u00e7ekim yerleri nereler oldu\u011fu ara\u015ft\u0131r\u0131l\u0131yor. \u0130\u015fte detaylar&#8230;<\/p>\n<h3>YERALTI D\u0130Z\u0130S\u0130 NEREDE \u00c7EK\u0130L\u0130YOR?<\/h3>\n<p>\u0130lk b\u00f6l\u00fcm\u00fcn\u00fcn yay\u0131mlanmas\u0131n\u0131n ard\u0131ndan izleyicinin be\u011fenisini kazanmaya ba\u015flayan<a href=\"https:\/\/www.tgrthaber.com\/mavikadin\/yeralti-dizisi-hikayesi-gercek-mi-yeralti-dizisi-uyarlama-mi\/\"> Yeralt\u0131<\/a> dizisinin nerede \u00e7ekildi\u011fi merak konusu oldu. Yeralt\u0131 dizisi yap\u0131m\u0131n\u0131n \u00e7ekimleri \u0130stanbul\u2019da ger\u00e7ekle\u015ftiriliyor. Dizinin karanl\u0131k atmosferine uygun olarak farkl\u0131 semtler, end\u00fcstriyel alanlar ve \u015fehir i\u00e7i mekanlar tercih ediliyor. Baz\u0131 sahnelerin ada b\u00f6lgelerinde \u00e7ekildi\u011fi bilgisi de yap\u0131m ekibi taraf\u0131ndan payla\u015f\u0131ld\u0131.<\/p>\n<p><img loading=\"lazy\" decoding=\"async\" class=\"alignnone size-full wp-image-296280\" src=\"https:\/\/www.tgrthaber.com\/mavikadin\/wp-content\/uploads\/2026\/01\/Asli-2026-01-29T111858.740.png\" alt=\"\" width=\"1208\" height=\"680\" title=\"\" srcset=\"https:\/\/www.tgrthaber.com\/mavikadin\/wp-content\/uploads\/2026\/01\/Asli-2026-01-29T111858.740.png 1208w, https:\/\/www.tgrthaber.com\/mavikadin\/wp-content\/uploads\/2026\/01\/Asli-2026-01-29T111858.740-300x169.png 300w, https:\/\/www.tgrthaber.com\/mavikadin\/wp-content\/uploads\/2026\/01\/Asli-2026-01-29T111858.740-1024x576.png 1024w, https:\/\/www.tgrthaber.com\/mavikadin\/wp-content\/uploads\/2026\/01\/Asli-2026-01-29T111858.740-768x432.png 768w\" sizes=\"(max-width: 1208px) 100vw, 1208px\" \/><\/p>\n<hr \/>\n<p><a href=\"https:\/\/www.tgrthaber.com\/mavikadin\/yeralti-dizisi-1-bolum-haydar-ali-ve-ceylanin-tehlikeli-yolculugu-haydar-alinin-kaderi-degisiyor\/\">Yeralt\u0131<\/a> dizisi \u00e7ekimlerinde, tarihi yar\u0131madan\u0131n dar sokaklar\u0131, Galata\u2019n\u0131n arka y\u00fcz\u00fc, Beykoz\u2019daki terk edilmi\u015f fabrika alanlar\u0131 ve \u00f6zel olarak tasarlanan yeralt\u0131 s\u0131\u011f\u0131naklar\u0131 \u00f6ne \u00e7\u0131k\u0131yor. Farkl\u0131 semtlerde kurulan bu setler, dizinin su\u00e7 ve dram eksenli yap\u0131s\u0131n\u0131 daha da derinle\u015ftiriyor.<\/p>\n<p><img loading=\"lazy\" decoding=\"async\" class=\"alignnone size-full wp-image-296281\" src=\"https:\/\/www.tgrthaber.com\/mavikadin\/wp-content\/uploads\/2026\/01\/Asli-2026-01-29T112228.864-1.png\" alt=\"\" width=\"1208\" height=\"680\" title=\"\" srcset=\"https:\/\/www.tgrthaber.com\/mavikadin\/wp-content\/uploads\/2026\/01\/Asli-2026-01-29T112228.864-1.png 1208w, https:\/\/www.tgrthaber.com\/mavikadin\/wp-content\/uploads\/2026\/01\/Asli-2026-01-29T112228.864-1-300x169.png 300w, https:\/\/www.tgrthaber.com\/mavikadin\/wp-content\/uploads\/2026\/01\/Asli-2026-01-29T112228.864-1-1024x576.png 1024w, https:\/\/www.tgrthaber.com\/mavikadin\/wp-content\/uploads\/2026\/01\/Asli-2026-01-29T112228.864-1-768x432.png 768w\" sizes=\"(max-width: 1208px) 100vw, 1208px\" \/><\/p>\n<hr \/>\n<h3>YERALTI D\u0130Z\u0130S\u0130 KONUSU NED\u0130R?<\/h3>\n<p><a href=\"https:\/\/www.tgrthaber.com\/mavikadin\/yeralti-dizisinin-ozel-tanitimi-yayinlandi-fragmanda-eypio-etkisi\/\">Yeralt\u0131<\/a> dizisi konusu, su\u00e7, a\u015fk ve sadakat temalar\u0131 etraf\u0131nda \u015fekillenen bir dram hikayesini merkezine al\u0131yor. Ailesinin katilini \u00f6ld\u00fcrd\u00fckten sonra cezaevine giren Haydar Ali, burada T\u00fcrkiye\u2019nin en tehlikeli yeralt\u0131 yap\u0131lanmalar\u0131ndan biriyle temas eder. Cezaevi sonras\u0131 hayat\u0131, onu yaln\u0131zca ge\u00e7mi\u015fiyle de\u011fil, yeralt\u0131 d\u00fcnyas\u0131n\u0131n kurallar\u0131yla da y\u00fczle\u015ftirir.<\/p>\n<p><img loading=\"lazy\" decoding=\"async\" class=\"alignnone size-full wp-image-296282\" src=\"https:\/\/www.tgrthaber.com\/mavikadin\/wp-content\/uploads\/2026\/01\/Asli-2026-01-29T112304.242.png\" alt=\"\" width=\"1208\" height=\"680\" title=\"\" srcset=\"https:\/\/www.tgrthaber.com\/mavikadin\/wp-content\/uploads\/2026\/01\/Asli-2026-01-29T112304.242.png 1208w, https:\/\/www.tgrthaber.com\/mavikadin\/wp-content\/uploads\/2026\/01\/Asli-2026-01-29T112304.242-300x169.png 300w, https:\/\/www.tgrthaber.com\/mavikadin\/wp-content\/uploads\/2026\/01\/Asli-2026-01-29T112304.242-1024x576.png 1024w, https:\/\/www.tgrthaber.com\/mavikadin\/wp-content\/uploads\/2026\/01\/Asli-2026-01-29T112304.242-768x432.png 768w\" sizes=\"(max-width: 1208px) 100vw, 1208px\" \/><\/p>\n<hr \/>\n<p>Hikaye, Haydar Ali\u2019nin \u00f6zg\u00fcrl\u00fc\u011f\u00fcne kavu\u015ftuktan sonra ya\u015fad\u0131\u011f\u0131 b\u00fcy\u00fck \u00e7at\u0131\u015fmayla derinle\u015fir. Sevdi\u011fi kad\u0131n art\u0131k en yak\u0131n\u0131ndaki ki\u015finin hayat\u0131ndad\u0131r. Bu durum, karakterleri geri d\u00f6n\u00fc\u015f\u00fc olmayan kararlar\u0131n e\u015fi\u011fine getirir. Yeralt\u0131 dizisi, su\u00e7 d\u00fcnyas\u0131n\u0131n g\u00f6lgesinde \u015fekillenen ili\u015fkileri ve insan psikolojisini merkeze alan bir anlat\u0131m sunar.<\/p>\n<p><img loading=\"lazy\" decoding=\"async\" class=\"alignnone size-full wp-image-296285\" src=\"https:\/\/www.tgrthaber.com\/mavikadin\/wp-content\/uploads\/2026\/01\/Asli-2026-01-29T112316.303.png\" alt=\"\" width=\"1208\" height=\"680\" title=\"\" srcset=\"https:\/\/www.tgrthaber.com\/mavikadin\/wp-content\/uploads\/2026\/01\/Asli-2026-01-29T112316.303.png 1208w, https:\/\/www.tgrthaber.com\/mavikadin\/wp-content\/uploads\/2026\/01\/Asli-2026-01-29T112316.303-300x169.png 300w, https:\/\/www.tgrthaber.com\/mavikadin\/wp-content\/uploads\/2026\/01\/Asli-2026-01-29T112316.303-1024x576.png 1024w, https:\/\/www.tgrthaber.com\/mavikadin\/wp-content\/uploads\/2026\/01\/Asli-2026-01-29T112316.303-768x432.png 768w\" sizes=\"(max-width: 1208px) 100vw, 1208px\" \/><\/p>\n<hr \/>\n<h3>YERALTI D\u0130Z\u0130S\u0130 OYUNCU KADROSU<\/h3>\n<p>Yeralt\u0131 dizisi oyuncu kadrosu, deneyimli ve gen\u00e7 isimleri bir araya getiren ilgi \u00e7ekici yeni dizilerden biri. Dizinin ba\u015fl\u0131ca oyuncular\u0131 \u015fu \u015fekilde:<\/p>\n<ul>\n<li>Deniz Can Akta\u015f<\/li>\n<li>Devrim \u00d6zkan<\/li>\n<li>Uraz Kayg\u0131laro\u011flu<\/li>\n<li>S\u00fcmeyye Aydo\u011fan<\/li>\n<li>Burak Sevin\u00e7<\/li>\n<li>\u00dclk\u00fc Hilal \u00c7ift\u00e7i<\/li>\n<li>Ekin Mert Daymaz<\/li>\n<li>Emir Benderlio\u011flu<\/li>\n<li>Koray \u015eahinba\u015f<\/li>\n<li>H\u00fclya G\u00fcl\u015fen<\/li>\n<li>Hakan \u00c7elebi<\/li>\n<li>Mehmet Y\u0131lmaz Ak<\/li>\n<\/ul>\n<h3><img loading=\"lazy\" decoding=\"async\" class=\"alignnone size-full wp-image-296279\" src=\"https:\/\/www.tgrthaber.com\/mavikadin\/wp-content\/uploads\/2026\/01\/Asli-2026-01-29T112228.864.png\" alt=\"\" width=\"1208\" height=\"680\" title=\"\" srcset=\"https:\/\/www.tgrthaber.com\/mavikadin\/wp-content\/uploads\/2026\/01\/Asli-2026-01-29T112228.864.png 1208w, https:\/\/www.tgrthaber.com\/mavikadin\/wp-content\/uploads\/2026\/01\/Asli-2026-01-29T112228.864-300x169.png 300w, https:\/\/www.tgrthaber.com\/mavikadin\/wp-content\/uploads\/2026\/01\/Asli-2026-01-29T112228.864-1024x576.png 1024w, https:\/\/www.tgrthaber.com\/mavikadin\/wp-content\/uploads\/2026\/01\/Asli-2026-01-29T112228.864-768x432.png 768w\" sizes=\"(max-width: 1208px) 100vw, 1208px\" \/><\/h3>\n<h3>YERALTI D\u0130Z\u0130S\u0130NDEK\u0130 KARAKTERLER<\/h3>\n<p>Dizide Deniz Can Akta\u015f, Haydar Ali karakterini oynarken Devrim \u00d6zkan, hikayenin merkezindeki kad\u0131n karakterlerden biri olan Ceylan rol\u00fcyle izleyici kar\u015f\u0131s\u0131na \u00e7\u0131k\u0131yor. \u00dclk\u00fc Hilal \u00c7ift\u00e7i, dizide dikkat \u00e7eken yan karakterlerden biri olarak \u00f6ne \u00e7\u0131k\u0131yor. Yeralt\u0131 dizisindeki oyuncular, su\u00e7 d\u00fcnyas\u0131n\u0131n farkl\u0131 katmanlar\u0131n\u0131 temsil eden karakterlerle hikayeye derinlik kat\u0131yor.<\/p>\n","protected":false},"excerpt":{"rendered":"<p>Hen\u00fcz hi\u00e7bir b\u00f6l\u00fcm\u00fc ekranlarda seyirciyle bulu\u015fmamas\u0131na ra\u011fmen fragmanlar\u0131yla seyirciyi ekranlara kilitleyen Yeralt\u0131 dizisinin nerede \u00e7ekildi\u011fi merak konusu oldu.<\/p>\n","protected":false},"author":37,"featured_media":296278,"comment_status":"closed","ping_status":"closed","sticky":false,"template":"","format":"standard","meta":{"rank_math_lock_modified_date":false,"footnotes":""},"categories":[602],"tags":[3602,66165,71635,71634],"class_list":["post-296264","post","type-post","status-publish","format-standard","has-post-thumbnail","hentry","category-diziler","tag-diziler","tag-yeralti","tag-yeralti-dizi-oyunculari","tag-yeralti-dizisi-nerede-cekiliyor"],"_links":{"self":[{"href":"https:\/\/www.tgrthaber.com\/mavikadin\/wp-json\/wp\/v2\/posts\/296264"}],"collection":[{"href":"https:\/\/www.tgrthaber.com\/mavikadin\/wp-json\/wp\/v2\/posts"}],"about":[{"href":"https:\/\/www.tgrthaber.com\/mavikadin\/wp-json\/wp\/v2\/types\/post"}],"author":[{"embeddable":true,"href":"https:\/\/www.tgrthaber.com\/mavikadin\/wp-json\/wp\/v2\/users\/37"}],"replies":[{"embeddable":true,"href":"https:\/\/www.tgrthaber.com\/mavikadin\/wp-json\/wp\/v2\/comments?post=296264"}],"version-history":[{"count":1,"href":"https:\/\/www.tgrthaber.com\/mavikadin\/wp-json\/wp\/v2\/posts\/296264\/revisions"}],"predecessor-version":[{"id":296306,"href":"https:\/\/www.tgrthaber.com\/mavikadin\/wp-json\/wp\/v2\/posts\/296264\/revisions\/296306"}],"wp:featuredmedia":[{"embeddable":true,"href":"https:\/\/www.tgrthaber.com\/mavikadin\/wp-json\/wp\/v2\/media\/296278"}],"wp:attachment":[{"href":"https:\/\/www.tgrthaber.com\/mavikadin\/wp-json\/wp\/v2\/media?parent=296264"}],"wp:term":[{"taxonomy":"category","embeddable":true,"href":"https:\/\/www.tgrthaber.com\/mavikadin\/wp-json\/wp\/v2\/categories?post=296264"},{"taxonomy":"post_tag","embeddable":true,"href":"https:\/\/www.tgrthaber.com\/mavikadin\/wp-json\/wp\/v2\/tags?post=296264"}],"curies":[{"name":"wp","href":"https:\/\/api.w.org\/{rel}","templated":true}]}}