{"id":296284,"date":"2026-01-29T11:38:13","date_gmt":"2026-01-29T08:38:13","guid":{"rendered":"https:\/\/www.tgrthaber.com\/mavikadin\/?p=296284"},"modified":"2026-01-29T11:42:31","modified_gmt":"2026-01-29T08:42:31","slug":"yeralti-dizisi-1-bolum-nereden-izlenir-yeralti-dizisi-1-bolum-neler-oldu","status":"publish","type":"post","link":"https:\/\/www.tgrthaber.com\/mavikadin\/yeralti-dizisi-1-bolum-nereden-izlenir-yeralti-dizisi-1-bolum-neler-oldu\/","title":{"rendered":"Yeralt\u0131 dizisi 1 b\u00f6l\u00fcm nereden izlenir? Yeralt\u0131 dizisi 1 b\u00f6l\u00fcm neler oldu?"},"content":{"rendered":"<p>Ekranlar\u0131n yeni dizisi <a href=\"https:\/\/www.tgrthaber.com\/mavikadin\/yeralti-dizisi-hikayesi-gercek-mi-yeralti-dizisi-uyarlama-mi\/\">Yeralt\u0131<\/a>, ilk b\u00f6l\u00fcm\u00fcyle d\u00fcn ak\u015fam izleyicisiyle bulu\u015ftu. \u0130zleyiciden tam not alan Yeralt\u0131, arama motorlar\u0131n\u0131n da en \u00e7ok arat\u0131lan dizilerinden biri oldu. Arama motorlar\u0131nda \u2018Yeralt\u0131 dizisi 1 b\u00f6l\u00fcm nereden izlenir? Yeralt\u0131 dizisi 1 b\u00f6l\u00fcm neler oldu?\u2019 sorular\u0131 merakla ara\u015ft\u0131r\u0131lmaya ba\u015fland\u0131. \u0130\u015fte detaylar\u2026<\/p>\n<h3>YERALTI D\u0130Z\u0130S\u0130 1 B\u00d6L\u00dcM NEREDEN \u0130ZLEN\u0130R?<\/h3>\n<p>NOW TV ekranlar\u0131nda yay\u0131nlanan <a href=\"https:\/\/www.tgrthaber.com\/mavikadin\/yeralti-dizisi-1-bolum-haydar-ali-ve-ceylanin-tehlikeli-yolculugu-haydar-alinin-kaderi-degisiyor\/\">Yeralt\u0131<\/a> dizisi, 1. b\u00f6l\u00fcm\u00fcyle dikkatleri \u00fczerine \u00e7ekmeyi ba\u015fard\u0131. \u00c7ar\u015famba ak\u015famlar\u0131n\u0131n sevilen dizileriyle yar\u0131\u015f haline giren Yeralt\u0131 dizisi, \u00c7ar\u015famba ak\u015famlar\u0131n\u0131n dikkat \u00e7eken yap\u0131mlar\u0131ndan oluyor.<\/p>\n<p><img loading=\"lazy\" decoding=\"async\" class=\"alignnone size-full wp-image-296293\" src=\"https:\/\/www.tgrthaber.com\/mavikadin\/wp-content\/uploads\/2026\/01\/ARZU-69-3.jpg\" alt=\"Yeralt\u0131 dizisi 1 b\u00f6l\u00fcm nereden izlenir? Yeralt\u0131 dizisi 1 b\u00f6l\u00fcm neler oldu?\" width=\"1208\" height=\"680\" title=\"\" srcset=\"https:\/\/www.tgrthaber.com\/mavikadin\/wp-content\/uploads\/2026\/01\/ARZU-69-3.jpg 1208w, https:\/\/www.tgrthaber.com\/mavikadin\/wp-content\/uploads\/2026\/01\/ARZU-69-3-300x169.jpg 300w, https:\/\/www.tgrthaber.com\/mavikadin\/wp-content\/uploads\/2026\/01\/ARZU-69-3-1024x576.jpg 1024w, https:\/\/www.tgrthaber.com\/mavikadin\/wp-content\/uploads\/2026\/01\/ARZU-69-3-768x432.jpg 768w\" sizes=\"(max-width: 1208px) 100vw, 1208px\" \/><\/p>\n<hr \/>\n<p>NOW TV ekranlar\u0131nda yay\u0131nlanan Yeralt\u0131 dizisi, \u2018nereden izlenir?\u2019 sorusuyla arama motorlar\u0131nda aranmaya ba\u015fland\u0131. Gerek konusu gerekse oyuncular\u0131yla dikkatleri \u00fczerine \u00e7eken Yeralt\u0131 dizisi, ilk b\u00f6l\u00fcm\u00fcyle YouTube ve NOW TV\u2019nin resmi internet sitesinden izlenebiliyor.<\/p>\n<p><img loading=\"lazy\" decoding=\"async\" class=\"alignnone size-full wp-image-296289\" src=\"https:\/\/www.tgrthaber.com\/mavikadin\/wp-content\/uploads\/2026\/01\/ARZU-73-3.jpg\" alt=\"Yeralt\u0131 dizisi 1 b\u00f6l\u00fcm nereden izlenir? Yeralt\u0131 dizisi 1 b\u00f6l\u00fcm neler oldu?\" width=\"1208\" height=\"680\" title=\"\" srcset=\"https:\/\/www.tgrthaber.com\/mavikadin\/wp-content\/uploads\/2026\/01\/ARZU-73-3.jpg 1208w, https:\/\/www.tgrthaber.com\/mavikadin\/wp-content\/uploads\/2026\/01\/ARZU-73-3-300x169.jpg 300w, https:\/\/www.tgrthaber.com\/mavikadin\/wp-content\/uploads\/2026\/01\/ARZU-73-3-1024x576.jpg 1024w, https:\/\/www.tgrthaber.com\/mavikadin\/wp-content\/uploads\/2026\/01\/ARZU-73-3-768x432.jpg 768w\" sizes=\"(max-width: 1208px) 100vw, 1208px\" \/><\/p>\n<hr \/>\n<p>Deniz Can Akta\u015f, Devrim \u00d6zkan ve Uraz Kayg\u0131laro\u011flu\u2019nun ba\u015frol olduklar\u0131 Yeralt\u0131 dizisi, intikam, sadakat ve hayatta kalma i\u00e7g\u00fcd\u00fcs\u00fcn\u00fcn bir arada oldu\u011fu ya\u015fam s\u0131n\u0131rlar\u0131n\u0131 bir araya getirerek izleyicinin dikkatini \u00e7ekmektedir.<\/p>\n<h3><img loading=\"lazy\" decoding=\"async\" class=\"alignnone size-full wp-image-296291\" src=\"https:\/\/www.tgrthaber.com\/mavikadin\/wp-content\/uploads\/2026\/01\/ARZU-71-3.jpg\" alt=\"Yeralt\u0131 dizisi 1 b\u00f6l\u00fcm nereden izlenir? Yeralt\u0131 dizisi 1 b\u00f6l\u00fcm neler oldu?\" width=\"1208\" height=\"680\" title=\"\" srcset=\"https:\/\/www.tgrthaber.com\/mavikadin\/wp-content\/uploads\/2026\/01\/ARZU-71-3.jpg 1208w, https:\/\/www.tgrthaber.com\/mavikadin\/wp-content\/uploads\/2026\/01\/ARZU-71-3-300x169.jpg 300w, https:\/\/www.tgrthaber.com\/mavikadin\/wp-content\/uploads\/2026\/01\/ARZU-71-3-1024x576.jpg 1024w, https:\/\/www.tgrthaber.com\/mavikadin\/wp-content\/uploads\/2026\/01\/ARZU-71-3-768x432.jpg 768w\" sizes=\"(max-width: 1208px) 100vw, 1208px\" \/><\/h3>\n<hr \/>\n<h3>YERALTI D\u0130Z\u0130S\u0130 1 B\u00d6L\u00dcM NELER OLDU?<\/h3>\n<p><a href=\"https:\/\/www.tgrthaber.com\/mavikadin\/efsane-oyuncu-sevil-aki-yeralti-dizisinde-iddiali-isim-ekranlara-geri-donuyor\/\">Yeralt\u0131<\/a> dizisi ilk b\u00f6l\u00fcm\u00fcyle NOW TV ekranlar\u0131na gelirken, izleyicisinden tam not ald\u0131. \u00c7ar\u015famba ak\u015famlar\u0131n\u0131n en dikkat \u00e7eken dizilerinin i\u00e7inde dikkatleri \u00fczerine \u00e7eken Yeralt\u0131 dizisi, 1. b\u00f6l\u00fcm\u00fcyle adeta reytinglerde \u00fcst s\u0131ralarda yer ald\u0131.<\/p>\n<p><img loading=\"lazy\" decoding=\"async\" class=\"alignnone size-full wp-image-296292\" src=\"https:\/\/www.tgrthaber.com\/mavikadin\/wp-content\/uploads\/2026\/01\/ARZU-70-3.jpg\" alt=\"Yeralt\u0131 dizisi 1 b\u00f6l\u00fcm nereden izlenir? Yeralt\u0131 dizisi 1 b\u00f6l\u00fcm neler oldu?\" width=\"1208\" height=\"680\" title=\"\" srcset=\"https:\/\/www.tgrthaber.com\/mavikadin\/wp-content\/uploads\/2026\/01\/ARZU-70-3.jpg 1208w, https:\/\/www.tgrthaber.com\/mavikadin\/wp-content\/uploads\/2026\/01\/ARZU-70-3-300x169.jpg 300w, https:\/\/www.tgrthaber.com\/mavikadin\/wp-content\/uploads\/2026\/01\/ARZU-70-3-1024x576.jpg 1024w, https:\/\/www.tgrthaber.com\/mavikadin\/wp-content\/uploads\/2026\/01\/ARZU-70-3-768x432.jpg 768w\" sizes=\"(max-width: 1208px) 100vw, 1208px\" \/><\/p>\n<hr \/>\n<p>Yeralt\u0131 dizisi 1. B\u00f6l\u00fcm\u00fcyle merak edilirken arama motorlar\u0131nda \u20181. b\u00f6l\u00fcm neler oldu?\u2019 sorular\u0131n\u0131 da sordurttu. Haydar Ali ve Ceylan\u2019\u0131n b\u00fcy\u00fck bir a\u015fkla ba\u015flayan ili\u015fkisi beklenmedik bir gece de geri d\u00f6n\u00fc\u015f\u00fc olmayan bir yola sapland\u0131.<\/p>\n<p><img loading=\"lazy\" decoding=\"async\" class=\"alignnone size-full wp-image-296288\" src=\"https:\/\/www.tgrthaber.com\/mavikadin\/wp-content\/uploads\/2026\/01\/ARZU-74-3.jpg\" alt=\"Yeralt\u0131 dizisi 1 b\u00f6l\u00fcm nereden izlenir? Yeralt\u0131 dizisi 1 b\u00f6l\u00fcm neler oldu?\" width=\"1208\" height=\"680\" title=\"\" srcset=\"https:\/\/www.tgrthaber.com\/mavikadin\/wp-content\/uploads\/2026\/01\/ARZU-74-3.jpg 1208w, https:\/\/www.tgrthaber.com\/mavikadin\/wp-content\/uploads\/2026\/01\/ARZU-74-3-300x169.jpg 300w, https:\/\/www.tgrthaber.com\/mavikadin\/wp-content\/uploads\/2026\/01\/ARZU-74-3-1024x576.jpg 1024w, https:\/\/www.tgrthaber.com\/mavikadin\/wp-content\/uploads\/2026\/01\/ARZU-74-3-768x432.jpg 768w\" sizes=\"(max-width: 1208px) 100vw, 1208px\" \/><\/p>\n<hr \/>\n<p>Haydar Ali hem kendini hem de devletin gizli planlar\u0131n\u0131n hem de \u0130stanbul\u2019un ac\u0131mas\u0131z yeralt\u0131 d\u00fcnyas\u0131nda kendini buldu. Her \u015feyin tam merkezinde kendini bulan Haydar Ali, b\u00fcy\u00fck a\u015fk\u0131yla da s\u0131nanmaya ba\u015flar.<\/p>\n<p><img loading=\"lazy\" decoding=\"async\" class=\"alignnone wp-image-296310 size-full\" src=\"https:\/\/www.tgrthaber.com\/mavikadin\/wp-content\/uploads\/2026\/01\/ARZU-76-3.jpg\" alt=\"\" width=\"1208\" height=\"680\" title=\"\" srcset=\"https:\/\/www.tgrthaber.com\/mavikadin\/wp-content\/uploads\/2026\/01\/ARZU-76-3.jpg 1208w, https:\/\/www.tgrthaber.com\/mavikadin\/wp-content\/uploads\/2026\/01\/ARZU-76-3-300x169.jpg 300w, https:\/\/www.tgrthaber.com\/mavikadin\/wp-content\/uploads\/2026\/01\/ARZU-76-3-1024x576.jpg 1024w, https:\/\/www.tgrthaber.com\/mavikadin\/wp-content\/uploads\/2026\/01\/ARZU-76-3-768x432.jpg 768w\" sizes=\"(max-width: 1208px) 100vw, 1208px\" \/><\/p>\n<hr \/>\n<p>Ceylan ise sevdi\u011fi adam\u0131 koruma u\u011fruna kendi s\u0131n\u0131rlar\u0131n\u0131 a\u015farak yapmamas\u0131 gerekenleri yapar. Yeralt\u0131 d\u00fcnyas\u0131n\u0131n tam ortas\u0131ndaki adamla evlenerek tehlikeli yollarda y\u00fcr\u00fcmeye ba\u015flar. \u0130hanetin, sadakatin \u00a0ve hayatta kalma i\u00e7g\u00fcd\u00fcs\u00fcn\u00fcn bir arada i\u015flendi\u011fi Yeralt\u0131 dizisi, karanl\u0131k d\u00fcnyas\u0131yla merakla takip ediliyor.<\/p>\n","protected":false},"excerpt":{"rendered":"<p>NOW TV\u2019nin yeni dizisi olan Yeralt\u0131, ilk b\u00f6l\u00fcm\u00fcyle adeta ekranlara damga vurdu. Gerek konusu gerekse oyuncular\u0131n\u0131n ba\u015far\u0131s\u0131yla dikkatleri \u00fczerine \u00e7eken Yeralt\u0131 dizisi, arama motorlar\u0131n\u0131n da en \u00e7ok arat\u0131lan dizilerden oldu. Peki, Yeralt\u0131 dizisi 1 b\u00f6l\u00fcm nereden izlenir? Yeralt\u0131 dizisi 1 b\u00f6l\u00fcm neler oldu? \u0130\u015fte detaylar\u2026<\/p>\n","protected":false},"author":34,"featured_media":296290,"comment_status":"closed","ping_status":"closed","sticky":false,"template":"","format":"standard","meta":{"rank_math_lock_modified_date":false,"footnotes":""},"categories":[602],"tags":[2628,66165,66164,69103,71636],"class_list":["post-296284","post","type-post","status-publish","format-standard","has-post-thumbnail","hentry","category-diziler","tag-dizi-haberleri","tag-yeralti","tag-yeralti-dizi","tag-yeralti-dizisi-1-bolum","tag-yeralti-dizisi-neler-oldu"],"_links":{"self":[{"href":"https:\/\/www.tgrthaber.com\/mavikadin\/wp-json\/wp\/v2\/posts\/296284"}],"collection":[{"href":"https:\/\/www.tgrthaber.com\/mavikadin\/wp-json\/wp\/v2\/posts"}],"about":[{"href":"https:\/\/www.tgrthaber.com\/mavikadin\/wp-json\/wp\/v2\/types\/post"}],"author":[{"embeddable":true,"href":"https:\/\/www.tgrthaber.com\/mavikadin\/wp-json\/wp\/v2\/users\/34"}],"replies":[{"embeddable":true,"href":"https:\/\/www.tgrthaber.com\/mavikadin\/wp-json\/wp\/v2\/comments?post=296284"}],"version-history":[{"count":4,"href":"https:\/\/www.tgrthaber.com\/mavikadin\/wp-json\/wp\/v2\/posts\/296284\/revisions"}],"predecessor-version":[{"id":296312,"href":"https:\/\/www.tgrthaber.com\/mavikadin\/wp-json\/wp\/v2\/posts\/296284\/revisions\/296312"}],"wp:featuredmedia":[{"embeddable":true,"href":"https:\/\/www.tgrthaber.com\/mavikadin\/wp-json\/wp\/v2\/media\/296290"}],"wp:attachment":[{"href":"https:\/\/www.tgrthaber.com\/mavikadin\/wp-json\/wp\/v2\/media?parent=296284"}],"wp:term":[{"taxonomy":"category","embeddable":true,"href":"https:\/\/www.tgrthaber.com\/mavikadin\/wp-json\/wp\/v2\/categories?post=296284"},{"taxonomy":"post_tag","embeddable":true,"href":"https:\/\/www.tgrthaber.com\/mavikadin\/wp-json\/wp\/v2\/tags?post=296284"}],"curies":[{"name":"wp","href":"https:\/\/api.w.org\/{rel}","templated":true}]}}