{"id":296426,"date":"2026-01-29T14:49:53","date_gmt":"2026-01-29T11:49:53","guid":{"rendered":"https:\/\/www.tgrthaber.com\/mavikadin\/?p=296426"},"modified":"2026-01-29T14:50:44","modified_gmt":"2026-01-29T11:50:44","slug":"yeralti-dizisi-ceylan-kimdir-kac-yasinda-ceylanin-hikayesi-nedir","status":"publish","type":"post","link":"https:\/\/www.tgrthaber.com\/mavikadin\/yeralti-dizisi-ceylan-kimdir-kac-yasinda-ceylanin-hikayesi-nedir\/","title":{"rendered":"Yeralt\u0131 dizisi Ceylan kimdir, ka\u00e7 ya\u015f\u0131nda? Ceylan\u2019\u0131n hikayesi nedir?"},"content":{"rendered":"<p>Fragmanlar\u0131yla dikkat \u00e7eken <a href=\"https:\/\/www.tgrthaber.com\/mavikadin\/yeralti-dizisi-haydar-ali-kimdir-kac-yasinda-haydar-alinin-hikayesi-nedir\/\">Yeralt\u0131<\/a> dizisinin Ceylan karakteri merak ediliyor. Devrim \u00d6zkan\u2019\u0131n oynad\u0131\u011f\u0131 Ceylan karakteri Now TV ekranlar\u0131nda izleyiciyle bulu\u015fmaya devam ediyor. Peki Yeralt\u0131 dizisi Ceylan kimdir, ka\u00e7 ya\u015f\u0131nda? Ceylan\u2019\u0131n hikayesi nedir?<\/p>\n<h3>YERALTI D\u0130Z\u0130S\u0130 CEYLAN K\u0130MD\u0130R, KA\u00c7 YA\u015eINDA?<\/h3>\n<p><a href=\"https:\/\/www.tgrthaber.com\/mavikadin\/yeralti-dizi-oyunculari-kimlerdir-yeralti-yeni-dizi-oyunculari\/\">Yeralt\u0131<\/a> dizisi, yay\u0131nland\u0131\u011f\u0131 ilk b\u00f6l\u00fcmden itibaren hem hik\u00e2yesi hem de g\u00fc\u00e7l\u00fc karakterleriyle be\u011feni toplamaya devam ediyor.<\/p>\n<p>Dizinin en \u00e7ok konu\u015fulan karakterlerinin ba\u015f\u0131nda gelen bir isim ise ku\u015fkusuz Ceylan oldu. Haydar Ali\u2019nin ge\u00e7mi\u015finde derin izler b\u0131rakan Ceylan karakteri k\u0131sa zaman i\u00e7inde ara\u015ft\u0131r\u0131lmaya ba\u015fland\u0131.<\/p>\n<p><img loading=\"lazy\" decoding=\"async\" class=\"aligncenter size-full wp-image-294049\" src=\"https:\/\/www.tgrthaber.com\/mavikadin\/wp-content\/uploads\/2026\/01\/Yeralti-1.webp\" alt=\"\" width=\"2560\" height=\"1440\" title=\"\" srcset=\"https:\/\/www.tgrthaber.com\/mavikadin\/wp-content\/uploads\/2026\/01\/Yeralti-1.webp 2560w, https:\/\/www.tgrthaber.com\/mavikadin\/wp-content\/uploads\/2026\/01\/Yeralti-1-300x169.webp 300w, https:\/\/www.tgrthaber.com\/mavikadin\/wp-content\/uploads\/2026\/01\/Yeralti-1-1024x576.webp 1024w, https:\/\/www.tgrthaber.com\/mavikadin\/wp-content\/uploads\/2026\/01\/Yeralti-1-768x432.webp 768w, https:\/\/www.tgrthaber.com\/mavikadin\/wp-content\/uploads\/2026\/01\/Yeralti-1-1536x864.webp 1536w, https:\/\/www.tgrthaber.com\/mavikadin\/wp-content\/uploads\/2026\/01\/Yeralti-1-2048x1152.webp 2048w\" sizes=\"(max-width: 2560px) 100vw, 2560px\" \/><\/p>\n<hr \/>\n<p>Ekranlarda adeta parlayan Ceylan karakteri i\u00e7in k\u0131sa s\u00fcre i\u00e7inde \u201cYeralt\u0131 dizisi Ceylan kimdir, ka\u00e7 ya\u015f\u0131nda? Ceylan\u2019\u0131n hikayesi nedir?\u201d gibi sorular\u0131n cevaplar\u0131 ara\u015ft\u0131r\u0131lmaya ba\u015fland\u0131.<\/p>\n<p><img loading=\"lazy\" decoding=\"async\" class=\"aligncenter size-full wp-image-296428\" src=\"https:\/\/www.tgrthaber.com\/mavikadin\/wp-content\/uploads\/2026\/01\/Devrim-Ozkan-1.webp\" alt=\"\" width=\"750\" height=\"422\" title=\"\" srcset=\"https:\/\/www.tgrthaber.com\/mavikadin\/wp-content\/uploads\/2026\/01\/Devrim-Ozkan-1.webp 750w, https:\/\/www.tgrthaber.com\/mavikadin\/wp-content\/uploads\/2026\/01\/Devrim-Ozkan-1-300x169.webp 300w\" sizes=\"(max-width: 750px) 100vw, 750px\" \/><\/p>\n<hr \/>\n<h3>CEYLAN\u2019IN H\u0130KAYES\u0130 NED\u0130R?<\/h3>\n<p>Ceylan, ge\u00e7mi\u015fte Haydar Ali\u2019nin b\u00fcy\u00fck bir a\u015fk ya\u015fad\u0131\u011f\u0131 kad\u0131nd\u0131r. Ceylan, hik\u00e2yenin merkezinde yer al\u0131r ve olaylar\u0131n y\u00f6n\u00fcn\u00fc belirleyen ba\u015frollerden biridir. Ancak bu a\u015fk s\u0131radan bir ili\u015fki olman\u0131n \u00e7ok \u00f6tesindedir.<br \/>\nSevdi\u011fi adam\u0131 korumak ad\u0131na kendi s\u0131n\u0131rlar\u0131n\u0131 zorlayan Ceylan masumiyet ile su\u00e7 d\u00fcnyas\u0131 aras\u0131nda s\u0131k\u0131\u015f\u0131p kalm\u0131\u015ft\u0131r.<\/p>\n<p><img loading=\"lazy\" decoding=\"async\" class=\"aligncenter size-full wp-image-296429\" src=\"https:\/\/www.tgrthaber.com\/mavikadin\/wp-content\/uploads\/2026\/01\/Devrim-Ozkan-2.webp\" alt=\"\" width=\"1200\" height=\"729\" title=\"\" srcset=\"https:\/\/www.tgrthaber.com\/mavikadin\/wp-content\/uploads\/2026\/01\/Devrim-Ozkan-2.webp 1200w, https:\/\/www.tgrthaber.com\/mavikadin\/wp-content\/uploads\/2026\/01\/Devrim-Ozkan-2-300x182.webp 300w, https:\/\/www.tgrthaber.com\/mavikadin\/wp-content\/uploads\/2026\/01\/Devrim-Ozkan-2-1024x622.webp 1024w, https:\/\/www.tgrthaber.com\/mavikadin\/wp-content\/uploads\/2026\/01\/Devrim-Ozkan-2-768x467.webp 768w\" sizes=\"(max-width: 1200px) 100vw, 1200px\" \/><\/p>\n<hr \/>\n<p>Hayat\u0131n\u0131n bir d\u00f6neminde ald\u0131\u011f\u0131 kararlar, onu geri d\u00f6n\u00fc\u015f\u00fc olmayan bir yolculu\u011fa iter. Hem duygusal y\u00f6n\u00fc hem de dramatik derinli\u011fiyle izleyiciyi i\u00e7ine \u00e7eken bu karakterin ilerleyen b\u00f6l\u00fcmlerde nas\u0131l olaca\u011f\u0131 da \u015fimdiden merak ediliyor.<\/p>\n<h3>YERALTI D\u0130Z\u0130S\u0130 CEYLAN KARAKTER\u0130N\u0130 K\u0130M OYNUYOR?<\/h3>\n<p>Devrim \u00d6zkan Yeralt\u0131 dizisinin ba\u015far\u0131l\u0131 oyuncular\u0131 aras\u0131nda yer al\u0131yor. Ceylan karakterini \u00fcstlenen \u00d6zkan, bu dizideki rol\u00fcyle kariyerinde yeni bir sayfa a\u00e7m\u0131\u015f durumda.<\/p>\n<p><img loading=\"lazy\" decoding=\"async\" class=\"aligncenter size-full wp-image-296430\" src=\"https:\/\/www.tgrthaber.com\/mavikadin\/wp-content\/uploads\/2026\/01\/Devrim-Ozkan-3.webp\" alt=\"\" width=\"800\" height=\"595\" title=\"\" srcset=\"https:\/\/www.tgrthaber.com\/mavikadin\/wp-content\/uploads\/2026\/01\/Devrim-Ozkan-3.webp 800w, https:\/\/www.tgrthaber.com\/mavikadin\/wp-content\/uploads\/2026\/01\/Devrim-Ozkan-3-300x223.webp 300w, https:\/\/www.tgrthaber.com\/mavikadin\/wp-content\/uploads\/2026\/01\/Devrim-Ozkan-3-768x571.webp 768w\" sizes=\"(max-width: 800px) 100vw, 800px\" \/><\/p>\n<hr \/>\n<p>Devrim \u00d6zkan\u2019\u0131n mimik kullan\u0131m\u0131, do\u011fal oyunculu\u011fu ve duygusal sahnelerdeki ba\u015far\u0131s\u0131 Ceylan karakterinin izleyici ile aras\u0131nda g\u00fc\u00e7l\u00fc bir ba\u011f kurmas\u0131n\u0131 sa\u011fl\u0131yor.<\/p>\n<p><img loading=\"lazy\" decoding=\"async\" class=\"aligncenter size-full wp-image-296431\" src=\"https:\/\/www.tgrthaber.com\/mavikadin\/wp-content\/uploads\/2026\/01\/Devrim-Ozkan-4.webp\" alt=\"\" width=\"1208\" height=\"680\" title=\"\" srcset=\"https:\/\/www.tgrthaber.com\/mavikadin\/wp-content\/uploads\/2026\/01\/Devrim-Ozkan-4.webp 1208w, https:\/\/www.tgrthaber.com\/mavikadin\/wp-content\/uploads\/2026\/01\/Devrim-Ozkan-4-300x169.webp 300w, https:\/\/www.tgrthaber.com\/mavikadin\/wp-content\/uploads\/2026\/01\/Devrim-Ozkan-4-1024x576.webp 1024w, https:\/\/www.tgrthaber.com\/mavikadin\/wp-content\/uploads\/2026\/01\/Devrim-Ozkan-4-768x432.webp 768w\" sizes=\"(max-width: 1208px) 100vw, 1208px\" \/><\/p>\n<hr \/>\n<h3>DEVR\u0130M \u00d6ZKAN K\u0130MD\u0130R?<\/h3>\n<p>2 Eyl\u00fcl 1998 tarihinde Mu\u011fla&#8217;da d\u00fcnyaya gelen Devrim \u00d6zkan Mu\u011fla S\u0131tk\u0131 Ko\u00e7man \u00dcniversitesi G\u00fczel Sanatlar Fak\u00fcltesinde okurken \u0130stanbul&#8217;a ta\u015f\u0131narak ilk i\u015fi olan R\u00fcya dizisi ile oyunculu\u011fa ba\u015flad\u0131. \u201cGelsin Hayat Bildi\u011fi gibi\u201d dizisi ve &#8221;Mavi Ma\u011fara&#8221; filmiyle yurt i\u00e7i ve yurt d\u0131\u015f\u0131nda b\u00fcy\u00fck ba\u015far\u0131 elde etti.<\/p>\n","protected":false},"excerpt":{"rendered":"<p>Yay\u0131nland\u0131\u011f\u0131 ilk b\u00f6l\u00fcmden itibaren dikkatleri \u00fczerine \u00e7eken Yeralt\u0131 dizisinin Ceylan karakteri merak konusu oldu. Devrim \u00d6zkan\u2019\u0131n oynad\u0131\u011f\u0131 Ceylan karakteri i\u00e7in \u2018Yeralt\u0131 dizisi Ceylan kimdir, ka\u00e7 ya\u015f\u0131nda? Ceylan\u2019\u0131n hikayesi nedir?\u2019 \u015feklinde ara\u015ft\u0131rmalar yap\u0131ld\u0131.<\/p>\n","protected":false},"author":5,"featured_media":296432,"comment_status":"closed","ping_status":"closed","sticky":false,"template":"","format":"standard","meta":{"rank_math_lock_modified_date":false,"footnotes":""},"categories":[602],"tags":[159,3602,66165,71645],"class_list":["post-296426","post","type-post","status-publish","format-standard","has-post-thumbnail","hentry","category-diziler","tag-devrim-ozkan","tag-diziler","tag-yeralti","tag-yeralti-ceylan"],"_links":{"self":[{"href":"https:\/\/www.tgrthaber.com\/mavikadin\/wp-json\/wp\/v2\/posts\/296426"}],"collection":[{"href":"https:\/\/www.tgrthaber.com\/mavikadin\/wp-json\/wp\/v2\/posts"}],"about":[{"href":"https:\/\/www.tgrthaber.com\/mavikadin\/wp-json\/wp\/v2\/types\/post"}],"author":[{"embeddable":true,"href":"https:\/\/www.tgrthaber.com\/mavikadin\/wp-json\/wp\/v2\/users\/5"}],"replies":[{"embeddable":true,"href":"https:\/\/www.tgrthaber.com\/mavikadin\/wp-json\/wp\/v2\/comments?post=296426"}],"version-history":[{"count":3,"href":"https:\/\/www.tgrthaber.com\/mavikadin\/wp-json\/wp\/v2\/posts\/296426\/revisions"}],"predecessor-version":[{"id":296435,"href":"https:\/\/www.tgrthaber.com\/mavikadin\/wp-json\/wp\/v2\/posts\/296426\/revisions\/296435"}],"wp:featuredmedia":[{"embeddable":true,"href":"https:\/\/www.tgrthaber.com\/mavikadin\/wp-json\/wp\/v2\/media\/296432"}],"wp:attachment":[{"href":"https:\/\/www.tgrthaber.com\/mavikadin\/wp-json\/wp\/v2\/media?parent=296426"}],"wp:term":[{"taxonomy":"category","embeddable":true,"href":"https:\/\/www.tgrthaber.com\/mavikadin\/wp-json\/wp\/v2\/categories?post=296426"},{"taxonomy":"post_tag","embeddable":true,"href":"https:\/\/www.tgrthaber.com\/mavikadin\/wp-json\/wp\/v2\/tags?post=296426"}],"curies":[{"name":"wp","href":"https:\/\/api.w.org\/{rel}","templated":true}]}}