{"id":296461,"date":"2026-01-29T15:54:55","date_gmt":"2026-01-29T12:54:55","guid":{"rendered":"https:\/\/www.tgrthaber.com\/mavikadin\/?p=296461"},"modified":"2026-01-29T15:56:55","modified_gmt":"2026-01-29T12:56:55","slug":"yeralti-dizisinin-senaristi-kurtlar-vadisinden-cikti-yeralti-senaristleri-kimler","status":"publish","type":"post","link":"https:\/\/www.tgrthaber.com\/mavikadin\/yeralti-dizisinin-senaristi-kurtlar-vadisinden-cikti-yeralti-senaristleri-kimler\/","title":{"rendered":"Yeralt\u0131 dizisinin senaristi Kurtlar Vadisi&#8217;nden \u00e7\u0131kt\u0131! Yeralt\u0131 senaristleri kimler?"},"content":{"rendered":"<p>\u2018<a href=\"https:\/\/www.tgrthaber.com\/mavikadin\/yeralti-dizisi-ilk-bolumuyle-zirveye-yerlesti\/\">Yeralt\u0131<\/a> senaristi kimler?\u2019 merak ediliyor. Kurtlar Vadisi, E\u015fk\u0131ya D\u00fcnyaya H\u00fck\u00fcmdar Olmaz&#8217;\u0131n (EDHO) senaristin kaleminden \u00e7\u0131kan &#8220;Yeralt\u0131&#8221; dizisi merak konusu oldu. \u0130\u015fte Yeralt\u0131 dizisinin senaristi hakk\u0131nda merak edilen detaylar.<\/p>\n<h3>YERALTI D\u0130Z\u0130S\u0130N\u0130N SENAR\u0130ST\u0130 KURTLAR VAD\u0130S\u0130&#8217;NDEN \u00c7IKTI<\/h3>\n<p>Fragmanlar\u0131yla bir\u00e7ok ki\u015fiyi heyecanland\u0131ran Yeralt\u0131 dizisinin senaristi bir d\u00f6neme damgas\u0131n\u0131 vuran Kurtlar Vadisi\u2019nden \u00e7\u0131kt\u0131. Kurtlar Vadisi&#8217;nin senaristi Bahad\u0131r \u00d6zdener&#8217;in imzas\u0131n\u0131 ta\u015f\u0131yan &#8220;<a href=\"https:\/\/www.tgrthaber.com\/mavikadin\/yeralti-dizisi-ceylan-kimdir-kac-yasinda-ceylanin-hikayesi-nedir\/\">Yeralt\u0131<\/a>&#8221; dizisi be\u011feni toplamaya devam ediyor.<\/p>\n<p><img loading=\"lazy\" decoding=\"async\" class=\"aligncenter size-full wp-image-296479\" src=\"https:\/\/www.tgrthaber.com\/mavikadin\/wp-content\/uploads\/2026\/01\/Yeralti-1-1.webp\" alt=\"\" width=\"1280\" height=\"720\" title=\"\" srcset=\"https:\/\/www.tgrthaber.com\/mavikadin\/wp-content\/uploads\/2026\/01\/Yeralti-1-1.webp 1280w, https:\/\/www.tgrthaber.com\/mavikadin\/wp-content\/uploads\/2026\/01\/Yeralti-1-1-300x169.webp 300w, https:\/\/www.tgrthaber.com\/mavikadin\/wp-content\/uploads\/2026\/01\/Yeralti-1-1-1024x576.webp 1024w, https:\/\/www.tgrthaber.com\/mavikadin\/wp-content\/uploads\/2026\/01\/Yeralti-1-1-768x432.webp 768w\" sizes=\"(max-width: 1280px) 100vw, 1280px\" \/><\/p>\n<hr \/>\n<h3>YERALTI D\u0130Z\u0130S\u0130 NE ANLATIYOR?<\/h3>\n<p>Yeralt\u0131 dizisinin ba\u015f karakterlerinden Haydar Ali\u2019yi oynayan Deniz Can Akta\u015f \u00e7ocuklu\u011fundan gelen derin bir intikam hikayesinin ortas\u0131nda yer al\u0131yor.<\/p>\n<p><img loading=\"lazy\" decoding=\"async\" class=\"aligncenter size-full wp-image-296480\" src=\"https:\/\/www.tgrthaber.com\/mavikadin\/wp-content\/uploads\/2026\/01\/Yeralti-2-3.jpg\" alt=\"\" width=\"1600\" height=\"1066\" title=\"\" srcset=\"https:\/\/www.tgrthaber.com\/mavikadin\/wp-content\/uploads\/2026\/01\/Yeralti-2-3.jpg 1600w, https:\/\/www.tgrthaber.com\/mavikadin\/wp-content\/uploads\/2026\/01\/Yeralti-2-3-300x200.jpg 300w, https:\/\/www.tgrthaber.com\/mavikadin\/wp-content\/uploads\/2026\/01\/Yeralti-2-3-1024x682.jpg 1024w, https:\/\/www.tgrthaber.com\/mavikadin\/wp-content\/uploads\/2026\/01\/Yeralti-2-3-768x512.jpg 768w, https:\/\/www.tgrthaber.com\/mavikadin\/wp-content\/uploads\/2026\/01\/Yeralti-2-3-1536x1023.jpg 1536w\" sizes=\"(max-width: 1600px) 100vw, 1600px\" \/><\/p>\n<hr \/>\n<p>\u0130stanbul&#8217;un karanl\u0131k sokaklar\u0131nda ge\u00e7en hikaye mafya, yasakl\u0131 madde kartelleri ve derin devlet \u00fc\u00e7geninde ya\u015fananlar\u0131 konu al\u0131yor.<\/p>\n<p>Aksiyon ve dram\u0131n i\u00e7 i\u00e7e ge\u00e7ece\u011fi projede mafyan\u0131n i\u00e7ine s\u0131zan bir devlet g\u00f6revlisinin m\u00fccadelesi de i\u015fleniyor.<br \/>\nHaydar Ali&#8217;nin bu zorlu yolculuktaki en b\u00fcy\u00fck destek\u00e7isi de sevdi\u011fi kad\u0131n\u0131 oynayan Ceylan oluyor. Ceylan karakterini ise Devrim \u00d6zkan \u00fcstleniyor.<\/p>\n<p><img loading=\"lazy\" decoding=\"async\" class=\"aligncenter size-full wp-image-296481\" src=\"https:\/\/www.tgrthaber.com\/mavikadin\/wp-content\/uploads\/2026\/01\/Yeralti-6.webp\" alt=\"\" width=\"750\" height=\"422\" title=\"\" srcset=\"https:\/\/www.tgrthaber.com\/mavikadin\/wp-content\/uploads\/2026\/01\/Yeralti-6.webp 750w, https:\/\/www.tgrthaber.com\/mavikadin\/wp-content\/uploads\/2026\/01\/Yeralti-6-300x169.webp 300w\" sizes=\"(max-width: 750px) 100vw, 750px\" \/><\/p>\n<hr \/>\n<p>Hikayede ayn\u0131 zamanda iki erkek aras\u0131nda kalan bir kad\u0131n\u0131n a\u015fk hikayesine yer veriliyor.<\/p>\n<h3>YERALTI D\u0130Z\u0130S\u0130 OYUNCU KADROSU<\/h3>\n<p>Murat \u00d6zt\u00fcrk&#8217;\u00fcn y\u00f6netmen koltu\u011funda oturdu\u011fu Yeralt\u0131 dizisinde Deniz Can Akta\u015f ve Devrim \u00d6zkan ba\u015frolleri payla\u015f\u0131yor.<\/p>\n<p>Dizide Uraz Kayg\u0131laro\u011flu &#8220;Bozo&#8221;, Burak Sevin\u00e7 &#8220;Merdan&#8221;, S\u00fcmeyye Aydo\u011fan &#8220;Sultan&#8221;, Emir Benderlio\u011flu ise &#8220;Yavuz&#8221; karakteriyle izleyici ile bulu\u015fuyor.<\/p>\n<h3><img loading=\"lazy\" decoding=\"async\" class=\"aligncenter size-full wp-image-296482\" src=\"https:\/\/www.tgrthaber.com\/mavikadin\/wp-content\/uploads\/2026\/01\/Yeralti-4.webp\" alt=\"\" width=\"750\" height=\"422\" title=\"\" srcset=\"https:\/\/www.tgrthaber.com\/mavikadin\/wp-content\/uploads\/2026\/01\/Yeralti-4.webp 750w, https:\/\/www.tgrthaber.com\/mavikadin\/wp-content\/uploads\/2026\/01\/Yeralti-4-300x169.webp 300w\" sizes=\"(max-width: 750px) 100vw, 750px\" \/><\/h3>\n<hr \/>\n<h3>BAHADIR \u00d6ZDENER K\u0130MD\u0130R?<\/h3>\n<p>26 Ocak 1975, G\u00fcm\u00fc\u015fhane do\u011fumlu olan Bahad\u0131r \u00d6zdener T\u00fcrk senarist ve yap\u0131mc\u0131d\u0131r. Ekmek Teknesi, Kurtlar Vadisi, Kurtlar Vadisi Ter\u00f6r, E\u015fref Saati, Kurtlar Vadisi Pusu ve Reaksiyon gibi \u00f6nemli dizilerin senaristli\u011fini \u00fcstlenmi\u015ftir.<\/p>\n<p><img loading=\"lazy\" decoding=\"async\" class=\"aligncenter size-full wp-image-296491\" src=\"https:\/\/www.tgrthaber.com\/mavikadin\/wp-content\/uploads\/2026\/01\/Yeralti-1-2.jpg\" alt=\"\" width=\"1066\" height=\"1600\" title=\"\" srcset=\"https:\/\/www.tgrthaber.com\/mavikadin\/wp-content\/uploads\/2026\/01\/Yeralti-1-2.jpg 1066w, https:\/\/www.tgrthaber.com\/mavikadin\/wp-content\/uploads\/2026\/01\/Yeralti-1-2-200x300.jpg 200w, https:\/\/www.tgrthaber.com\/mavikadin\/wp-content\/uploads\/2026\/01\/Yeralti-1-2-682x1024.jpg 682w, https:\/\/www.tgrthaber.com\/mavikadin\/wp-content\/uploads\/2026\/01\/Yeralti-1-2-768x1153.jpg 768w, https:\/\/www.tgrthaber.com\/mavikadin\/wp-content\/uploads\/2026\/01\/Yeralti-1-2-1023x1536.jpg 1023w\" sizes=\"(max-width: 1066px) 100vw, 1066px\" \/><\/p>\n<hr \/>\n<h3>Filmler:<\/h3>\n<p>2001 Deli Y\u00fcrek: Bumerang Cehennemi<br \/>\n2006 Kurtlar Vadisi Irak<br \/>\n2008 Muro: Nalet Olsun \u0130\u00e7imdeki \u0130nsan Sevgisine<br \/>\n2009 Kurtlar Vadisi Gladio<br \/>\n2011 Kurtlar Vadisi Filistin<br \/>\n2019 Aman Reis Duymas\u0131n<\/p>\n<h3><img loading=\"lazy\" decoding=\"async\" class=\"aligncenter size-full wp-image-296483\" src=\"https:\/\/www.tgrthaber.com\/mavikadin\/wp-content\/uploads\/2026\/01\/Yeralti-5.webp\" alt=\"\" width=\"750\" height=\"422\" title=\"\" srcset=\"https:\/\/www.tgrthaber.com\/mavikadin\/wp-content\/uploads\/2026\/01\/Yeralti-5.webp 750w, https:\/\/www.tgrthaber.com\/mavikadin\/wp-content\/uploads\/2026\/01\/Yeralti-5-300x169.webp 300w\" sizes=\"(max-width: 750px) 100vw, 750px\" \/><\/h3>\n<hr \/>\n<h3>Diziler:<\/h3>\n<p>1998-2002 Deli Y\u00fcrek<br \/>\n2002-2005 Ekmek Teknesi<br \/>\n2003-2005 Kurtlar Vadisi<br \/>\n2007 Kurtlar Vadisi Ter\u00f6r<br \/>\n2007-2013 Kurtlar Vadisi Pusu<br \/>\n2007-2008 E\u015fref Saati<br \/>\n2010-2011 Halil \u0130brahim Sofras\u0131<br \/>\n2014 Beyaz Karanfil<br \/>\n2014 Reaksiyon<br \/>\n2015-2021 E\u015fk\u0131ya D\u00fcnyaya H\u00fck\u00fcmdar Olmaz<br \/>\n2021 Benim Hayat\u0131m<br \/>\n2023-2025 Hudutsuz Sevda<\/p>\n","protected":false},"excerpt":{"rendered":"<p>Ekranlar\u0131n yeni projelerinden Yeralt\u0131 dizisinin senaristleri Kurtlar Vadisi&#8217;nden \u00e7\u0131kt\u0131. Kurtlar Vadisi, E\u015fk\u0131ya D\u00fcnyaya H\u00fck\u00fcmdar Olmaz&#8217;\u0131n (EDHO) senaristin kaleminden &#8220;Yeralt\u0131&#8221; dizisi olduk\u00e7a merak ediliyor. Peki Yeralt\u0131 senaristleri kimler?<\/p>\n","protected":false},"author":5,"featured_media":296484,"comment_status":"closed","ping_status":"closed","sticky":false,"template":"","format":"standard","meta":{"rank_math_lock_modified_date":false,"footnotes":""},"categories":[602],"tags":[3602,66165,71651],"class_list":["post-296461","post","type-post","status-publish","format-standard","has-post-thumbnail","hentry","category-diziler","tag-diziler","tag-yeralti","tag-yeralti-senaristi"],"_links":{"self":[{"href":"https:\/\/www.tgrthaber.com\/mavikadin\/wp-json\/wp\/v2\/posts\/296461"}],"collection":[{"href":"https:\/\/www.tgrthaber.com\/mavikadin\/wp-json\/wp\/v2\/posts"}],"about":[{"href":"https:\/\/www.tgrthaber.com\/mavikadin\/wp-json\/wp\/v2\/types\/post"}],"author":[{"embeddable":true,"href":"https:\/\/www.tgrthaber.com\/mavikadin\/wp-json\/wp\/v2\/users\/5"}],"replies":[{"embeddable":true,"href":"https:\/\/www.tgrthaber.com\/mavikadin\/wp-json\/wp\/v2\/comments?post=296461"}],"version-history":[{"count":2,"href":"https:\/\/www.tgrthaber.com\/mavikadin\/wp-json\/wp\/v2\/posts\/296461\/revisions"}],"predecessor-version":[{"id":296494,"href":"https:\/\/www.tgrthaber.com\/mavikadin\/wp-json\/wp\/v2\/posts\/296461\/revisions\/296494"}],"wp:featuredmedia":[{"embeddable":true,"href":"https:\/\/www.tgrthaber.com\/mavikadin\/wp-json\/wp\/v2\/media\/296484"}],"wp:attachment":[{"href":"https:\/\/www.tgrthaber.com\/mavikadin\/wp-json\/wp\/v2\/media?parent=296461"}],"wp:term":[{"taxonomy":"category","embeddable":true,"href":"https:\/\/www.tgrthaber.com\/mavikadin\/wp-json\/wp\/v2\/categories?post=296461"},{"taxonomy":"post_tag","embeddable":true,"href":"https:\/\/www.tgrthaber.com\/mavikadin\/wp-json\/wp\/v2\/tags?post=296461"}],"curies":[{"name":"wp","href":"https:\/\/api.w.org\/{rel}","templated":true}]}}