{"id":296606,"date":"2026-01-29T18:48:00","date_gmt":"2026-01-29T15:48:00","guid":{"rendered":"https:\/\/www.tgrthaber.com\/mavikadin\/?p=296606"},"modified":"2026-01-29T18:48:01","modified_gmt":"2026-01-29T15:48:01","slug":"survivor-seren-ay-cetinden-mert-nobre-cikisi-mert-nobrenin-sozleri-krize-yol-acti","status":"publish","type":"post","link":"https:\/\/www.tgrthaber.com\/mavikadin\/survivor-seren-ay-cetinden-mert-nobre-cikisi-mert-nobrenin-sozleri-krize-yol-acti\/","title":{"rendered":"Survivor Seren Ay \u00c7etin\u2019den Mert Nobre \u00e7\u0131k\u0131\u015f\u0131! Mert Nobre\u2019nin s\u00f6zleri krize yol a\u00e7t\u0131!"},"content":{"rendered":"<p><a href=\"https:\/\/www.tgrthaber.com\/mavikadin\/survivor-28-ocak-2026-unluler-gonulluler-dokunulmazlik-oyunu-kim-kazandi-survivor-eleme-adayi-kim-oldu\/\">Survivor\u2019<\/a>da eleme gecesinin ard\u0131ndan \u00dcnl\u00fcler adas\u0131nda tansiyon bir anda y\u00fckseldi. Ad\u0131n\u0131n eleme potas\u0131na \u00e7\u0131kmas\u0131na tepki g\u00f6steren Seren Ay \u00c7etin, tak\u0131m arkada\u015flar\u0131na sitem ederken, Mert Nobre\u2019nin kulland\u0131\u011f\u0131 ifadeler tart\u0131\u015fmay\u0131 alevlendirdi. Nobre\u2019nin, \u201cBana g\u00f6re sen a\u015fa\u011f\u0131das\u0131n\u201d s\u00f6zleri kar\u015f\u0131s\u0131nda sessiz kalmayan Seren Ay, konuyu performans ve tak\u0131m ruhu \u00fczerinden de\u011ferlendirerek sert bir \u00e7\u0131k\u0131\u015f yapt\u0131.<\/p>\n<h3>SURV\u0130VOR SEREN AY \u00c7ET\u0130N\u2019DEN NOBRE\u2019YE SERT \u00c7IKI\u015e<\/h3>\n<p>28 Ocak ak\u015fam\u0131 \u00fcnl\u00fcler tak\u0131m\u0131 taraf\u0131ndan ad\u0131 eleme potas\u0131na yaz\u0131lan Seren Ay \u00c7etin Mert Nobre\u2019nin kendisini yazd\u0131\u011f\u0131n\u0131 iddia etti. Seren Ay \u00c7etin, \u201c T\u00fcm tak\u0131m\u0131n beni yazmas\u0131n\u0131 m\u0131 istiyordun Nobre?\u201d s\u00f6zlerinin kar\u015f\u0131s\u0131nda Mert Nobre \u015fok oldu.<\/p>\n<p><img loading=\"lazy\" decoding=\"async\" class=\"alignnone wp-image-296615 size-full\" src=\"https:\/\/www.tgrthaber.com\/mavikadin\/wp-content\/uploads\/2026\/01\/Adsiz-tasarim-2-16.jpg\" alt=\"\" width=\"1208\" height=\"680\" title=\"\" srcset=\"https:\/\/www.tgrthaber.com\/mavikadin\/wp-content\/uploads\/2026\/01\/Adsiz-tasarim-2-16.jpg 1208w, https:\/\/www.tgrthaber.com\/mavikadin\/wp-content\/uploads\/2026\/01\/Adsiz-tasarim-2-16-300x169.jpg 300w, https:\/\/www.tgrthaber.com\/mavikadin\/wp-content\/uploads\/2026\/01\/Adsiz-tasarim-2-16-1024x576.jpg 1024w, https:\/\/www.tgrthaber.com\/mavikadin\/wp-content\/uploads\/2026\/01\/Adsiz-tasarim-2-16-768x432.jpg 768w\" sizes=\"(max-width: 1208px) 100vw, 1208px\" \/><\/p>\n<hr \/>\n<p>Tak\u0131m\u0131n di\u011fer \u00fcyeleri, bu s\u00f6zleri yalanlasa da Mert Nobre, \u201c Ciddi mi o soru?\u201d diyerek Seren Ay\u2019\u0131n s\u00f6zlerine inanamad\u0131\u011f\u0131n\u0131 ifade etti. Seren Ay sordu\u011fu sorudan emin oldu\u011funu ve ciddi bir \u015fekilde s\u00f6yledi\u011fini ifade etmesiyle Mert Nobre, \u201c Sen de beyin var m\u0131? Sen \u00e7ok farkl\u0131 de\u011filsin ama bana g\u00f6re a\u015fa\u011f\u0131das\u0131n. \u201c \u015feklinde tepkisini g\u00f6sterdi.<\/p>\n<p><img loading=\"lazy\" decoding=\"async\" class=\"alignnone wp-image-296617 size-full\" src=\"https:\/\/www.tgrthaber.com\/mavikadin\/wp-content\/uploads\/2026\/01\/Adsiz-tasarim-4-18.jpg\" alt=\"\" width=\"1208\" height=\"680\" title=\"\" srcset=\"https:\/\/www.tgrthaber.com\/mavikadin\/wp-content\/uploads\/2026\/01\/Adsiz-tasarim-4-18.jpg 1208w, https:\/\/www.tgrthaber.com\/mavikadin\/wp-content\/uploads\/2026\/01\/Adsiz-tasarim-4-18-300x169.jpg 300w, https:\/\/www.tgrthaber.com\/mavikadin\/wp-content\/uploads\/2026\/01\/Adsiz-tasarim-4-18-1024x576.jpg 1024w, https:\/\/www.tgrthaber.com\/mavikadin\/wp-content\/uploads\/2026\/01\/Adsiz-tasarim-4-18-768x432.jpg 768w\" sizes=\"(max-width: 1208px) 100vw, 1208px\" \/><\/p>\n<hr \/>\n<p>\u0130ki yar\u0131\u015fmac\u0131 aras\u0131ndaki tart\u0131\u015fma gece boyunca devam ederken, sabah r\u00f6portaj\u0131n Seren Ay \u00c7etin, \u201c herkes beni hedef g\u00f6steriyor. \u00c7ok kaosu seviyorsun sadece hakk\u0131m\u0131 ar\u0131yorum burada\u201d dedi. A\u011flayarak r\u00f6portaj\u0131n\u0131 veren Seren Ay \u00c7etin \u00dcnl\u00fcler tak\u0131m\u0131na k\u0131rg\u0131n oldu\u011funu ifade etti.<\/p>\n<p><img loading=\"lazy\" decoding=\"async\" class=\"alignnone wp-image-296603 size-full\" src=\"https:\/\/www.tgrthaber.com\/mavikadin\/wp-content\/uploads\/2026\/01\/Survivor-1.jpg\" alt=\"\" width=\"1208\" height=\"680\" title=\"\" srcset=\"https:\/\/www.tgrthaber.com\/mavikadin\/wp-content\/uploads\/2026\/01\/Survivor-1.jpg 1208w, https:\/\/www.tgrthaber.com\/mavikadin\/wp-content\/uploads\/2026\/01\/Survivor-1-300x169.jpg 300w, https:\/\/www.tgrthaber.com\/mavikadin\/wp-content\/uploads\/2026\/01\/Survivor-1-1024x576.jpg 1024w, https:\/\/www.tgrthaber.com\/mavikadin\/wp-content\/uploads\/2026\/01\/Survivor-1-768x432.jpg 768w\" sizes=\"(max-width: 1208px) 100vw, 1208px\" \/><\/p>\n<hr \/>\n<h3>SURV\u0130VOR 2026 KIRMIZI VE MAV\u0130 TAKIM KADROSU<\/h3>\n<p><strong>Survivor 2026 K\u0131rm\u0131z\u0131 tak\u0131m kadrosu\u00a0<\/strong><\/p>\n<ul>\n<li>Bayhan G\u00fcrhan<\/li>\n<li>Deniz \u00c7atalba\u015f<\/li>\n<li>Nagihan Karadere<\/li>\n<li>Sercan Y\u0131ld\u0131r\u0131m<\/li>\n<li>Mert Nobre<\/li>\n<li>Meryem Boz<\/li>\n<li>Murat Ark\u0131n<\/li>\n<li>Seren Ay \u00c7etin<\/li>\n<li>Serhan Onat<\/li>\n<li>Tu\u011f\u00e7e Melis Demir<\/li>\n<li>Can Berkay Ertemiz<\/li>\n<li>Seda Albayrak<\/li>\n<li>Do\u011fu\u015f<\/li>\n<\/ul>\n<p><img loading=\"lazy\" decoding=\"async\" class=\"alignnone wp-image-296601 size-full\" src=\"https:\/\/www.tgrthaber.com\/mavikadin\/wp-content\/uploads\/2026\/01\/Survivor-2026.jpg\" alt=\"\" width=\"1208\" height=\"680\" title=\"\" srcset=\"https:\/\/www.tgrthaber.com\/mavikadin\/wp-content\/uploads\/2026\/01\/Survivor-2026.jpg 1208w, https:\/\/www.tgrthaber.com\/mavikadin\/wp-content\/uploads\/2026\/01\/Survivor-2026-300x169.jpg 300w, https:\/\/www.tgrthaber.com\/mavikadin\/wp-content\/uploads\/2026\/01\/Survivor-2026-1024x576.jpg 1024w, https:\/\/www.tgrthaber.com\/mavikadin\/wp-content\/uploads\/2026\/01\/Survivor-2026-768x432.jpg 768w\" sizes=\"(max-width: 1208px) 100vw, 1208px\" \/><\/p>\n<hr \/>\n<p><strong>Survivor 2026 Mavi tak\u0131m kadrosu\u00a0<\/strong><\/p>\n<ul>\n<li>Ramazan Sar\u0131<\/li>\n<li>Beyza Gemici<\/li>\n<li>Engincan Tura<\/li>\n<li>Eren Semerci<\/li>\n<li>G\u00f6zde Bozkurt<\/li>\n<li>Lina Hourieh<\/li>\n<li>Nisanur G\u00fcler<\/li>\n<li>Onur Alp \u00c7am<\/li>\n<li>Nefise Karatay<\/li>\n<li>Bar\u0131\u015f Murat Ya\u011fc\u0131<\/li>\n<li>Osman Can Ural<\/li>\n<li>B\u00fc\u015fra Yal\u00e7\u0131n<\/li>\n<\/ul>\n<p><img loading=\"lazy\" decoding=\"async\" class=\"alignnone wp-image-296600 size-full\" src=\"https:\/\/www.tgrthaber.com\/mavikadin\/wp-content\/uploads\/2026\/01\/Survivor-Unluler-Gonulluler-4.jpg\" alt=\"\" width=\"1208\" height=\"680\" title=\"\" srcset=\"https:\/\/www.tgrthaber.com\/mavikadin\/wp-content\/uploads\/2026\/01\/Survivor-Unluler-Gonulluler-4.jpg 1208w, https:\/\/www.tgrthaber.com\/mavikadin\/wp-content\/uploads\/2026\/01\/Survivor-Unluler-Gonulluler-4-300x169.jpg 300w, https:\/\/www.tgrthaber.com\/mavikadin\/wp-content\/uploads\/2026\/01\/Survivor-Unluler-Gonulluler-4-1024x576.jpg 1024w, https:\/\/www.tgrthaber.com\/mavikadin\/wp-content\/uploads\/2026\/01\/Survivor-Unluler-Gonulluler-4-768x432.jpg 768w\" sizes=\"(max-width: 1208px) 100vw, 1208px\" \/><\/p>\n<hr \/>\n<h3>SURV\u0130VOR 2026\u2019YA VEDE EDEN YARI\u015eMACILAR<\/h3>\n<ul>\n<li>Dilan \u00c7\u0131tak<\/li>\n<li>Keremcem D\u00fcr\u00fck<\/li>\n<li>Selen G\u00f6rg\u00fczel<\/li>\n<li>Erkan Bilben<\/li>\n<\/ul>\n","protected":false},"excerpt":{"rendered":"<p>Survivor Seren Ay \u00c7etin ve Mert Nobre eleme sonras\u0131 \u00dcnl\u00fcler adas\u0131nda tart\u0131\u015ft\u0131. Seren Ay \u00c7etin ad\u0131n\u0131n eleme potas\u0131na \u00e7\u0131kmas\u0131 sonucunda tak\u0131m arkada\u015flar\u0131na sitem etti. Survivor Mert Nobre\u2019nin, \u201c bana g\u00f6re sen a\u015fa\u011f\u0131das\u0131n\u201d demesi \u00fczerine Seren Ay \u00c7etin ile s\u00f6zl\u00fc tart\u0131\u015fmaya girdiler.  <\/p>\n","protected":false},"author":10,"featured_media":296619,"comment_status":"closed","ping_status":"closed","sticky":false,"template":"","format":"standard","meta":{"rank_math_lock_modified_date":false,"footnotes":""},"categories":[76],"tags":[133,71662,66833,2366,63785],"class_list":["post-296606","post","type-post","status-publish","format-standard","has-post-thumbnail","hentry","category-magazin","tag-magazin","tag-mert-nobre","tag-seren-ay-cetin","tag-survivor","tag-survivor-2026"],"_links":{"self":[{"href":"https:\/\/www.tgrthaber.com\/mavikadin\/wp-json\/wp\/v2\/posts\/296606"}],"collection":[{"href":"https:\/\/www.tgrthaber.com\/mavikadin\/wp-json\/wp\/v2\/posts"}],"about":[{"href":"https:\/\/www.tgrthaber.com\/mavikadin\/wp-json\/wp\/v2\/types\/post"}],"author":[{"embeddable":true,"href":"https:\/\/www.tgrthaber.com\/mavikadin\/wp-json\/wp\/v2\/users\/10"}],"replies":[{"embeddable":true,"href":"https:\/\/www.tgrthaber.com\/mavikadin\/wp-json\/wp\/v2\/comments?post=296606"}],"version-history":[{"count":1,"href":"https:\/\/www.tgrthaber.com\/mavikadin\/wp-json\/wp\/v2\/posts\/296606\/revisions"}],"predecessor-version":[{"id":296622,"href":"https:\/\/www.tgrthaber.com\/mavikadin\/wp-json\/wp\/v2\/posts\/296606\/revisions\/296622"}],"wp:featuredmedia":[{"embeddable":true,"href":"https:\/\/www.tgrthaber.com\/mavikadin\/wp-json\/wp\/v2\/media\/296619"}],"wp:attachment":[{"href":"https:\/\/www.tgrthaber.com\/mavikadin\/wp-json\/wp\/v2\/media?parent=296606"}],"wp:term":[{"taxonomy":"category","embeddable":true,"href":"https:\/\/www.tgrthaber.com\/mavikadin\/wp-json\/wp\/v2\/categories?post=296606"},{"taxonomy":"post_tag","embeddable":true,"href":"https:\/\/www.tgrthaber.com\/mavikadin\/wp-json\/wp\/v2\/tags?post=296606"}],"curies":[{"name":"wp","href":"https:\/\/api.w.org\/{rel}","templated":true}]}}