{"id":296630,"date":"2026-01-29T19:31:52","date_gmt":"2026-01-29T16:31:52","guid":{"rendered":"https:\/\/www.tgrthaber.com\/mavikadin\/?p=296630"},"modified":"2026-01-29T19:31:52","modified_gmt":"2026-01-29T16:31:52","slug":"survivor-deniz-catalbas-ve-eren-semerci-askini-acun-ilicali-ortaya-cikardi-iste-o-fotograflar","status":"publish","type":"post","link":"https:\/\/www.tgrthaber.com\/mavikadin\/survivor-deniz-catalbas-ve-eren-semerci-askini-acun-ilicali-ortaya-cikardi-iste-o-fotograflar\/","title":{"rendered":"Survivor Deniz \u00c7atalba\u015f ve Eren Semerci a\u015fk\u0131n\u0131 Acun Il\u0131cal\u0131 ortaya \u00e7\u0131kard\u0131! \u0130\u015fte o foto\u011fraflar"},"content":{"rendered":"<p><a href=\"https:\/\/www.tgrthaber.com\/mavikadin\/survivor-29-ocak-2026-unluler-gonulluler-dokunulmazlik-oyunu-kim-kazandi-survivor-eleme-adayi-kim-oldu\/\">Survivor<\/a> 2026\u2019da uzun s\u00fcredir kulislerde konu\u015fulan a\u015fk iddialar\u0131 netlik kazand\u0131. Deniz \u00c7atalba\u015f ile Eren Semerci\u2019nin y\u0131llar \u00f6ncesine dayanan birlikteli\u011fine dair s\u00f6ylentiler, Acun Il\u0131cal\u0131\u2019n\u0131n ortaya \u00e7\u0131kard\u0131\u011f\u0131 romantik karelerle yeniden g\u00fcndeme ta\u015f\u0131nd\u0131. \u0130kilinin birlikte olduklar\u0131 d\u00f6neme ait foto\u011fraflar\u0131n payla\u015f\u0131lmas\u0131, sosyal medyada k\u0131sa s\u00fcrede b\u00fcy\u00fck ilgi g\u00f6rd\u00fc. Payla\u015f\u0131lan kareler, magazin g\u00fcndeminin en \u00e7ok konu\u015fulan ba\u015fl\u0131klar\u0131 aras\u0131na girdi.<\/p>\n<h3>SURV\u0130VOR\u2019DA DEN\u0130Z VE EREN\u2019\u0130N A\u015eKI BELGELEND\u0130<\/h3>\n<p>Survivor 2026 \u00dcnl\u00fcler G\u00f6n\u00fcll\u00fcler yar\u0131\u015fmas\u0131na kat\u0131lan Deniz \u00c7atalba\u015f ve Eren Semerci\u2019nin y\u0131llar \u00f6nce birlikte olduklar\u0131na dair iddialar ortaya at\u0131lm\u0131\u015ft\u0131. Yar\u0131\u015fma program\u0131 ba\u015flar ba\u015flamaz, sosyal medya kullan\u0131c\u0131lar\u0131 taraf\u0131ndan yo\u011fun bir \u015fekilde payla\u015f\u0131m yap\u0131lan o foto\u011fraflar Acun Il\u0131cal\u0131 taraf\u0131ndan soruldu.<\/p>\n<div style=\"width: 640px;\" class=\"wp-video\"><!--[if lt IE 9]><script>document.createElement('video');<\/script><![endif]-->\n<video class=\"wp-video-shortcode\" id=\"video-296630-1\" width=\"640\" height=\"360\" preload=\"metadata\" controls=\"controls\"><source type=\"video\/mp4\" src=\"https:\/\/www.tgrthaber.com\/mavikadin\/wp-content\/uploads\/2026\/01\/ssstwitter.com_1769703819464.mp4?_=1\" \/><a href=\"https:\/\/www.tgrthaber.com\/mavikadin\/wp-content\/uploads\/2026\/01\/ssstwitter.com_1769703819464.mp4\">https:\/\/www.tgrthaber.com\/mavikadin\/wp-content\/uploads\/2026\/01\/ssstwitter.com_1769703819464.mp4<\/a><\/video><\/div>\n<hr \/>\n<p>\u0130kilinin o an da verdi\u011fi tepkiler sosyal medyada g\u00fcndem oldu. Acun Il\u0131cal\u0131\u2019n\u0131n g\u00f6sterdi\u011fi foto\u011fraflara kar\u015f\u0131 Deniz \u00c7atalba\u015f, \u201c Biz burada ba\u015f ba\u015fa yemek mi yiyoruz Acun bey.\u201d sorusunu sordu. Acun Il\u0131cal\u0131\u2019n\u0131n g\u00f6sterdi\u011fi her foto\u011fraf Deniz \u00c7atalba\u015f\u2019\u0131n y\u00fcre\u011fini a\u011fz\u0131na getirirken, Eren Semerci\u2019nin rahat tav\u0131rlar\u0131 ise izleyenlerin dikkatinden ka\u00e7mad\u0131.<\/p>\n<p><img loading=\"lazy\" decoding=\"async\" class=\"alignnone wp-image-296633 size-full\" src=\"https:\/\/www.tgrthaber.com\/mavikadin\/wp-content\/uploads\/2026\/01\/Adsiz-tasarim-6-18.jpg\" alt=\"\" width=\"1208\" height=\"680\" title=\"\" srcset=\"https:\/\/www.tgrthaber.com\/mavikadin\/wp-content\/uploads\/2026\/01\/Adsiz-tasarim-6-18.jpg 1208w, https:\/\/www.tgrthaber.com\/mavikadin\/wp-content\/uploads\/2026\/01\/Adsiz-tasarim-6-18-300x169.jpg 300w, https:\/\/www.tgrthaber.com\/mavikadin\/wp-content\/uploads\/2026\/01\/Adsiz-tasarim-6-18-1024x576.jpg 1024w, https:\/\/www.tgrthaber.com\/mavikadin\/wp-content\/uploads\/2026\/01\/Adsiz-tasarim-6-18-768x432.jpg 768w\" sizes=\"(max-width: 1208px) 100vw, 1208px\" \/><\/p>\n<hr \/>\n<h3>DEN\u0130Z \u00c7ATALBA\u015e VE EREN SEMERC\u0130\u2019N\u0130N FOTO\u011eRAFLARI<\/h3>\n<p>Deniz \u00c7atalba\u015f ve Eren Semerci\u2019nin eskiden birlikte \u00e7ekildikleri foto\u011fraflar, fanlar\u0131 taraf\u0131ndan sosyal medyada yay\u0131nland\u0131. \u0130kilinin birlikte oldu\u011fu foto\u011fraflar sosyal medya b\u00fcy\u00fck yank\u0131 uyand\u0131r\u0131rken, tekrardan birlikte olmalar\u0131 i\u00e7inde yorumlar yap\u0131ld\u0131. \u0130\u015fte Deniz \u00c7atalba\u015f ve Eren Semerci\u2019nin sosyal medyada dola\u015fan foto\u011fraflar\u0131:<\/p>\n<p><img loading=\"lazy\" decoding=\"async\" class=\"alignnone wp-image-296635 size-full\" src=\"https:\/\/www.tgrthaber.com\/mavikadin\/wp-content\/uploads\/2026\/01\/Adsiz-tasarim-7-16.jpg\" alt=\"\" width=\"1208\" height=\"680\" title=\"\" srcset=\"https:\/\/www.tgrthaber.com\/mavikadin\/wp-content\/uploads\/2026\/01\/Adsiz-tasarim-7-16.jpg 1208w, https:\/\/www.tgrthaber.com\/mavikadin\/wp-content\/uploads\/2026\/01\/Adsiz-tasarim-7-16-300x169.jpg 300w, https:\/\/www.tgrthaber.com\/mavikadin\/wp-content\/uploads\/2026\/01\/Adsiz-tasarim-7-16-1024x576.jpg 1024w, https:\/\/www.tgrthaber.com\/mavikadin\/wp-content\/uploads\/2026\/01\/Adsiz-tasarim-7-16-768x432.jpg 768w\" sizes=\"(max-width: 1208px) 100vw, 1208px\" \/><\/p>\n<hr \/>\n<h3>SURV\u0130VOR 2026 KIRMIZI VE MAV\u0130 TAKIM KADROSU<\/h3>\n<p><strong>Survivor 2026 K\u0131rm\u0131z\u0131 tak\u0131m kadrosu\u00a0<\/strong><\/p>\n<ul>\n<li>Bayhan G\u00fcrhan<\/li>\n<li>Deniz \u00c7atalba\u015f<\/li>\n<li>Nagihan Karadere<\/li>\n<li>Sercan Y\u0131ld\u0131r\u0131m<\/li>\n<li>Mert Nobre<\/li>\n<li>Meryem Boz<\/li>\n<li>Murat Ark\u0131n<\/li>\n<li>Seren Ay \u00c7etin<\/li>\n<li>Serhan Onat<\/li>\n<li>Tu\u011f\u00e7e Melis Demir<\/li>\n<li>Can Berkay Ertemiz<\/li>\n<li>Seda Albayrak<\/li>\n<li>Do\u011fu\u015f<\/li>\n<\/ul>\n<p><img loading=\"lazy\" decoding=\"async\" class=\"alignnone wp-image-296603 size-full\" src=\"https:\/\/www.tgrthaber.com\/mavikadin\/wp-content\/uploads\/2026\/01\/Survivor-1.jpg\" alt=\"\" width=\"1208\" height=\"680\" title=\"\" srcset=\"https:\/\/www.tgrthaber.com\/mavikadin\/wp-content\/uploads\/2026\/01\/Survivor-1.jpg 1208w, https:\/\/www.tgrthaber.com\/mavikadin\/wp-content\/uploads\/2026\/01\/Survivor-1-300x169.jpg 300w, https:\/\/www.tgrthaber.com\/mavikadin\/wp-content\/uploads\/2026\/01\/Survivor-1-1024x576.jpg 1024w, https:\/\/www.tgrthaber.com\/mavikadin\/wp-content\/uploads\/2026\/01\/Survivor-1-768x432.jpg 768w\" sizes=\"(max-width: 1208px) 100vw, 1208px\" \/><\/p>\n<hr \/>\n<p><strong>Survivor 2026 Mavi tak\u0131m kadrosu\u00a0<\/strong><\/p>\n<ul>\n<li>Ramazan Sar\u0131<\/li>\n<li>Beyza Gemici<\/li>\n<li>Engincan Tura<\/li>\n<li>Eren Semerci<\/li>\n<li>G\u00f6zde Bozkurt<\/li>\n<li>Lina Hourieh<\/li>\n<li>Nisanur G\u00fcler<\/li>\n<li>Onur Alp \u00c7am<\/li>\n<li>Nefise Karatay<\/li>\n<li>Bar\u0131\u015f Murat Ya\u011fc\u0131<\/li>\n<li>Osman Can Ural<\/li>\n<li>B\u00fc\u015fra Yal\u00e7\u0131n<\/li>\n<\/ul>\n<p><img loading=\"lazy\" decoding=\"async\" class=\"alignnone wp-image-296600 size-full\" src=\"https:\/\/www.tgrthaber.com\/mavikadin\/wp-content\/uploads\/2026\/01\/Survivor-Unluler-Gonulluler-4.jpg\" alt=\"\" width=\"1208\" height=\"680\" title=\"\" srcset=\"https:\/\/www.tgrthaber.com\/mavikadin\/wp-content\/uploads\/2026\/01\/Survivor-Unluler-Gonulluler-4.jpg 1208w, https:\/\/www.tgrthaber.com\/mavikadin\/wp-content\/uploads\/2026\/01\/Survivor-Unluler-Gonulluler-4-300x169.jpg 300w, https:\/\/www.tgrthaber.com\/mavikadin\/wp-content\/uploads\/2026\/01\/Survivor-Unluler-Gonulluler-4-1024x576.jpg 1024w, https:\/\/www.tgrthaber.com\/mavikadin\/wp-content\/uploads\/2026\/01\/Survivor-Unluler-Gonulluler-4-768x432.jpg 768w\" sizes=\"(max-width: 1208px) 100vw, 1208px\" \/><\/p>\n<hr \/>\n<h3>SURV\u0130VOR 2026\u2019YA VEDE EDEN YARI\u015eMACILAR<\/h3>\n<ul>\n<li>Dilan \u00c7\u0131tak<\/li>\n<li>Keremcem D\u00fcr\u00fck<\/li>\n<li>Selen G\u00f6rg\u00fczel<\/li>\n<li>Erkan Bilben<\/li>\n<\/ul>\n","protected":false},"excerpt":{"rendered":"<p>Survivor 2026 yar\u0131\u015fmas\u0131na kat\u0131lan Deniz \u00c7atalba\u015f ve Eren Semerci\u2019nin seneler \u00f6nce birlikte olduklar\u0131na dair a\u015fk s\u00f6ylentileri sosyal medyada geni\u015f yank\u0131 uyand\u0131rm\u0131\u015ft\u0131. Deniz \u00c7atalba\u015f ve Eren Semerci\u2019nin birlikteyken \u00e7ekildikleri foto\u011fraf Acun Il\u0131cal\u0131 taraf\u0131ndan ortaya \u00e7\u0131kt\u0131. \u0130kilinin o foto\u011fraflar\u0131 sosyal medyada be\u011feni ald\u0131. <\/p>\n","protected":false},"author":10,"featured_media":296642,"comment_status":"closed","ping_status":"closed","sticky":false,"template":"","format":"standard","meta":{"rank_math_lock_modified_date":false,"footnotes":""},"categories":[76],"tags":[66672,71664,69644,133,12175,2366,63785],"class_list":["post-296630","post","type-post","status-publish","format-standard","has-post-thumbnail","hentry","category-magazin","tag-deniz-catalbas","tag-deniz-catalbas-eren-semerci-aski","tag-eren-semerci","tag-magazin","tag-magazin-haberi","tag-survivor","tag-survivor-2026"],"_links":{"self":[{"href":"https:\/\/www.tgrthaber.com\/mavikadin\/wp-json\/wp\/v2\/posts\/296630"}],"collection":[{"href":"https:\/\/www.tgrthaber.com\/mavikadin\/wp-json\/wp\/v2\/posts"}],"about":[{"href":"https:\/\/www.tgrthaber.com\/mavikadin\/wp-json\/wp\/v2\/types\/post"}],"author":[{"embeddable":true,"href":"https:\/\/www.tgrthaber.com\/mavikadin\/wp-json\/wp\/v2\/users\/10"}],"replies":[{"embeddable":true,"href":"https:\/\/www.tgrthaber.com\/mavikadin\/wp-json\/wp\/v2\/comments?post=296630"}],"version-history":[{"count":2,"href":"https:\/\/www.tgrthaber.com\/mavikadin\/wp-json\/wp\/v2\/posts\/296630\/revisions"}],"predecessor-version":[{"id":296644,"href":"https:\/\/www.tgrthaber.com\/mavikadin\/wp-json\/wp\/v2\/posts\/296630\/revisions\/296644"}],"wp:featuredmedia":[{"embeddable":true,"href":"https:\/\/www.tgrthaber.com\/mavikadin\/wp-json\/wp\/v2\/media\/296642"}],"wp:attachment":[{"href":"https:\/\/www.tgrthaber.com\/mavikadin\/wp-json\/wp\/v2\/media?parent=296630"}],"wp:term":[{"taxonomy":"category","embeddable":true,"href":"https:\/\/www.tgrthaber.com\/mavikadin\/wp-json\/wp\/v2\/categories?post=296630"},{"taxonomy":"post_tag","embeddable":true,"href":"https:\/\/www.tgrthaber.com\/mavikadin\/wp-json\/wp\/v2\/tags?post=296630"}],"curies":[{"name":"wp","href":"https:\/\/api.w.org\/{rel}","templated":true}]}}