{"id":296648,"date":"2026-01-29T21:05:47","date_gmt":"2026-01-29T18:05:47","guid":{"rendered":"https:\/\/www.tgrthaber.com\/mavikadin\/?p=296648"},"modified":"2026-01-29T21:05:47","modified_gmt":"2026-01-29T18:05:47","slug":"bulent-ersoyun-serveti-kime-kalacak-bulent-ersoyun-cocugu-var-mi","status":"publish","type":"post","link":"https:\/\/www.tgrthaber.com\/mavikadin\/bulent-ersoyun-serveti-kime-kalacak-bulent-ersoyun-cocugu-var-mi\/","title":{"rendered":"B\u00fclent Ersoy&#8217;un serveti kime kalacak? B\u00fclent Ersoy&#8217;un \u00e7ocu\u011fu var m\u0131?"},"content":{"rendered":"<p>M\u00fczi\u011fin g\u00fc\u00e7l\u00fc sesi B\u00fclent Ersoy sahne performans\u0131n\u0131n yan\u0131 s\u0131ra son zamanlarda yapt\u0131\u011f\u0131 a\u00e7\u0131klamalarla da g\u00fcndemden d\u00fc\u015fm\u00fcyor. &#8216;Harcayacak param var ama nereye harcayaca\u011f\u0131m\u0131 bilmiyorum&#8217; diyen Ersoy oklar\u0131 bir anda kendine \u00e7ekti. <a href=\"https:\/\/www.tgrthaber.com\/mavikadin\/survivor-eren-semercinin-bulent-ersoydan-azar-isittigi-anlar-ortaya-cikti-iste-o-goruntuler\/\">B\u00fclent Ersoy<\/a>&#8216;un s\u00f6zleri geni\u015f yank\u0131 uyand\u0131r\u0131rken, arama motorlar\u0131nda &#8216;B\u00fclent Ersoy&#8217;un serveti kime kalacak?&#8217;, &#8216;B\u00fclent Ersoy&#8217;un \u00e7ocu\u011fu var m\u0131?&#8217; sorular\u0131 da ara\u015ft\u0131r\u0131lmaya ba\u015fland\u0131. \u0130\u015fte B\u00fclent Ersoy&#8217;un dudak u\u00e7uklatan serveti sonras\u0131 merak edilen sorular\u0131n cevaplar\u0131&#8230;<\/p>\n<h3>B\u00dcLENT ERSOY&#8217;UN SERVET\u0130 NE KADAR?<\/h3>\n<p>B\u00fclent Ersoy sadece yorumu ve m\u00fczi\u011fiyle de\u011fil, servetiyle de ad\u0131ndan s\u00f6z ettiriyor. Diva&#8217;n\u0131n serveti ve \u00f6zel hayat\u0131 sosyal medyada yeniden dola\u015f\u0131ma girmi\u015fken &#8216;<a href=\"https:\/\/www.tgrthaber.com\/mavikadin\/bulent-ersoyun-sasirtan-mal-varligi-saymakla-bitmiyor\/\">B\u00fclent Ersoy<\/a>&#8216;un serveti kime kalacak?&#8217; sorusu da merak edilmeye ba\u015fland\u0131.<\/p>\n<p><img loading=\"lazy\" decoding=\"async\" class=\"alignnone wp-image-296668 \" src=\"https:\/\/www.tgrthaber.com\/mavikadin\/wp-content\/uploads\/2026\/01\/ekran-goruntusu-2023-01-04-150341-TiPt.webp\" alt=\"\" width=\"1276\" height=\"662\" title=\"\" srcset=\"https:\/\/www.tgrthaber.com\/mavikadin\/wp-content\/uploads\/2026\/01\/ekran-goruntusu-2023-01-04-150341-TiPt.webp 800w, https:\/\/www.tgrthaber.com\/mavikadin\/wp-content\/uploads\/2026\/01\/ekran-goruntusu-2023-01-04-150341-TiPt-300x156.webp 300w, https:\/\/www.tgrthaber.com\/mavikadin\/wp-content\/uploads\/2026\/01\/ekran-goruntusu-2023-01-04-150341-TiPt-768x398.webp 768w\" sizes=\"(max-width: 1276px) 100vw, 1276px\" \/><\/p>\n<hr \/>\n<p>B\u00fclent Ersoy&#8217;un servetinin kime kalaca\u011f\u0131, Ersoy&#8217;un bizzat kendi a\u011fz\u0131ndan yapt\u0131\u011f\u0131 a\u00e7\u0131klamalarla dikkat \u00e7ekiyor. Diva&#8217;n\u0131n yapt\u0131\u011f\u0131 a\u00e7\u0131klamalarda \u00e7ocuklar i\u00e7in \u00f6zel bir b\u00f6l\u00fcm ay\u0131rd\u0131\u011f\u0131n\u0131 ifade etti.<\/p>\n<p><img loading=\"lazy\" decoding=\"async\" class=\"alignnone wp-image-296672 \" src=\"https:\/\/www.tgrthaber.com\/mavikadin\/wp-content\/uploads\/2026\/01\/i-5-2.webp\" alt=\"\" width=\"1307\" height=\"735\" title=\"\" srcset=\"https:\/\/www.tgrthaber.com\/mavikadin\/wp-content\/uploads\/2026\/01\/i-5-2.webp 480w, https:\/\/www.tgrthaber.com\/mavikadin\/wp-content\/uploads\/2026\/01\/i-5-2-300x169.webp 300w\" sizes=\"(max-width: 1307px) 100vw, 1307px\" \/><\/p>\n<hr \/>\n<p>Ayr\u0131ca B\u00fclent Ersoy, servetinin tam olarak nas\u0131l da\u011f\u0131laca\u011f\u0131na dair resmi bir a\u00e7\u0131klama yapmad\u0131. Ersoy&#8217;un gayrimenkulleri ve maddi varl\u0131\u011f\u0131 g\u00fcndemden bir an olsun d\u00fc\u015fmezken, Diva B\u00fclent Ersoy&#8217;un vasiyetine dair net bir detay belli de\u011fil.<\/p>\n<p><img loading=\"lazy\" decoding=\"async\" class=\"alignnone wp-image-296669 size-full\" src=\"https:\/\/www.tgrthaber.com\/mavikadin\/wp-content\/uploads\/2026\/01\/94aa77c0-c923-4d71-93d1-a356c57cd0e2.webp\" alt=\"\" width=\"1280\" height=\"720\" title=\"\" srcset=\"https:\/\/www.tgrthaber.com\/mavikadin\/wp-content\/uploads\/2026\/01\/94aa77c0-c923-4d71-93d1-a356c57cd0e2.webp 1280w, https:\/\/www.tgrthaber.com\/mavikadin\/wp-content\/uploads\/2026\/01\/94aa77c0-c923-4d71-93d1-a356c57cd0e2-300x169.webp 300w, https:\/\/www.tgrthaber.com\/mavikadin\/wp-content\/uploads\/2026\/01\/94aa77c0-c923-4d71-93d1-a356c57cd0e2-1024x576.webp 1024w, https:\/\/www.tgrthaber.com\/mavikadin\/wp-content\/uploads\/2026\/01\/94aa77c0-c923-4d71-93d1-a356c57cd0e2-768x432.webp 768w\" sizes=\"(max-width: 1280px) 100vw, 1280px\" \/><\/p>\n<hr \/>\n<h3>B\u00dcLENT ERSOY&#8217;UN \u00c7OCU\u011eU VAR MI?<\/h3>\n<p>B\u00fclent Ersoy&#8217;a dair en \u00e7ok merak edilen konular aras\u0131nda <a href=\"https:\/\/www.tgrthaber.com\/mavikadin\/gulsen-ve-irem-dericiden-bulent-ersoy-taklidi-cekil-be-burnumun-dibine-ne-giriyorsun\/\">B\u00fclent Ersoy<\/a>&#8216;un \u00e7ocu\u011fu olup olmad\u0131\u011f\u0131 geliyor. B\u00fclent Ersoy&#8217;un biyolojik olarak bir \u00e7ocu\u011fu bulunmuyor. Usta sanat\u00e7\u0131 verdi\u011fi r\u00f6portajlarda da bu konuya de\u011finerek, anne olma hayalinin ne yaz\u0131k ki ger\u00e7ekle\u015fmedi\u011fini ifade etmi\u015ftir.<\/p>\n<p><img loading=\"lazy\" decoding=\"async\" class=\"alignnone wp-image-296670 size-full\" src=\"https:\/\/www.tgrthaber.com\/mavikadin\/wp-content\/uploads\/2026\/01\/5ac20625f0dc1e0e482463a0.webp\" alt=\"\" width=\"1200\" height=\"751\" title=\"\" srcset=\"https:\/\/www.tgrthaber.com\/mavikadin\/wp-content\/uploads\/2026\/01\/5ac20625f0dc1e0e482463a0.webp 1200w, https:\/\/www.tgrthaber.com\/mavikadin\/wp-content\/uploads\/2026\/01\/5ac20625f0dc1e0e482463a0-300x188.webp 300w, https:\/\/www.tgrthaber.com\/mavikadin\/wp-content\/uploads\/2026\/01\/5ac20625f0dc1e0e482463a0-1024x641.webp 1024w, https:\/\/www.tgrthaber.com\/mavikadin\/wp-content\/uploads\/2026\/01\/5ac20625f0dc1e0e482463a0-768x481.webp 768w\" sizes=\"(max-width: 1200px) 100vw, 1200px\" \/><\/p>\n<hr \/>\n<p>Bu nedenle vasiyet konusunda B\u00fclent Ersoy&#8217;un miras b\u0131rakabilece\u011fi bir \u00e7ocuk bulunmuyor. Ancak vasiyet konusunda Ersoy&#8217;un s\u00f6z konusu olan \u00e7ocuk ifadesini kullanmas\u0131, genel bir anlam i\u00e7eriyor.<\/p>\n<p><img loading=\"lazy\" decoding=\"async\" class=\"alignnone wp-image-296667 size-full\" src=\"https:\/\/www.tgrthaber.com\/mavikadin\/wp-content\/uploads\/2026\/01\/maxresdefault-5-3.jpg\" alt=\"\" width=\"1280\" height=\"720\" title=\"\" srcset=\"https:\/\/www.tgrthaber.com\/mavikadin\/wp-content\/uploads\/2026\/01\/maxresdefault-5-3.jpg 1280w, https:\/\/www.tgrthaber.com\/mavikadin\/wp-content\/uploads\/2026\/01\/maxresdefault-5-3-300x169.jpg 300w, https:\/\/www.tgrthaber.com\/mavikadin\/wp-content\/uploads\/2026\/01\/maxresdefault-5-3-1024x576.jpg 1024w, https:\/\/www.tgrthaber.com\/mavikadin\/wp-content\/uploads\/2026\/01\/maxresdefault-5-3-768x432.jpg 768w\" sizes=\"(max-width: 1280px) 100vw, 1280px\" \/><\/p>\n<hr \/>\n<h3>B\u00dcLENT ERSOY K\u0130MD\u0130R, KA\u00c7 YA\u015eINDA?<\/h3>\n<p>B\u00fclent Ersot 9 Haziran 1952 y\u0131l\u0131nda \u0130stanbul&#8217;da do\u011fmu\u015ftur. T\u00fcrk sanat m\u00fczi\u011fi ve arabesk m\u00fczi\u011fin usta seslerinden biri olan Ersoy, Diva \u00fcnvan\u0131yla an\u0131l\u0131yor. Gen\u00e7 ya\u015fta sahnelerde olan B\u00fclent Ersoy, hem sesi hem de sahne performans\u0131yla g\u00fcndemde her zaman yer edinmektedir. 2026 y\u0131l\u0131 itibar\u0131yla 73 ya\u015f\u0131nda olan B\u00fclent Ersoy, m\u00fczik kariyerinde say\u0131s\u0131z ba\u015far\u0131lara imza atm\u0131\u015ft\u0131r.<\/p>\n<p><img loading=\"lazy\" decoding=\"async\" class=\"alignnone wp-image-296671 size-full\" src=\"https:\/\/www.tgrthaber.com\/mavikadin\/wp-content\/uploads\/2026\/01\/diva-bulent-ersoyun-bebeklik-fotografi-sosyal-medyayi-salladi-iste-o-fotograf-1.webp\" alt=\"\" width=\"1280\" height=\"720\" title=\"\" srcset=\"https:\/\/www.tgrthaber.com\/mavikadin\/wp-content\/uploads\/2026\/01\/diva-bulent-ersoyun-bebeklik-fotografi-sosyal-medyayi-salladi-iste-o-fotograf-1.webp 1280w, https:\/\/www.tgrthaber.com\/mavikadin\/wp-content\/uploads\/2026\/01\/diva-bulent-ersoyun-bebeklik-fotografi-sosyal-medyayi-salladi-iste-o-fotograf-1-300x169.webp 300w, https:\/\/www.tgrthaber.com\/mavikadin\/wp-content\/uploads\/2026\/01\/diva-bulent-ersoyun-bebeklik-fotografi-sosyal-medyayi-salladi-iste-o-fotograf-1-1024x576.webp 1024w, https:\/\/www.tgrthaber.com\/mavikadin\/wp-content\/uploads\/2026\/01\/diva-bulent-ersoyun-bebeklik-fotografi-sosyal-medyayi-salladi-iste-o-fotograf-1-768x432.webp 768w\" sizes=\"(max-width: 1280px) 100vw, 1280px\" \/><\/p>\n<hr \/>\n<h3>B\u00dcLENT ERSOY&#8217;UN EN \u00c7OK D\u0130NLENEN \u015eARKILARI HANG\u0130LER\u0130?<\/h3>\n<p>B\u00fclent Ersoy uzun y\u0131llar m\u00fczik sekt\u00f6r\u00fcnde yer al\u0131yor. \u015eark\u0131 yorumlar\u0131 ve g\u00fc\u00e7l\u00fc sesiyle tan\u0131nan Ersoy&#8217;un baz\u0131 \u015fark\u0131lar\u0131 y\u0131llar ge\u00e7se dahi hala pop\u00fclerli\u011fini korumakta. Dinleyici listelerinde B\u00fclent Ersoy&#8217;un en sevilen \u015fark\u0131lar\u0131n\u0131 ise \u015fu \u015fekilde s\u0131ralayabiliriz;<\/p>\n<p><img loading=\"lazy\" decoding=\"async\" class=\"alignnone wp-image-296666 size-full\" src=\"https:\/\/www.tgrthaber.com\/mavikadin\/wp-content\/uploads\/2026\/01\/2738804_1920x1080.jpg\" alt=\"\" width=\"1920\" height=\"1080\" title=\"\" srcset=\"https:\/\/www.tgrthaber.com\/mavikadin\/wp-content\/uploads\/2026\/01\/2738804_1920x1080.jpg 1920w, https:\/\/www.tgrthaber.com\/mavikadin\/wp-content\/uploads\/2026\/01\/2738804_1920x1080-300x169.jpg 300w, https:\/\/www.tgrthaber.com\/mavikadin\/wp-content\/uploads\/2026\/01\/2738804_1920x1080-1024x576.jpg 1024w, https:\/\/www.tgrthaber.com\/mavikadin\/wp-content\/uploads\/2026\/01\/2738804_1920x1080-768x432.jpg 768w, https:\/\/www.tgrthaber.com\/mavikadin\/wp-content\/uploads\/2026\/01\/2738804_1920x1080-1536x864.jpg 1536w\" sizes=\"(max-width: 1920px) 100vw, 1920px\" \/><\/p>\n<hr \/>\n<p>Bir Ben Bir Allah Biliyor<\/p>\n<p>\u00dcmit H\u0131rs\u0131z\u0131<\/p>\n<p>A\u015fktan Sab\u0131kal\u0131<\/p>\n<p>Y\u00fcz\u00fcn\u00fc G\u00f6remem<\/p>\n<p>Sefam Olsun<\/p>\n<p><img loading=\"lazy\" decoding=\"async\" class=\"alignnone wp-image-296673 \" src=\"https:\/\/www.tgrthaber.com\/mavikadin\/wp-content\/uploads\/2026\/01\/i-6-1.webp\" alt=\"\" width=\"1436\" height=\"763\" title=\"\" srcset=\"https:\/\/www.tgrthaber.com\/mavikadin\/wp-content\/uploads\/2026\/01\/i-6-1.webp 480w, https:\/\/www.tgrthaber.com\/mavikadin\/wp-content\/uploads\/2026\/01\/i-6-1-300x159.webp 300w\" sizes=\"(max-width: 1436px) 100vw, 1436px\" \/><\/p>\n<hr \/>\n<p>Ablan Kurban Olsun Sana<\/p>\n<p>Maazallah<\/p>\n<p>Biz Ayr\u0131lamay\u0131z<\/p>\n<p>Geceler<\/p>\n<p>Sevmekten Kim Usan\u0131r<\/p>\n<p>\u00c7ile B\u00fclb\u00fcl\u00fcm<\/p>\n","protected":false},"excerpt":{"rendered":"<p>Diva B\u00fclenty Ersoy son zamanlarda harcad\u0131\u011f\u0131 y\u00fckl\u00fc miktar paralarla g\u00fcndemde. Ersoy&#8217;un ismi bu defa miras ba\u015fl\u0131\u011f\u0131yla sosyal medtada ve arama motorlar\u0131nda dola\u015f\u0131yor. Peki B\u00fclent Ersoy&#8217;un miras\u0131 ne kadar, miras\u0131 kime kalacak? B\u00fclent Ersoy&#8217;un \u00e7ocu\u011fu var m\u0131? \u0130\u015fte merak edilen t\u00fcm detaylar&#8230;<\/p>\n","protected":false},"author":35,"featured_media":296649,"comment_status":"closed","ping_status":"closed","sticky":false,"template":"","format":"standard","meta":{"rank_math_lock_modified_date":false,"footnotes":""},"categories":[491],"tags":[3374,3768,71670,18067,71669],"class_list":["post-296648","post","type-post","status-publish","format-standard","has-post-thumbnail","hentry","category-biyografi","tag-biyografi","tag-bulent-ersoy","tag-bulent-ersoy-kimdir-kac-yasinda","tag-bulent-ersoy-serveti","tag-bulent-ersoyun-cocugu-var-mi"],"_links":{"self":[{"href":"https:\/\/www.tgrthaber.com\/mavikadin\/wp-json\/wp\/v2\/posts\/296648"}],"collection":[{"href":"https:\/\/www.tgrthaber.com\/mavikadin\/wp-json\/wp\/v2\/posts"}],"about":[{"href":"https:\/\/www.tgrthaber.com\/mavikadin\/wp-json\/wp\/v2\/types\/post"}],"author":[{"embeddable":true,"href":"https:\/\/www.tgrthaber.com\/mavikadin\/wp-json\/wp\/v2\/users\/35"}],"replies":[{"embeddable":true,"href":"https:\/\/www.tgrthaber.com\/mavikadin\/wp-json\/wp\/v2\/comments?post=296648"}],"version-history":[{"count":2,"href":"https:\/\/www.tgrthaber.com\/mavikadin\/wp-json\/wp\/v2\/posts\/296648\/revisions"}],"predecessor-version":[{"id":296675,"href":"https:\/\/www.tgrthaber.com\/mavikadin\/wp-json\/wp\/v2\/posts\/296648\/revisions\/296675"}],"wp:featuredmedia":[{"embeddable":true,"href":"https:\/\/www.tgrthaber.com\/mavikadin\/wp-json\/wp\/v2\/media\/296649"}],"wp:attachment":[{"href":"https:\/\/www.tgrthaber.com\/mavikadin\/wp-json\/wp\/v2\/media?parent=296648"}],"wp:term":[{"taxonomy":"category","embeddable":true,"href":"https:\/\/www.tgrthaber.com\/mavikadin\/wp-json\/wp\/v2\/categories?post=296648"},{"taxonomy":"post_tag","embeddable":true,"href":"https:\/\/www.tgrthaber.com\/mavikadin\/wp-json\/wp\/v2\/tags?post=296648"}],"curies":[{"name":"wp","href":"https:\/\/api.w.org\/{rel}","templated":true}]}}