{"id":296700,"date":"2026-01-30T09:28:14","date_gmt":"2026-01-30T06:28:14","guid":{"rendered":"https:\/\/www.tgrthaber.com\/mavikadin\/?p=296700"},"modified":"2026-01-30T09:28:14","modified_gmt":"2026-01-30T06:28:14","slug":"dogusun-esi-hoskedem-hidayetkizi-kimdir-kac-yasinda-hoskedem-hidayetkizi-meslegi-ne","status":"publish","type":"post","link":"https:\/\/www.tgrthaber.com\/mavikadin\/dogusun-esi-hoskedem-hidayetkizi-kimdir-kac-yasinda-hoskedem-hidayetkizi-meslegi-ne\/","title":{"rendered":"Do\u011fu\u015f&#8217;un e\u015fi Ho\u015fkedem Hidayetk\u0131z\u0131 kimdir, ka\u00e7 ya\u015f\u0131nda? Ho\u015fkedem Hidayetk\u0131z\u0131 mesle\u011fi ne?"},"content":{"rendered":"<p>\u2018Do\u011fu\u015f&#8217;un e\u015fi <a href=\"https:\/\/www.tgrthaber.com\/mavikadin\/survivor-dogusun-azerbaycanli-esinden-dikkat-ceken-cagri-esinden-cocuklar-icin-duygusal-mesaj\/\">Ho\u015fkedem Hidayetk\u0131z\u0131<\/a> kimdir, ka\u00e7 ya\u015f\u0131nda? Ho\u015fkedem Hidayetk\u0131z\u0131 mesle\u011fi ne?\u2019 gibi sorular\u0131n cevaplar\u0131 Do\u011fu\u015f\u2019un hayranlar\u0131 taraf\u0131ndan merak ediliyor. Azerbaycan aras\u0131nda k\u00f6pr\u00fc kuran \u00f6nemli bir fig\u00fcr olarak \u00f6n plana \u00e7\u0131kan Ho\u015fkedem Hidayetk\u0131z\u0131 kariyerindeki ba\u015far\u0131lar\u0131 ve \u00f6zel ya\u015fam\u0131yla \u00f6n planda olmay\u0131 ba\u015far\u0131yor.<\/p>\n<h3>DO\u011eU\u015e&#8217;UN E\u015e\u0130 HO\u015eKEDEM H\u0130DAYETKIZI K\u0130MD\u0130R, KA\u00c7 YA\u015eINDA?<\/h3>\n<p>Hem profesyonel kariyeri hem de \u00f6zel ya\u015fam\u0131yla iki farkl\u0131 \u00fclke aras\u0131nda \u00f6nemli bir k\u00f6pr\u00fc g\u00f6revi g\u00f6ren <a href=\"https:\/\/www.tgrthaber.com\/mavikadin\/dogus-survivor-2026ya-katilacak-mi-dogus-survivor-2026-yarismasina-ne-zaman-dahil-olacak\/\">Ho\u015fkedem Hidayetk\u0131z\u0131<\/a>, medyan\u0131n ve toplumun yak\u0131ndan takip etti\u011fi etkileyici bir isim olarak tan\u0131n\u0131yor.<\/p>\n<p><img loading=\"lazy\" decoding=\"async\" class=\"aligncenter size-full wp-image-296702\" src=\"https:\/\/www.tgrthaber.com\/mavikadin\/wp-content\/uploads\/2026\/01\/Hoskedem-Hidayetkizi-1.webp\" alt=\"\" width=\"1275\" height=\"675\" title=\"\" srcset=\"https:\/\/www.tgrthaber.com\/mavikadin\/wp-content\/uploads\/2026\/01\/Hoskedem-Hidayetkizi-1.webp 1275w, https:\/\/www.tgrthaber.com\/mavikadin\/wp-content\/uploads\/2026\/01\/Hoskedem-Hidayetkizi-1-300x159.webp 300w, https:\/\/www.tgrthaber.com\/mavikadin\/wp-content\/uploads\/2026\/01\/Hoskedem-Hidayetkizi-1-1024x542.webp 1024w, https:\/\/www.tgrthaber.com\/mavikadin\/wp-content\/uploads\/2026\/01\/Hoskedem-Hidayetkizi-1-768x407.webp 768w\" sizes=\"(max-width: 1275px) 100vw, 1275px\" \/><\/p>\n<hr \/>\n<p>Azerbaycan&#8217;\u0131n en \u00fcnl\u00fc kad\u0131n spikerlerinden biri olan Ho\u015fkedem Hidayetk\u0131z\u0131, sava\u015f muhabiri, gazeteci, sunucu, televizyoncu ve yap\u0131mc\u0131 olarak da g\u00f6rev yap\u0131yor.<\/p>\n<p>&#8220;Sen Tek De\u011filsin&#8221; isimli program\u0131 yapan Ho\u015fkedem Hidayetk\u0131z\u0131, T\u00fcrkiye&#8217;de ise \u00fcnl\u00fc \u015fark\u0131c\u0131 Do\u011fu\u015f ile evlidir. \u00c7ift ikiz \u00e7ocuklar\u0131n\u0131 kuca\u011f\u0131na ald\u0131ktan sonra ise \u0130stanbul&#8217;da ya\u015famaya ba\u015flam\u0131\u015ft\u0131r. Ho\u015fkedem Hidayetk\u0131z\u0131 13 Ocak 1974 do\u011fumludur, bu nedenle 2025 itibar\u0131yla 51 ya\u015f\u0131ndad\u0131r.<\/p>\n<p><img loading=\"lazy\" decoding=\"async\" class=\"aligncenter size-full wp-image-296703\" src=\"https:\/\/www.tgrthaber.com\/mavikadin\/wp-content\/uploads\/2026\/01\/Hoskedem-Hidayetkizi-2.jpg\" alt=\"\" width=\"1080\" height=\"1350\" title=\"\" srcset=\"https:\/\/www.tgrthaber.com\/mavikadin\/wp-content\/uploads\/2026\/01\/Hoskedem-Hidayetkizi-2.jpg 1080w, https:\/\/www.tgrthaber.com\/mavikadin\/wp-content\/uploads\/2026\/01\/Hoskedem-Hidayetkizi-2-240x300.jpg 240w, https:\/\/www.tgrthaber.com\/mavikadin\/wp-content\/uploads\/2026\/01\/Hoskedem-Hidayetkizi-2-819x1024.jpg 819w, https:\/\/www.tgrthaber.com\/mavikadin\/wp-content\/uploads\/2026\/01\/Hoskedem-Hidayetkizi-2-768x960.jpg 768w\" sizes=\"(max-width: 1080px) 100vw, 1080px\" \/><\/p>\n<hr \/>\n<h3>HO\u015eKEDEM H\u0130DAYETKIZI MESLE\u011e\u0130 NE?<\/h3>\n<p>Ho\u015fkedem Hidayetk\u0131z\u0131 profesyonel olarak televizyon spikerli\u011fi, gazetecilik ve yap\u0131mc\u0131l\u0131k yap\u0131yor. Kendi program\u0131n\u0131 haz\u0131rlay\u0131p sunan ve ayn\u0131 zamanda sava\u015f muhabirli\u011fi de yapan Ho\u015fkedem Hidayetk\u0131z\u0131 medya sekt\u00f6r\u00fcnde hem sunucu hem de yap\u0131mc\u0131 kimli\u011fiyle aktif rol al\u0131yor.<\/p>\n<p><img loading=\"lazy\" decoding=\"async\" class=\"aligncenter size-full wp-image-296704\" src=\"https:\/\/www.tgrthaber.com\/mavikadin\/wp-content\/uploads\/2026\/01\/Hoskedem-Hidayetkizi-4.jpg\" alt=\"\" width=\"900\" height=\"1125\" title=\"\" srcset=\"https:\/\/www.tgrthaber.com\/mavikadin\/wp-content\/uploads\/2026\/01\/Hoskedem-Hidayetkizi-4.jpg 900w, https:\/\/www.tgrthaber.com\/mavikadin\/wp-content\/uploads\/2026\/01\/Hoskedem-Hidayetkizi-4-240x300.jpg 240w, https:\/\/www.tgrthaber.com\/mavikadin\/wp-content\/uploads\/2026\/01\/Hoskedem-Hidayetkizi-4-819x1024.jpg 819w, https:\/\/www.tgrthaber.com\/mavikadin\/wp-content\/uploads\/2026\/01\/Hoskedem-Hidayetkizi-4-768x960.jpg 768w\" sizes=\"(max-width: 900px) 100vw, 900px\" \/><\/p>\n<hr \/>\n<h3>\u015eARKICI DO\u011eU\u015e K\u0130MD\u0130R?<\/h3>\n<p>Ger\u00e7ek ismi Orhan Baltac\u0131 olan Do\u011fu\u015f 30 Haziran 1974&#8217;te Almanya&#8217;da d\u00fcnyaya geldi. Almanya&#8217;da ge\u00e7en \u00e7ocukluk d\u00f6neminden sonra T\u00fcrkiye&#8217;ye d\u00f6nen Do\u011fu\u015f sokaklarda ya\u015famas\u0131n\u0131n ard\u0131ndan s\u00f6z yazmaya ba\u015flad\u0131.<\/p>\n<p><img loading=\"lazy\" decoding=\"async\" class=\"aligncenter size-full wp-image-296705\" src=\"https:\/\/www.tgrthaber.com\/mavikadin\/wp-content\/uploads\/2026\/01\/Hoskedem-Hidayetkizi-5.jpg\" alt=\"\" width=\"1080\" height=\"1350\" title=\"\" srcset=\"https:\/\/www.tgrthaber.com\/mavikadin\/wp-content\/uploads\/2026\/01\/Hoskedem-Hidayetkizi-5.jpg 1080w, https:\/\/www.tgrthaber.com\/mavikadin\/wp-content\/uploads\/2026\/01\/Hoskedem-Hidayetkizi-5-240x300.jpg 240w, https:\/\/www.tgrthaber.com\/mavikadin\/wp-content\/uploads\/2026\/01\/Hoskedem-Hidayetkizi-5-819x1024.jpg 819w, https:\/\/www.tgrthaber.com\/mavikadin\/wp-content\/uploads\/2026\/01\/Hoskedem-Hidayetkizi-5-768x960.jpg 768w\" sizes=\"(max-width: 1080px) 100vw, 1080px\" \/><\/p>\n<hr \/>\n<p>M\u00fczik yap\u0131mc\u0131s\u0131 \u0130skender Ulus taraf\u0131ndan ke\u015ffedilen Do\u011fu\u015f, 1997&#8217;de ilk alb\u00fcm\u00fcn\u00fc \u00e7\u0131karm\u0131\u015ft\u0131r. Kariyeri boyunca toplam 15 alb\u00fcm \u00e7\u0131karan Do\u011fu\u015f, listelerde \u00fcst s\u0131ralarda yer alm\u0131\u015f, sosyal sorumluluk projelerinde aktif rol oynam\u0131\u015ft\u0131r.<\/p>\n<p><img loading=\"lazy\" decoding=\"async\" class=\"aligncenter size-full wp-image-296706\" src=\"https:\/\/www.tgrthaber.com\/mavikadin\/wp-content\/uploads\/2026\/01\/Hoskedem-Hidayetkizi-3.jpg\" alt=\"\" width=\"1013\" height=\"1266\" title=\"\" srcset=\"https:\/\/www.tgrthaber.com\/mavikadin\/wp-content\/uploads\/2026\/01\/Hoskedem-Hidayetkizi-3.jpg 1013w, https:\/\/www.tgrthaber.com\/mavikadin\/wp-content\/uploads\/2026\/01\/Hoskedem-Hidayetkizi-3-240x300.jpg 240w, https:\/\/www.tgrthaber.com\/mavikadin\/wp-content\/uploads\/2026\/01\/Hoskedem-Hidayetkizi-3-819x1024.jpg 819w, https:\/\/www.tgrthaber.com\/mavikadin\/wp-content\/uploads\/2026\/01\/Hoskedem-Hidayetkizi-3-768x960.jpg 768w\" sizes=\"(max-width: 1013px) 100vw, 1013px\" \/><\/p>\n<hr \/>\n<p>Oyunculuk da yapan \u015fark\u0131c\u0131 Do\u011fu\u015f bir d\u00f6nem yazarl\u0131k alan\u0131nda da &#8220;Bir Do\u011fu\u015f&#8221; adl\u0131 kitab\u0131 yay\u0131mlanm\u0131\u015ft\u0131r. Geni\u015f bir kitle taraf\u0131ndan tan\u0131nan sanat\u00e7\u0131 televizyon yar\u0131\u015fmalar\u0131nda da rol alm\u0131\u015ft\u0131r.<\/p>\n","protected":false},"excerpt":{"rendered":"<p>Do\u011fu\u015f hayranlar\u0131 \u2018Do\u011fu\u015f&#8217;un e\u015fi Ho\u015fkedem Hidayetk\u0131z\u0131 kimdir, ka\u00e7 ya\u015f\u0131nda? Ho\u015fkedem Hidayetk\u0131z\u0131 mesle\u011fi ne?\u2019 gibi sorular\u0131n cevaplar\u0131n\u0131 merak edip ara\u015ft\u0131r\u0131yor. Medya d\u00fcnyas\u0131n\u0131n g\u00fc\u00e7l\u00fc ve etkileyici isimlerinden biri olarak tan\u0131nan Ho\u015fkedem kariyerindeki ba\u015far\u0131lar\u0131 ve \u00f6zel ya\u015fam\u0131yla s\u0131k s\u0131k g\u00fcndeme geliyor.<\/p>\n","protected":false},"author":5,"featured_media":296701,"comment_status":"closed","ping_status":"closed","sticky":false,"template":"","format":"standard","meta":{"rank_math_lock_modified_date":false,"footnotes":""},"categories":[491],"tags":[3374,869,18001],"class_list":["post-296700","post","type-post","status-publish","format-standard","has-post-thumbnail","hentry","category-biyografi","tag-biyografi","tag-dogus","tag-hoskedem-hidayetkizi"],"_links":{"self":[{"href":"https:\/\/www.tgrthaber.com\/mavikadin\/wp-json\/wp\/v2\/posts\/296700"}],"collection":[{"href":"https:\/\/www.tgrthaber.com\/mavikadin\/wp-json\/wp\/v2\/posts"}],"about":[{"href":"https:\/\/www.tgrthaber.com\/mavikadin\/wp-json\/wp\/v2\/types\/post"}],"author":[{"embeddable":true,"href":"https:\/\/www.tgrthaber.com\/mavikadin\/wp-json\/wp\/v2\/users\/5"}],"replies":[{"embeddable":true,"href":"https:\/\/www.tgrthaber.com\/mavikadin\/wp-json\/wp\/v2\/comments?post=296700"}],"version-history":[{"count":2,"href":"https:\/\/www.tgrthaber.com\/mavikadin\/wp-json\/wp\/v2\/posts\/296700\/revisions"}],"predecessor-version":[{"id":296708,"href":"https:\/\/www.tgrthaber.com\/mavikadin\/wp-json\/wp\/v2\/posts\/296700\/revisions\/296708"}],"wp:featuredmedia":[{"embeddable":true,"href":"https:\/\/www.tgrthaber.com\/mavikadin\/wp-json\/wp\/v2\/media\/296701"}],"wp:attachment":[{"href":"https:\/\/www.tgrthaber.com\/mavikadin\/wp-json\/wp\/v2\/media?parent=296700"}],"wp:term":[{"taxonomy":"category","embeddable":true,"href":"https:\/\/www.tgrthaber.com\/mavikadin\/wp-json\/wp\/v2\/categories?post=296700"},{"taxonomy":"post_tag","embeddable":true,"href":"https:\/\/www.tgrthaber.com\/mavikadin\/wp-json\/wp\/v2\/tags?post=296700"}],"curies":[{"name":"wp","href":"https:\/\/api.w.org\/{rel}","templated":true}]}}