{"id":296709,"date":"2026-01-30T10:12:42","date_gmt":"2026-01-30T07:12:42","guid":{"rendered":"https:\/\/www.tgrthaber.com\/mavikadin\/?p=296709"},"modified":"2026-01-30T10:12:42","modified_gmt":"2026-01-30T07:12:42","slug":"demet-akalin-gemileri-yakti-sosyal-medyasindan-unlu-isimleri-takipten-cikti-akillara-didem-balcin-geldi","status":"publish","type":"post","link":"https:\/\/www.tgrthaber.com\/mavikadin\/demet-akalin-gemileri-yakti-sosyal-medyasindan-unlu-isimleri-takipten-cikti-akillara-didem-balcin-geldi\/","title":{"rendered":"Demet Akal\u0131n gemileri yakt\u0131! Sosyal medyas\u0131ndan \u00fcnl\u00fc isimleri takipten \u00e7\u0131kt\u0131, ak\u0131llara Didem Bal\u00e7\u0131n geldi"},"content":{"rendered":"<p>Bir s\u00fcredir, m\u00fczik d\u00fcnyas\u0131ndan \u2018bot hesap\u2019 tart\u0131\u015fmalar\u0131yla g\u00fcndemde olan \u00fcnl\u00fc \u015fark\u0131c\u0131 <a href=\"https:\/\/www.tgrthaber.com\/mavikadin\/demet-akalin-blok3-kavgasina-sefo-ne-dedi-aciklamasiyla-dikkat-cekti\/\">Demet Akal\u0131n<\/a>, sosyal medyas\u0131ndan yapt\u0131\u011f\u0131 hareketle g\u00fcndem oldu. Kendi sosyal medyas\u0131ndan \u00fcnl\u00fc isimleri \u00e7\u0131kartan Demet Akal\u0131n, adeta gemileri yakt\u0131. \u00dcnl\u00fc ismin bu hareketi ak\u0131llara Didem Bal\u00e7\u0131n\u2019\u0131 getirdi. \u0130\u015fte detaylar\u2026<\/p>\n<h3>DEMET AKALIN GEM\u0130LER\u0130 YAKTI!<\/h3>\n<p>M\u00fczik d\u00fcnyas\u0131nda dobra \u00e7\u0131k\u0131\u015flar\u0131yla dikkat \u00e7eken \u00fcnl\u00fc \u015fark\u0131s\u0131 <a href=\"https:\/\/www.tgrthaber.com\/mavikadin\/blok-3-ve-demet-akalin-arasinda-ipler-gerildi-agir-sozlere-karsilik-utan-paylasimi\/\">Demet Akal\u0131n<\/a>, magazin g\u00fcndemine gelmeye devam ediyor.\u00a0 Son zamanlarda m\u00fczik d\u00fcnyas\u0131nda \u00e7ok\u00e7a dinlenen rap \u015fark\u0131c\u0131lardan birka\u00e7\u0131yla dikkat \u00e7ekerek g\u00fcndeme geldi. \u00d6zellikle de Demet Akal\u0131n\u2019\u0131n Ebo\u2019ya y\u00f6nelik yapt\u0131\u011f\u0131 dikkat \u00e7eken a\u00e7\u0131klamalar da bulunarak dertlerini ifade etmi\u015fti.<\/p>\n<p><img loading=\"lazy\" decoding=\"async\" class=\"alignnone size-full wp-image-296713\" src=\"https:\/\/www.tgrthaber.com\/mavikadin\/wp-content\/uploads\/2026\/01\/demet-akalin-3.jpg\" alt=\"Demet Akal\u0131n gemileri yakt\u0131! Sosyal medyas\u0131ndan \u00fcnl\u00fc isimleri takipten \u00e7\u0131kt\u0131, ak\u0131llara Didem Bal\u00e7\u0131n geldi\" width=\"1208\" height=\"680\" title=\"\" srcset=\"https:\/\/www.tgrthaber.com\/mavikadin\/wp-content\/uploads\/2026\/01\/demet-akalin-3.jpg 1208w, https:\/\/www.tgrthaber.com\/mavikadin\/wp-content\/uploads\/2026\/01\/demet-akalin-3-300x169.jpg 300w, https:\/\/www.tgrthaber.com\/mavikadin\/wp-content\/uploads\/2026\/01\/demet-akalin-3-1024x576.jpg 1024w, https:\/\/www.tgrthaber.com\/mavikadin\/wp-content\/uploads\/2026\/01\/demet-akalin-3-768x432.jpg 768w\" sizes=\"(max-width: 1208px) 100vw, 1208px\" \/><\/p>\n<hr \/>\n<p>M\u00fczik sekt\u00f6r\u00fcnde kullan\u0131lan bot iddialar\u0131 tekrardan g\u00fcndeme gelmi\u015f, Demet Akal\u0131n\u2019dan da dijital platformlardaki m\u00fcziklerin nas\u0131l listelendi\u011fini \u00e7arp\u0131c\u0131 bir \u00f6rnek vererek, Ebo\u2019nun kendisini listelerden d\u00fc\u015f\u00fcrece\u011fini iddia etmi\u015fti.<\/p>\n<p><img loading=\"lazy\" decoding=\"async\" class=\"alignnone wp-image-296716 size-full\" src=\"https:\/\/www.tgrthaber.com\/mavikadin\/wp-content\/uploads\/2026\/01\/demet-akalin.jpg\" alt=\"Demet Akal\u0131n gemileri yakt\u0131! Sosyal medyas\u0131ndan \u00fcnl\u00fc isimleri takipten \u00e7\u0131kt\u0131, ak\u0131llara Didem Bal\u00e7\u0131n geldi\" width=\"1208\" height=\"680\" title=\"\" srcset=\"https:\/\/www.tgrthaber.com\/mavikadin\/wp-content\/uploads\/2026\/01\/demet-akalin.jpg 1208w, https:\/\/www.tgrthaber.com\/mavikadin\/wp-content\/uploads\/2026\/01\/demet-akalin-300x169.jpg 300w, https:\/\/www.tgrthaber.com\/mavikadin\/wp-content\/uploads\/2026\/01\/demet-akalin-1024x576.jpg 1024w, https:\/\/www.tgrthaber.com\/mavikadin\/wp-content\/uploads\/2026\/01\/demet-akalin-768x432.jpg 768w\" sizes=\"(max-width: 1208px) 100vw, 1208px\" \/><\/p>\n<hr \/>\n<p>Bu tart\u0131\u015fmalar\u0131n ard\u0131ndan rap \u015fark\u0131lar\u0131yla g\u00fcndemden d\u00fc\u015fmeyen Blok 3\u2019\u00fcn \u2018Kusura Bakma\u2019 \u015fark\u0131s\u0131yla sevilen bir alb\u00fcm\u00fcn\u00fcn Spotify\u2019dan \u00e7\u0131kar\u0131lmas\u0131 olaylar\u0131 daha da k\u0131z\u0131\u015ft\u0131rd\u0131. Blok 3\u2019\u00fcn yapm\u0131\u015f oldu\u011fu a\u00e7\u0131klamalar, g\u00fcndem olurken Demet Akal\u0131n\u2019dan sert hamle geldi. \u00dcnl\u00fc sanat\u00e7\u0131 adeta gemileri yakt\u0131.<\/p>\n<h3><img loading=\"lazy\" decoding=\"async\" class=\"alignnone size-full wp-image-296715\" src=\"https:\/\/www.tgrthaber.com\/mavikadin\/wp-content\/uploads\/2026\/01\/demet-akalin-5.jpg\" alt=\"Demet Akal\u0131n gemileri yakt\u0131! Sosyal medyas\u0131ndan \u00fcnl\u00fc isimleri takipten \u00e7\u0131kt\u0131, ak\u0131llara Didem Bal\u00e7\u0131n geldi\" width=\"1208\" height=\"680\" title=\"\" srcset=\"https:\/\/www.tgrthaber.com\/mavikadin\/wp-content\/uploads\/2026\/01\/demet-akalin-5.jpg 1208w, https:\/\/www.tgrthaber.com\/mavikadin\/wp-content\/uploads\/2026\/01\/demet-akalin-5-300x169.jpg 300w, https:\/\/www.tgrthaber.com\/mavikadin\/wp-content\/uploads\/2026\/01\/demet-akalin-5-1024x576.jpg 1024w, https:\/\/www.tgrthaber.com\/mavikadin\/wp-content\/uploads\/2026\/01\/demet-akalin-5-768x432.jpg 768w\" sizes=\"(max-width: 1208px) 100vw, 1208px\" \/><\/h3>\n<hr \/>\n<h3>SOSYAL MEDYASINDAN \u00dcNL\u00dc \u0130S\u0130MLER\u0130 TAK\u0130PTEN \u00c7IKTI, AKILLARA D\u0130DEM BAL\u00c7IN GELD\u0130<\/h3>\n<p>Magazin g\u00fcndemine bomba gibi d\u00fc\u015fen iddialar her ge\u00e7en g\u00fcn dikkat \u00e7ekmeye devam ediyor. \u00d6zellikle de rap d\u00fcnyas\u0131nda bulunan \u2018bot\u2019 meselesi \u015fark\u0131c\u0131 Demet Akal\u0131n\u2019\u0131 da sinirlendirdi. \u00dcnl\u00fc isim \u015fark\u0131lar\u0131yla dikkatleri \u00fczerine \u00e7eken Blok 3\u2019\u00fcn Spotify\u2019da \u015fark\u0131lar\u0131na \u2018bot\u2019 att\u0131\u011f\u0131n\u0131 iddia etmi\u015f ve ortal\u0131\u011f\u0131n kar\u0131\u015fmas\u0131na neden olmu\u015ftu.<\/p>\n<p><img loading=\"lazy\" decoding=\"async\" class=\"alignnone size-full wp-image-296711\" src=\"https:\/\/www.tgrthaber.com\/mavikadin\/wp-content\/uploads\/2026\/01\/demet-akalin-1.jpg\" alt=\"Demet Akal\u0131n gemileri yakt\u0131! Sosyal medyas\u0131ndan \u00fcnl\u00fc isimleri takipten \u00e7\u0131kt\u0131, ak\u0131llara Didem Bal\u00e7\u0131n geldi\" width=\"1208\" height=\"680\" title=\"\" srcset=\"https:\/\/www.tgrthaber.com\/mavikadin\/wp-content\/uploads\/2026\/01\/demet-akalin-1.jpg 1208w, https:\/\/www.tgrthaber.com\/mavikadin\/wp-content\/uploads\/2026\/01\/demet-akalin-1-300x169.jpg 300w, https:\/\/www.tgrthaber.com\/mavikadin\/wp-content\/uploads\/2026\/01\/demet-akalin-1-1024x576.jpg 1024w, https:\/\/www.tgrthaber.com\/mavikadin\/wp-content\/uploads\/2026\/01\/demet-akalin-1-768x432.jpg 768w\" sizes=\"(max-width: 1208px) 100vw, 1208px\" \/><\/p>\n<hr \/>\n<p>Demet Akal\u0131n ve Blok 3 aras\u0131nda kavga olu\u015fmu\u015f \u00fcnl\u00fc isimler birbirlerine magazin arac\u0131l\u0131\u011f\u0131 ile tepkilerini g\u00f6stermi\u015fti. Ge\u00e7ti\u011fimiz saatlerde \u00fcnl\u00fc \u015fark\u0131c\u0131 Demet Akal\u0131n\u2019dan gemileri yakan bir hareket geldi. Sosyal medyas\u0131nda \u00fcnl\u00fc isimleri tek tek \u00e7\u0131kard\u0131. Bu olayla birlikte ak\u0131llara Didem Bal\u00e7\u0131n\u2019\u0131n s\u00f6zleri geldi.<\/p>\n<p><img loading=\"lazy\" decoding=\"async\" class=\"alignnone size-full wp-image-296712\" src=\"https:\/\/www.tgrthaber.com\/mavikadin\/wp-content\/uploads\/2026\/01\/demet-akalin-2.jpg\" alt=\"Demet Akal\u0131n gemileri yakt\u0131! Sosyal medyas\u0131ndan \u00fcnl\u00fc isimleri takipten \u00e7\u0131kt\u0131, ak\u0131llara Didem Bal\u00e7\u0131n geldi\" width=\"1208\" height=\"680\" title=\"\" srcset=\"https:\/\/www.tgrthaber.com\/mavikadin\/wp-content\/uploads\/2026\/01\/demet-akalin-2.jpg 1208w, https:\/\/www.tgrthaber.com\/mavikadin\/wp-content\/uploads\/2026\/01\/demet-akalin-2-300x169.jpg 300w, https:\/\/www.tgrthaber.com\/mavikadin\/wp-content\/uploads\/2026\/01\/demet-akalin-2-1024x576.jpg 1024w, https:\/\/www.tgrthaber.com\/mavikadin\/wp-content\/uploads\/2026\/01\/demet-akalin-2-768x432.jpg 768w\" sizes=\"(max-width: 1208px) 100vw, 1208px\" \/><\/p>\n<hr \/>\n<p>Blok 3 ve Demet Akal\u0131n\u2019\u0131n aras\u0131nda devam eden sert r\u00fczgarlar, pek \u00e7ok \u00fcnl\u00fc ismin de Demet Akal\u0131n\u2019\u0131n sosyal medyas\u0131ndan silmesiyle g\u00fcndem oldu. Demet Akal\u0131n kendi sosyal medyas\u0131ndan 20\u2019ye yak\u0131n \u00fcnl\u00fc ismi takipten \u00e7\u0131kt\u0131. \u00d6zellikle de Blok 3\u2019e hak verenleri \u00e7\u0131kard\u0131\u011f\u0131 iddia edilirken, Demet Akal\u0131n\u2019\u0131n bu hareketi ak\u0131llara oyuncu Didem Bal\u00e7\u0131n\u2019\u0131 getirdi.<\/p>\n<p><img loading=\"lazy\" decoding=\"async\" class=\"alignnone size-full wp-image-296714\" src=\"https:\/\/www.tgrthaber.com\/mavikadin\/wp-content\/uploads\/2026\/01\/demet-akalin-4.jpg\" alt=\"Demet Akal\u0131n gemileri yakt\u0131! Sosyal medyas\u0131ndan \u00fcnl\u00fc isimleri takipten \u00e7\u0131kt\u0131, ak\u0131llara Didem Bal\u00e7\u0131n geldi\" width=\"1208\" height=\"680\" title=\"\" srcset=\"https:\/\/www.tgrthaber.com\/mavikadin\/wp-content\/uploads\/2026\/01\/demet-akalin-4.jpg 1208w, https:\/\/www.tgrthaber.com\/mavikadin\/wp-content\/uploads\/2026\/01\/demet-akalin-4-300x169.jpg 300w, https:\/\/www.tgrthaber.com\/mavikadin\/wp-content\/uploads\/2026\/01\/demet-akalin-4-1024x576.jpg 1024w, https:\/\/www.tgrthaber.com\/mavikadin\/wp-content\/uploads\/2026\/01\/demet-akalin-4-768x432.jpg 768w\" sizes=\"(max-width: 1208px) 100vw, 1208px\" \/><\/p>\n<hr \/>\n<p>\u00dcnl\u00fc oyuncu Didem Bal\u00e7\u0131n, \u201cEskiden herkesi seveyim, herkes beni sevsin tela\u015f\u0131m vard\u0131. Art\u0131k \u00f6yle de\u011filim Bir sabah kalkt\u0131m 800 ki\u015fiyi hesab\u0131mdan sildim\u201d demi\u015fti, bu s\u00f6zlerden sonra Demet Akal\u0131n\u2019da bir\u00e7ok meslekta\u015f\u0131n\u0131 hesab\u0131ndan silerek \u201cDidem Bal\u00e7\u0131n bana ilham oldu.\u201d dedi.<\/p>\n","protected":false},"excerpt":{"rendered":"<p>Sosyal medyas\u0131n\u0131 aktif bir \u015fekil de kullanan Demet Akal\u0131n, dikkat \u00e7eken a\u00e7\u0131klamalar\u0131na devam etmektedir. Bir s\u00fcredir m\u00fczik d\u00fcnyas\u0131nda tart\u0131\u015fma olu\u015fturan \u2018bot hesap\u2019 konusu \u00fcnl\u00fc \u015fark\u0131c\u0131 Demet Akal\u0131n\u2019\u0131n gemileri yakmas\u0131na neden oldu. Sosyal medyas\u0131ndan \u00fcnl\u00fc isimleri tek tek \u00e7\u0131karan Demet Akal\u0131n, ak\u0131llara Didem Bal\u00e7\u0131n\u2019\u0131 getirdi.<\/p>\n","protected":false},"author":34,"featured_media":296717,"comment_status":"closed","ping_status":"closed","sticky":false,"template":"","format":"standard","meta":{"rank_math_lock_modified_date":false,"footnotes":""},"categories":[76],"tags":[62792,130,71675,3281,2218],"class_list":["post-296709","post","type-post","status-publish","format-standard","has-post-thumbnail","hentry","category-magazin","tag-blok-3","tag-demet-akalin","tag-demet-akalin-sosyal-medya","tag-didem-balcin","tag-magazin-haberleri"],"_links":{"self":[{"href":"https:\/\/www.tgrthaber.com\/mavikadin\/wp-json\/wp\/v2\/posts\/296709"}],"collection":[{"href":"https:\/\/www.tgrthaber.com\/mavikadin\/wp-json\/wp\/v2\/posts"}],"about":[{"href":"https:\/\/www.tgrthaber.com\/mavikadin\/wp-json\/wp\/v2\/types\/post"}],"author":[{"embeddable":true,"href":"https:\/\/www.tgrthaber.com\/mavikadin\/wp-json\/wp\/v2\/users\/34"}],"replies":[{"embeddable":true,"href":"https:\/\/www.tgrthaber.com\/mavikadin\/wp-json\/wp\/v2\/comments?post=296709"}],"version-history":[{"count":2,"href":"https:\/\/www.tgrthaber.com\/mavikadin\/wp-json\/wp\/v2\/posts\/296709\/revisions"}],"predecessor-version":[{"id":296719,"href":"https:\/\/www.tgrthaber.com\/mavikadin\/wp-json\/wp\/v2\/posts\/296709\/revisions\/296719"}],"wp:featuredmedia":[{"embeddable":true,"href":"https:\/\/www.tgrthaber.com\/mavikadin\/wp-json\/wp\/v2\/media\/296717"}],"wp:attachment":[{"href":"https:\/\/www.tgrthaber.com\/mavikadin\/wp-json\/wp\/v2\/media?parent=296709"}],"wp:term":[{"taxonomy":"category","embeddable":true,"href":"https:\/\/www.tgrthaber.com\/mavikadin\/wp-json\/wp\/v2\/categories?post=296709"},{"taxonomy":"post_tag","embeddable":true,"href":"https:\/\/www.tgrthaber.com\/mavikadin\/wp-json\/wp\/v2\/tags?post=296709"}],"curies":[{"name":"wp","href":"https:\/\/api.w.org\/{rel}","templated":true}]}}