{"id":296738,"date":"2026-01-30T11:41:39","date_gmt":"2026-01-30T08:41:39","guid":{"rendered":"https:\/\/www.tgrthaber.com\/mavikadin\/?p=296738"},"modified":"2026-01-30T11:44:46","modified_gmt":"2026-01-30T08:44:46","slug":"gamze-ercel-kimdir-kac-yasinda-gamze-ercel-meslegi-nedir","status":"publish","type":"post","link":"https:\/\/www.tgrthaber.com\/mavikadin\/gamze-ercel-kimdir-kac-yasinda-gamze-ercel-meslegi-nedir\/","title":{"rendered":"Gamze Er\u00e7el kimdir, ka\u00e7 ya\u015f\u0131nda? Gamze Er\u00e7el mesle\u011fi nedir?"},"content":{"rendered":"<p>Oyuncu Hande Er\u00e7el\u2019in k\u0131z karde\u015f olan <a href=\"https:\/\/www.tgrthaber.com\/mavikadin\/hande-ercelin-kiz-kardesinin-oyuncu-oldugunu-biliyor-muydunuz-iste-gamze-ercelin-yer-aldigi-dizi\/\">Gamze Er\u00e7el<\/a> magazin d\u00fcnyas\u0131nda son zamanlarda \u00e7ok merak edilen ki\u015filer aras\u0131nda yer almay\u0131 ba\u015fard\u0131. Sosyal medya hesab\u0131nda aktif olarak i\u00e7erik \u00fcretip payla\u015fan Gamze Er\u00e7el\u2019in \u00f6zel ya\u015fam\u0131 ve kariyeri merak konusu oldu. Peki Gamze Er\u00e7el kimdir, ne i\u015f yapar, mesle\u011fi nedir, evli mi?<\/p>\n<h3>GAMZE ER\u00c7EL K\u0130MD\u0130R, KA\u00c7 YA\u015eINDA?<\/h3>\n<p>17 Mart 1992 tarihinde d\u00fcnyaya gelen <a href=\"http:\/\/Gamze Er\u00e7el\" target=\"_blank\">Gamze Er\u00e7el<\/a> T\u00fcrkiye&#8217;nin Bal\u0131kesir \u015fehrinin Band\u0131rma il\u00e7esinde d\u00fcnyaya gelmi\u015ftir. Ekranlarda ve sosyal medyada s\u0131k\u00e7a g\u00fcndeme gelen isimlerden biri olan Er\u00e7el ailesinden Gamze Er\u00e7el, Hande Er\u00e7el\u2019in ablas\u0131d\u0131r.<\/p>\n<p><img loading=\"lazy\" decoding=\"async\" class=\"aligncenter size-full wp-image-296748\" src=\"https:\/\/www.tgrthaber.com\/mavikadin\/wp-content\/uploads\/2026\/01\/Gamze-Ercel-5.jpg\" alt=\"\" width=\"1080\" height=\"1323\" title=\"\" srcset=\"https:\/\/www.tgrthaber.com\/mavikadin\/wp-content\/uploads\/2026\/01\/Gamze-Ercel-5.jpg 1080w, https:\/\/www.tgrthaber.com\/mavikadin\/wp-content\/uploads\/2026\/01\/Gamze-Ercel-5-245x300.jpg 245w, https:\/\/www.tgrthaber.com\/mavikadin\/wp-content\/uploads\/2026\/01\/Gamze-Ercel-5-836x1024.jpg 836w, https:\/\/www.tgrthaber.com\/mavikadin\/wp-content\/uploads\/2026\/01\/Gamze-Ercel-5-768x941.jpg 768w\" sizes=\"(max-width: 1080px) 100vw, 1080px\" \/><\/p>\n<hr \/>\n<p>Hande Er\u00e7el ile Gamze Er\u00e7el aras\u0131nda olan karde\u015flik ba\u011f\u0131 her zaman takip\u00e7ileri taraf\u0131ndan be\u011fenilmi\u015f ve takdir toplam\u0131\u015ft\u0131r.<\/p>\n<p><img loading=\"lazy\" decoding=\"async\" class=\"aligncenter size-full wp-image-296739\" src=\"https:\/\/www.tgrthaber.com\/mavikadin\/wp-content\/uploads\/2026\/01\/Gamze-Ercel-1.webp\" alt=\"\" width=\"1280\" height=\"720\" title=\"\" srcset=\"https:\/\/www.tgrthaber.com\/mavikadin\/wp-content\/uploads\/2026\/01\/Gamze-Ercel-1.webp 1280w, https:\/\/www.tgrthaber.com\/mavikadin\/wp-content\/uploads\/2026\/01\/Gamze-Ercel-1-300x169.webp 300w, https:\/\/www.tgrthaber.com\/mavikadin\/wp-content\/uploads\/2026\/01\/Gamze-Ercel-1-1024x576.webp 1024w, https:\/\/www.tgrthaber.com\/mavikadin\/wp-content\/uploads\/2026\/01\/Gamze-Ercel-1-768x432.webp 768w\" sizes=\"(max-width: 1280px) 100vw, 1280px\" \/><\/p>\n<hr \/>\n<h3>GAMZE ER\u00c7EL MESLE\u011e\u0130 NED\u0130R?<\/h3>\n<p>Sanat ve moda alan\u0131ndaki \u00e7al\u0131\u015fmalar\u0131yla \u00f6n plana \u00e7\u0131kan Gamze Er\u00e7el hem oyunculu\u011fu hem de tasar\u0131m ge\u00e7mi\u015fiyle tan\u0131nan bir isimdir.<br \/>\nLisans e\u011fitimini \u00c7anakkale Onsekiz Mart \u00dcniversitesi Moda ve Tekstil Tasar\u0131m\u0131 b\u00f6l\u00fcm\u00fcnde tamamlayan Er\u00e7el, yakla\u015f\u0131k 10 y\u0131ld\u0131r tasar\u0131m ve \u00e7izim \u00e7al\u0131\u015fmalar\u0131 yapt\u0131.<\/p>\n<p><img loading=\"lazy\" decoding=\"async\" class=\"aligncenter size-full wp-image-296741\" src=\"https:\/\/www.tgrthaber.com\/mavikadin\/wp-content\/uploads\/2026\/01\/Gamze-Ercel-3.webp\" alt=\"\" width=\"1280\" height=\"768\" title=\"\" srcset=\"https:\/\/www.tgrthaber.com\/mavikadin\/wp-content\/uploads\/2026\/01\/Gamze-Ercel-3.webp 1280w, https:\/\/www.tgrthaber.com\/mavikadin\/wp-content\/uploads\/2026\/01\/Gamze-Ercel-3-300x180.webp 300w, https:\/\/www.tgrthaber.com\/mavikadin\/wp-content\/uploads\/2026\/01\/Gamze-Ercel-3-1024x614.webp 1024w, https:\/\/www.tgrthaber.com\/mavikadin\/wp-content\/uploads\/2026\/01\/Gamze-Ercel-3-768x461.webp 768w\" sizes=\"(max-width: 1280px) 100vw, 1280px\" \/><\/p>\n<hr \/>\n<p>2012 y\u0131l\u0131nda Miss Face of Cinema organizasyonunda &#8220;Sinema G\u00fczeli&#8221; se\u00e7ilmi\u015ftir. 2016 y\u0131l\u0131ndan itibaren oyunculuk kariyerine ad\u0131m atan Er\u00e7el Hayat A\u011fac\u0131, Umuda Kelep\u00e7e Vurulmaz, A\u015fk Laftan Anlamaz ve \u00c7\u0131lg\u0131n Dershane \u00dcniversitede gibi yap\u0131mlarda rol ald\u0131.<\/p>\n<h3>GAMZE ER\u00c7EL \u00d6ZEL HAYATI<\/h3>\n<p>2019 y\u0131l\u0131nda mimar Caner Y\u0131ld\u0131r\u0131m ile evlenen Gamze Er\u00e7el&#8217;in Aylin Mavi ad\u0131nda bir k\u0131z\u0131 vard\u0131r.<\/p>\n<p><img loading=\"lazy\" decoding=\"async\" class=\"aligncenter size-full wp-image-296745\" src=\"https:\/\/www.tgrthaber.com\/mavikadin\/wp-content\/uploads\/2026\/01\/Gamze-Ercel-4.webp\" alt=\"\" width=\"1280\" height=\"768\" title=\"\" srcset=\"https:\/\/www.tgrthaber.com\/mavikadin\/wp-content\/uploads\/2026\/01\/Gamze-Ercel-4.webp 1280w, https:\/\/www.tgrthaber.com\/mavikadin\/wp-content\/uploads\/2026\/01\/Gamze-Ercel-4-300x180.webp 300w, https:\/\/www.tgrthaber.com\/mavikadin\/wp-content\/uploads\/2026\/01\/Gamze-Ercel-4-1024x614.webp 1024w, https:\/\/www.tgrthaber.com\/mavikadin\/wp-content\/uploads\/2026\/01\/Gamze-Ercel-4-768x461.webp 768w\" sizes=\"(max-width: 1280px) 100vw, 1280px\" \/><\/p>\n<hr \/>\n<h3>EV TURU V\u0130DEOSU G\u00dcNDEM OLDU<\/h3>\n<p>Hande Er\u00e7el&#8217;in sosyal medya fenomeni olan ablas\u0131 Gamze Er\u00e7el&#8217;in evi ve evinin detaylar\u0131 sosyal medyada g\u00fcndeme geldi. Bir\u00e7ok markayla i\u015f birli\u011fi yapan Gamze Er\u00e7el\u2019in evinin bu kadar l\u00fcks olmas\u0131 sosyal medya kullan\u0131c\u0131lar\u0131 taraf\u0131ndan ele\u015ftiri ya\u011fmuruna tutuldu. \u2018Bu \u015fekilde ya\u015famak i\u00e7in nas\u0131l bir i\u015f yap\u0131yorlar\u2019 \u015feklinde yorumlar geldi.<\/p>\n<p><img loading=\"lazy\" decoding=\"async\" class=\"aligncenter size-full wp-image-296746\" src=\"https:\/\/www.tgrthaber.com\/mavikadin\/wp-content\/uploads\/2026\/01\/Gamze-Ercel-4.jpg\" alt=\"\" width=\"1080\" height=\"1323\" title=\"\" srcset=\"https:\/\/www.tgrthaber.com\/mavikadin\/wp-content\/uploads\/2026\/01\/Gamze-Ercel-4.jpg 1080w, https:\/\/www.tgrthaber.com\/mavikadin\/wp-content\/uploads\/2026\/01\/Gamze-Ercel-4-245x300.jpg 245w, https:\/\/www.tgrthaber.com\/mavikadin\/wp-content\/uploads\/2026\/01\/Gamze-Ercel-4-836x1024.jpg 836w, https:\/\/www.tgrthaber.com\/mavikadin\/wp-content\/uploads\/2026\/01\/Gamze-Ercel-4-768x941.jpg 768w\" sizes=\"(max-width: 1080px) 100vw, 1080px\" \/><\/p>\n<hr \/>\n<p>Gamze Er\u00e7el ve Caner Y\u0131ld\u0131r\u0131m&#8217;\u0131n modern \u00e7izgilerle dekore edilen evi parkesinden duvar kaplamalar\u0131na, ayd\u0131nlatmas\u0131ndan giyinme odas\u0131na kadar bir\u00e7ok detay\u0131 ile YouTube\u2019da yay\u0131nland\u0131.<\/p>\n<p>Di\u011fer yandan Gamze Er\u00e7el\u2019in evini anlat\u0131rken sergiledi\u011fi tav\u0131rlar\u0131 da ele\u015ftirildi.<\/p>\n","protected":false},"excerpt":{"rendered":"<p>Hande Er\u00e7el\u2019in k\u0131z karde\u015fi Gamze Er\u00e7el\u2019in hayat\u0131 merak ediliyor. Er\u00e7el ailesini yak\u0131ndan takip edenler \u2018Gamze Er\u00e7el kimdir, ka\u00e7 ya\u015f\u0131nda? Gamze Er\u00e7el mesle\u011fi nedir?\u2019 gibi sorular\u0131n cevaplar\u0131n\u0131 merak ediyor.<\/p>\n","protected":false},"author":5,"featured_media":296747,"comment_status":"closed","ping_status":"closed","sticky":false,"template":"","format":"standard","meta":{"rank_math_lock_modified_date":false,"footnotes":""},"categories":[491],"tags":[3374,15864,2391,133],"class_list":["post-296738","post","type-post","status-publish","format-standard","has-post-thumbnail","hentry","category-biyografi","tag-biyografi","tag-gamze-ercel","tag-hande-ercel","tag-magazin"],"_links":{"self":[{"href":"https:\/\/www.tgrthaber.com\/mavikadin\/wp-json\/wp\/v2\/posts\/296738"}],"collection":[{"href":"https:\/\/www.tgrthaber.com\/mavikadin\/wp-json\/wp\/v2\/posts"}],"about":[{"href":"https:\/\/www.tgrthaber.com\/mavikadin\/wp-json\/wp\/v2\/types\/post"}],"author":[{"embeddable":true,"href":"https:\/\/www.tgrthaber.com\/mavikadin\/wp-json\/wp\/v2\/users\/5"}],"replies":[{"embeddable":true,"href":"https:\/\/www.tgrthaber.com\/mavikadin\/wp-json\/wp\/v2\/comments?post=296738"}],"version-history":[{"count":4,"href":"https:\/\/www.tgrthaber.com\/mavikadin\/wp-json\/wp\/v2\/posts\/296738\/revisions"}],"predecessor-version":[{"id":296760,"href":"https:\/\/www.tgrthaber.com\/mavikadin\/wp-json\/wp\/v2\/posts\/296738\/revisions\/296760"}],"wp:featuredmedia":[{"embeddable":true,"href":"https:\/\/www.tgrthaber.com\/mavikadin\/wp-json\/wp\/v2\/media\/296747"}],"wp:attachment":[{"href":"https:\/\/www.tgrthaber.com\/mavikadin\/wp-json\/wp\/v2\/media?parent=296738"}],"wp:term":[{"taxonomy":"category","embeddable":true,"href":"https:\/\/www.tgrthaber.com\/mavikadin\/wp-json\/wp\/v2\/categories?post=296738"},{"taxonomy":"post_tag","embeddable":true,"href":"https:\/\/www.tgrthaber.com\/mavikadin\/wp-json\/wp\/v2\/tags?post=296738"}],"curies":[{"name":"wp","href":"https:\/\/api.w.org\/{rel}","templated":true}]}}