{"id":296763,"date":"2026-01-30T12:21:30","date_gmt":"2026-01-30T09:21:30","guid":{"rendered":"https:\/\/www.tgrthaber.com\/mavikadin\/?p=296763"},"modified":"2026-01-30T12:21:30","modified_gmt":"2026-01-30T09:21:30","slug":"hakan-celebi-kimdir-kac-yasinda-hakan-celebi-aslen-nereli","status":"publish","type":"post","link":"https:\/\/www.tgrthaber.com\/mavikadin\/hakan-celebi-kimdir-kac-yasinda-hakan-celebi-aslen-nereli\/","title":{"rendered":"Hakan \u00c7elebi kimdir, ka\u00e7 ya\u015f\u0131nda? Hakan \u00c7elebi aslen nereli?"},"content":{"rendered":"<p>Now TV\u2019nin yeni dizisi Yeralt\u0131,ilk b\u00f6l\u00fcm 28 ocak 2026 tarihinde izleyici kar\u015f\u0131s\u0131na \u00e7\u0131kar\u0131ld\u0131. Yeralt\u0131 dizisi yay\u0131nlanmas\u0131yla g\u00fc\u00e7l\u00fc oyuncu kadrosu dikkat \u00e7ekti. Ba\u015far\u0131l\u0131 oyuncu kadrosuna sahip olan yeni dizide, Bozo\u2019nun karde\u015fi olan Pa\u015fa karakterini oynayacak olan Hakan \u00c7elebi merak edildi.<\/p>\n<h3>HAKAN \u00c7ELEB\u0130 K\u0130MD\u0130R?<\/h3>\n<p><a href=\"https:\/\/www.tgrthaber.com\/mavikadin\/yabaninin-ademi-hakan-celebi-bereketli-topraklar-dizisinin-kadrosuna-dahil-oldu\/\">Hakan \u00c7elebi<\/a> 01 Ocak 1999 tarihinde d\u00fcnyaya geldi. Do\u011fum yeri \u0130stanbul olarak belirtilmi\u015ftir. Memleket bilgisi ise kesin olarak bilinmemektedir. \u00dcnl\u00fc ismin e\u011fitim bilgisi Yeditepe \u00dcniversitesi Konservatuvar\u0131 Oyunculuk B\u00f6l\u00fcm\u00fc \u015feklindedir. Be\u015fikta\u015f futbol tak\u0131m\u0131 taraftar\u0131 olmas\u0131 ile bilinir. \u00dcnl\u00fc Oyuncu <a href=\"https:\/\/www.tgrthaber.com\/mavikadin\/ilayda-sezgin-ve-hakan-celebi-arasinda-surpriz-yakinlasma\/\">Hakan \u00c7elebi<\/a> 1,80 cm boyunda oldu\u011fu bilinmektedir. Do\u011fum g\u00fcn\u00fc bilgisi net olarak bilinmemektedir. Hakan \u00c7elebi \u0130nstagramda @hakancellebi kullan\u0131c\u0131 ad\u0131yla yer al\u0131yor ve yakla\u015f\u0131k 101B takip\u00e7isi bulunmaktad\u0131r. Tarz\u0131 ve fizi\u011fiyle dikkat \u00e7eken Hakan \u00c7elebi izleyicilerin be\u011fenisini kazanan oyunculardan biridir.<\/p>\n<h3><img loading=\"lazy\" decoding=\"async\" class=\"alignnone size-full wp-image-296766\" src=\"https:\/\/www.tgrthaber.com\/mavikadin\/wp-content\/uploads\/2026\/01\/Asli-2026-01-30T120310.724.png\" alt=\"\" width=\"1812\" height=\"1020\" title=\"\" srcset=\"https:\/\/www.tgrthaber.com\/mavikadin\/wp-content\/uploads\/2026\/01\/Asli-2026-01-30T120310.724.png 1812w, https:\/\/www.tgrthaber.com\/mavikadin\/wp-content\/uploads\/2026\/01\/Asli-2026-01-30T120310.724-300x169.png 300w, https:\/\/www.tgrthaber.com\/mavikadin\/wp-content\/uploads\/2026\/01\/Asli-2026-01-30T120310.724-1024x576.png 1024w, https:\/\/www.tgrthaber.com\/mavikadin\/wp-content\/uploads\/2026\/01\/Asli-2026-01-30T120310.724-768x432.png 768w, https:\/\/www.tgrthaber.com\/mavikadin\/wp-content\/uploads\/2026\/01\/Asli-2026-01-30T120310.724-1536x865.png 1536w\" sizes=\"(max-width: 1812px) 100vw, 1812px\" \/><\/h3>\n<hr \/>\n<h3>HAKAN \u00c7ELEB\u0130 KA\u00c7 YA\u015eINDA?<\/h3>\n<p>Hakan \u00c7elebi, 01 Ocak 1999 tarihinde d\u00fcnyaya gelmi\u015f olup 2026 y\u0131l\u0131 itibariyle 27 ya\u015f\u0131ndad\u0131r. Oyuncu Hakan \u00c7elebi, \u0130stanbul&#8217;da do\u011fmu\u015ftur.<\/p>\n<p><img loading=\"lazy\" decoding=\"async\" class=\"alignnone size-full wp-image-296767\" src=\"https:\/\/www.tgrthaber.com\/mavikadin\/wp-content\/uploads\/2026\/01\/Asli-2026-01-30T120219.079.png\" alt=\"\" width=\"1812\" height=\"1020\" title=\"\" srcset=\"https:\/\/www.tgrthaber.com\/mavikadin\/wp-content\/uploads\/2026\/01\/Asli-2026-01-30T120219.079.png 1812w, https:\/\/www.tgrthaber.com\/mavikadin\/wp-content\/uploads\/2026\/01\/Asli-2026-01-30T120219.079-300x169.png 300w, https:\/\/www.tgrthaber.com\/mavikadin\/wp-content\/uploads\/2026\/01\/Asli-2026-01-30T120219.079-1024x576.png 1024w, https:\/\/www.tgrthaber.com\/mavikadin\/wp-content\/uploads\/2026\/01\/Asli-2026-01-30T120219.079-768x432.png 768w, https:\/\/www.tgrthaber.com\/mavikadin\/wp-content\/uploads\/2026\/01\/Asli-2026-01-30T120219.079-1536x865.png 1536w\" sizes=\"(max-width: 1812px) 100vw, 1812px\" \/><\/p>\n<hr \/>\n<h3>HAKAN \u00c7ELEB\u0130&#8217;N\u0130N E\u011e\u0130T\u0130M HAYATI<\/h3>\n<p>Ba\u015far\u0131l\u0131 oyuncu Hakan \u00c7elebi, oyunculuk e\u011fitimini Yeditepe \u00dcniversitesi Konservatuvar\u0131 Oyunculuk B\u00f6l\u00fcm\u00fcnde tamamlam\u0131\u015ft\u0131r. Ald\u0131\u011f\u0131 akademik e\u011fitimi sahne ve kamera \u00f6n\u00fc performanslar\u0131na yans\u0131tan \u00c7elebi, disiplinli oyunculu\u011fuyla dikkat \u00e7ekmektedir.<\/p>\n<h3><img loading=\"lazy\" decoding=\"async\" class=\"alignnone size-full wp-image-296768\" src=\"https:\/\/www.tgrthaber.com\/mavikadin\/wp-content\/uploads\/2026\/01\/Asli-2026-01-30T120155.979.png\" alt=\"\" width=\"1812\" height=\"1020\" title=\"\" srcset=\"https:\/\/www.tgrthaber.com\/mavikadin\/wp-content\/uploads\/2026\/01\/Asli-2026-01-30T120155.979.png 1812w, https:\/\/www.tgrthaber.com\/mavikadin\/wp-content\/uploads\/2026\/01\/Asli-2026-01-30T120155.979-300x169.png 300w, https:\/\/www.tgrthaber.com\/mavikadin\/wp-content\/uploads\/2026\/01\/Asli-2026-01-30T120155.979-1024x576.png 1024w, https:\/\/www.tgrthaber.com\/mavikadin\/wp-content\/uploads\/2026\/01\/Asli-2026-01-30T120155.979-768x432.png 768w, https:\/\/www.tgrthaber.com\/mavikadin\/wp-content\/uploads\/2026\/01\/Asli-2026-01-30T120155.979-1536x865.png 1536w\" sizes=\"(max-width: 1812px) 100vw, 1812px\" \/><\/h3>\n<hr \/>\n<h3>YERALTI D\u0130Z\u0130S\u0130N\u0130N PA\u015eA\u2019SI HAKAN \u00c7ELEB\u0130<\/h3>\n<p>NOW TV\u2019nin yeni dizisi Yeralt\u0131, ilk b\u00f6l\u00fcm\u00fcyle 28 Ocak 2026 tarihinde izleyiciyle bulu\u015ftu. Hakan \u00c7elebi dizide Bozo\u2019nun karde\u015fi olan Pa\u015fa karakterine hayat veriyor.<\/p>\n<p><img loading=\"lazy\" decoding=\"async\" class=\"alignnone size-full wp-image-296769\" src=\"https:\/\/www.tgrthaber.com\/mavikadin\/wp-content\/uploads\/2026\/01\/Asli-2026-01-30T120103.976.png\" alt=\"\" width=\"1812\" height=\"1020\" title=\"\" srcset=\"https:\/\/www.tgrthaber.com\/mavikadin\/wp-content\/uploads\/2026\/01\/Asli-2026-01-30T120103.976.png 1812w, https:\/\/www.tgrthaber.com\/mavikadin\/wp-content\/uploads\/2026\/01\/Asli-2026-01-30T120103.976-300x169.png 300w, https:\/\/www.tgrthaber.com\/mavikadin\/wp-content\/uploads\/2026\/01\/Asli-2026-01-30T120103.976-1024x576.png 1024w, https:\/\/www.tgrthaber.com\/mavikadin\/wp-content\/uploads\/2026\/01\/Asli-2026-01-30T120103.976-768x432.png 768w, https:\/\/www.tgrthaber.com\/mavikadin\/wp-content\/uploads\/2026\/01\/Asli-2026-01-30T120103.976-1536x865.png 1536w\" sizes=\"(max-width: 1812px) 100vw, 1812px\" \/><\/p>\n<hr \/>\n<h3>YERALTI D\u0130Z\u0130S\u0130 KONUSU NED\u0130R?<\/h3>\n<p>\u201cYeralt\u0131\u201d, merkezine yaln\u0131zca gerilimi de\u011fil, s\u00fcr\u00fckleyici bir a\u015fk hik\u00e2yesini alan g\u00fc\u00e7l\u00fc bir dram. Ailesinin katilini \u00f6ld\u00fcrerek intikam\u0131n\u0131 alan Haydar Ali (Deniz Can Akta\u015f), cezaevine d\u00fc\u015ft\u00fc\u011f\u00fcnde kendini T\u00fcrkiye\u2019nin en tehlikeli yeralt\u0131 kartellerinden birinin ortas\u0131nda bulur. Ancak as\u0131l \u00f6l\u00fcmc\u00fcl y\u00fczle\u015fme \u00fc\u00e7 y\u0131l sonra \u00f6zg\u00fcrl\u00fc\u011f\u00fcne kavu\u015ftu\u011funda ba\u015flar: Haydar Ali\u2019nin h\u00e2l\u00e2 unutamad\u0131\u011f\u0131 kad\u0131n, art\u0131k onun en yak\u0131n\u0131ndaki adam\u0131n kar\u0131s\u0131d\u0131r.<\/p>\n<p><img loading=\"lazy\" decoding=\"async\" class=\"alignnone size-full wp-image-296770\" src=\"https:\/\/www.tgrthaber.com\/mavikadin\/wp-content\/uploads\/2026\/01\/Asli-2026-01-30T120050.697-1.png\" alt=\"\" width=\"1812\" height=\"1020\" title=\"\" srcset=\"https:\/\/www.tgrthaber.com\/mavikadin\/wp-content\/uploads\/2026\/01\/Asli-2026-01-30T120050.697-1.png 1812w, https:\/\/www.tgrthaber.com\/mavikadin\/wp-content\/uploads\/2026\/01\/Asli-2026-01-30T120050.697-1-300x169.png 300w, https:\/\/www.tgrthaber.com\/mavikadin\/wp-content\/uploads\/2026\/01\/Asli-2026-01-30T120050.697-1-1024x576.png 1024w, https:\/\/www.tgrthaber.com\/mavikadin\/wp-content\/uploads\/2026\/01\/Asli-2026-01-30T120050.697-1-768x432.png 768w, https:\/\/www.tgrthaber.com\/mavikadin\/wp-content\/uploads\/2026\/01\/Asli-2026-01-30T120050.697-1-1536x865.png 1536w\" sizes=\"(max-width: 1812px) 100vw, 1812px\" \/><\/p>\n<h3>YERALTI D\u0130Z\u0130S\u0130 OYUNCU KADROSU<\/h3>\n<p>Now TV&#8217;nin yeni dizisinin oyuncu kadrosu \u015fu \u015fekildedir: Deniz Can Akta\u015f, Devrim \u00d6zkan ve Uraz Kayg\u0131laro\u011flu\u2019nun ba\u015frollerini payla\u015ft\u0131\u011f\u0131, S\u00fcmeyye Aydo\u011fan, Burak Sevin\u00e7, \u00dclk\u00fc Hilal \u00c7ift\u00e7i, Ekin Mert Daymaz, Emir Benderlio\u011flu, Koray \u015eahinba\u015f, H\u00fclya G\u00fcl\u015fen, Hakan \u00c7elebi ve Mehmet Y\u0131lmaz Ak\u2019\u0131n da onlara e\u015flik etti\u011fi dizi, ge\u00e7mi\u015fin izleriyle bug\u00fcn\u00fcn duygular\u0131n\u0131 ayn\u0131 hik\u00e2yede bulu\u015fturuyor.<\/p>\n","protected":false},"excerpt":{"rendered":"<p>Now Tv ekranlar\u0131n\u0131n yeni dizisi Yeralt\u0131 dizisinin oyuncu kadrosunda yer alan Hakan \u00c7elebi merak edildi.Yeralt\u0131 dizisinde Pa\u015fa karakterini oynayacak olan Hakan \u00c7elebi\u2019nin kim oldu\u011fu, ka\u00e7 ya\u015f\u0131nda oldu\u011fu gibi sorular merak konusu oldu. <\/p>\n","protected":false},"author":37,"featured_media":296765,"comment_status":"closed","ping_status":"closed","sticky":false,"template":"","format":"standard","meta":{"rank_math_lock_modified_date":false,"footnotes":""},"categories":[491],"tags":[3374,3602,6790,66165],"class_list":["post-296763","post","type-post","status-publish","format-standard","has-post-thumbnail","hentry","category-biyografi","tag-biyografi","tag-diziler","tag-hakan-celebi","tag-yeralti"],"_links":{"self":[{"href":"https:\/\/www.tgrthaber.com\/mavikadin\/wp-json\/wp\/v2\/posts\/296763"}],"collection":[{"href":"https:\/\/www.tgrthaber.com\/mavikadin\/wp-json\/wp\/v2\/posts"}],"about":[{"href":"https:\/\/www.tgrthaber.com\/mavikadin\/wp-json\/wp\/v2\/types\/post"}],"author":[{"embeddable":true,"href":"https:\/\/www.tgrthaber.com\/mavikadin\/wp-json\/wp\/v2\/users\/37"}],"replies":[{"embeddable":true,"href":"https:\/\/www.tgrthaber.com\/mavikadin\/wp-json\/wp\/v2\/comments?post=296763"}],"version-history":[{"count":2,"href":"https:\/\/www.tgrthaber.com\/mavikadin\/wp-json\/wp\/v2\/posts\/296763\/revisions"}],"predecessor-version":[{"id":296772,"href":"https:\/\/www.tgrthaber.com\/mavikadin\/wp-json\/wp\/v2\/posts\/296763\/revisions\/296772"}],"wp:featuredmedia":[{"embeddable":true,"href":"https:\/\/www.tgrthaber.com\/mavikadin\/wp-json\/wp\/v2\/media\/296765"}],"wp:attachment":[{"href":"https:\/\/www.tgrthaber.com\/mavikadin\/wp-json\/wp\/v2\/media?parent=296763"}],"wp:term":[{"taxonomy":"category","embeddable":true,"href":"https:\/\/www.tgrthaber.com\/mavikadin\/wp-json\/wp\/v2\/categories?post=296763"},{"taxonomy":"post_tag","embeddable":true,"href":"https:\/\/www.tgrthaber.com\/mavikadin\/wp-json\/wp\/v2\/tags?post=296763"}],"curies":[{"name":"wp","href":"https:\/\/api.w.org\/{rel}","templated":true}]}}