{"id":296773,"date":"2026-01-30T12:41:21","date_gmt":"2026-01-30T09:41:21","guid":{"rendered":"https:\/\/www.tgrthaber.com\/mavikadin\/?p=296773"},"modified":"2026-01-30T12:41:21","modified_gmt":"2026-01-30T09:41:21","slug":"caner-yildirim-kimdir-kac-yasinda-caner-yildirim-meslegi-nedir","status":"publish","type":"post","link":"https:\/\/www.tgrthaber.com\/mavikadin\/caner-yildirim-kimdir-kac-yasinda-caner-yildirim-meslegi-nedir\/","title":{"rendered":"Caner Y\u0131ld\u0131r\u0131m kimdir, ka\u00e7 ya\u015f\u0131nda? Caner Y\u0131ld\u0131r\u0131m mesle\u011fi nedir?"},"content":{"rendered":"<p>\u00dcnl\u00fc oyuncu Hande Er\u00e7el\u2019in ablas\u0131 olan sosyal medya fenomeni Gamze Er\u00e7el, e\u015fiyle merak edilen ki\u015filer aras\u0131nda yer ald\u0131. Arama motorlar\u0131nda arat\u0131lan <a href=\"https:\/\/www.tgrthaber.com\/mavikadin\/hande-ercelin-enistesi-caner-yildirim-hastanelik-oldu\/\">Caner Y\u0131ld\u0131r\u0131m<\/a>, hayat\u0131 ve kariyeriyle dikkat \u00e7ekerek sevilerek takip edilen ki\u015filerden oldu. Peki, Caner Y\u0131ld\u0131r\u0131m kimdir, ka\u00e7 ya\u015f\u0131nda? Caner Y\u0131ld\u0131r\u0131m mesle\u011fi nedir? sorular\u0131n\u0131 sizin i\u00e7in ara\u015ft\u0131rd\u0131k. \u0130\u015fte detaylar\u2026<\/p>\n<h3>CANER YILDIRIM K\u0130MD\u0130R?<\/h3>\n<p>Sosyal medya payla\u015f\u0131mlar\u0131 ve \u00fcnl\u00fc oyuncu Hande Er\u00e7el\u2019in ablas\u0131 olan Gamze Er\u00e7el\u2019in e\u015fi, <a href=\"https:\/\/www.tgrthaber.com\/mavikadin\/hande-ercel-londrada-bakici-oldu-caner-yildirimdan-olay-paylasim\/\">Caner Y\u0131ld\u0131r\u0131m<\/a> zaman zaman g\u00fcndemdeki yerini al\u0131yor. Sosyal medyada yapt\u0131\u011f\u0131 payla\u015f\u0131mlarla sevilerek takip edilen Caner Y\u0131ld\u0131r\u0131m, hayat\u0131 ve kariyeriyle merak ediliyor.<\/p>\n<p><img loading=\"lazy\" decoding=\"async\" class=\"alignnone size-full wp-image-296781\" src=\"https:\/\/www.tgrthaber.com\/mavikadin\/wp-content\/uploads\/2026\/01\/caner-yildirim-6.jpg\" alt=\"Caner Y\u0131ld\u0131r\u0131m kimdir, ka\u00e7 ya\u015f\u0131nda? Caner Y\u0131ld\u0131r\u0131m mesle\u011fi nedir?\" width=\"1208\" height=\"680\" title=\"\" srcset=\"https:\/\/www.tgrthaber.com\/mavikadin\/wp-content\/uploads\/2026\/01\/caner-yildirim-6.jpg 1208w, https:\/\/www.tgrthaber.com\/mavikadin\/wp-content\/uploads\/2026\/01\/caner-yildirim-6-300x169.jpg 300w, https:\/\/www.tgrthaber.com\/mavikadin\/wp-content\/uploads\/2026\/01\/caner-yildirim-6-1024x576.jpg 1024w, https:\/\/www.tgrthaber.com\/mavikadin\/wp-content\/uploads\/2026\/01\/caner-yildirim-6-768x432.jpg 768w\" sizes=\"(max-width: 1208px) 100vw, 1208px\" \/><\/p>\n<hr \/>\n<p>Caner Y\u0131ld\u0131r\u0131m, \u0130\u00e7 Mimarl\u0131k ve \u00c7evre Tasar\u0131m\u0131 alan\u0131nda uzmanla\u015fm\u0131\u015f isimler aras\u0131nda yer almaktad\u0131r. \u0130stanbul Teknik \u00dcniversitesi, \u0130\u00e7 Mimarl\u0131k ve \u00c7evre Tasar\u0131m\u0131 b\u00f6l\u00fcm\u00fcnden 2011 y\u0131l\u0131nda mezun olmu\u015ftur. Mezuniyetinin ard\u0131ndan \u00f6nemli projelerde de yer alan Caner Y\u0131ld\u0131r\u0131m, yakla\u015f\u0131k 10 y\u0131ld\u0131r \u00e7al\u0131\u015fmaktad\u0131r.<\/p>\n<p><img loading=\"lazy\" decoding=\"async\" class=\"alignnone size-full wp-image-296779\" src=\"https:\/\/www.tgrthaber.com\/mavikadin\/wp-content\/uploads\/2026\/01\/caner-yildirim-4.jpg\" alt=\"Caner Y\u0131ld\u0131r\u0131m kimdir, ka\u00e7 ya\u015f\u0131nda? Caner Y\u0131ld\u0131r\u0131m mesle\u011fi nedir?\" width=\"1208\" height=\"680\" title=\"\" srcset=\"https:\/\/www.tgrthaber.com\/mavikadin\/wp-content\/uploads\/2026\/01\/caner-yildirim-4.jpg 1208w, https:\/\/www.tgrthaber.com\/mavikadin\/wp-content\/uploads\/2026\/01\/caner-yildirim-4-300x169.jpg 300w, https:\/\/www.tgrthaber.com\/mavikadin\/wp-content\/uploads\/2026\/01\/caner-yildirim-4-1024x576.jpg 1024w, https:\/\/www.tgrthaber.com\/mavikadin\/wp-content\/uploads\/2026\/01\/caner-yildirim-4-768x432.jpg 768w\" sizes=\"(max-width: 1208px) 100vw, 1208px\" \/><\/p>\n<hr \/>\n<p>Sadece mimarl\u0131k alan\u0131nda de\u011fil, sosyal medyada da yapt\u0131\u011f\u0131 payla\u015f\u0131mlarla olduk\u00e7a dikkat \u00e7eken isimlerden biri oluyor. \u00d6zellikle de k\u0131z\u0131yla olan payla\u015f\u0131mlar\u0131 herkes taraf\u0131ndan yo\u011fun ilgiyle takip edilirken, aile hayat\u0131yla da dikkatleri \u00fczerine \u00e7ekiyor.<\/p>\n<h3><img loading=\"lazy\" decoding=\"async\" class=\"alignnone size-full wp-image-296777\" src=\"https:\/\/www.tgrthaber.com\/mavikadin\/wp-content\/uploads\/2026\/01\/caner-yildirim-2.jpg\" alt=\"Caner Y\u0131ld\u0131r\u0131m kimdir, ka\u00e7 ya\u015f\u0131nda? Caner Y\u0131ld\u0131r\u0131m mesle\u011fi nedir?\" width=\"1208\" height=\"680\" title=\"\" srcset=\"https:\/\/www.tgrthaber.com\/mavikadin\/wp-content\/uploads\/2026\/01\/caner-yildirim-2.jpg 1208w, https:\/\/www.tgrthaber.com\/mavikadin\/wp-content\/uploads\/2026\/01\/caner-yildirim-2-300x169.jpg 300w, https:\/\/www.tgrthaber.com\/mavikadin\/wp-content\/uploads\/2026\/01\/caner-yildirim-2-1024x576.jpg 1024w, https:\/\/www.tgrthaber.com\/mavikadin\/wp-content\/uploads\/2026\/01\/caner-yildirim-2-768x432.jpg 768w\" sizes=\"(max-width: 1208px) 100vw, 1208px\" \/><\/h3>\n<hr \/>\n<h3>CANER YILDIRIM KA\u00c7 YA\u015eINDA?<\/h3>\n<p>Caner Y\u0131ld\u0131r\u0131m, 22 Nisan 1989 y\u0131l\u0131nda d\u00fcnyaya gelmi\u015ftir. Sosyal medyada \u00e7ok\u00e7a dikkatleri \u00fczerine \u00e7eken isim Y\u0131ld\u0131r\u0131m, yapt\u0131\u011f\u0131 her payla\u015f\u0131mla ad\u0131ndan s\u00f6z ettirmeyi ba\u015farm\u0131\u015ft\u0131r. Son zamanlarda evinin i\u00e7inde e\u015fi Gamze Er\u00e7el i\u00e7in yapt\u0131\u011f\u0131 giyinme odas\u0131 magazin sayfalar\u0131na g\u00fcndem oldu.<\/p>\n<p><img loading=\"lazy\" decoding=\"async\" class=\"alignnone size-full wp-image-296775\" src=\"https:\/\/www.tgrthaber.com\/mavikadin\/wp-content\/uploads\/2026\/01\/ARZU-89-3.jpg\" alt=\"Caner Y\u0131ld\u0131r\u0131m kimdir, ka\u00e7 ya\u015f\u0131nda? Caner Y\u0131ld\u0131r\u0131m mesle\u011fi nedir?\" width=\"1208\" height=\"680\" title=\"\" srcset=\"https:\/\/www.tgrthaber.com\/mavikadin\/wp-content\/uploads\/2026\/01\/ARZU-89-3.jpg 1208w, https:\/\/www.tgrthaber.com\/mavikadin\/wp-content\/uploads\/2026\/01\/ARZU-89-3-300x169.jpg 300w, https:\/\/www.tgrthaber.com\/mavikadin\/wp-content\/uploads\/2026\/01\/ARZU-89-3-1024x576.jpg 1024w, https:\/\/www.tgrthaber.com\/mavikadin\/wp-content\/uploads\/2026\/01\/ARZU-89-3-768x432.jpg 768w\" sizes=\"(max-width: 1208px) 100vw, 1208px\" \/><\/p>\n<hr \/>\n<p>Magazin sayfalar\u0131nda s\u0131kl\u0131kla g\u00fcndem olan Caner Y\u0131ld\u0131r\u0131m daha sonra hayat\u0131yla ve kariyeriyle ara\u015ft\u0131r\u0131lmaya ba\u015fland\u0131. Caner Y\u0131ld\u0131r\u0131m, sadece sosyal medya i\u00e7erikleri yapan bir ki\u015fi de\u011fil. Y\u0131ld\u0131r\u0131m, mesleki olarak i\u00e7 mimarl\u0131k da yapmaktad\u0131r.<\/p>\n<h3><img loading=\"lazy\" decoding=\"async\" class=\"alignnone size-full wp-image-296776\" src=\"https:\/\/www.tgrthaber.com\/mavikadin\/wp-content\/uploads\/2026\/01\/caner-yildirim-1.jpg\" alt=\"Caner Y\u0131ld\u0131r\u0131m kimdir, ka\u00e7 ya\u015f\u0131nda? Caner Y\u0131ld\u0131r\u0131m mesle\u011fi nedir?\" width=\"1208\" height=\"680\" title=\"\" srcset=\"https:\/\/www.tgrthaber.com\/mavikadin\/wp-content\/uploads\/2026\/01\/caner-yildirim-1.jpg 1208w, https:\/\/www.tgrthaber.com\/mavikadin\/wp-content\/uploads\/2026\/01\/caner-yildirim-1-300x169.jpg 300w, https:\/\/www.tgrthaber.com\/mavikadin\/wp-content\/uploads\/2026\/01\/caner-yildirim-1-1024x576.jpg 1024w, https:\/\/www.tgrthaber.com\/mavikadin\/wp-content\/uploads\/2026\/01\/caner-yildirim-1-768x432.jpg 768w\" sizes=\"(max-width: 1208px) 100vw, 1208px\" \/><\/h3>\n<hr \/>\n<h3>CANER YILDIRIM MESLE\u011e\u0130 NED\u0130R?<\/h3>\n<p>Caner Y\u0131ld\u0131r\u0131m\u2019\u0131n mesle\u011fi en \u00e7ok merak edilerek ara\u015ft\u0131r\u0131lan konulardan biri oldu. Caner Y\u0131ld\u0131r\u0131m, \u0130stanbul Teknik \u00dcniversitesi, \u0130\u00e7 Mimarl\u0131k ve \u00c7evre Tasar\u0131m\u0131 B\u00f6l\u00fcm\u00fc\u2019nden mezun olmu\u015ftur. Kariyerinde \u00f6nemli i\u015flerde \u00e7al\u0131\u015fan Caner Y\u0131ld\u0131r\u0131m, kamuoyunda yer alan haberlere g\u00f6re, 10 y\u0131ll\u0131k bir i\u015f deneyimi vard\u0131r.<\/p>\n<p><img loading=\"lazy\" decoding=\"async\" class=\"alignnone size-full wp-image-296780\" src=\"https:\/\/www.tgrthaber.com\/mavikadin\/wp-content\/uploads\/2026\/01\/caner-yildirim-5.jpg\" alt=\"Caner Y\u0131ld\u0131r\u0131m kimdir, ka\u00e7 ya\u015f\u0131nda? Caner Y\u0131ld\u0131r\u0131m mesle\u011fi nedir?\" width=\"1208\" height=\"680\" title=\"\" srcset=\"https:\/\/www.tgrthaber.com\/mavikadin\/wp-content\/uploads\/2026\/01\/caner-yildirim-5.jpg 1208w, https:\/\/www.tgrthaber.com\/mavikadin\/wp-content\/uploads\/2026\/01\/caner-yildirim-5-300x169.jpg 300w, https:\/\/www.tgrthaber.com\/mavikadin\/wp-content\/uploads\/2026\/01\/caner-yildirim-5-1024x576.jpg 1024w, https:\/\/www.tgrthaber.com\/mavikadin\/wp-content\/uploads\/2026\/01\/caner-yildirim-5-768x432.jpg 768w\" sizes=\"(max-width: 1208px) 100vw, 1208px\" \/><\/p>\n<hr \/>\n<p>Mezuniyetinin ard\u0131ndan \u00e7e\u015fitli projelerde g\u00f6rev alan Y\u0131ld\u0131r\u0131m, yakla\u015f\u0131k 10 y\u0131ld\u0131r Neo Dizayn b\u00fcnyesinde \u00fcr\u00fcn tasar\u0131mc\u0131s\u0131 ve i\u00e7 tasar\u0131mc\u0131 olarak \u00e7al\u0131\u015fmaktad\u0131r. Profesyonel ya\u015fam\u0131nda m\u00fctevaz\u0131 bir duru\u015f sergileyen Caner Y\u0131ld\u0131r\u0131m, i\u00e7 mimar ve \u00fcr\u00fcn tasar\u0131m\u0131 konusunda dikkat \u00e7eken projeleri de bulunmaktad\u0131r.<\/p>\n","protected":false},"excerpt":{"rendered":"<p>\u2018Caner Y\u0131ld\u0131r\u0131m kimdir, ka\u00e7 ya\u015f\u0131nda? Caner Y\u0131ld\u0131r\u0131m mesle\u011fi nedir?\u2019 sorular\u0131 arama motorlar\u0131nda s\u0131kl\u0131kla ara\u015ft\u0131r\u0131lan konulardan biri oluyor. Bizde sizin i\u00e7in Caner Y\u0131ld\u0131r\u0131m hakk\u0131nda merak edilenleri ara\u015ft\u0131rd\u0131k. \u0130\u015fte detaylar\u2026<\/p>\n","protected":false},"author":34,"featured_media":296778,"comment_status":"closed","ping_status":"closed","sticky":false,"template":"","format":"standard","meta":{"rank_math_lock_modified_date":false,"footnotes":""},"categories":[491],"tags":[16521,15865,71679,71678],"class_list":["post-296773","post","type-post","status-publish","format-standard","has-post-thumbnail","hentry","category-biyografi","tag-biyografi-haberleri","tag-caner-yildirim","tag-caner-yildirim-kimdir","tag-caner-yildirim-meslegi"],"_links":{"self":[{"href":"https:\/\/www.tgrthaber.com\/mavikadin\/wp-json\/wp\/v2\/posts\/296773"}],"collection":[{"href":"https:\/\/www.tgrthaber.com\/mavikadin\/wp-json\/wp\/v2\/posts"}],"about":[{"href":"https:\/\/www.tgrthaber.com\/mavikadin\/wp-json\/wp\/v2\/types\/post"}],"author":[{"embeddable":true,"href":"https:\/\/www.tgrthaber.com\/mavikadin\/wp-json\/wp\/v2\/users\/34"}],"replies":[{"embeddable":true,"href":"https:\/\/www.tgrthaber.com\/mavikadin\/wp-json\/wp\/v2\/comments?post=296773"}],"version-history":[{"count":2,"href":"https:\/\/www.tgrthaber.com\/mavikadin\/wp-json\/wp\/v2\/posts\/296773\/revisions"}],"predecessor-version":[{"id":296783,"href":"https:\/\/www.tgrthaber.com\/mavikadin\/wp-json\/wp\/v2\/posts\/296773\/revisions\/296783"}],"wp:featuredmedia":[{"embeddable":true,"href":"https:\/\/www.tgrthaber.com\/mavikadin\/wp-json\/wp\/v2\/media\/296778"}],"wp:attachment":[{"href":"https:\/\/www.tgrthaber.com\/mavikadin\/wp-json\/wp\/v2\/media?parent=296773"}],"wp:term":[{"taxonomy":"category","embeddable":true,"href":"https:\/\/www.tgrthaber.com\/mavikadin\/wp-json\/wp\/v2\/categories?post=296773"},{"taxonomy":"post_tag","embeddable":true,"href":"https:\/\/www.tgrthaber.com\/mavikadin\/wp-json\/wp\/v2\/tags?post=296773"}],"curies":[{"name":"wp","href":"https:\/\/api.w.org\/{rel}","templated":true}]}}