{"id":296774,"date":"2026-01-30T13:03:37","date_gmt":"2026-01-30T10:03:37","guid":{"rendered":"https:\/\/www.tgrthaber.com\/mavikadin\/?p=296774"},"modified":"2026-01-30T14:27:57","modified_gmt":"2026-01-30T11:27:57","slug":"emir-benderlioglu-kimdir-kac-yasinda-emir-benderlioglu-esi-kimdir","status":"publish","type":"post","link":"https:\/\/www.tgrthaber.com\/mavikadin\/emir-benderlioglu-kimdir-kac-yasinda-emir-benderlioglu-esi-kimdir\/","title":{"rendered":"Emir Benderlio\u011flu kimdir, ka\u00e7 ya\u015f\u0131nda? Emir Benderlio\u011flu e\u015fi kimdir?"},"content":{"rendered":"<p>Now&#8217;un yeni ba\u015flayan dizisi Yeralt\u0131, konusunun yan\u0131 s\u0131ra oyuncu kadrosuyla da izleyicinin dikkatini \u00e7ekmeyi ba\u015faran yap\u0131mlar aras\u0131nda yerini ald\u0131.28 Ocak \u00c7ar\u015famba g\u00fcn\u00fc ilk b\u00f6l\u00fcm\u00fcn yay\u0131nlanan yeralt\u0131 dizisi oyuncu kadrosundaki Yavuz karakterini oynayacak Emir Benderlio\u011flu merak edildi. Emir Benderlio\u011flu&#8217;nun kim oldu\u011fu, ka\u00e7 ya\u015f\u0131nda ve e\u015finin kim oldu\u011fu sorular\u0131 ara\u015ft\u0131r\u0131l\u0131yor.\u0130\u015fte detaylar&#8230;<\/p>\n<h3>EM\u0130R BENDERL\u0130O\u011eLU K\u0130MD\u0130R?<\/h3>\n<p><a href=\"https:\/\/www.tgrthaber.com\/mavikadin\/yeralti-dizisine-emir-benderlioglu-surprizi-yakisikli-oyuncu-bakin-hangi-rolle-geliyor\/\">Emir Benderlio\u011flu<\/a>, 28 Ekim 1979 tarihinde Ankara&#8217;da d\u00fcnyaya geldi. Hacettepe \u00dcniversitesi G\u00fczel Sanatlar Fak\u00fcltesi&#8217;ni bitirdi. \u00d6nce heykel okuyan oyuncu daha sonra grafik b\u00f6l\u00fcm\u00fcne ge\u00e7ti, daha sonra TRT tan\u0131t\u0131m koordinat\u00f6r\u00fc olarak \u00e7al\u0131\u015ft\u0131. Alper \u00c7a\u011flar&#8217;\u0131n y\u00f6netiminde Bukalemun, 4 Saat, Kabakurgu, Camg\u00f6z, Panzehir, Da\u011f II filmlerinde rol ald\u0131. Camg\u00f6z hari\u00e7 bu filmlerde ba\u015frol oynad\u0131. \u00c7a\u011flar&#8217;\u0131n filmlerindeki performans\u0131yla seyircilerin be\u011fenisini toplayan oyuncu, bir cast ajans\u0131na kaydoldu ve \u0130stanbul&#8217;a yerle\u015fti.<\/p>\n<p><img loading=\"lazy\" decoding=\"async\" class=\"alignnone size-full wp-image-296785\" src=\"https:\/\/www.tgrthaber.com\/mavikadin\/wp-content\/uploads\/2026\/01\/Asli-2026-01-30T124828.314.png\" alt=\"\" width=\"1812\" height=\"1020\" title=\"\" srcset=\"https:\/\/www.tgrthaber.com\/mavikadin\/wp-content\/uploads\/2026\/01\/Asli-2026-01-30T124828.314.png 1812w, https:\/\/www.tgrthaber.com\/mavikadin\/wp-content\/uploads\/2026\/01\/Asli-2026-01-30T124828.314-300x169.png 300w, https:\/\/www.tgrthaber.com\/mavikadin\/wp-content\/uploads\/2026\/01\/Asli-2026-01-30T124828.314-1024x576.png 1024w, https:\/\/www.tgrthaber.com\/mavikadin\/wp-content\/uploads\/2026\/01\/Asli-2026-01-30T124828.314-768x432.png 768w, https:\/\/www.tgrthaber.com\/mavikadin\/wp-content\/uploads\/2026\/01\/Asli-2026-01-30T124828.314-1536x865.png 1536w\" sizes=\"(max-width: 1812px) 100vw, 1812px\" \/><\/p>\n<hr \/>\n<p>Ademin Trenleri adl\u0131 filmdeki karakterlerden biri olan Bekir karakterini oynad\u0131. Sessiz F\u0131rt\u0131na adl\u0131 dizide \u0130brahim karakterini oynad\u0131. 2008 y\u0131l\u0131nda da Med Yap\u0131m dizisi olan Dedektif Biraderler&#8217;de ba\u015frol oyuncusu olarak Sava\u015f karakterini oynad\u0131 Kavak Yelleri&#8217;nde Mine&#8217;nin sevgilisi Burak karakteri ile kar\u015f\u0131m\u0131za \u00e7\u0131kan <a href=\"https:\/\/www.tgrthaber.com\/mavikadin\/emir-benderlioglu-gassal-kadrosuna-dahil-oldu-bakin-hangi-rolde-karsimiza-cikacak\/\">Emir Benderlio\u011flu<\/a> foto\u011fraf\u00e7\u0131l\u0131kla da yak\u0131ndan ilgilenmektedir. 2010&#8217;un Ocak ay\u0131nda Deli Dumrul Kurtlar Ku\u015flar Aleminde adl\u0131 komedi filminde Durul karakteri ile izleyici kar\u015f\u0131s\u0131na \u00e7\u0131kt\u0131. 6 Temmuz 2010\u2019da i kendisi gibi oyuncu olan Ceren \u015eekerci ile evlendi. 2010&#8217;un A\u011fustos ay\u0131nda Fox&#8217;ta yay\u0131nlanan Keskin B\u0131\u00e7ak dizisinde ba\u015frol karakterlerinden biri olan \u00c7etin&#8217;i oynad\u0131. \u00dcnl\u00fc isim en son E\u015fk\u0131ya D\u00fcnyaya H\u00fck\u00fcmdar Olmaz dizisinde Behzat karakterini oynad\u0131.<\/p>\n<p><img loading=\"lazy\" decoding=\"async\" class=\"alignnone size-full wp-image-296786\" src=\"https:\/\/www.tgrthaber.com\/mavikadin\/wp-content\/uploads\/2026\/01\/Asli-2026-01-30T124846.952.png\" alt=\"\" width=\"1812\" height=\"1020\" title=\"\" srcset=\"https:\/\/www.tgrthaber.com\/mavikadin\/wp-content\/uploads\/2026\/01\/Asli-2026-01-30T124846.952.png 1812w, https:\/\/www.tgrthaber.com\/mavikadin\/wp-content\/uploads\/2026\/01\/Asli-2026-01-30T124846.952-300x169.png 300w, https:\/\/www.tgrthaber.com\/mavikadin\/wp-content\/uploads\/2026\/01\/Asli-2026-01-30T124846.952-1024x576.png 1024w, https:\/\/www.tgrthaber.com\/mavikadin\/wp-content\/uploads\/2026\/01\/Asli-2026-01-30T124846.952-768x432.png 768w, https:\/\/www.tgrthaber.com\/mavikadin\/wp-content\/uploads\/2026\/01\/Asli-2026-01-30T124846.952-1536x865.png 1536w\" sizes=\"(max-width: 1812px) 100vw, 1812px\" \/><\/p>\n<hr \/>\n<h3>CEREN BENDERL\u0130O\u011eLU K\u0130MD\u0130R?<\/h3>\n<p>As\u0131l ad\u0131 Ceren \u015eekerci olan Ceren Benderlio\u011flu, 1 Ekim 1983 tarihinde \u0130stanbul, Kad\u0131k\u00f6y\u2019de do\u011fmu\u015ftur. Trakya \u00dcniversitesi Radyo Televizyon B\u00f6l\u00fcm\u00fcnden mezun olmu\u015ftur. Ceren \u015eekerci, 6 Temmuz 2010 tarihinde kendisi gibi oyuncu olan Emir Benderlio\u011flu ile evlendi. Nur ad\u0131nda bir k\u0131z\u0131 var.<\/p>\n<p><img loading=\"lazy\" decoding=\"async\" class=\"alignnone size-full wp-image-296787\" src=\"https:\/\/www.tgrthaber.com\/mavikadin\/wp-content\/uploads\/2026\/01\/Asli-2026-01-30T124702.185.png\" alt=\"\" width=\"1812\" height=\"1020\" title=\"\" srcset=\"https:\/\/www.tgrthaber.com\/mavikadin\/wp-content\/uploads\/2026\/01\/Asli-2026-01-30T124702.185.png 1812w, https:\/\/www.tgrthaber.com\/mavikadin\/wp-content\/uploads\/2026\/01\/Asli-2026-01-30T124702.185-300x169.png 300w, https:\/\/www.tgrthaber.com\/mavikadin\/wp-content\/uploads\/2026\/01\/Asli-2026-01-30T124702.185-1024x576.png 1024w, https:\/\/www.tgrthaber.com\/mavikadin\/wp-content\/uploads\/2026\/01\/Asli-2026-01-30T124702.185-768x432.png 768w, https:\/\/www.tgrthaber.com\/mavikadin\/wp-content\/uploads\/2026\/01\/Asli-2026-01-30T124702.185-1536x865.png 1536w\" sizes=\"(max-width: 1812px) 100vw, 1812px\" \/><\/p>\n<hr \/>\n<p>2002 y\u0131l\u0131nda Sava\u015f Din\u00e7el, Kadir \u00c7\u00f6pdemir, Peker A\u00e7\u0131kal\u0131n, Cem K\u0131l\u0131\u00e7, A\u00e7elya Akkoyun\u2019un oyuncu kadrosunda yer ald\u0131\u011f\u0131 Ekmek Teknesi\u2019nde rol ald\u0131.<\/p>\n<p><img loading=\"lazy\" decoding=\"async\" class=\"alignnone size-full wp-image-296788\" src=\"https:\/\/www.tgrthaber.com\/mavikadin\/wp-content\/uploads\/2026\/01\/Asli-2026-01-30T124808.127.png\" alt=\"\" width=\"1812\" height=\"1020\" title=\"\" srcset=\"https:\/\/www.tgrthaber.com\/mavikadin\/wp-content\/uploads\/2026\/01\/Asli-2026-01-30T124808.127.png 1812w, https:\/\/www.tgrthaber.com\/mavikadin\/wp-content\/uploads\/2026\/01\/Asli-2026-01-30T124808.127-300x169.png 300w, https:\/\/www.tgrthaber.com\/mavikadin\/wp-content\/uploads\/2026\/01\/Asli-2026-01-30T124808.127-1024x576.png 1024w, https:\/\/www.tgrthaber.com\/mavikadin\/wp-content\/uploads\/2026\/01\/Asli-2026-01-30T124808.127-768x432.png 768w, https:\/\/www.tgrthaber.com\/mavikadin\/wp-content\/uploads\/2026\/01\/Asli-2026-01-30T124808.127-1536x865.png 1536w\" sizes=\"(max-width: 1812px) 100vw, 1812px\" \/><\/p>\n<hr \/>\n<p>2005 y\u0131l\u0131nda yap\u0131mc\u0131l\u0131\u011f\u0131n\u0131 Necati Akp\u0131nar\u2019\u0131n yapt\u0131\u011f\u0131, y\u00f6netmenli\u011fini Ayd\u0131n Bulut\u2019 un yapt\u0131\u011f\u0131 Senarist Nuran Devres\u2018in yazd\u0131\u011f\u0131 \u201cSavc\u0131n\u0131n Kar\u0131s\u0131\u201d adl\u0131 dizide Gamze \u00d6z\u00e7elik, Cihan Okan, \u015eevket \u00c7oruh, Ahmet Mekin, Ahu Ya\u011ftu, Ertan Saban ile birlikte oynad\u0131. 2005 y\u0131l\u0131nda K\u0131r\u0131k Kanatlar, 2014 y\u0131l\u0131nda \u201cKertenkele\u201d adl\u0131 dizilerde rol ald\u0131.\u00a0 E\u015fk\u0131ya D\u00fcnyaya H\u00fck\u00fcmdar Olmaz\u2019da oynayarak seyircilerin daha da be\u011fenisini kazanmay\u0131 ba\u015fard\u0131.<\/p>\n<p><img loading=\"lazy\" decoding=\"async\" class=\"alignnone size-full wp-image-296789\" src=\"https:\/\/www.tgrthaber.com\/mavikadin\/wp-content\/uploads\/2026\/01\/Asli-2026-01-30T124954.616.png\" alt=\"\" width=\"1812\" height=\"1020\" title=\"\" srcset=\"https:\/\/www.tgrthaber.com\/mavikadin\/wp-content\/uploads\/2026\/01\/Asli-2026-01-30T124954.616.png 1812w, https:\/\/www.tgrthaber.com\/mavikadin\/wp-content\/uploads\/2026\/01\/Asli-2026-01-30T124954.616-300x169.png 300w, https:\/\/www.tgrthaber.com\/mavikadin\/wp-content\/uploads\/2026\/01\/Asli-2026-01-30T124954.616-1024x576.png 1024w, https:\/\/www.tgrthaber.com\/mavikadin\/wp-content\/uploads\/2026\/01\/Asli-2026-01-30T124954.616-768x432.png 768w, https:\/\/www.tgrthaber.com\/mavikadin\/wp-content\/uploads\/2026\/01\/Asli-2026-01-30T124954.616-1536x865.png 1536w\" sizes=\"(max-width: 1812px) 100vw, 1812px\" \/><\/p>\n<h3>EM\u0130R BENDERL\u0130O\u011eLU D\u0130Z\u0130 VE F\u0130LMLER\u0130<\/h3>\n<ul>\n<li>Yalan (Cengiz, Tv Dizisi 2024)<\/li>\n<li>Tuzak (Mahir, TV Dizisi 2022)<\/li>\n<li>B\u00f6r\u00fc 2039 (Polis Turan Kara, TV Dizisi 2021-2022)<\/li>\n<li>Barbaroslar: Akdeniz&#8217;in K\u0131l\u0131c\u0131 (Piri Reis, TV Dizisi 2021-2022)<\/li>\n<li>E\u015fk\u0131ya D\u00fcnyaya H\u00fck\u00fcmdar Olmaz (Behzat Fa\u00e7al\u0131, TV Dizisi 2019-2021)<\/li>\n<li>Aman Reis Duymas\u0131n (Behzat Fa\u00e7al\u0131, Sinema Filmi 2019)<\/li>\n<li>\u015euursuz A\u015fk (Polis, Sinema Filmi 2019)<\/li>\n<li>4N1K Yeni Ba\u015flang\u0131\u00e7lar (Tekin TV Dizisi 2018-2019)<\/li>\n<li>\u00c7i\u00e7ek (R\u0131fat, TV Dizisi 2018)<\/li>\n<li>B\u00f6r\u00fc (Turan Kara, TV Dizisi 2018)<\/li>\n<li>Fi (Ali, TV Dizisi 2017)<\/li>\n<li>A\u015fka Racon S\u00f6kmez (Korkut, Sinema Filmi 2017)<\/li>\n<li>K\u0131zka\u00e7\u0131ran (Ahmet, Sinema Filmi 2016)<\/li>\n<li>Da\u011f 2 (K\u0131demli Ba\u015f\u00e7avu\u015f Batur Alt\u0131nbilek, Sinema Filmi 2016)<\/li>\n<li>Cesur Y\u00fcrek (Serdar, TV Dizisi 2016)<\/li>\n<li>\u00c7anakkale Y\u00fczy\u0131ll\u0131k M\u00fch\u00fcr \u00c7anakkale (H\u00fcseyin Te\u011fmen, TV Dizisi 2015)<\/li>\n<li>Evli ve \u00d6fkeli (Ahmet, TV Dizisi 2015)<\/li>\n<li>Bol \u015eans (Sinema Filmi 2015)<\/li>\n<li>Arka Sokaklar (10-12. Sezon, Sezgin, TV Dizisi 2015-2017)<\/li>\n<li>Panzehir (Ferit, Sinema Filmi 2014)<\/li>\n<li>\u00c7i\u00e7ek (R\u0131fat, TV Dizisi 2014)<\/li>\n<li>Osmanl\u0131 Tokad\u0131 (Sava\u015f, TV Dizisi 2013)<\/li>\n<li>Galip Dervi\u015f (Suat, TV Dizisi 2013)<\/li>\n<\/ul>\n","protected":false},"excerpt":{"rendered":"<p>Dizinin yap\u0131m\u0131n\u0131 Medyap\u0131m \u00fcstleniyor. Y\u00f6netmen koltu\u011funda Murat \u00d6zt\u00fcrk yer ald\u0131\u011f\u0131 , senaryo Berna Aruz imzas\u0131 ta\u015f\u0131yor. Yeralt\u0131 dizisi, senaryosunun yan\u0131 s\u0131ra oyuncu kadrosuyla da dikkat \u00e7ekmeyi ba\u015fard\u0131. Ba\u015far\u0131l\u0131 oyuncu kadrosunda Yavuz karakterini oynayacak Emir Benderlio\u011flu merak konusu oldu.<\/p>\n","protected":false},"author":37,"featured_media":296784,"comment_status":"closed","ping_status":"closed","sticky":false,"template":"","format":"standard","meta":{"rank_math_lock_modified_date":false,"footnotes":""},"categories":[491],"tags":[3374,16521,8225,71680,71681],"class_list":["post-296774","post","type-post","status-publish","format-standard","has-post-thumbnail","hentry","category-biyografi","tag-biyografi","tag-biyografi-haberleri","tag-emir-benderlioglu","tag-emir-benderlioglu-esi-kimdir","tag-emir-benderlioglu-kimdir"],"_links":{"self":[{"href":"https:\/\/www.tgrthaber.com\/mavikadin\/wp-json\/wp\/v2\/posts\/296774"}],"collection":[{"href":"https:\/\/www.tgrthaber.com\/mavikadin\/wp-json\/wp\/v2\/posts"}],"about":[{"href":"https:\/\/www.tgrthaber.com\/mavikadin\/wp-json\/wp\/v2\/types\/post"}],"author":[{"embeddable":true,"href":"https:\/\/www.tgrthaber.com\/mavikadin\/wp-json\/wp\/v2\/users\/37"}],"replies":[{"embeddable":true,"href":"https:\/\/www.tgrthaber.com\/mavikadin\/wp-json\/wp\/v2\/comments?post=296774"}],"version-history":[{"count":4,"href":"https:\/\/www.tgrthaber.com\/mavikadin\/wp-json\/wp\/v2\/posts\/296774\/revisions"}],"predecessor-version":[{"id":296844,"href":"https:\/\/www.tgrthaber.com\/mavikadin\/wp-json\/wp\/v2\/posts\/296774\/revisions\/296844"}],"wp:featuredmedia":[{"embeddable":true,"href":"https:\/\/www.tgrthaber.com\/mavikadin\/wp-json\/wp\/v2\/media\/296784"}],"wp:attachment":[{"href":"https:\/\/www.tgrthaber.com\/mavikadin\/wp-json\/wp\/v2\/media?parent=296774"}],"wp:term":[{"taxonomy":"category","embeddable":true,"href":"https:\/\/www.tgrthaber.com\/mavikadin\/wp-json\/wp\/v2\/categories?post=296774"},{"taxonomy":"post_tag","embeddable":true,"href":"https:\/\/www.tgrthaber.com\/mavikadin\/wp-json\/wp\/v2\/tags?post=296774"}],"curies":[{"name":"wp","href":"https:\/\/api.w.org\/{rel}","templated":true}]}}