{"id":296832,"date":"2026-01-30T15:06:38","date_gmt":"2026-01-30T12:06:38","guid":{"rendered":"https:\/\/www.tgrthaber.com\/mavikadin\/?p=296832"},"modified":"2026-01-30T15:06:38","modified_gmt":"2026-01-30T12:06:38","slug":"merve-ucer-kimdir-kac-yasinda-merve-ucer-hangi-dizilerde-oynadi","status":"publish","type":"post","link":"https:\/\/www.tgrthaber.com\/mavikadin\/merve-ucer-kimdir-kac-yasinda-merve-ucer-hangi-dizilerde-oynadi\/","title":{"rendered":"Merve \u00dc\u00e7er kimdir, ka\u00e7 ya\u015f\u0131nda? Merve \u00dc\u00e7er hangi dizilerde oynad\u0131?"},"content":{"rendered":"<p>Son olarak Mehmed Fetihler Sultan\u0131 ile ekranlara gelen <a href=\"https:\/\/www.tgrthaber.com\/mavikadin\/mehmed-fetihler-sultani-dizisi-cicek-hatunu-kim-oynuyor-tarihte-cicek-hatun-kimdir\/\">Merve \u00dc\u00e7er<\/a> bir\u00e7ok projede yer alarak ad\u0131ndan s\u00f6z ettirmeyi ba\u015fard\u0131. Peki Merve \u00dc\u00e7er kimdir, ka\u00e7 ya\u015f\u0131nda? Merve \u00dc\u00e7er hangi dizilerde oynad\u0131?<\/p>\n<h3>MERVE \u00dc\u00c7ER K\u0130MD\u0130R?<\/h3>\n<p>15 May\u0131s 1992 tarihinde Ankara\u2019da do\u011fan <a href=\"https:\/\/www.tgrthaber.com\/mavikadin\/vefa-sultan-dizisi-2-sezon-basladi-mi-vefa-sultan-dizisi-nerede-cekildi\/\">Merve \u00dc\u00e7er<\/a>, Ankara \u00dcniversitesi Felsefe B\u00f6l\u00fcm\u00fc\u2019nden mezun oldu. Akademik e\u011fitiminin ard\u0131ndan oyunculu\u011fa y\u00f6neldi. Bet\u00fcl Alganatay\u2019dan oyunculuk e\u011fitimi alan \u00dc\u00e7er, kariyerine bir sinema filmiyle ba\u015flad\u0131.<\/p>\n<p><img loading=\"lazy\" decoding=\"async\" class=\"aligncenter size-full wp-image-296877\" src=\"https:\/\/www.tgrthaber.com\/mavikadin\/wp-content\/uploads\/2026\/01\/Merve-Ucer-1.jpg\" alt=\"\" width=\"1080\" height=\"1440\" title=\"\" srcset=\"https:\/\/www.tgrthaber.com\/mavikadin\/wp-content\/uploads\/2026\/01\/Merve-Ucer-1.jpg 1080w, https:\/\/www.tgrthaber.com\/mavikadin\/wp-content\/uploads\/2026\/01\/Merve-Ucer-1-225x300.jpg 225w, https:\/\/www.tgrthaber.com\/mavikadin\/wp-content\/uploads\/2026\/01\/Merve-Ucer-1-768x1024.jpg 768w\" sizes=\"(max-width: 1080px) 100vw, 1080px\" \/><\/p>\n<hr \/>\n<p>2020\u2019de TRT 1\u2019de yay\u0131nlanan \u201cAnneler\u201d dizisinde ise 165 b\u00f6l\u00fcm Nil karakterini oynad\u0131.<\/p>\n<p>2023\u2019te TRT T\u00fcrk\u2019te yay\u0131nlanan \u201cAlman Kuzusu\u201d adl\u0131 sitcom dizisinde 26 b\u00f6l\u00fcm boyunca ba\u015frol olarak yer ald\u0131. Merve \u00dc\u00e7er, dizi ve sinema projelerinde aktif olarak kariyerini s\u00fcrd\u00fcrd\u00fc. Son olarak Mehmed Fetihler Sultan\u0131 ile ekranlara geldi.<\/p>\n<h3><img loading=\"lazy\" decoding=\"async\" class=\"aligncenter size-full wp-image-296878\" src=\"https:\/\/www.tgrthaber.com\/mavikadin\/wp-content\/uploads\/2026\/01\/Merve-Ucer-2.jpg\" alt=\"\" width=\"1080\" height=\"1440\" title=\"\" srcset=\"https:\/\/www.tgrthaber.com\/mavikadin\/wp-content\/uploads\/2026\/01\/Merve-Ucer-2.jpg 1080w, https:\/\/www.tgrthaber.com\/mavikadin\/wp-content\/uploads\/2026\/01\/Merve-Ucer-2-225x300.jpg 225w, https:\/\/www.tgrthaber.com\/mavikadin\/wp-content\/uploads\/2026\/01\/Merve-Ucer-2-768x1024.jpg 768w\" sizes=\"(max-width: 1080px) 100vw, 1080px\" \/><\/h3>\n<hr \/>\n<h3>MERVE \u00dc\u00c7ER OYNADI\u011eI D\u0130Z\u0130LER<\/h3>\n<p>Merve \u00dc\u00e7er&#8217;in oynad\u0131\u011f\u0131 baz\u0131 diziler:<\/p>\n<p>\u0130blisin O\u011flu 13. Vah\u015fet (2013) \u2013 Bu film, Merve \u00dc\u00e7er\u2019in ilk oyunculuk deneyimi olmu\u015ftur.<\/p>\n<p>\u00c7\u0131lg\u0131n Dersane 3 (2014) \u2013 Zeynep karakteriyle sinema izleyicisinin kar\u015f\u0131s\u0131na \u00e7\u0131km\u0131\u015ft\u0131r.<\/p>\n<p>Tatl\u0131 K\u00fc\u00e7\u00fck Yalanc\u0131lar &#8211; 2015<\/p>\n<p>Tatl\u0131 K\u00fc\u00e7\u00fck Yalanc\u0131lar (2018) \u2013 B\u00fcy\u00fck bir izleyici kitlesine sahip olan bu dizide rol alarak televizyon kariyerini peki\u015ftirmi\u015ftir.<\/p>\n<p><img loading=\"lazy\" decoding=\"async\" class=\"aligncenter size-full wp-image-296879\" src=\"https:\/\/www.tgrthaber.com\/mavikadin\/wp-content\/uploads\/2026\/01\/Merve-Ucer-3.jpg\" alt=\"\" width=\"1080\" height=\"1350\" title=\"\" srcset=\"https:\/\/www.tgrthaber.com\/mavikadin\/wp-content\/uploads\/2026\/01\/Merve-Ucer-3.jpg 1080w, https:\/\/www.tgrthaber.com\/mavikadin\/wp-content\/uploads\/2026\/01\/Merve-Ucer-3-240x300.jpg 240w, https:\/\/www.tgrthaber.com\/mavikadin\/wp-content\/uploads\/2026\/01\/Merve-Ucer-3-819x1024.jpg 819w, https:\/\/www.tgrthaber.com\/mavikadin\/wp-content\/uploads\/2026\/01\/Merve-Ucer-3-768x960.jpg 768w\" sizes=\"(max-width: 1080px) 100vw, 1080px\" \/><\/p>\n<hr \/>\n<p>Beni B\u0131rakma (2018) \u2013 Elif karakteriyle geni\u015f bir hayran kitlesine ula\u015ft\u0131.<\/p>\n<p>Acemi Anneler (2020) \u2013 Nil karakteriyle ekranda yer alm\u0131\u015ft\u0131r.<\/p>\n<p>Alman Kuzusu &#8211; 2022-2023<\/p>\n<p>Ben ve Babam &#8211; Vatan &#8211; 2024<\/p>\n<p>Vefa Sultan &#8211; 2025<\/p>\n<p>Mehmed Fetihler Sultan\u0131 \u2013 2026<\/p>\n<p><img loading=\"lazy\" decoding=\"async\" class=\"aligncenter size-full wp-image-296880\" src=\"https:\/\/www.tgrthaber.com\/mavikadin\/wp-content\/uploads\/2026\/01\/Merve-Ucer-4.jpg\" alt=\"\" width=\"1080\" height=\"1440\" title=\"\" srcset=\"https:\/\/www.tgrthaber.com\/mavikadin\/wp-content\/uploads\/2026\/01\/Merve-Ucer-4.jpg 1080w, https:\/\/www.tgrthaber.com\/mavikadin\/wp-content\/uploads\/2026\/01\/Merve-Ucer-4-225x300.jpg 225w, https:\/\/www.tgrthaber.com\/mavikadin\/wp-content\/uploads\/2026\/01\/Merve-Ucer-4-768x1024.jpg 768w\" sizes=\"(max-width: 1080px) 100vw, 1080px\" \/><\/p>\n<hr \/>\n<h3>MERVE \u00dc\u00c7ER SEVG\u0130L\u0130S\u0130 K\u0130M?<\/h3>\n<p>Merve \u00dc\u00e7er&#8217;in \u00f6zel hayat\u0131 hakk\u0131nda \u00e7ok fazla bilgi bulunmuyor. Magazin g\u00fcndeminde de herhangi bilgi yer alm\u0131yor.<br \/>\nOyuncu, \u00f6zel hayat\u0131n\u0131 g\u00f6zlerden uzak tutmay\u0131 tercih eden isimler aras\u0131nda bulunuyor.<\/p>\n<h3>MERVE \u00dc\u00c7ER EVL\u0130 M\u0130?<\/h3>\n<p>Ba\u015far\u0131l\u0131 oyuncu Merve \u00dc\u00e7er&#8217;in evli olup olmad\u0131\u011f\u0131 da hayranlar\u0131 taraf\u0131ndan s\u0131k\u00e7a merak ediyor. Ancak evli olup olmad\u0131\u011f\u0131na dair bilgi payla\u015f\u0131lmam\u0131\u015f.<\/p>\n<p><img loading=\"lazy\" decoding=\"async\" class=\"aligncenter size-full wp-image-296881\" src=\"https:\/\/www.tgrthaber.com\/mavikadin\/wp-content\/uploads\/2026\/01\/Merve-Ucer-9.jpg\" alt=\"\" width=\"1080\" height=\"1440\" title=\"\" srcset=\"https:\/\/www.tgrthaber.com\/mavikadin\/wp-content\/uploads\/2026\/01\/Merve-Ucer-9.jpg 1080w, https:\/\/www.tgrthaber.com\/mavikadin\/wp-content\/uploads\/2026\/01\/Merve-Ucer-9-225x300.jpg 225w, https:\/\/www.tgrthaber.com\/mavikadin\/wp-content\/uploads\/2026\/01\/Merve-Ucer-9-768x1024.jpg 768w\" sizes=\"(max-width: 1080px) 100vw, 1080px\" \/><\/p>\n<hr \/>\n<h3>MEHMED FET\u0130HLER SULTANI\u2019NDA BOSNA PRENSES\u0130 OLDU<\/h3>\n<p>Bosna prensesi Prenses Rose olarak da bilinen bir karakter olarak Mehmed Fetihler Sultan\u0131\u2019nda yer alan Merve \u00dc\u00e7er bu rol\u00fcyle b\u00fcy\u00fck bir ilgi g\u00f6rd\u00fc.<\/p>\n<p>Fatih Sultan Mehmet ile evlenmesi beklenen Prenses Rosa&#8217;n\u0131n \u00c7i\u00e7ek Hatun olarak Osmanl\u0131 Saray\u0131&#8217;n\u0131n i\u00e7inde duygusal \u00e7at\u0131\u015fmalar a\u00e7\u0131s\u0131ndan kritik bir konumda yer ald\u0131.<\/p>\n","protected":false},"excerpt":{"rendered":"<p>\u2018Merve \u00dc\u00e7er kimdir, ka\u00e7 ya\u015f\u0131nda? Merve \u00dc\u00e7er hangi dizilerde oynad\u0131?\u2019 merak ediliyor. Mehmed Fetihler Sultan\u0131 ile ekranlara gelen \u00fcnl\u00fc ismin hayat\u0131 ve kariyeri hakk\u0131nda ara\u015ft\u0131rmalar yap\u0131lmaya ba\u015fland\u0131.<\/p>\n","protected":false},"author":5,"featured_media":296874,"comment_status":"closed","ping_status":"closed","sticky":false,"template":"","format":"standard","meta":{"rank_math_lock_modified_date":false,"footnotes":""},"categories":[491],"tags":[3374,3832,71692],"class_list":["post-296832","post","type-post","status-publish","format-standard","has-post-thumbnail","hentry","category-biyografi","tag-biyografi","tag-mehmed-fetihler-sultani","tag-merve-ucer"],"_links":{"self":[{"href":"https:\/\/www.tgrthaber.com\/mavikadin\/wp-json\/wp\/v2\/posts\/296832"}],"collection":[{"href":"https:\/\/www.tgrthaber.com\/mavikadin\/wp-json\/wp\/v2\/posts"}],"about":[{"href":"https:\/\/www.tgrthaber.com\/mavikadin\/wp-json\/wp\/v2\/types\/post"}],"author":[{"embeddable":true,"href":"https:\/\/www.tgrthaber.com\/mavikadin\/wp-json\/wp\/v2\/users\/5"}],"replies":[{"embeddable":true,"href":"https:\/\/www.tgrthaber.com\/mavikadin\/wp-json\/wp\/v2\/comments?post=296832"}],"version-history":[{"count":2,"href":"https:\/\/www.tgrthaber.com\/mavikadin\/wp-json\/wp\/v2\/posts\/296832\/revisions"}],"predecessor-version":[{"id":296883,"href":"https:\/\/www.tgrthaber.com\/mavikadin\/wp-json\/wp\/v2\/posts\/296832\/revisions\/296883"}],"wp:featuredmedia":[{"embeddable":true,"href":"https:\/\/www.tgrthaber.com\/mavikadin\/wp-json\/wp\/v2\/media\/296874"}],"wp:attachment":[{"href":"https:\/\/www.tgrthaber.com\/mavikadin\/wp-json\/wp\/v2\/media?parent=296832"}],"wp:term":[{"taxonomy":"category","embeddable":true,"href":"https:\/\/www.tgrthaber.com\/mavikadin\/wp-json\/wp\/v2\/categories?post=296832"},{"taxonomy":"post_tag","embeddable":true,"href":"https:\/\/www.tgrthaber.com\/mavikadin\/wp-json\/wp\/v2\/tags?post=296832"}],"curies":[{"name":"wp","href":"https:\/\/api.w.org\/{rel}","templated":true}]}}