{"id":296947,"date":"2026-01-30T17:09:19","date_gmt":"2026-01-30T14:09:19","guid":{"rendered":"https:\/\/www.tgrthaber.com\/mavikadin\/?p=296947"},"modified":"2026-01-30T17:09:19","modified_gmt":"2026-01-30T14:09:19","slug":"gokberk-demirci-kimdir-kac-yasinda-gokberk-demirci-hangi-dizilerde-oynadi","status":"publish","type":"post","link":"https:\/\/www.tgrthaber.com\/mavikadin\/gokberk-demirci-kimdir-kac-yasinda-gokberk-demirci-hangi-dizilerde-oynadi\/","title":{"rendered":"G\u00f6kberk Demirci kimdir, ka\u00e7 ya\u015f\u0131nda? G\u00f6kberk Demirci hangi dizilerde oynad\u0131?"},"content":{"rendered":"<p>&#8220;Yemin&#8221; dizisindeki Emir Tarhun karakteriyle geni\u015f bir hayran kitlesi elde eden <a href=\"https:\/\/www.tgrthaber.com\/mavikadin\/ruya-gibi-dizisi-final-mi-yapiyor-ruya-gibi-dizisi-bitiyor-mu\/\">G\u00f6kberk Demirci<\/a> \u00f6zel hayat\u0131yla da s\u0131k s\u0131k g\u00fcndeme geliyor. Peki G\u00f6kberk Demirci kimdir, ka\u00e7 ya\u015f\u0131nda? G\u00f6kberk Demirci hangi dizilerde oynad\u0131?<\/p>\n<h3>G\u00d6KBERK DEM\u0130RC\u0130 K\u0130MD\u0130R, KA\u00c7 YA\u015eINDA?<\/h3>\n<p>Ba\u015far\u0131l\u0131 oyuncu <a href=\"https:\/\/www.tgrthaber.com\/mavikadin\/ruya-gibi-yeni-bolum-ne-zaman-ruya-gibi-bu-hafta-var-mi\/\">G\u00f6kberk Demirci<\/a> R\u00fcya Gibi dizisiyle izleyiciyle bulu\u015fuyor.\u00a020 Ekim 1989 tarihinde \u0130zmit\u2019te d\u00fcnyaya gelen Demirci, aslen Adanal\u0131\u2019d\u0131r. Oyunculuk e\u011fitimini Cengiz K\u00fc\u00e7\u00fckayvaz Tiyatrosu&#8217;nda sahne alan G\u00f6kberk Demirci, sahne sanatlar\u0131na olan tutkusu ve disiplinli \u00e7al\u0131\u015fmalar\u0131yla k\u0131sa s\u00fcrede profesyonel bir oyuncu olarak tan\u0131nd\u0131.Terazi burcu olan Demirci, 1.81 metre boyunda olan G\u00f6kberk Demirci oyunculu\u011fa 2012\u2019de ba\u015flad\u0131.<\/p>\n<h3><a href=\"https:\/\/www.tgrthaber.com\/mavikadin\/wp-content\/uploads\/2026\/01\/Gokberk-Demirci-1.jpg\"><img loading=\"lazy\" decoding=\"async\" class=\"aligncenter size-full wp-image-296951\" src=\"https:\/\/www.tgrthaber.com\/mavikadin\/wp-content\/uploads\/2026\/01\/Gokberk-Demirci-1.jpg\" alt=\"\" width=\"1080\" height=\"1440\" title=\"\" srcset=\"https:\/\/www.tgrthaber.com\/mavikadin\/wp-content\/uploads\/2026\/01\/Gokberk-Demirci-1.jpg 1080w, https:\/\/www.tgrthaber.com\/mavikadin\/wp-content\/uploads\/2026\/01\/Gokberk-Demirci-1-225x300.jpg 225w, https:\/\/www.tgrthaber.com\/mavikadin\/wp-content\/uploads\/2026\/01\/Gokberk-Demirci-1-768x1024.jpg 768w\" sizes=\"(max-width: 1080px) 100vw, 1080px\" \/><\/a><\/h3>\n<hr \/>\n<h3><\/h3>\n<h3>G\u00d6KBERK DEM\u0130RC\u0130 HANG\u0130 D\u0130Z\u0130LERDE OYNADI?<\/h3>\n<p>2012 y\u0131l\u0131nda &#8220;Bir Zamanlar Osmanl\u0131: K\u0131yam&#8221; adl\u0131 diziyle oyunculuk kariyerine ba\u015flayan G\u00f6kberk Demirci 2019 y\u0131l\u0131nda &#8220;Yemin&#8221; dizisinde Emir Tarhun karakterini oynad\u0131.<\/p>\n<p><img loading=\"lazy\" decoding=\"async\" class=\"aligncenter size-full wp-image-296952\" src=\"https:\/\/www.tgrthaber.com\/mavikadin\/wp-content\/uploads\/2026\/01\/Gokberk-Demirci-2.jpg\" alt=\"\" width=\"1080\" height=\"1440\" title=\"\" srcset=\"https:\/\/www.tgrthaber.com\/mavikadin\/wp-content\/uploads\/2026\/01\/Gokberk-Demirci-2.jpg 1080w, https:\/\/www.tgrthaber.com\/mavikadin\/wp-content\/uploads\/2026\/01\/Gokberk-Demirci-2-225x300.jpg 225w, https:\/\/www.tgrthaber.com\/mavikadin\/wp-content\/uploads\/2026\/01\/Gokberk-Demirci-2-768x1024.jpg 768w\" sizes=\"(max-width: 1080px) 100vw, 1080px\" \/><\/p>\n<hr \/>\n<p>Bu dizideki ba\u015frol performans\u0131, onu geni\u015f bir izleyici kitlesine tan\u0131tt\u0131 ve televizyon d\u00fcnyas\u0131nda \u00f6nemli bir yer edinmesini sa\u011flad\u0131.<br \/>\n2017 y\u0131l\u0131nda vizyona giren &#8220;Malazgirt 1071&#8221; filminde Sultan Alparslan karakterini \u00fcstlenen \u00fcnl\u00fc isim yetene\u011fini farkl\u0131 bir boyutta g\u00f6stermi\u015f oldu. \u0130\u015fte G\u00f6kberk Demirci\u2019nin rol ald\u0131\u011f\u0131 diziler:<\/p>\n<p><a href=\"https:\/\/www.tgrthaber.com\/mavikadin\/wp-content\/uploads\/2026\/01\/Gokberk-Demirci-4.jpg\"><img loading=\"lazy\" decoding=\"async\" class=\"aligncenter size-full wp-image-296953\" src=\"https:\/\/www.tgrthaber.com\/mavikadin\/wp-content\/uploads\/2026\/01\/Gokberk-Demirci-4.jpg\" alt=\"\" width=\"1080\" height=\"1439\" title=\"\" srcset=\"https:\/\/www.tgrthaber.com\/mavikadin\/wp-content\/uploads\/2026\/01\/Gokberk-Demirci-4.jpg 1080w, https:\/\/www.tgrthaber.com\/mavikadin\/wp-content\/uploads\/2026\/01\/Gokberk-Demirci-4-225x300.jpg 225w, https:\/\/www.tgrthaber.com\/mavikadin\/wp-content\/uploads\/2026\/01\/Gokberk-Demirci-4-769x1024.jpg 769w, https:\/\/www.tgrthaber.com\/mavikadin\/wp-content\/uploads\/2026\/01\/Gokberk-Demirci-4-768x1023.jpg 768w\" sizes=\"(max-width: 1080px) 100vw, 1080px\" \/><\/a><\/p>\n<hr \/>\n<h3>Diziler:<\/h3>\n<p>2012 \u2013 Bir Zamanlar Osmanl\u0131: K\u0131yam: \u0130lk oyunculuk deneyimi.<br \/>\n2013 \u2013 Osmanl\u0131\u2019da Derin Devlet: Yard\u0131mc\u0131 bir karakterle izleyici kar\u015f\u0131s\u0131na \u00e7\u0131kt\u0131.<br \/>\n2016 \u2013 Hayat\u0131m\u0131n A\u015fk\u0131: Adil karakteriyle yer ald\u0131.<br \/>\n2016 \u2013 Ad\u0131n\u0131 Sen Koy: K\u0131l\u0131\u00e7 karakteriyle aksiyon dolu bir performans sergiledi.<\/p>\n<p><a href=\"https:\/\/www.tgrthaber.com\/mavikadin\/wp-content\/uploads\/2026\/01\/Gokberk-Demirci-5.jpg\"><img loading=\"lazy\" decoding=\"async\" class=\"aligncenter size-full wp-image-296954\" src=\"https:\/\/www.tgrthaber.com\/mavikadin\/wp-content\/uploads\/2026\/01\/Gokberk-Demirci-5.jpg\" alt=\"\" width=\"1080\" height=\"1440\" title=\"\" srcset=\"https:\/\/www.tgrthaber.com\/mavikadin\/wp-content\/uploads\/2026\/01\/Gokberk-Demirci-5.jpg 1080w, https:\/\/www.tgrthaber.com\/mavikadin\/wp-content\/uploads\/2026\/01\/Gokberk-Demirci-5-225x300.jpg 225w, https:\/\/www.tgrthaber.com\/mavikadin\/wp-content\/uploads\/2026\/01\/Gokberk-Demirci-5-768x1024.jpg 768w\" sizes=\"(max-width: 1080px) 100vw, 1080px\" \/><\/a><\/p>\n<hr \/>\n<p>2018 \u2013 Arka Sokaklar: Sevilen polisiye dizide konuk oyuncu olarak C\u00fcneyt karakterine hayat verdi.<br \/>\n2019-2022 \u2013 Yemin: Emir Tarhun karakteriyle b\u00fcy\u00fck \u00e7\u0131k\u0131\u015f yapt\u0131.<br \/>\n2023-2024 \u2013 \u00dc\u00e7 K\u0131z Karde\u015f: Kanal D\u2019nin pop\u00fcler dizisinde Kartal K\u00f6ksal karakterini canland\u0131rd\u0131.<br \/>\n2024 \u2013 Yalan: Yaman karakteriyle son projelerinden birinde yer ald\u0131.<\/p>\n<p><a href=\"https:\/\/www.tgrthaber.com\/mavikadin\/wp-content\/uploads\/2026\/01\/Gokberk-Demirci-7.jpg\"><img loading=\"lazy\" decoding=\"async\" class=\"aligncenter size-full wp-image-296955\" src=\"https:\/\/www.tgrthaber.com\/mavikadin\/wp-content\/uploads\/2026\/01\/Gokberk-Demirci-7.jpg\" alt=\"\" width=\"1080\" height=\"1440\" title=\"\" srcset=\"https:\/\/www.tgrthaber.com\/mavikadin\/wp-content\/uploads\/2026\/01\/Gokberk-Demirci-7.jpg 1080w, https:\/\/www.tgrthaber.com\/mavikadin\/wp-content\/uploads\/2026\/01\/Gokberk-Demirci-7-225x300.jpg 225w, https:\/\/www.tgrthaber.com\/mavikadin\/wp-content\/uploads\/2026\/01\/Gokberk-Demirci-7-768x1024.jpg 768w\" sizes=\"(max-width: 1080px) 100vw, 1080px\" \/><\/a><\/p>\n<hr \/>\n<h3>Filmler:<\/h3>\n<p>2015 \u2013 Demir Atl\u0131 Gringo: \u0130lk sinema filmi deneyimi.<br \/>\n2016 \u2013 Y\u0131ld\u0131zlar Da Kayar: \u015eof\u00f6r karakteriyle yer ald\u0131.<br \/>\n2017 \u2013 Malazgirt 1071: Sultan Alparslan rol\u00fcyle dikkat \u00e7ekti.<br \/>\n2023 \u2013 K\u00f6y D\u00fc\u011f\u00fcn\u00fc: Ba\u015frol oynad\u0131\u011f\u0131 bir ba\u015fka dikkat \u00e7ekici yap\u0131m.<br \/>\n2024 \u2013 Gidersen Gitme: Mehmet karakteriyle izleyici kar\u015f\u0131s\u0131na \u00e7\u0131kmaya haz\u0131rlan\u0131yor.<\/p>\n","protected":false},"excerpt":{"rendered":"<p>\u2018G\u00f6kberk Demirci kimdir, ka\u00e7 ya\u015f\u0131nda? G\u00f6kberk Demirci hangi dizilerde oynad\u0131?\u2019 merak ediliyor. T\u00fcrk televizyon ve sinema d\u00fcnyas\u0131n\u0131n parlayan y\u0131ld\u0131zlar\u0131ndan biri olan G\u00f6kberk Demirci\u2019nin hayat\u0131 ara\u015ft\u0131r\u0131l\u0131yor.<\/p>\n","protected":false},"author":5,"featured_media":296956,"comment_status":"closed","ping_status":"closed","sticky":false,"template":"","format":"standard","meta":{"rank_math_lock_modified_date":false,"footnotes":""},"categories":[491],"tags":[3374,7192,71699,71698,63726],"class_list":["post-296947","post","type-post","status-publish","format-standard","has-post-thumbnail","hentry","category-biyografi","tag-biyografi","tag-gokberk-demirci","tag-gokberk-demirci-dizileri","tag-gokberk-demirci-kim","tag-ruya-gibi"],"_links":{"self":[{"href":"https:\/\/www.tgrthaber.com\/mavikadin\/wp-json\/wp\/v2\/posts\/296947"}],"collection":[{"href":"https:\/\/www.tgrthaber.com\/mavikadin\/wp-json\/wp\/v2\/posts"}],"about":[{"href":"https:\/\/www.tgrthaber.com\/mavikadin\/wp-json\/wp\/v2\/types\/post"}],"author":[{"embeddable":true,"href":"https:\/\/www.tgrthaber.com\/mavikadin\/wp-json\/wp\/v2\/users\/5"}],"replies":[{"embeddable":true,"href":"https:\/\/www.tgrthaber.com\/mavikadin\/wp-json\/wp\/v2\/comments?post=296947"}],"version-history":[{"count":2,"href":"https:\/\/www.tgrthaber.com\/mavikadin\/wp-json\/wp\/v2\/posts\/296947\/revisions"}],"predecessor-version":[{"id":296961,"href":"https:\/\/www.tgrthaber.com\/mavikadin\/wp-json\/wp\/v2\/posts\/296947\/revisions\/296961"}],"wp:featuredmedia":[{"embeddable":true,"href":"https:\/\/www.tgrthaber.com\/mavikadin\/wp-json\/wp\/v2\/media\/296956"}],"wp:attachment":[{"href":"https:\/\/www.tgrthaber.com\/mavikadin\/wp-json\/wp\/v2\/media?parent=296947"}],"wp:term":[{"taxonomy":"category","embeddable":true,"href":"https:\/\/www.tgrthaber.com\/mavikadin\/wp-json\/wp\/v2\/categories?post=296947"},{"taxonomy":"post_tag","embeddable":true,"href":"https:\/\/www.tgrthaber.com\/mavikadin\/wp-json\/wp\/v2\/tags?post=296947"}],"curies":[{"name":"wp","href":"https:\/\/api.w.org\/{rel}","templated":true}]}}