{"id":307569,"date":"2026-03-09T13:58:25","date_gmt":"2026-03-09T10:58:25","guid":{"rendered":"https:\/\/www.tgrthaber.com\/mavikadin\/?p=307569"},"modified":"2026-03-09T16:27:03","modified_gmt":"2026-03-09T13:27:03","slug":"gelinim-mutfakta-9-mart-2026-ceyrek-altini-kim-aldi-gelinim-mutfakta-pazartesi-puan-tablosu","status":"publish","type":"post","link":"https:\/\/www.tgrthaber.com\/mavikadin\/gelinim-mutfakta-9-mart-2026-ceyrek-altini-kim-aldi-gelinim-mutfakta-pazartesi-puan-tablosu\/","title":{"rendered":"Gelinim Mutfakta 9 Mart 2026 \u00e7eyrek alt\u0131n\u0131 kim ald\u0131? Gelinim Mutfakta Pazartesi puan tablosu!"},"content":{"rendered":"<p>Asl\u0131 H\u00fcnel&#8217;in sundu\u011fu Gelinim Mutfakta&#8217;da yeni hafta olduk\u00e7a e\u011flenceli ba\u015flad\u0131. Yeni yar\u0131\u015fmac\u0131lar Emre Bey ve M\u00fcr\u00fcvet Han\u0131m&#8217;\u0131n Gelinim Mutfakta&#8217;ya dahil olmas\u0131yla birlikte heyecan daha da artm\u0131\u015fken, g\u00f6zler g\u00fcn sonu performans\u0131na \u00e7evrildi. Peki Gelinim Mutfakta&#8217;da <a href=\"https:\/\/www.tgrthaber.com\/mavikadin\/gelinim-mutfakta-6-mart-2026-cuma-10-altin-bilezigi-kim-aldi-gelinim-mutfakta-elenen-yarismaci\/\">\u00e7eyrek alt\u0131n\u0131<\/a> kim ald\u0131, hangi yar\u0131\u015fmac\u0131 birinci oldu? \u0130\u015fte Gelinim Mutfakta 9 Mart 2026 Pazartesi olu\u015fan puan tablosu&#8230;<\/p>\n<h3>GEL\u0130N\u0130M MUTFAKTA 9 MART 2026 \u00c7EYREK ALTINI K\u0130M ALDI?<\/h3>\n<p>Gelinim Mutfakta hafta i\u00e7i her g\u00fcn 14:00&#8217;de Kanal D ekranlar\u0131nda olmaya devam ediyor. T\u00fcm hafta<a href=\"https:\/\/www.tgrthaber.com\/mavikadin\/gelinim-mutfakta-5-mart-2026-ceyrek-altini-kim-aldi-gelinim-mutfakta-kazanan-gelin\/\"> \u00e7eyrek<\/a> da\u011f\u0131tan yar\u0131\u015fma program\u0131, Cuma g\u00fcn\u00fc yap\u0131lan haftal\u0131k performans sonucuna g\u00f6re de 10 alt\u0131n bilezik veriyor ve yar\u0131\u015fmadan bir ki\u015fi eleniyor.<\/p>\n<p><img loading=\"lazy\" decoding=\"async\" class=\"alignnone wp-image-307571 size-full\" src=\"https:\/\/www.tgrthaber.com\/mavikadin\/wp-content\/uploads\/2026\/03\/5512-gelinim-mutfaktanin-sunucusu-asli-hunel-kiminle-evli-esi-kim.webp\" alt=\"\" width=\"1280\" height=\"720\" title=\"\" srcset=\"https:\/\/www.tgrthaber.com\/mavikadin\/wp-content\/uploads\/2026\/03\/5512-gelinim-mutfaktanin-sunucusu-asli-hunel-kiminle-evli-esi-kim.webp 1280w, https:\/\/www.tgrthaber.com\/mavikadin\/wp-content\/uploads\/2026\/03\/5512-gelinim-mutfaktanin-sunucusu-asli-hunel-kiminle-evli-esi-kim-300x169.webp 300w, https:\/\/www.tgrthaber.com\/mavikadin\/wp-content\/uploads\/2026\/03\/5512-gelinim-mutfaktanin-sunucusu-asli-hunel-kiminle-evli-esi-kim-1024x576.webp 1024w, https:\/\/www.tgrthaber.com\/mavikadin\/wp-content\/uploads\/2026\/03\/5512-gelinim-mutfaktanin-sunucusu-asli-hunel-kiminle-evli-esi-kim-768x432.webp 768w\" sizes=\"(max-width: 1280px) 100vw, 1280px\" \/><\/p>\n<hr \/>\n<p>Yeni haftaya damga vuran Emre Bey ve M\u00fcr\u00fcvet Han\u0131m, t\u00fcm dengeleri de\u011fi\u015ftirebilecekken, g\u00fcn\u00fcn \u00e7eyrek alt\u0131n\u0131n\u0131 kimin ald\u0131\u011f\u0131 da merakla ara\u015ft\u0131r\u0131l\u0131yor.<br \/>\nPeki Gelinim Mutfakta \u00e7eyrek alt\u0131n\u0131 alan gelin belli oldu mu?<\/p>\n<p><img loading=\"lazy\" decoding=\"async\" class=\"alignnone wp-image-307573 size-full\" src=\"https:\/\/www.tgrthaber.com\/mavikadin\/wp-content\/uploads\/2026\/03\/68062cf18e641070315311ff.webp\" alt=\"\" width=\"1200\" height=\"630\" title=\"\" srcset=\"https:\/\/www.tgrthaber.com\/mavikadin\/wp-content\/uploads\/2026\/03\/68062cf18e641070315311ff.webp 1200w, https:\/\/www.tgrthaber.com\/mavikadin\/wp-content\/uploads\/2026\/03\/68062cf18e641070315311ff-300x158.webp 300w, https:\/\/www.tgrthaber.com\/mavikadin\/wp-content\/uploads\/2026\/03\/68062cf18e641070315311ff-1024x538.webp 1024w, https:\/\/www.tgrthaber.com\/mavikadin\/wp-content\/uploads\/2026\/03\/68062cf18e641070315311ff-768x403.webp 768w\" sizes=\"(max-width: 1200px) 100vw, 1200px\" \/><\/p>\n<hr \/>\n<p><a href=\"https:\/\/www.tgrthaber.com\/mavikadin\/gelinim-mutfakta-ayten-studyoda-fenalasti-asli-huneli-panikleten-o-anlar\/\">Gelinim Mutfakta<\/a>&#8216;da hen\u00fcz puanlamalar yap\u0131ld\u0131, \u00e7eyrek alt\u0131n sahibini buldu. Gelinim Mutfakta&#8217;n\u0131n yeni yar\u0131\u015fmac\u0131s\u0131 Emre Bey en y\u00fcksek puan\u0131 alarak\u00a0 \u00e7eyrek alt\u0131n\u0131 yakas\u0131na takan isim oldu.<\/p>\n<p><img loading=\"lazy\" decoding=\"async\" class=\"alignnone wp-image-307574 size-full\" src=\"https:\/\/www.tgrthaber.com\/mavikadin\/wp-content\/uploads\/2026\/03\/Ekran-goruntusu-2026-03-02-162005.png\" alt=\"\" width=\"1919\" height=\"1079\" title=\"\" srcset=\"https:\/\/www.tgrthaber.com\/mavikadin\/wp-content\/uploads\/2026\/03\/Ekran-goruntusu-2026-03-02-162005.png 1919w, https:\/\/www.tgrthaber.com\/mavikadin\/wp-content\/uploads\/2026\/03\/Ekran-goruntusu-2026-03-02-162005-300x169.png 300w, https:\/\/www.tgrthaber.com\/mavikadin\/wp-content\/uploads\/2026\/03\/Ekran-goruntusu-2026-03-02-162005-1024x576.png 1024w, https:\/\/www.tgrthaber.com\/mavikadin\/wp-content\/uploads\/2026\/03\/Ekran-goruntusu-2026-03-02-162005-768x432.png 768w, https:\/\/www.tgrthaber.com\/mavikadin\/wp-content\/uploads\/2026\/03\/Ekran-goruntusu-2026-03-02-162005-1536x864.png 1536w\" sizes=\"(max-width: 1919px) 100vw, 1919px\" \/><\/p>\n<hr \/>\n<h3>GEL\u0130N\u0130M MUTFAKTA PAZARTES\u0130 PUAN TABLOSU<\/h3>\n<p><a href=\"https:\/\/www.tgrthaber.com\/mavikadin\/gelinim-mutfakta-4-mart-2026-ceyrek-altini-kim-aldi-gelinim-mutfakta-kim-birinci-oldu\/\">Gelinim Mutfakta<\/a>&#8216;da rekabet dozunu art\u0131rm\u0131\u015f durumda. Verilen bazlama k\u00f6fteyi en iyi \u015fekilde haz\u0131rlayan yar\u0131\u015fmac\u0131lar, en y\u00fcksek puan\u0131 almak i\u00e7in tezgah ba\u015f\u0131nda ter d\u00f6k\u00fcyor. Dengelerin de\u011fi\u015fti\u011fi yeni haftada g\u00fcm sonu puan tablosu arama motorlar\u0131nda g\u00fcn boyu arat\u0131l\u0131yor.<\/p>\n<p><img loading=\"lazy\" decoding=\"async\" class=\"alignnone wp-image-307572 \" src=\"https:\/\/www.tgrthaber.com\/mavikadin\/wp-content\/uploads\/2026\/03\/6902173c565ce91c6c296145.webp\" alt=\"\" width=\"1267\" height=\"713\" title=\"\" srcset=\"https:\/\/www.tgrthaber.com\/mavikadin\/wp-content\/uploads\/2026\/03\/6902173c565ce91c6c296145.webp 750w, https:\/\/www.tgrthaber.com\/mavikadin\/wp-content\/uploads\/2026\/03\/6902173c565ce91c6c296145-300x169.webp 300w\" sizes=\"(max-width: 1267px) 100vw, 1267px\" \/><\/p>\n<hr \/>\n<p>Asl\u0131 H\u00fcnel&#8217;in ve kay\u0131nvalidelerin tad\u0131m yaparak puan verdi\u011fi tabaklar\u0131 ise bir gelini \u00e7eyrek alt\u0131n sahibi yap\u0131yor. Gelinim Mutfakta&#8217;da puanlama yap\u0131ld\u0131 ve g\u00fcn sonu kazanan ismi Emre olurken, puanlama da \u015fekillendi.<\/p>\n<p><img loading=\"lazy\" decoding=\"async\" class=\"alignnone wp-image-307650 size-full\" src=\"https:\/\/www.tgrthaber.com\/mavikadin\/wp-content\/uploads\/2026\/03\/Ekran-goruntusu-2026-03-09-162059.png\" alt=\"\" width=\"1844\" height=\"968\" title=\"\" srcset=\"https:\/\/www.tgrthaber.com\/mavikadin\/wp-content\/uploads\/2026\/03\/Ekran-goruntusu-2026-03-09-162059.png 1844w, https:\/\/www.tgrthaber.com\/mavikadin\/wp-content\/uploads\/2026\/03\/Ekran-goruntusu-2026-03-09-162059-300x157.png 300w, https:\/\/www.tgrthaber.com\/mavikadin\/wp-content\/uploads\/2026\/03\/Ekran-goruntusu-2026-03-09-162059-1024x538.png 1024w, https:\/\/www.tgrthaber.com\/mavikadin\/wp-content\/uploads\/2026\/03\/Ekran-goruntusu-2026-03-09-162059-768x403.png 768w, https:\/\/www.tgrthaber.com\/mavikadin\/wp-content\/uploads\/2026\/03\/Ekran-goruntusu-2026-03-09-162059-1536x806.png 1536w\" sizes=\"(max-width: 1844px) 100vw, 1844px\" \/><\/p>\n<hr \/>\n<p>Emre &#8211; 15<\/p>\n<p>Ayten &#8211; 14<\/p>\n<p><img loading=\"lazy\" decoding=\"async\" class=\"alignnone wp-image-307649 size-full\" src=\"https:\/\/www.tgrthaber.com\/mavikadin\/wp-content\/uploads\/2026\/03\/Ekran-goruntusu-2026-03-09-162251.png\" alt=\"\" width=\"1919\" height=\"1079\" title=\"\" srcset=\"https:\/\/www.tgrthaber.com\/mavikadin\/wp-content\/uploads\/2026\/03\/Ekran-goruntusu-2026-03-09-162251.png 1919w, https:\/\/www.tgrthaber.com\/mavikadin\/wp-content\/uploads\/2026\/03\/Ekran-goruntusu-2026-03-09-162251-300x169.png 300w, https:\/\/www.tgrthaber.com\/mavikadin\/wp-content\/uploads\/2026\/03\/Ekran-goruntusu-2026-03-09-162251-1024x576.png 1024w, https:\/\/www.tgrthaber.com\/mavikadin\/wp-content\/uploads\/2026\/03\/Ekran-goruntusu-2026-03-09-162251-768x432.png 768w, https:\/\/www.tgrthaber.com\/mavikadin\/wp-content\/uploads\/2026\/03\/Ekran-goruntusu-2026-03-09-162251-1536x864.png 1536w\" sizes=\"(max-width: 1919px) 100vw, 1919px\" \/><\/p>\n<hr \/>\n<p>Tu\u011fba &#8211; 13<\/p>\n<p>Alime &#8211; 10<\/p>\n<p><img loading=\"lazy\" decoding=\"async\" class=\"alignnone wp-image-307575 size-full\" src=\"https:\/\/www.tgrthaber.com\/mavikadin\/wp-content\/uploads\/2026\/03\/Ekran-goruntusu-2026-02-25-180234.png\" alt=\"\" width=\"1610\" height=\"827\" title=\"\" srcset=\"https:\/\/www.tgrthaber.com\/mavikadin\/wp-content\/uploads\/2026\/03\/Ekran-goruntusu-2026-02-25-180234.png 1610w, https:\/\/www.tgrthaber.com\/mavikadin\/wp-content\/uploads\/2026\/03\/Ekran-goruntusu-2026-02-25-180234-300x154.png 300w, https:\/\/www.tgrthaber.com\/mavikadin\/wp-content\/uploads\/2026\/03\/Ekran-goruntusu-2026-02-25-180234-1024x526.png 1024w, https:\/\/www.tgrthaber.com\/mavikadin\/wp-content\/uploads\/2026\/03\/Ekran-goruntusu-2026-02-25-180234-768x394.png 768w, https:\/\/www.tgrthaber.com\/mavikadin\/wp-content\/uploads\/2026\/03\/Ekran-goruntusu-2026-02-25-180234-1536x789.png 1536w\" sizes=\"(max-width: 1610px) 100vw, 1610px\" \/><\/p>\n<hr \/>\n<h3>GEL\u0130N\u0130M MUTFAKTA 6 MART CUMA 10 ALTIN B\u0130LEZ\u0130\u011e\u0130 K\u0130M ALDI?<\/h3>\n<p>Gelinim Mutfakta&#8217;da Cuma g\u00fcn\u00fc 10 alt\u0131n bilezi\u011fin sahibi Tu\u011fba oldu. \u0130\u015fte haftal\u0131k performans tablosu&#8230;<\/p>\n<p>Tu\u011fba &#8211; 84<\/p>\n<p>Ayten &#8211; 77<\/p>\n<p>Alime &#8211; 59<\/p>\n<p>B\u00fc\u015fra &#8211; 55<\/p>\n<p><img loading=\"lazy\" decoding=\"async\" class=\"alignnone wp-image-307576 size-full\" src=\"https:\/\/www.tgrthaber.com\/mavikadin\/wp-content\/uploads\/2026\/03\/Ekran-goruntusu-2026-03-03-200722-1.png\" alt=\"\" width=\"1919\" height=\"1079\" title=\"\" srcset=\"https:\/\/www.tgrthaber.com\/mavikadin\/wp-content\/uploads\/2026\/03\/Ekran-goruntusu-2026-03-03-200722-1.png 1919w, https:\/\/www.tgrthaber.com\/mavikadin\/wp-content\/uploads\/2026\/03\/Ekran-goruntusu-2026-03-03-200722-1-300x169.png 300w, https:\/\/www.tgrthaber.com\/mavikadin\/wp-content\/uploads\/2026\/03\/Ekran-goruntusu-2026-03-03-200722-1-1024x576.png 1024w, https:\/\/www.tgrthaber.com\/mavikadin\/wp-content\/uploads\/2026\/03\/Ekran-goruntusu-2026-03-03-200722-1-768x432.png 768w, https:\/\/www.tgrthaber.com\/mavikadin\/wp-content\/uploads\/2026\/03\/Ekran-goruntusu-2026-03-03-200722-1-1536x864.png 1536w\" sizes=\"(max-width: 1919px) 100vw, 1919px\" \/><\/p>\n<hr \/>\n<h3>GEL\u0130N\u0130M MUTFAKTA 6 MART CUMA K\u0130M ELEND\u0130?<\/h3>\n<p>Gelinim Mutfakta&#8217;ya ge\u00e7en hafta veda eden isim B\u00fc\u015fra oldu. B\u00fc\u015fra ve kay\u0131nvalidesi Emine Han\u0131m 6 Mart Cuma yar\u0131\u015fmadan ayr\u0131ld\u0131lar.<\/p>\n","protected":false},"excerpt":{"rendered":"<p>Kanal D ekranlar\u0131n\u0131n fenomen yar\u0131\u015fma program\u0131 Gelinim Mutfakta&#8217;n\u0131n 9 &#8211; 13 Mart haftas\u0131na giri\u015f yap\u0131ld\u0131. Yeni haftan\u0131n ilk g\u00fcn\u00fc \u00e7eyrek alt\u0131n\u0131 alan gelin de olduk\u00e7a merak ediliyor. Peki Gelinim Mutfakta 9 Mart 2026 Pazartesi \u00e7eyrek alt\u0131n\u0131 kim ald\u0131? Gelinim Mutfakta g\u00fcn birincisi a\u00e7\u0131kland\u0131 m\u0131, puan tablosu olu\u015ftu mu? \u0130\u015fte Gelinim Mutfakta&#8217;n\u0131n yeni haftas\u0131na dair merak edilen t\u00fcm detaylar&#8230;<\/p>\n","protected":false},"author":35,"featured_media":307570,"comment_status":"closed","ping_status":"closed","sticky":false,"template":"","format":"standard","meta":{"rank_math_lock_modified_date":false,"footnotes":""},"categories":[101],"tags":[24691,7578,73188,2766,73189],"class_list":["post-307569","post","type-post","status-publish","format-standard","has-post-thumbnail","hentry","category-kesfet","tag-ceyrek-altin","tag-gelinim-mutfakta","tag-gelinim-mutfakta-9-mart-2026","tag-kanal-d","tag-magzin"],"_links":{"self":[{"href":"https:\/\/www.tgrthaber.com\/mavikadin\/wp-json\/wp\/v2\/posts\/307569"}],"collection":[{"href":"https:\/\/www.tgrthaber.com\/mavikadin\/wp-json\/wp\/v2\/posts"}],"about":[{"href":"https:\/\/www.tgrthaber.com\/mavikadin\/wp-json\/wp\/v2\/types\/post"}],"author":[{"embeddable":true,"href":"https:\/\/www.tgrthaber.com\/mavikadin\/wp-json\/wp\/v2\/users\/35"}],"replies":[{"embeddable":true,"href":"https:\/\/www.tgrthaber.com\/mavikadin\/wp-json\/wp\/v2\/comments?post=307569"}],"version-history":[{"count":4,"href":"https:\/\/www.tgrthaber.com\/mavikadin\/wp-json\/wp\/v2\/posts\/307569\/revisions"}],"predecessor-version":[{"id":307651,"href":"https:\/\/www.tgrthaber.com\/mavikadin\/wp-json\/wp\/v2\/posts\/307569\/revisions\/307651"}],"wp:featuredmedia":[{"embeddable":true,"href":"https:\/\/www.tgrthaber.com\/mavikadin\/wp-json\/wp\/v2\/media\/307570"}],"wp:attachment":[{"href":"https:\/\/www.tgrthaber.com\/mavikadin\/wp-json\/wp\/v2\/media?parent=307569"}],"wp:term":[{"taxonomy":"category","embeddable":true,"href":"https:\/\/www.tgrthaber.com\/mavikadin\/wp-json\/wp\/v2\/categories?post=307569"},{"taxonomy":"post_tag","embeddable":true,"href":"https:\/\/www.tgrthaber.com\/mavikadin\/wp-json\/wp\/v2\/tags?post=307569"}],"curies":[{"name":"wp","href":"https:\/\/api.w.org\/{rel}","templated":true}]}}