{"id":307756,"date":"2026-03-10T08:13:24","date_gmt":"2026-03-10T05:13:24","guid":{"rendered":"https:\/\/www.tgrthaber.com\/mavikadin\/?p=307756"},"modified":"2026-03-10T08:21:22","modified_gmt":"2026-03-10T05:21:22","slug":"hacivat-ile-karagoz-neden-olduruldu-setinden-yillar-sonra-paylasilan-goruntuler-gundem-oldu","status":"publish","type":"post","link":"https:\/\/www.tgrthaber.com\/mavikadin\/hacivat-ile-karagoz-neden-olduruldu-setinden-yillar-sonra-paylasilan-goruntuler-gundem-oldu\/","title":{"rendered":"Hacivat ile Karag\u00f6z Neden \u00d6ld\u00fcr\u00fcld\u00fc? film setinden g\u00f6r\u00fcnt\u00fcler g\u00fcndem oldu! Y\u0131llar sonra payla\u015f\u0131ld\u0131"},"content":{"rendered":"<p>T\u00fcrk sinemas\u0131nda \u00f6zg\u00fcn anlat\u0131m diliyle \u00f6ne \u00e7\u0131kan <a href=\"https:\/\/www.tgrthaber.com\/mavikadin\/beyaz-show-2026da-basliyor-mu-beyaz-show-ne-zaman-basliyor\/\">Hacivat ile Karag\u00f6z Neden \u00d6ld\u00fcr\u00fcld\u00fc<\/a>? filminin kamera arkas\u0131 g\u00f6r\u00fcnt\u00fcleri y\u0131llar sonra ortaya \u00e7\u0131kt\u0131. 2006 y\u0131l\u0131nda vizyona giren filmin y\u0131llar \u00f6nceki g\u00f6r\u00fcnt\u00fcleri, filmin set atmosferini ve \u00e7ekim s\u00fcrecinde ya\u015fanan anlar\u0131 yeniden g\u00fcndeme getirdi.<\/p>\n<h3>\u201cHAC\u0130VAT \u0130LE KARAG\u00d6Z NEDEN \u00d6LD\u00dcR\u00dcLD\u00dc?\u201d YILLAR SONRA G\u00dcNDEM OLDU<\/h3>\n<p>Sosyal medyada payla\u015f\u0131lan kamera arkas\u0131 g\u00f6r\u00fcnt\u00fclerinde, <a href=\"https:\/\/www.tgrthaber.com\/mavikadin\/beyazla-joker-programinda-beyaz-show-aciklamasi-geldi-beyazit-ozturk-mujdeyi-boyle-duyurdu\/\">Hacivat ile Karag\u00f6z Neden \u00d6ld\u00fcr\u00fcld\u00fc?<\/a> film ekibinin \u00e7ekimler s\u0131ras\u0131nda ya\u015fad\u0131\u011f\u0131 anlar, set haz\u0131rl\u0131klar\u0131 ve sahne aralar\u0131 yer al\u0131yor. G\u00f6r\u00fcnt\u00fclerde oyuncular\u0131n samimi diyaloglar\u0131 ve set ekibinin yo\u011fun \u00e7al\u0131\u015fma temposu da dikkat \u00e7ekiyor.<\/p>\n<div style=\"width: 640px;\" class=\"wp-video\"><!--[if lt IE 9]><script>document.createElement('video');<\/script><![endif]-->\n<video class=\"wp-video-shortcode\" id=\"video-307756-1\" width=\"640\" height=\"398\" preload=\"metadata\" controls=\"controls\"><source type=\"video\/mp4\" src=\"https:\/\/www.tgrthaber.com\/mavikadin\/wp-content\/uploads\/2026\/03\/Adsiz-tasarim-1.mp4?_=1\" \/><a href=\"https:\/\/www.tgrthaber.com\/mavikadin\/wp-content\/uploads\/2026\/03\/Adsiz-tasarim-1.mp4\">https:\/\/www.tgrthaber.com\/mavikadin\/wp-content\/uploads\/2026\/03\/Adsiz-tasarim-1.mp4<\/a><\/video><\/div>\n<hr \/>\n<p>Film setinde kullan\u0131lan dekorlar, kost\u00fcmler ve d\u00f6nemi yans\u0131tan sahne tasar\u0131mlar\u0131n\u0131n nas\u0131l haz\u0131rland\u0131\u011f\u0131 da kamera arkas\u0131na yans\u0131yan detaylar aras\u0131nda bulunuyor.<\/p>\n<h3>\u0130K\u0130 G\u00dc\u00c7L\u00dc \u0130S\u0130M AYNI F\u0130LMDE<\/h3>\n<p>Filmin ba\u015frollerinde usta oyuncu Haluk Bilginer ile televizyon d\u00fcnyas\u0131n\u0131n sevilen isimlerinden Beyaz\u0131t \u00d6zt\u00fcrk yer al\u0131yor. \u0130kilinin performans\u0131, filmin vizyona girdi\u011fi d\u00f6nemde hem ele\u015ftirmenlerden hem de izleyicilerden b\u00fcy\u00fck ilgi g\u00f6rm\u00fc\u015ft\u00fc.<\/p>\n<p><img loading=\"lazy\" decoding=\"async\" class=\"aligncenter size-full wp-image-307759\" src=\"https:\/\/www.tgrthaber.com\/mavikadin\/wp-content\/uploads\/2026\/03\/Hacivat-2.webp\" alt=\"\" width=\"1504\" height=\"846\" title=\"\" srcset=\"https:\/\/www.tgrthaber.com\/mavikadin\/wp-content\/uploads\/2026\/03\/Hacivat-2.webp 1504w, https:\/\/www.tgrthaber.com\/mavikadin\/wp-content\/uploads\/2026\/03\/Hacivat-2-300x169.webp 300w, https:\/\/www.tgrthaber.com\/mavikadin\/wp-content\/uploads\/2026\/03\/Hacivat-2-1024x576.webp 1024w, https:\/\/www.tgrthaber.com\/mavikadin\/wp-content\/uploads\/2026\/03\/Hacivat-2-768x432.webp 768w\" sizes=\"(max-width: 1504px) 100vw, 1504px\" \/><\/p>\n<hr \/>\n<p>Osmanl\u0131 d\u00f6neminin \u00fcnl\u00fc g\u00f6lge oyunu karakterleri Hacivat ve Karag\u00f6z\u2019\u00fcn hik\u00e2yesini farkl\u0131 bir bak\u0131\u015f a\u00e7\u0131s\u0131yla ele alan film, d\u00f6nem atmosferini yans\u0131tan anlat\u0131m\u0131yla da dikkat \u00e7ekmi\u015fti.<\/p>\n<h3>SOSYAL MEDYADA NOSTALJ\u0130K \u0130LG\u0130<\/h3>\n<p>Y\u0131llar sonra ortaya \u00e7\u0131kan kamera arkas\u0131 g\u00f6r\u00fcnt\u00fcleri, \u00f6zellikle filmi izleyenler aras\u0131nda nostaljik bir etki yapt\u0131. Sosyal medya kullan\u0131c\u0131lar\u0131 g\u00f6r\u00fcnt\u00fclere yo\u011fun ilgi g\u00f6sterirken, film yeniden konu\u015fulmaya ba\u015flad\u0131.<\/p>\n<p><img loading=\"lazy\" decoding=\"async\" class=\"aligncenter size-full wp-image-307760\" src=\"https:\/\/www.tgrthaber.com\/mavikadin\/wp-content\/uploads\/2026\/03\/Hacivat-2.jpg\" alt=\"\" width=\"1000\" height=\"664\" title=\"\" srcset=\"https:\/\/www.tgrthaber.com\/mavikadin\/wp-content\/uploads\/2026\/03\/Hacivat-2.jpg 1000w, https:\/\/www.tgrthaber.com\/mavikadin\/wp-content\/uploads\/2026\/03\/Hacivat-2-300x199.jpg 300w, https:\/\/www.tgrthaber.com\/mavikadin\/wp-content\/uploads\/2026\/03\/Hacivat-2-768x510.jpg 768w\" sizes=\"(max-width: 1000px) 100vw, 1000px\" \/><\/p>\n<hr \/>\n<p>T\u00fcrk sinemas\u0131n\u0131n dikkat \u00e7eken yap\u0131mlar\u0131ndan biri olarak g\u00f6sterilen film, oyuncu performanslar\u0131 ve farkl\u0131 anlat\u0131m tarz\u0131yla vizyona girdi\u011fi d\u00f6nemde geni\u015f bir izleyici kitlesine ula\u015fm\u0131\u015ft\u0131.<\/p>\n<h3>\u201cHAC\u0130VAT KARAG\u00d6Z NEDEN \u00d6LD\u00dcR\u00dcLD\u00dc?\u201d F\u0130LM\u0130N\u0130N KONUSU<\/h3>\n<p>14. y\u00fczy\u0131l Bursa\u2019s\u0131nda Osmanl\u0131\u2019n\u0131n ilk d\u00f6nemleri\u2026 \u015eehrin in\u015faatlar\u0131, camiler ve saraylarla y\u00fckselirken, halk\u0131n g\u00fcndelik ya\u015fam\u0131na renk katan iki fig\u00fcr ortaya \u00e7\u0131kar: Hacivat ve Karag\u00f6z. Biri bilgili, kibar ve s\u00f6z ustas\u0131, di\u011feri saf, dobra ve halktan biri\u2026 \u0130kili, kar\u015f\u0131tl\u0131klar\u0131yla komik ama unutulmaz bir uyum yakalar.<\/p>\n<p><img loading=\"lazy\" decoding=\"async\" class=\"aligncenter size-full wp-image-307761\" src=\"https:\/\/www.tgrthaber.com\/mavikadin\/wp-content\/uploads\/2026\/03\/Hacivat-3.jpg\" alt=\"\" width=\"1504\" height=\"1000\" title=\"\" srcset=\"https:\/\/www.tgrthaber.com\/mavikadin\/wp-content\/uploads\/2026\/03\/Hacivat-3.jpg 1504w, https:\/\/www.tgrthaber.com\/mavikadin\/wp-content\/uploads\/2026\/03\/Hacivat-3-300x199.jpg 300w, https:\/\/www.tgrthaber.com\/mavikadin\/wp-content\/uploads\/2026\/03\/Hacivat-3-1024x681.jpg 1024w, https:\/\/www.tgrthaber.com\/mavikadin\/wp-content\/uploads\/2026\/03\/Hacivat-3-768x511.jpg 768w\" sizes=\"(max-width: 1504px) 100vw, 1504px\" \/><\/p>\n<hr \/>\n<p>Ba\u015flang\u0131\u00e7ta s\u0131radan bir dostluk gibi g\u00f6r\u00fcnen bu ili\u015fki, k\u0131sa s\u00fcrede \u015fehrin in\u015faat\u0131n\u0131 y\u00fcr\u00fcten i\u015f\u00e7ilerin dikkatini \u00e7eker. Hacivat ile Karag\u00f6z\u2019\u00fcn esprili sohbetleri, i\u015f\u00e7ilerin i\u015flerini aksatmalar\u0131na neden olur. \u0130n\u015faat gecikir, y\u00f6neticiler rahats\u0131z olur ve ortaya trajikomik bir karar \u00e7\u0131kar: Hacivat ve Karag\u00f6z\u2019\u00fcn \u00f6l\u00fcm\u00fc.<\/p>\n<p><img loading=\"lazy\" decoding=\"async\" class=\"aligncenter size-full wp-image-307762\" src=\"https:\/\/www.tgrthaber.com\/mavikadin\/wp-content\/uploads\/2026\/03\/Hacivat-1.jpg\" alt=\"\" width=\"1200\" height=\"800\" title=\"\" srcset=\"https:\/\/www.tgrthaber.com\/mavikadin\/wp-content\/uploads\/2026\/03\/Hacivat-1.jpg 1200w, https:\/\/www.tgrthaber.com\/mavikadin\/wp-content\/uploads\/2026\/03\/Hacivat-1-300x200.jpg 300w, https:\/\/www.tgrthaber.com\/mavikadin\/wp-content\/uploads\/2026\/03\/Hacivat-1-1024x683.jpg 1024w, https:\/\/www.tgrthaber.com\/mavikadin\/wp-content\/uploads\/2026\/03\/Hacivat-1-768x512.jpg 768w\" sizes=\"(max-width: 1200px) 100vw, 1200px\" \/><\/p>\n<hr \/>\n<p>Film, sadece bir komedi de\u011fil iktidar-halk ili\u015fkisi, \u00f6zg\u00fcr d\u00fc\u015f\u00fcncenin s\u0131n\u0131rlar\u0131 ve mizah\u0131n g\u00fcc\u00fcn\u00fc sorgulayan bir tarihsel drama sunar. \u00d6l\u00fcm karar\u0131n\u0131n ard\u0131ndan halk\u0131n duydu\u011fu \u00fcz\u00fcnt\u00fc, onlar\u0131 efsanevi birer fig\u00fcr h\u00e2line getirir ve g\u00f6lge oyunu olarak bilinen Karag\u00f6z-Hacivat tiyatrosu do\u011far.<\/p>\n","protected":false},"excerpt":{"rendered":"<p>2006 y\u0131l\u0131nda vizyona giren ve T\u00fcrk sinemas\u0131nda \u00f6zg\u00fcn anlat\u0131m diliyle dikkat \u00e7eken Hacivat ile Karag\u00f6z Neden \u00d6ld\u00fcr\u00fcld\u00fc? filminin kamera arkas\u0131 g\u00f6r\u00fcnt\u00fcleri y\u0131llar sonra payla\u015f\u0131ld\u0131. Ortaya \u00e7\u0131kan g\u00f6r\u00fcnt\u00fcler, filmin set ortam\u0131n\u0131 ve \u00e7ekim s\u00fcrecinde ya\u015fanan anlar\u0131 yeniden g\u00fcndeme ta\u015f\u0131d\u0131.<\/p>\n","protected":false},"author":5,"featured_media":307757,"comment_status":"closed","ping_status":"closed","sticky":false,"template":"","format":"standard","meta":{"rank_math_lock_modified_date":false,"footnotes":""},"categories":[76],"tags":[2377,73206,73205],"class_list":["post-307756","post","type-post","status-publish","format-standard","has-post-thumbnail","hentry","category-magazin","tag-beyazit-ozturk","tag-hacivat-ile-karagoz","tag-hacivat-ile-karagoz-neden-olduruldu"],"_links":{"self":[{"href":"https:\/\/www.tgrthaber.com\/mavikadin\/wp-json\/wp\/v2\/posts\/307756"}],"collection":[{"href":"https:\/\/www.tgrthaber.com\/mavikadin\/wp-json\/wp\/v2\/posts"}],"about":[{"href":"https:\/\/www.tgrthaber.com\/mavikadin\/wp-json\/wp\/v2\/types\/post"}],"author":[{"embeddable":true,"href":"https:\/\/www.tgrthaber.com\/mavikadin\/wp-json\/wp\/v2\/users\/5"}],"replies":[{"embeddable":true,"href":"https:\/\/www.tgrthaber.com\/mavikadin\/wp-json\/wp\/v2\/comments?post=307756"}],"version-history":[{"count":3,"href":"https:\/\/www.tgrthaber.com\/mavikadin\/wp-json\/wp\/v2\/posts\/307756\/revisions"}],"predecessor-version":[{"id":307766,"href":"https:\/\/www.tgrthaber.com\/mavikadin\/wp-json\/wp\/v2\/posts\/307756\/revisions\/307766"}],"wp:featuredmedia":[{"embeddable":true,"href":"https:\/\/www.tgrthaber.com\/mavikadin\/wp-json\/wp\/v2\/media\/307757"}],"wp:attachment":[{"href":"https:\/\/www.tgrthaber.com\/mavikadin\/wp-json\/wp\/v2\/media?parent=307756"}],"wp:term":[{"taxonomy":"category","embeddable":true,"href":"https:\/\/www.tgrthaber.com\/mavikadin\/wp-json\/wp\/v2\/categories?post=307756"},{"taxonomy":"post_tag","embeddable":true,"href":"https:\/\/www.tgrthaber.com\/mavikadin\/wp-json\/wp\/v2\/tags?post=307756"}],"curies":[{"name":"wp","href":"https:\/\/api.w.org\/{rel}","templated":true}]}}