{"id":307773,"date":"2026-03-10T10:37:37","date_gmt":"2026-03-10T07:37:37","guid":{"rendered":"https:\/\/www.tgrthaber.com\/mavikadin\/?p=307773"},"modified":"2026-03-10T10:37:37","modified_gmt":"2026-03-10T07:37:37","slug":"2026-yilinda-en-cok-tercih-edilen-altin-ajda-bilezik-modelleri-her-gelinin-hayali","status":"publish","type":"post","link":"https:\/\/www.tgrthaber.com\/mavikadin\/2026-yilinda-en-cok-tercih-edilen-altin-ajda-bilezik-modelleri-her-gelinin-hayali\/","title":{"rendered":"2026 y\u0131l\u0131nda en \u00e7ok tercih edilen alt\u0131n ajda bilezik modelleri! Her gelinin hayali"},"content":{"rendered":"<p>2026 y\u0131l\u0131nda <a href=\"https:\/\/www.tgrthaber.com\/mavikadin\/gelinim-mutfakta-bugun-ceyrek-altini-kim-aldi-gelinim-mutfakta-10-mart-2026-sali-kim-birinci-oldu\/\">alt\u0131n<\/a> tak\u0131 trendlerinde Ajda bilezik modelleri yine dikkat \u00e7eken tercihler aras\u0131nda yer al\u0131yor. Zarif tasar\u0131mlar\u0131, \u015f\u0131kl\u0131\u011f\u0131 ve yat\u0131r\u0131m de\u011feriyle \u00f6ne \u00e7\u0131kan Ajda bilezikler, \u00f6zellikle d\u00fc\u011f\u00fcn sezonun yakla\u015fmas\u0131yla gelinlerin en \u00e7ok tercih etti\u011fi tak\u0131lar aras\u0131nda yer al\u0131yor. Her gelinin hayalini s\u00fcsleyen 2026 y\u0131l\u0131nda en \u00e7ok tercih edilen ajda bilezik modellerini sizler i\u00e7in ara\u015ft\u0131rd\u0131k. \u0130\u015fte detaylar&#8230;<\/p>\n<h3>AJDA B\u0130LEZ\u0130K NED\u0130R?<\/h3>\n<p>Ajda bilezikler, ince i\u015f\u00e7ilikle tasarlanan zarif yap\u0131lar\u0131 ve farkl\u0131 ayar se\u00e7enekleriyle <a href=\"https:\/\/www.tgrthaber.com\/mavikadin\/gelinim-mutfakta-9-mart-2026-ceyrek-altini-kim-aldi-gelinim-mutfakta-pazartesi-puan-tablosu\/\">alt\u0131n<\/a> tak\u0131 d\u00fcnyas\u0131nda \u00f6zel bir yere sahiptir. Ajda bilezikler, hem estetik hem de b\u00fct\u00e7eye uygunluk a\u00e7\u0131s\u0131ndan geni\u015f bir yelpaze sunar.2026 y\u0131l\u0131nda en \u00e7ok tercih edilen alt\u0131n Ajda bilezik modelleri, hem yat\u0131r\u0131m hem de zarafet sunan 22 ayar kibrit \u00e7\u00f6p\u00fc, ince tasar\u0131mlar, y\u0131ld\u0131zl\u0131, ba\u015fak ve klasik d\u00fcz modeller olarak ba\u015fl\u0131ca yer almaktad\u0131r.<\/p>\n<p><img loading=\"lazy\" decoding=\"async\" class=\"alignnone size-full wp-image-307814\" src=\"https:\/\/www.tgrthaber.com\/mavikadin\/wp-content\/uploads\/2026\/03\/Asli-2026-03-10T100759.015.png\" alt=\"\" width=\"1208\" height=\"680\" title=\"\" srcset=\"https:\/\/www.tgrthaber.com\/mavikadin\/wp-content\/uploads\/2026\/03\/Asli-2026-03-10T100759.015.png 1208w, https:\/\/www.tgrthaber.com\/mavikadin\/wp-content\/uploads\/2026\/03\/Asli-2026-03-10T100759.015-300x169.png 300w, https:\/\/www.tgrthaber.com\/mavikadin\/wp-content\/uploads\/2026\/03\/Asli-2026-03-10T100759.015-1024x576.png 1024w, https:\/\/www.tgrthaber.com\/mavikadin\/wp-content\/uploads\/2026\/03\/Asli-2026-03-10T100759.015-768x432.png 768w\" sizes=\"(max-width: 1208px) 100vw, 1208px\" \/><\/p>\n<hr \/>\n<p>\u015e\u0131kl\u0131\u011f\u0131 ve \u00e7ok y\u00f6nl\u00fcl\u00fc\u011f\u00fc ile dikkat \u00e7eken bu bilezikler, \u00f6zellikle i\u015f\u00e7iliksiz veya d\u00fc\u015f\u00fck i\u015f\u00e7ilikli olmas\u0131 sebebiyle yat\u0131r\u0131ma uygun olmas\u0131yla al\u0131c\u0131lar ve ara\u015ft\u0131ranlar i\u00e7in modern ve \u015f\u0131k birer alternatifler sunuyor. Ajda bilezik, \u00f6zellikle \u015f\u0131k tasar\u0131m\u0131, dayan\u0131kl\u0131l\u0131\u011f\u0131 ve zarif g\u00f6r\u00fcnt\u00fcs\u00fc ile \u00f6ne \u00e7\u0131kan alt\u0131n bilezik modellerinden biridir. Genellikle 8 ayar, 14 ayar ve 22 ayar olarak \u00fcretilir. E\u011fer g\u00fcnl\u00fck kullan\u0131ma uygun, g\u00f6steri\u015fli ama ayn\u0131 zamanda sade bir bilezik arayanlar i\u00e7in \u00e7ok uygun.<\/p>\n<p><img loading=\"lazy\" decoding=\"async\" class=\"alignnone size-full wp-image-307815\" src=\"https:\/\/www.tgrthaber.com\/mavikadin\/wp-content\/uploads\/2026\/03\/Asli-2026-03-10T101105.985.png\" alt=\"\" width=\"1208\" height=\"680\" title=\"\" srcset=\"https:\/\/www.tgrthaber.com\/mavikadin\/wp-content\/uploads\/2026\/03\/Asli-2026-03-10T101105.985.png 1208w, https:\/\/www.tgrthaber.com\/mavikadin\/wp-content\/uploads\/2026\/03\/Asli-2026-03-10T101105.985-300x169.png 300w, https:\/\/www.tgrthaber.com\/mavikadin\/wp-content\/uploads\/2026\/03\/Asli-2026-03-10T101105.985-1024x576.png 1024w, https:\/\/www.tgrthaber.com\/mavikadin\/wp-content\/uploads\/2026\/03\/Asli-2026-03-10T101105.985-768x432.png 768w\" sizes=\"(max-width: 1208px) 100vw, 1208px\" \/><\/p>\n<hr \/>\n<h3>2026 YILINDA EN \u00c7OK TERC\u0130H ED\u0130LEN AJDA B\u0130LEZ\u0130K MODELLER\u0130<\/h3>\n<ul>\n<li>\n<h3>K\u0130BR\u0130T \u00c7\u00d6P\u00dc AJDA B\u0130LEZ\u0130K<\/h3>\n<\/li>\n<\/ul>\n<p>Zarif ve ince g\u00f6r\u00fcn\u00fcm\u00fcyle g\u00fcnl\u00fck kullan\u0131ma en uygun modellerdendir.<\/p>\n<ul>\n<li>\n<h3>YILDIZLI AJDA B\u0130LEZ\u0130K<\/h3>\n<\/li>\n<\/ul>\n<p>7 gramdan ba\u015flayan, 14-26 grama kadar \u00e7\u0131kan, fitil \u00fczerine y\u0131ld\u0131z i\u015flemeli 22 ayar modeller.<\/p>\n<ul>\n<li>\n<h3>KLAS\u0130K VE \u0130NCE AJDA B\u0130LEZ\u0130K<\/h3>\n<\/li>\n<\/ul>\n<p>22 ayar, d\u00fcz, i\u015flemesiz veya sade i\u015f\u00e7ilikli modeller hem yat\u0131r\u0131ml\u0131k hem de modern bir duru\u015f sergiler.<\/p>\n<ul>\n<li>\n<h3>BA\u015eAK VE KALEML\u0130 AJDA B\u0130LEZ\u0130K<\/h3>\n<\/li>\n<\/ul>\n<p>Hareketli ve \u0131\u015f\u0131lt\u0131l\u0131 y\u00fczey sevenler i\u00e7in ba\u015fak desenli veya kalem i\u015f\u00e7ilikli 22 ayar se\u00e7enekler.<\/p>\n<p><img loading=\"lazy\" decoding=\"async\" class=\"alignnone size-full wp-image-307816\" src=\"https:\/\/www.tgrthaber.com\/mavikadin\/wp-content\/uploads\/2026\/03\/Asli-2026-03-10T101006.615.png\" alt=\"\" width=\"1208\" height=\"680\" title=\"\" srcset=\"https:\/\/www.tgrthaber.com\/mavikadin\/wp-content\/uploads\/2026\/03\/Asli-2026-03-10T101006.615.png 1208w, https:\/\/www.tgrthaber.com\/mavikadin\/wp-content\/uploads\/2026\/03\/Asli-2026-03-10T101006.615-300x169.png 300w, https:\/\/www.tgrthaber.com\/mavikadin\/wp-content\/uploads\/2026\/03\/Asli-2026-03-10T101006.615-1024x576.png 1024w, https:\/\/www.tgrthaber.com\/mavikadin\/wp-content\/uploads\/2026\/03\/Asli-2026-03-10T101006.615-768x432.png 768w\" sizes=\"(max-width: 1208px) 100vw, 1208px\" \/><\/p>\n<hr \/>\n<ul>\n<li>\n<h3>Z\u0130KZAKLI AJDA B\u0130LEZ\u0130K<\/h3>\n<\/li>\n<\/ul>\n<p>Ajda 22 ayar bileziklerin yeni bir tasar\u0131m\u0131 olan zikzakl\u0131 Ajda bilezikler son zamanlarda kad\u0131nlar aras\u0131nda \u00e7ok\u00e7a pop\u00fclerle\u015fmi\u015ftir. Klasik alt\u0131n Ajda bilezi\u011fin simetrik bir zikzak verilmi\u015f modellerine zikzakl\u0131 Ajda bilezik denmektedir.<\/p>\n<ul>\n<li>\n<h3>BURMALI AJDA B\u0130LEZ\u0130K<\/h3>\n<\/li>\n<\/ul>\n<p>Burmal\u0131 ajda bilezikler \u00e7ok pop\u00fcler olan ikili burma alt\u0131n bileziklerden ilham al\u0131narak Bilezikci Kuyumculuk taraf\u0131ndan tasarlanan modellerdir. \u0130kili burma bilezikler gibi yat\u0131r\u0131ml\u0131k olan burmal\u0131 ajda 22 ayar bilezikler, ajda bilezik trendleri aras\u0131ndad\u0131r.<\/p>\n<ul>\n<li>\n<h3>OLUKLU AJDA B\u0130LEZ\u0130K<\/h3>\n<\/li>\n<\/ul>\n<p>22 ayar oluklu Ajda bilezikler bilinen pop\u00fcler Ajda alt\u0131n bilezi\u011fin en olarak daha kal\u0131n, kal\u0131nl\u0131k olarak daha ince modelleridir. Tarz ve g\u00f6r\u00fcnt\u00fc olarak kibrit \u00e7\u00f6p\u00fc bileziklere daha \u00e7ok benzeyen modellerdir.<\/p>\n<ul>\n<li>\n<h3>KALEML\u0130 AJDA B\u0130LEZ\u0130K<\/h3>\n<\/li>\n<\/ul>\n<p>Kalemli Ajda alt\u0131n bilezikler fitilli Ajda 22 ayar bilezi\u011fin \u00fczerine s\u0131ral\u0131 kalem motifleri i\u015flenerek tasarlanan, bir veya birden fazla adet bir arada kullan\u0131labilen modellerdendir. Dikkat \u00e7ekici ve farkl\u0131 tarz\u0131yla kalemli 22 ayar Ajda bilezikler klasikle\u015fen kanall\u0131 Ajda bileziklere alternatif bir modeldir.<\/p>\n<ul>\n<li>\n<h3>S\u0130ML\u0130 AJDA B\u0130LEZ\u0130K<\/h3>\n<\/li>\n<\/ul>\n<p>Simli Ajda bilezikler, hem modern hem de geleneksel giyim tarzlar\u0131na uyum sa\u011flayan, ve zarif bir g\u00f6r\u00fcn\u00fcm sunan modellerdir. Bu bilezikler, hem kendiniz i\u00e7in hem de sevdiklerinize hediye olarak d\u00fc\u015f\u00fcnebilece\u011finiz g\u00fczel bir se\u00e7enektir.<\/p>\n<ul>\n<li>\n<h3>KR\u0130STAL AJDA B\u0130LEZ\u0130K<\/h3>\n<\/li>\n<\/ul>\n<p>Kristal &#8211; buzul ajda bilezikler par\u0131lt\u0131s\u0131yla dikkat \u00e7eken trend 22 ayar ajda bilezik modellerindendir. 7 gramdan ba\u015flayan kristal ajda bilezikler g\u00f6z al\u0131c\u0131 parlakl\u0131klar\u0131 ve bilekteki g\u00f6r\u00fcnt\u00fcleri sebebiyle bu isimle an\u0131lmaktad\u0131r.<\/p>\n<ul>\n<li>\n<h3>YILDIZLI AJDA B\u0130LEZ\u0130K<\/h3>\n<\/li>\n<\/ul>\n<p>7 gramdan ba\u015flayan y\u0131ld\u0131zl\u0131 22 ayar ajda bilezikler, 14 grama kadar \u00fcretilen trend ajda alt\u0131n bilezik modellerindendir. Klasik fitil \u00fczerine belli aral\u0131klarla at\u0131lan y\u0131ld\u0131zl\u0131 kalem i\u015flemesi bu modeli dikkat \u00e7ekici k\u0131lmaktad\u0131r.<\/p>\n<ul>\n<li>\n<h3>F\u0130T\u0130LL\u0130 AJDA B\u0130LEZ\u0130K<\/h3>\n<\/li>\n<\/ul>\n<p>Fitilli 22 ayar Ajda tel bilezikler klasik alt\u0131n Ajda bilezi\u011fin \u00fczerine \u00e7ift tarafl\u0131 kalem at\u0131lmam\u0131\u015f halidir. G\u00f6r\u00fcnt\u00fc olarak Ajda 22 ayar bilezikler gibi parlak ve dikkat \u00e7ekici bir tarz\u0131 olmasa da 22 ayar Ajda bilezik modelleri aras\u0131nda tercih edilen ve sevilen yat\u0131r\u0131ml\u0131k bilezik modellerindendir.<\/p>\n<p><img loading=\"lazy\" decoding=\"async\" class=\"alignnone size-full wp-image-307817\" src=\"https:\/\/www.tgrthaber.com\/mavikadin\/wp-content\/uploads\/2026\/03\/Asli-2026-03-10T101006.615-1.png\" alt=\"\" width=\"1208\" height=\"680\" title=\"\" srcset=\"https:\/\/www.tgrthaber.com\/mavikadin\/wp-content\/uploads\/2026\/03\/Asli-2026-03-10T101006.615-1.png 1208w, https:\/\/www.tgrthaber.com\/mavikadin\/wp-content\/uploads\/2026\/03\/Asli-2026-03-10T101006.615-1-300x169.png 300w, https:\/\/www.tgrthaber.com\/mavikadin\/wp-content\/uploads\/2026\/03\/Asli-2026-03-10T101006.615-1-1024x576.png 1024w, https:\/\/www.tgrthaber.com\/mavikadin\/wp-content\/uploads\/2026\/03\/Asli-2026-03-10T101006.615-1-768x432.png 768w\" sizes=\"(max-width: 1208px) 100vw, 1208px\" \/><\/p>\n<hr \/>\n<p>2026&#8217;da Ajda bilezikler genellikle 22 ayar tel <a href=\"https:\/\/www.tgrthaber.com\/mavikadin\/altin-yatirimi-yapan-kadinlar-dikkat-savasin-etkisi-gumusu-altini-ucurdu\/\">alt\u0131n<\/a>dan \u00fcretilmekte olup, gramajlar\u0131 yat\u0131r\u0131m ama\u00e7l\u0131 olarak 5 gramdan ba\u015flay\u0131p daha y\u00fcksek a\u011f\u0131rl\u0131klara kadar \u00e7e\u015fitlilik g\u00f6stermektedir. \u015e\u0131k tasar\u0131mlar\u0131 sayesinde g\u00fcn\u00fcn her an\u0131 kullan\u0131labilen bu modeller, hem tak\u0131 hem de yat\u0131r\u0131m arac\u0131 olarak pop\u00fclerli\u011fini korumaktad\u0131r.<\/p>\n<p><img loading=\"lazy\" decoding=\"async\" class=\"alignnone size-full wp-image-307818\" src=\"https:\/\/www.tgrthaber.com\/mavikadin\/wp-content\/uploads\/2026\/03\/Asli-2026-03-10T101240.833.png\" alt=\"\" width=\"1208\" height=\"680\" title=\"\" srcset=\"https:\/\/www.tgrthaber.com\/mavikadin\/wp-content\/uploads\/2026\/03\/Asli-2026-03-10T101240.833.png 1208w, https:\/\/www.tgrthaber.com\/mavikadin\/wp-content\/uploads\/2026\/03\/Asli-2026-03-10T101240.833-300x169.png 300w, https:\/\/www.tgrthaber.com\/mavikadin\/wp-content\/uploads\/2026\/03\/Asli-2026-03-10T101240.833-1024x576.png 1024w, https:\/\/www.tgrthaber.com\/mavikadin\/wp-content\/uploads\/2026\/03\/Asli-2026-03-10T101240.833-768x432.png 768w\" sizes=\"(max-width: 1208px) 100vw, 1208px\" \/><\/p>\n<h3>AJDA B\u0130LEZ\u0130K ALMANIN AVANTAJLARI<\/h3>\n<p>Ajda bilezi\u011fi di\u011fer alt\u0131n bileziklerden ay\u0131ran baz\u0131 \u00f6zel avantajlar var bunlardan baz\u0131lar\u0131 \u015funlard\u0131r:<\/p>\n<ul>\n<li>Yat\u0131r\u0131m ve \u015f\u0131kl\u0131\u011f\u0131 bir arada sunar<\/li>\n<li>Kombine uyumlu \u015f\u0131k g\u00f6r\u00fcn\u00fcm<\/li>\n<li>Dayan\u0131kl\u0131 ve uzun \u00f6m\u00fcrl\u00fc<\/li>\n<li>Fiyat performans a\u00e7\u0131s\u0131ndan avantajl\u0131<\/li>\n<li>Zarif ve dikkat \u00e7ekici tasar\u0131m<\/li>\n<\/ul>\n","protected":false},"excerpt":{"rendered":"<p>Alt\u0131n tak\u0131 modas\u0131nda y\u0131llard\u0131r pop\u00fclerli\u011fini korytan Ajda bilezikler, 2026 y\u0131l\u0131nda da en \u00e7ok tercih edilen modeller aras\u0131nda yerini almaktad\u0131r. G\u00f6steri\u015fli zarif g\u00f6r\u00fcn\u00fcm\u00fc ile detaylar\u0131yla \u00f6ne \u00e7\u0131kan Ajda bilezikler, d\u00fc\u011f\u00fcnlerin vazge\u00e7ilmez tak\u0131lar\u0131 aras\u0131nda yerini almaktad\u0131r. \u015e\u0131kl\u0131\u011f\u0131 ve yat\u0131r\u0131m avantaj\u0131 nedeniyle Ajda bilezikler, her gelinin hayalindeki alt\u0131n tak\u0131lar aras\u0131nda ilk s\u0131ralarda geliyor.<\/p>\n","protected":false},"author":37,"featured_media":307796,"comment_status":"closed","ping_status":"closed","sticky":false,"template":"","format":"standard","meta":{"rank_math_lock_modified_date":false,"footnotes":""},"categories":[101],"tags":[4041,565,247,1523],"class_list":["post-307773","post","type-post","status-publish","format-standard","has-post-thumbnail","hentry","category-kesfet","tag-ajda-bilezik","tag-altin","tag-kesfet","tag-yatirim"],"_links":{"self":[{"href":"https:\/\/www.tgrthaber.com\/mavikadin\/wp-json\/wp\/v2\/posts\/307773"}],"collection":[{"href":"https:\/\/www.tgrthaber.com\/mavikadin\/wp-json\/wp\/v2\/posts"}],"about":[{"href":"https:\/\/www.tgrthaber.com\/mavikadin\/wp-json\/wp\/v2\/types\/post"}],"author":[{"embeddable":true,"href":"https:\/\/www.tgrthaber.com\/mavikadin\/wp-json\/wp\/v2\/users\/37"}],"replies":[{"embeddable":true,"href":"https:\/\/www.tgrthaber.com\/mavikadin\/wp-json\/wp\/v2\/comments?post=307773"}],"version-history":[{"count":2,"href":"https:\/\/www.tgrthaber.com\/mavikadin\/wp-json\/wp\/v2\/posts\/307773\/revisions"}],"predecessor-version":[{"id":307820,"href":"https:\/\/www.tgrthaber.com\/mavikadin\/wp-json\/wp\/v2\/posts\/307773\/revisions\/307820"}],"wp:featuredmedia":[{"embeddable":true,"href":"https:\/\/www.tgrthaber.com\/mavikadin\/wp-json\/wp\/v2\/media\/307796"}],"wp:attachment":[{"href":"https:\/\/www.tgrthaber.com\/mavikadin\/wp-json\/wp\/v2\/media?parent=307773"}],"wp:term":[{"taxonomy":"category","embeddable":true,"href":"https:\/\/www.tgrthaber.com\/mavikadin\/wp-json\/wp\/v2\/categories?post=307773"},{"taxonomy":"post_tag","embeddable":true,"href":"https:\/\/www.tgrthaber.com\/mavikadin\/wp-json\/wp\/v2\/tags?post=307773"}],"curies":[{"name":"wp","href":"https:\/\/api.w.org\/{rel}","templated":true}]}}