{"id":307782,"date":"2026-03-10T10:18:07","date_gmt":"2026-03-10T07:18:07","guid":{"rendered":"https:\/\/www.tgrthaber.com\/mavikadin\/?p=307782"},"modified":"2026-03-10T17:57:17","modified_gmt":"2026-03-10T14:57:17","slug":"gelinim-mutfakta-bugun-ceyrek-altini-kim-aldi-gelinim-mutfakta-10-mart-2026-sali-kim-birinci-oldu","status":"publish","type":"post","link":"https:\/\/www.tgrthaber.com\/mavikadin\/gelinim-mutfakta-bugun-ceyrek-altini-kim-aldi-gelinim-mutfakta-10-mart-2026-sali-kim-birinci-oldu\/","title":{"rendered":"Gelinim Mutfakta bug\u00fcn \u00e7eyrek alt\u0131n\u0131 kim ald\u0131? Gelinim Mutfakta 10 Mart 2026 Sal\u0131 kim birinci oldu?"},"content":{"rendered":"<p>Gelinim Mutfakta 10 Mart 2026 Sal\u0131 g\u00fcn\u00fc yay\u0131nlanan b\u00f6l\u00fcme yeni bir yar\u0131\u015fmac\u0131 daha kat\u0131ld\u0131. D\u00fcn yar\u0131\u015fmaya gelen Emre Bey, t\u00fcm gelinlerin \u00fczerinde bir puan alm\u0131\u015ft\u0131. Sosyal medyada da olduk\u00e7a sevilen Emre Bey, bug\u00fcn itibar\u0131yla yerini e\u015fine devrediyor. Heyecan\u0131n ve tansiyonun hi\u00e7 d\u00fc\u015fmedi\u011fi Gelinim Mutfakta&#8217;da kartlar yeniden da\u011f\u0131t\u0131lmaya ba\u015fland\u0131. Peki Gelinim Mutfakta&#8217;da bug\u00fcn kim birinci oldu, <a href=\"https:\/\/www.tgrthaber.com\/mavikadin\/gelinim-mutfakta-6-mart-2026-cuma-10-altin-bilezigi-kim-aldi-gelinim-mutfakta-elenen-yarismaci\/\">\u00e7eyrek alt\u0131n<\/a> kime gitti? Gelinim Mutfakta&#8217;da puan tablosu olu\u015ftu mu? \u0130\u015fte t\u00fcm detaylar&#8230;<\/p>\n<h3>GEL\u0130N\u0130M MUTFAKTA BUG\u00dcN \u00c7EYREK ALTINI K\u0130M ALDI?<\/h3>\n<p>Asl\u0131 H\u00fcnel&#8217;in ba\u015far\u0131yla sundu\u011fu Gelinim Mutfakta&#8217;da Sal\u0131 g\u00fcn\u00fc k\u0131yas\u0131ya rekabet devam ediyor. Tezgah ba\u015f\u0131nda ter d\u00f6ken yar\u0131\u015fmac\u0131lar g\u00fcn sonu en y\u00fcksek puan\u0131 al\u0131p <a href=\"https:\/\/www.tgrthaber.com\/mavikadin\/gelinim-mutfakta-tugba-ve-suheyla-arasinda-kritik-gelisme-kayinvalidenin-sok-ifsasi-sonrasi-ortalik-alev-alev\/\">\u00e7eyrek alt\u0131n<\/a> sahibi olmak i\u00e7in b\u00fcy\u00fck m\u00fccadele ediyor.<\/p>\n<p><img loading=\"lazy\" decoding=\"async\" class=\"alignnone wp-image-307784 size-full\" src=\"https:\/\/www.tgrthaber.com\/mavikadin\/wp-content\/uploads\/2026\/03\/Ekran-goruntusu-2026-02-26-145906.png\" alt=\"\" width=\"1845\" height=\"950\" title=\"\" srcset=\"https:\/\/www.tgrthaber.com\/mavikadin\/wp-content\/uploads\/2026\/03\/Ekran-goruntusu-2026-02-26-145906.png 1845w, https:\/\/www.tgrthaber.com\/mavikadin\/wp-content\/uploads\/2026\/03\/Ekran-goruntusu-2026-02-26-145906-300x154.png 300w, https:\/\/www.tgrthaber.com\/mavikadin\/wp-content\/uploads\/2026\/03\/Ekran-goruntusu-2026-02-26-145906-1024x527.png 1024w, https:\/\/www.tgrthaber.com\/mavikadin\/wp-content\/uploads\/2026\/03\/Ekran-goruntusu-2026-02-26-145906-768x395.png 768w, https:\/\/www.tgrthaber.com\/mavikadin\/wp-content\/uploads\/2026\/03\/Ekran-goruntusu-2026-02-26-145906-1536x791.png 1536w\" sizes=\"(max-width: 1845px) 100vw, 1845px\" \/><\/p>\n<hr \/>\n<p>Hem Asl\u0131 H\u00fcnel&#8217;in hem de kay\u0131nvalidelerin titizlikle de\u011ferlendirdikleri tabaklar, g\u00fcn sonu olu\u015fan puan tablosuyla \u00e7eyrek alt\u0131n sahibi olan gelini belirliyor. Peki Gelinim Mutfakta&#8217;da <a href=\"https:\/\/www.tgrthaber.com\/mavikadin\/gelinim-mutfakta-5-mart-2026-ceyrek-altini-kim-aldi-gelinim-mutfakta-kazanan-gelin\/\">\u00e7eyrek alt\u0131n\u0131<\/a> alan gelin a\u00e7\u0131kland\u0131 m\u0131? Gelinim Mutfakta&#8217;da \u00e7eyrek alt\u0131n\u0131 alan gelin Ayten oldu.<\/p>\n<p><img loading=\"lazy\" decoding=\"async\" class=\"alignnone wp-image-307950 size-full\" src=\"https:\/\/www.tgrthaber.com\/mavikadin\/wp-content\/uploads\/2026\/03\/Ekran-goruntusu-2026-03-10-162006.png\" alt=\"\" width=\"1801\" height=\"946\" title=\"\" srcset=\"https:\/\/www.tgrthaber.com\/mavikadin\/wp-content\/uploads\/2026\/03\/Ekran-goruntusu-2026-03-10-162006.png 1801w, https:\/\/www.tgrthaber.com\/mavikadin\/wp-content\/uploads\/2026\/03\/Ekran-goruntusu-2026-03-10-162006-300x158.png 300w, https:\/\/www.tgrthaber.com\/mavikadin\/wp-content\/uploads\/2026\/03\/Ekran-goruntusu-2026-03-10-162006-1024x538.png 1024w, https:\/\/www.tgrthaber.com\/mavikadin\/wp-content\/uploads\/2026\/03\/Ekran-goruntusu-2026-03-10-162006-768x403.png 768w, https:\/\/www.tgrthaber.com\/mavikadin\/wp-content\/uploads\/2026\/03\/Ekran-goruntusu-2026-03-10-162006-1536x807.png 1536w\" sizes=\"(max-width: 1801px) 100vw, 1801px\" \/><\/p>\n<hr \/>\n<p>Ayten ve Tu\u011fba ayn\u0131 puanda kald\u0131lar ve kuraya kald\u0131lar. Ancak Tu\u011fba, Ayten&#8217;in bug\u00fcn fenala\u015f\u0131p hastaneye kald\u0131r\u0131lmas\u0131 sonucu \u00e7eyrek alt\u0131n\u0131n Ayten&#8217;e gitmesini istedi ve kura \u00e7ekilmedi.<\/p>\n<p><img loading=\"lazy\" decoding=\"async\" class=\"alignnone wp-image-307789 size-full\" src=\"https:\/\/www.tgrthaber.com\/mavikadin\/wp-content\/uploads\/2026\/03\/Ekran-goruntusu-2026-03-09-132621.png\" alt=\"\" width=\"1450\" height=\"814\" title=\"\" srcset=\"https:\/\/www.tgrthaber.com\/mavikadin\/wp-content\/uploads\/2026\/03\/Ekran-goruntusu-2026-03-09-132621.png 1450w, https:\/\/www.tgrthaber.com\/mavikadin\/wp-content\/uploads\/2026\/03\/Ekran-goruntusu-2026-03-09-132621-300x168.png 300w, https:\/\/www.tgrthaber.com\/mavikadin\/wp-content\/uploads\/2026\/03\/Ekran-goruntusu-2026-03-09-132621-1024x575.png 1024w, https:\/\/www.tgrthaber.com\/mavikadin\/wp-content\/uploads\/2026\/03\/Ekran-goruntusu-2026-03-09-132621-768x431.png 768w\" sizes=\"(max-width: 1450px) 100vw, 1450px\" \/><\/p>\n<hr \/>\n<h3>GEL\u0130N\u0130M MUTFAKTA 10 MART 2026 SALI K\u0130M B\u0130R\u0130NC\u0130 OLDU?<\/h3>\n<p><a href=\"https:\/\/www.tgrthaber.com\/mavikadin\/gelinim-mutfakta-ayten-studyoda-fenalasti-asli-huneli-panikleten-o-anlar\/\">Gelinim Mutfakta<\/a>&#8216;da 10 Mart Sal\u0131 g\u00fcn\u00fc g\u00fcn birincisi Tu\u011fba ve Ayten olurken, olu\u015fan puan tablosu \u015fu \u015fekilde;<\/p>\n<p>Ayten &#8211; 16<\/p>\n<p>Tu\u011fba &#8211; 16<\/p>\n<p><img loading=\"lazy\" decoding=\"async\" class=\"alignnone wp-image-307951 size-full\" src=\"https:\/\/www.tgrthaber.com\/mavikadin\/wp-content\/uploads\/2026\/03\/Ekran-goruntusu-2026-03-10-162221.png\" alt=\"\" width=\"1919\" height=\"1079\" title=\"\" srcset=\"https:\/\/www.tgrthaber.com\/mavikadin\/wp-content\/uploads\/2026\/03\/Ekran-goruntusu-2026-03-10-162221.png 1919w, https:\/\/www.tgrthaber.com\/mavikadin\/wp-content\/uploads\/2026\/03\/Ekran-goruntusu-2026-03-10-162221-300x169.png 300w, https:\/\/www.tgrthaber.com\/mavikadin\/wp-content\/uploads\/2026\/03\/Ekran-goruntusu-2026-03-10-162221-1024x576.png 1024w, https:\/\/www.tgrthaber.com\/mavikadin\/wp-content\/uploads\/2026\/03\/Ekran-goruntusu-2026-03-10-162221-768x432.png 768w, https:\/\/www.tgrthaber.com\/mavikadin\/wp-content\/uploads\/2026\/03\/Ekran-goruntusu-2026-03-10-162221-1536x864.png 1536w\" sizes=\"(max-width: 1919px) 100vw, 1919px\" \/><\/p>\n<hr \/>\n<p>Dilanay &#8211; 13<\/p>\n<p>Alime &#8211; 11<\/p>\n<p><img loading=\"lazy\" decoding=\"async\" class=\"alignnone wp-image-307786 size-full\" src=\"https:\/\/www.tgrthaber.com\/mavikadin\/wp-content\/uploads\/2026\/03\/Ekran-goruntusu-2026-03-09-162052.png\" alt=\"\" width=\"1830\" height=\"960\" title=\"\" srcset=\"https:\/\/www.tgrthaber.com\/mavikadin\/wp-content\/uploads\/2026\/03\/Ekran-goruntusu-2026-03-09-162052.png 1830w, https:\/\/www.tgrthaber.com\/mavikadin\/wp-content\/uploads\/2026\/03\/Ekran-goruntusu-2026-03-09-162052-300x157.png 300w, https:\/\/www.tgrthaber.com\/mavikadin\/wp-content\/uploads\/2026\/03\/Ekran-goruntusu-2026-03-09-162052-1024x537.png 1024w, https:\/\/www.tgrthaber.com\/mavikadin\/wp-content\/uploads\/2026\/03\/Ekran-goruntusu-2026-03-09-162052-768x403.png 768w, https:\/\/www.tgrthaber.com\/mavikadin\/wp-content\/uploads\/2026\/03\/Ekran-goruntusu-2026-03-09-162052-1536x806.png 1536w\" sizes=\"(max-width: 1830px) 100vw, 1830px\" \/><\/p>\n<hr \/>\n<h3>GEL\u0130N\u0130M MUTFAKTA 9 MART 2026 \u00c7EYREK ALTINI K\u0130M ALDI?<\/h3>\n<p>Gelinim Mutfakta&#8217;da d\u00fcn 1 g\u00fcnl\u00fc\u011f\u00fcne yar\u0131\u015fan Emre Bey, en y\u00fcksek puan\u0131 alarak \u00e7eyrek alt\u0131n sahibi oldu.<\/p>\n<p>Emre \u2013 15<\/p>\n<p>Ayten \u2013 14<\/p>\n<p><img loading=\"lazy\" decoding=\"async\" class=\"alignnone wp-image-307797 size-full\" src=\"https:\/\/www.tgrthaber.com\/mavikadin\/wp-content\/uploads\/2026\/03\/Ekran-goruntusu-2026-03-09-162251-1.png\" alt=\"\" width=\"1919\" height=\"1079\" title=\"\" srcset=\"https:\/\/www.tgrthaber.com\/mavikadin\/wp-content\/uploads\/2026\/03\/Ekran-goruntusu-2026-03-09-162251-1.png 1919w, https:\/\/www.tgrthaber.com\/mavikadin\/wp-content\/uploads\/2026\/03\/Ekran-goruntusu-2026-03-09-162251-1-300x169.png 300w, https:\/\/www.tgrthaber.com\/mavikadin\/wp-content\/uploads\/2026\/03\/Ekran-goruntusu-2026-03-09-162251-1-1024x576.png 1024w, https:\/\/www.tgrthaber.com\/mavikadin\/wp-content\/uploads\/2026\/03\/Ekran-goruntusu-2026-03-09-162251-1-768x432.png 768w, https:\/\/www.tgrthaber.com\/mavikadin\/wp-content\/uploads\/2026\/03\/Ekran-goruntusu-2026-03-09-162251-1-1536x864.png 1536w\" sizes=\"(max-width: 1919px) 100vw, 1919px\" \/><\/p>\n<hr \/>\n<p>Tu\u011fba \u2013 13<\/p>\n<p>Alime \u2013 10<\/p>\n<p><img loading=\"lazy\" decoding=\"async\" class=\"alignnone wp-image-307798 size-full\" src=\"https:\/\/www.tgrthaber.com\/mavikadin\/wp-content\/uploads\/2026\/03\/Ekran-goruntusu-2026-02-19-152136.png\" alt=\"\" width=\"1919\" height=\"1077\" title=\"\" srcset=\"https:\/\/www.tgrthaber.com\/mavikadin\/wp-content\/uploads\/2026\/03\/Ekran-goruntusu-2026-02-19-152136.png 1919w, https:\/\/www.tgrthaber.com\/mavikadin\/wp-content\/uploads\/2026\/03\/Ekran-goruntusu-2026-02-19-152136-300x168.png 300w, https:\/\/www.tgrthaber.com\/mavikadin\/wp-content\/uploads\/2026\/03\/Ekran-goruntusu-2026-02-19-152136-1024x575.png 1024w, https:\/\/www.tgrthaber.com\/mavikadin\/wp-content\/uploads\/2026\/03\/Ekran-goruntusu-2026-02-19-152136-768x431.png 768w, https:\/\/www.tgrthaber.com\/mavikadin\/wp-content\/uploads\/2026\/03\/Ekran-goruntusu-2026-02-19-152136-1536x862.png 1536w\" sizes=\"(max-width: 1919px) 100vw, 1919px\" \/><\/p>\n<hr \/>\n<h3>GEL\u0130N\u0130M MUTFAKTA 6 MART CUMA 10 ALTIN B\u0130LEZ\u0130\u011e\u0130 K\u0130M ALDI?<\/h3>\n<p>Gelinim Mutfakta&#8217;da 6 Mart Cuma g\u00fcn\u00fc 10 alt\u0131n bilezi\u011fin sahibi Tu\u011fba oldu.<\/p>\n<p>Tu\u011fba &#8211; 84<\/p>\n<p>Ayten &#8211; 77<\/p>\n<p><img loading=\"lazy\" decoding=\"async\" class=\"alignnone wp-image-307785 size-full\" src=\"https:\/\/www.tgrthaber.com\/mavikadin\/wp-content\/uploads\/2026\/03\/Ekran-goruntusu-2026-03-09-132016.png\" alt=\"\" width=\"1438\" height=\"797\" title=\"\" srcset=\"https:\/\/www.tgrthaber.com\/mavikadin\/wp-content\/uploads\/2026\/03\/Ekran-goruntusu-2026-03-09-132016.png 1438w, https:\/\/www.tgrthaber.com\/mavikadin\/wp-content\/uploads\/2026\/03\/Ekran-goruntusu-2026-03-09-132016-300x166.png 300w, https:\/\/www.tgrthaber.com\/mavikadin\/wp-content\/uploads\/2026\/03\/Ekran-goruntusu-2026-03-09-132016-1024x568.png 1024w, https:\/\/www.tgrthaber.com\/mavikadin\/wp-content\/uploads\/2026\/03\/Ekran-goruntusu-2026-03-09-132016-768x426.png 768w\" sizes=\"(max-width: 1438px) 100vw, 1438px\" \/><\/p>\n<hr \/>\n<p>Alime &#8211; 59<\/p>\n<p>B\u00fc\u015fra &#8211; 55<\/p>\n<p><img loading=\"lazy\" decoding=\"async\" class=\"alignnone wp-image-307787 size-full\" src=\"https:\/\/www.tgrthaber.com\/mavikadin\/wp-content\/uploads\/2026\/03\/Ekran-goruntusu-2026-03-06-161627.png\" alt=\"\" width=\"1919\" height=\"1079\" title=\"\" srcset=\"https:\/\/www.tgrthaber.com\/mavikadin\/wp-content\/uploads\/2026\/03\/Ekran-goruntusu-2026-03-06-161627.png 1919w, https:\/\/www.tgrthaber.com\/mavikadin\/wp-content\/uploads\/2026\/03\/Ekran-goruntusu-2026-03-06-161627-300x169.png 300w, https:\/\/www.tgrthaber.com\/mavikadin\/wp-content\/uploads\/2026\/03\/Ekran-goruntusu-2026-03-06-161627-1024x576.png 1024w, https:\/\/www.tgrthaber.com\/mavikadin\/wp-content\/uploads\/2026\/03\/Ekran-goruntusu-2026-03-06-161627-768x432.png 768w, https:\/\/www.tgrthaber.com\/mavikadin\/wp-content\/uploads\/2026\/03\/Ekran-goruntusu-2026-03-06-161627-1536x864.png 1536w\" sizes=\"(max-width: 1919px) 100vw, 1919px\" \/><\/p>\n<hr \/>\n<h3>GEL\u0130N\u0130M MUTFAKTA 6 MART CUMA K\u0130M ELEND\u0130?<\/h3>\n<p>Ge\u00e7en hafta Gelinim Mu\u0131tfakta&#8217;dan elenen isimler B\u00fc\u015fra ve kay\u0131nvalidesi Emine Han\u0131m oldu. Tam bir hafta Gelinim Mutfakta st\u00fcdyosunda yar\u0131\u015fan Vanl\u0131 gelin B\u00fc\u015fra ve Rizeli kay\u0131nvalide Emine Han\u0131m Gelinim Mutfakta&#8217;ya 6 Mart 2026 Cuma veda ettiler.<\/p>\n","protected":false},"excerpt":{"rendered":"<p>Kanal D ekranlar\u0131n\u0131n fenomen yar\u0131\u015fmas\u0131 Gelinim Mutfakta&#8217;da haftan\u0131n ikinci g\u00fcn\u00fcne gelindi. D\u00fcn yar\u0131\u015fmaya bir damat aday\u0131n\u0131n gelmesiyle beraber t\u00fcm dengeler de\u011fi\u015firken, bug\u00fcn \u00e7eyrek alt\u0131n\u0131 kimin ald\u0131\u011f\u0131 merak konusu. Peki Gelinim Mutfakta \u00e7eyrek alt\u0131n\u0131 kim ald\u0131? Gelinim Mutfakta 10 Mart 2026 Sal\u0131 kim birinci oldu? \u0130\u015fte puan tablosu&#8230;<\/p>\n","protected":false},"author":35,"featured_media":307783,"comment_status":"closed","ping_status":"closed","sticky":false,"template":"","format":"standard","meta":{"rank_math_lock_modified_date":false,"footnotes":""},"categories":[76],"tags":[24691,7578,73212,2766,133],"class_list":["post-307782","post","type-post","status-publish","format-standard","has-post-thumbnail","hentry","category-magazin","tag-ceyrek-altin","tag-gelinim-mutfakta","tag-gelinim-mutfakta-10-mart-2026","tag-kanal-d","tag-magazin"],"_links":{"self":[{"href":"https:\/\/www.tgrthaber.com\/mavikadin\/wp-json\/wp\/v2\/posts\/307782"}],"collection":[{"href":"https:\/\/www.tgrthaber.com\/mavikadin\/wp-json\/wp\/v2\/posts"}],"about":[{"href":"https:\/\/www.tgrthaber.com\/mavikadin\/wp-json\/wp\/v2\/types\/post"}],"author":[{"embeddable":true,"href":"https:\/\/www.tgrthaber.com\/mavikadin\/wp-json\/wp\/v2\/users\/35"}],"replies":[{"embeddable":true,"href":"https:\/\/www.tgrthaber.com\/mavikadin\/wp-json\/wp\/v2\/comments?post=307782"}],"version-history":[{"count":5,"href":"https:\/\/www.tgrthaber.com\/mavikadin\/wp-json\/wp\/v2\/posts\/307782\/revisions"}],"predecessor-version":[{"id":308014,"href":"https:\/\/www.tgrthaber.com\/mavikadin\/wp-json\/wp\/v2\/posts\/307782\/revisions\/308014"}],"wp:featuredmedia":[{"embeddable":true,"href":"https:\/\/www.tgrthaber.com\/mavikadin\/wp-json\/wp\/v2\/media\/307783"}],"wp:attachment":[{"href":"https:\/\/www.tgrthaber.com\/mavikadin\/wp-json\/wp\/v2\/media?parent=307782"}],"wp:term":[{"taxonomy":"category","embeddable":true,"href":"https:\/\/www.tgrthaber.com\/mavikadin\/wp-json\/wp\/v2\/categories?post=307782"},{"taxonomy":"post_tag","embeddable":true,"href":"https:\/\/www.tgrthaber.com\/mavikadin\/wp-json\/wp\/v2\/tags?post=307782"}],"curies":[{"name":"wp","href":"https:\/\/api.w.org\/{rel}","templated":true}]}}