{"id":307803,"date":"2026-03-10T10:32:27","date_gmt":"2026-03-10T07:32:27","guid":{"rendered":"https:\/\/www.tgrthaber.com\/mavikadin\/?p=307803"},"modified":"2026-03-10T14:57:19","modified_gmt":"2026-03-10T11:57:19","slug":"gelinim-mutfakta-aytene-ne-oldu-gelinim-mutfakta-ayten-yarismadan-ayrilacak-mi","status":"publish","type":"post","link":"https:\/\/www.tgrthaber.com\/mavikadin\/gelinim-mutfakta-aytene-ne-oldu-gelinim-mutfakta-ayten-yarismadan-ayrilacak-mi\/","title":{"rendered":"Gelinim Mutfakta Ayten&#8217;e ne oldu? Gelinim Mutfakta Ayten yar\u0131\u015fmadan ayr\u0131lacak m\u0131?"},"content":{"rendered":"<p>Gelinim Mutfakta&#8217;n\u0131n bug\u00fcn yay\u0131nlanan b\u00f6l\u00fcm\u00fcne <a href=\"https:\/\/www.tgrthaber.com\/mavikadin\/gelinim-mutfakta-aytenin-gorumcesi-studyoyu-basti-ortalik-karisti-orumcek-agi-iddiasi-agizlari-acik-birakti\/\">Ayten<\/a>&#8216;in fenala\u015ft\u0131\u011f\u0131 anlar damga vurdu. Asl\u0131 H\u00fcnel ve gelinleri panikleten anlar sonras\u0131 Ayten hastaneye kald\u0131r\u0131ld\u0131. Duygusal anlar\u0131n ya\u015fand\u0131\u011f\u0131 dakikalar sonras\u0131 ise Ayten&#8217;e dair kritik geli\u015fmeler ya\u015fand\u0131. Peki Ayten&#8217;e ne oldu? Gelinim Mutfakta&#8217;da Ayten yar\u0131\u015fmaya devam edecek mi, ayr\u0131lacak m\u0131? \u0130\u015fte Gelinim Mutfakta&#8217;da panik olu\u015fturan geli\u015fmeler&#8230;<\/p>\n<h3>GEL\u0130N\u0130M MUTFAKTA AYTEN&#8217;E NE OLDU?<\/h3>\n<p>Kanal D&#8217;nin fenomen yar\u0131\u015fma program\u0131 Gelinim Mutfakta&#8217;da bug\u00fcn gelinler tezgah ba\u015f\u0131nda \u00e7eyrek alt\u0131n\u0131 almak i\u00e7in k\u0131yas\u0131ya m\u00fccadele ederken, <a href=\"https:\/\/www.tgrthaber.com\/mavikadin\/gelinim-mutfakta-aytenin-esi-telefonla-baglandi-annesine-resti-cekti-huru-hanimi-cildirtan-karar\/\">Ayten<\/a> aniden fenala\u015ft\u0131. Tezgah ba\u015f\u0131nda yere y\u0131\u011f\u0131lan Ayten&#8217;in yan\u0131na, gelinler ve kay\u0131nvalide H\u00fcr\u00fc Han\u0131m ko\u015ftu.<\/p>\n<p><img loading=\"lazy\" decoding=\"async\" class=\"alignnone wp-image-307806 size-full\" src=\"https:\/\/www.tgrthaber.com\/mavikadin\/wp-content\/uploads\/2026\/03\/Ekran-goruntusu-2026-03-10-100443.png\" alt=\"\" width=\"1247\" height=\"707\" title=\"\" srcset=\"https:\/\/www.tgrthaber.com\/mavikadin\/wp-content\/uploads\/2026\/03\/Ekran-goruntusu-2026-03-10-100443.png 1247w, https:\/\/www.tgrthaber.com\/mavikadin\/wp-content\/uploads\/2026\/03\/Ekran-goruntusu-2026-03-10-100443-300x170.png 300w, https:\/\/www.tgrthaber.com\/mavikadin\/wp-content\/uploads\/2026\/03\/Ekran-goruntusu-2026-03-10-100443-1024x581.png 1024w, https:\/\/www.tgrthaber.com\/mavikadin\/wp-content\/uploads\/2026\/03\/Ekran-goruntusu-2026-03-10-100443-768x435.png 768w\" sizes=\"(max-width: 1247px) 100vw, 1247px\" \/><\/p>\n<hr \/>\n<p>Asl\u0131 H\u00fcnel&#8217;in \u015fa\u015fk\u0131na d\u00f6nd\u00fc\u011f\u00fc o anlar, milyonlar\u0131 da endi\u015felendirdi. T\u00fcm g\u00fcn arama motorlar\u0131nda Ayten ba\u015fl\u0131\u011f\u0131 arat\u0131r\u0131l\u0131rken &#8216;<a href=\"https:\/\/www.tgrthaber.com\/mavikadin\/huru-hanim-ve-gelin-ayten-once-birbirine-girdi-sonra-studyoda-halay-cekti-sosyal-medyada-o-anlar-konusuluyor\/\">Gelinim Mutfakta<\/a> Ayten&#8217;e ne oldu?, &#8216;Ayten&#8217;in bebe\u011fi ya\u015fayacak m\u0131?, &#8216;Gelinim Mutfakta Ayten ve H\u00fcr\u00fc yar\u0131\u015fmadan ayr\u0131lacak m\u0131?&#8217; gibi sorular da cevap ar\u0131yor.<\/p>\n<p><img loading=\"lazy\" decoding=\"async\" class=\"alignnone wp-image-307807 size-full\" src=\"https:\/\/www.tgrthaber.com\/mavikadin\/wp-content\/uploads\/2026\/03\/Ekran-goruntusu-2026-03-10-100749.png\" alt=\"\" width=\"1249\" height=\"693\" title=\"\" srcset=\"https:\/\/www.tgrthaber.com\/mavikadin\/wp-content\/uploads\/2026\/03\/Ekran-goruntusu-2026-03-10-100749.png 1249w, https:\/\/www.tgrthaber.com\/mavikadin\/wp-content\/uploads\/2026\/03\/Ekran-goruntusu-2026-03-10-100749-300x166.png 300w, https:\/\/www.tgrthaber.com\/mavikadin\/wp-content\/uploads\/2026\/03\/Ekran-goruntusu-2026-03-10-100749-1024x568.png 1024w, https:\/\/www.tgrthaber.com\/mavikadin\/wp-content\/uploads\/2026\/03\/Ekran-goruntusu-2026-03-10-100749-768x426.png 768w\" sizes=\"(max-width: 1249px) 100vw, 1249px\" \/><\/p>\n<hr \/>\n<p>Apar topar sa\u011fl\u0131k ekipleri taraf\u0131ndan sedyeye al\u0131nan Ayten, acilen hastaneye kald\u0131r\u0131ld\u0131. 7 y\u0131ld\u0131r anne olmak isteyen Alime ve daha \u00f6nce bebe\u011fini kaybetti\u011fini s\u00f6yleyen Asl\u0131 H\u00fcnel&#8217;i a\u011flatan bu durum, gelen son dakika bilgisiyle t\u00fcm st\u00fcdyoyu yasa bo\u011fdu.<\/p>\n<p><img loading=\"lazy\" decoding=\"async\" class=\"alignnone wp-image-307810 size-full\" src=\"https:\/\/www.tgrthaber.com\/mavikadin\/wp-content\/uploads\/2026\/03\/Ekran-goruntusu-2026-03-10-100525.png\" alt=\"\" width=\"1240\" height=\"684\" title=\"\" srcset=\"https:\/\/www.tgrthaber.com\/mavikadin\/wp-content\/uploads\/2026\/03\/Ekran-goruntusu-2026-03-10-100525.png 1240w, https:\/\/www.tgrthaber.com\/mavikadin\/wp-content\/uploads\/2026\/03\/Ekran-goruntusu-2026-03-10-100525-300x165.png 300w, https:\/\/www.tgrthaber.com\/mavikadin\/wp-content\/uploads\/2026\/03\/Ekran-goruntusu-2026-03-10-100525-1024x565.png 1024w, https:\/\/www.tgrthaber.com\/mavikadin\/wp-content\/uploads\/2026\/03\/Ekran-goruntusu-2026-03-10-100525-768x424.png 768w\" sizes=\"(max-width: 1240px) 100vw, 1240px\" \/><\/p>\n<hr \/>\n<h3>GEL\u0130N\u0130M MUTFAKTA AYTEN YARI\u015eMADAN AYRILACAK MI?<\/h3>\n<p>Gelinim Mutfakta&#8217;da aniden fenala\u015fan <a href=\"https:\/\/www.tgrthaber.com\/mavikadin\/gelinim-mutfaktada-firin-kriz-cikardi-studyo-karisti-ayten-yarismadan-ayrilacak-mi\/\">Ayten<\/a>&#8216;in ak\u0131beti g\u00fcn i\u00e7inde merak edilirken, telefonla ba\u011flanan yak\u0131n\u0131 Ayten&#8217;in d\u00fc\u015f\u00fck riskiyle kar\u015f\u0131 kar\u015f\u0131ya oldu\u011funu s\u00f6yledi.<\/p>\n<p><img loading=\"lazy\" decoding=\"async\" class=\"alignnone wp-image-307808 size-full\" src=\"https:\/\/www.tgrthaber.com\/mavikadin\/wp-content\/uploads\/2026\/03\/Ekran-goruntusu-2026-03-10-100519.png\" alt=\"\" width=\"1236\" height=\"703\" title=\"\" srcset=\"https:\/\/www.tgrthaber.com\/mavikadin\/wp-content\/uploads\/2026\/03\/Ekran-goruntusu-2026-03-10-100519.png 1236w, https:\/\/www.tgrthaber.com\/mavikadin\/wp-content\/uploads\/2026\/03\/Ekran-goruntusu-2026-03-10-100519-300x171.png 300w, https:\/\/www.tgrthaber.com\/mavikadin\/wp-content\/uploads\/2026\/03\/Ekran-goruntusu-2026-03-10-100519-1024x582.png 1024w, https:\/\/www.tgrthaber.com\/mavikadin\/wp-content\/uploads\/2026\/03\/Ekran-goruntusu-2026-03-10-100519-768x437.png 768w\" sizes=\"(max-width: 1236px) 100vw, 1236px\" \/><\/p>\n<hr \/>\n<p>&#8216;Ayten&#8217;in a\u011fr\u0131lar\u0131 do\u011frultusunda y\u00fcksek bir d\u00fc\u015f\u00fck riski oldu\u011fu s\u00f6ylendi. Ayten art\u0131k Gelinim Mutfakta&#8217;da olamayacak&#8217; diyen yak\u0131n\u0131, hem st\u00fcdyodakileri hem de ekran ba\u015f\u0131ndakileri g\u00f6zya\u015flar\u0131na bo\u011fdu.<\/p>\n<p><img loading=\"lazy\" decoding=\"async\" class=\"alignnone wp-image-307903 \" src=\"https:\/\/www.tgrthaber.com\/mavikadin\/wp-content\/uploads\/2026\/03\/Ekran-goruntusu-2026-03-10-125811.png\" alt=\"\" width=\"1161\" height=\"645\" title=\"\" srcset=\"https:\/\/www.tgrthaber.com\/mavikadin\/wp-content\/uploads\/2026\/03\/Ekran-goruntusu-2026-03-10-125811.png 1085w, https:\/\/www.tgrthaber.com\/mavikadin\/wp-content\/uploads\/2026\/03\/Ekran-goruntusu-2026-03-10-125811-300x167.png 300w, https:\/\/www.tgrthaber.com\/mavikadin\/wp-content\/uploads\/2026\/03\/Ekran-goruntusu-2026-03-10-125811-1024x569.png 1024w, https:\/\/www.tgrthaber.com\/mavikadin\/wp-content\/uploads\/2026\/03\/Ekran-goruntusu-2026-03-10-125811-768x427.png 768w\" sizes=\"(max-width: 1161px) 100vw, 1161px\" \/><\/p>\n<hr \/>\n<h3>SOSYAL MEDYADAN YORUM YA\u011eIYOR<\/h3>\n<p>Gelinim Mutfakta&#8217;da bug\u00fcn ya\u015fanan \u00fcz\u00fcc\u00fc olay sonras\u0131 Ayten&#8217;e sosyal medyadan da destek mesajlar\u0131 eksik olmad\u0131. \u0130zleyenleri \u015fa\u015fk\u0131na \u00e7eviren ve endi\u015felendiren olay sonras\u0131 Ayten&#8217;e y\u00f6nelik gelen yorumlar da dikkat \u00e7ekti.<\/p>\n<p><img loading=\"lazy\" decoding=\"async\" class=\"alignnone wp-image-307905 size-full\" src=\"https:\/\/www.tgrthaber.com\/mavikadin\/wp-content\/uploads\/2026\/03\/Ekran-goruntusu-2026-03-10-100417.png\" alt=\"\" width=\"1618\" height=\"827\" title=\"\" srcset=\"https:\/\/www.tgrthaber.com\/mavikadin\/wp-content\/uploads\/2026\/03\/Ekran-goruntusu-2026-03-10-100417.png 1618w, https:\/\/www.tgrthaber.com\/mavikadin\/wp-content\/uploads\/2026\/03\/Ekran-goruntusu-2026-03-10-100417-300x153.png 300w, https:\/\/www.tgrthaber.com\/mavikadin\/wp-content\/uploads\/2026\/03\/Ekran-goruntusu-2026-03-10-100417-1024x523.png 1024w, https:\/\/www.tgrthaber.com\/mavikadin\/wp-content\/uploads\/2026\/03\/Ekran-goruntusu-2026-03-10-100417-768x393.png 768w, https:\/\/www.tgrthaber.com\/mavikadin\/wp-content\/uploads\/2026\/03\/Ekran-goruntusu-2026-03-10-100417-1536x785.png 1536w\" sizes=\"(max-width: 1618px) 100vw, 1618px\" \/><\/p>\n<hr \/>\n<p>&#8216;\u015eimdi can\u0131 ci\u011feri oldu bebe\u011fi. O kadar istemedi ki Ayten&#8217;in kay\u0131nvalidesi bebekte do\u011fmak istemedi. \u0130n\u015fallah k\u00f6t\u00fc bir \u015eey olmaz bebe\u011fe de Ayten&#8217;e de&#8217;,&#8217;\u0130n\u015fallah bebe\u011fine bir \u015fey olmaz acilen \u015fifa versin in\u015fallah bir \u015fey olmaz&#8217;, &#8216;Gelinim Mutfakta&#8217;dan in\u015fallah ayr\u0131lmaz ya. \u00c7ok \u00fcz\u00fcld\u00fcm&#8217;, &#8216;Bebe\u011fimi d\u00fc\u015f\u00fcor, yaz\u0131k. \u0130n\u015fallah bir \u015fey olmaz bebe\u011fine&#8217;, &#8216;Bebe\u011fi hi\u00e7 istemeyen kaynana H\u00fcr\u00fc, g\u00f6bek ats\u0131n \u015fimdi&#8217; gibi yorumlar ya\u011fmur gibi ya\u011fd\u0131.<\/p>\n<div style=\"width: 640px;\" class=\"wp-video\"><!--[if lt IE 9]><script>document.createElement('video');<\/script><![endif]-->\n<video class=\"wp-video-shortcode\" id=\"video-307803-1\" width=\"640\" height=\"360\" preload=\"metadata\" controls=\"controls\"><source type=\"video\/mp4\" src=\"https:\/\/www.tgrthaber.com\/mavikadin\/wp-content\/uploads\/2026\/03\/Ayten-fenalasti-@aslihunel-@kanald-@kargafilm.production-GelinimMutfakta-GelinimMutfaktaYeni-online-video-cutter.com-online-video-cutter.com_.mp4?_=1\" \/><a href=\"https:\/\/www.tgrthaber.com\/mavikadin\/wp-content\/uploads\/2026\/03\/Ayten-fenalasti-@aslihunel-@kanald-@kargafilm.production-GelinimMutfakta-GelinimMutfaktaYeni-online-video-cutter.com-online-video-cutter.com_.mp4\">https:\/\/www.tgrthaber.com\/mavikadin\/wp-content\/uploads\/2026\/03\/Ayten-fenalasti-@aslihunel-@kanald-@kargafilm.production-GelinimMutfakta-GelinimMutfaktaYeni-online-video-cutter.com-online-video-cutter.com_.mp4<\/a><\/video><\/div>\n<hr \/>\n<h3>GEL\u0130N\u0130M MUTFAKTA 9 MART 2026 \u00c7EYREK ALTINI K\u0130M ALDI?<\/h3>\n<p>Gelinim Mutfakta&#8217;da haftan\u0131n ilk g\u00fcn\u00fc \u00e7eyre\u011fi kazanan, yar\u0131\u015fmaya ilk damat yar\u0131\u015fmac\u0131 olarak kat\u0131lan Emre Bey oldu. G\u00fcn sonu puan tablosu ise \u015fu \u015fekilde;<\/p>\n<p>Emre \u2013 15<\/p>\n<p>Ayten \u2013 14<\/p>\n<p><img loading=\"lazy\" decoding=\"async\" class=\"alignnone wp-image-307809 size-full\" src=\"https:\/\/www.tgrthaber.com\/mavikadin\/wp-content\/uploads\/2026\/03\/Ekran-goruntusu-2026-03-10-100351.png\" alt=\"\" width=\"1183\" height=\"668\" title=\"\" srcset=\"https:\/\/www.tgrthaber.com\/mavikadin\/wp-content\/uploads\/2026\/03\/Ekran-goruntusu-2026-03-10-100351.png 1183w, https:\/\/www.tgrthaber.com\/mavikadin\/wp-content\/uploads\/2026\/03\/Ekran-goruntusu-2026-03-10-100351-300x169.png 300w, https:\/\/www.tgrthaber.com\/mavikadin\/wp-content\/uploads\/2026\/03\/Ekran-goruntusu-2026-03-10-100351-1024x578.png 1024w, https:\/\/www.tgrthaber.com\/mavikadin\/wp-content\/uploads\/2026\/03\/Ekran-goruntusu-2026-03-10-100351-768x434.png 768w\" sizes=\"(max-width: 1183px) 100vw, 1183px\" \/><\/p>\n<hr \/>\n<p>Tu\u011fba \u2013 13<\/p>\n<p>Alime \u2013 10<\/p>\n<p><img loading=\"lazy\" decoding=\"async\" class=\"alignnone wp-image-307811 size-full\" src=\"https:\/\/www.tgrthaber.com\/mavikadin\/wp-content\/uploads\/2026\/03\/Ekran-goruntusu-2026-03-10-100457.png\" alt=\"\" width=\"1235\" height=\"694\" title=\"\" srcset=\"https:\/\/www.tgrthaber.com\/mavikadin\/wp-content\/uploads\/2026\/03\/Ekran-goruntusu-2026-03-10-100457.png 1235w, https:\/\/www.tgrthaber.com\/mavikadin\/wp-content\/uploads\/2026\/03\/Ekran-goruntusu-2026-03-10-100457-300x169.png 300w, https:\/\/www.tgrthaber.com\/mavikadin\/wp-content\/uploads\/2026\/03\/Ekran-goruntusu-2026-03-10-100457-1024x575.png 1024w, https:\/\/www.tgrthaber.com\/mavikadin\/wp-content\/uploads\/2026\/03\/Ekran-goruntusu-2026-03-10-100457-768x432.png 768w\" sizes=\"(max-width: 1235px) 100vw, 1235px\" \/><\/p>\n<hr \/>\n<h3>GEL\u0130N\u0130M MUTFAKTA 6 MART CUMA 10 ALTIN B\u0130LEZ\u0130\u011e\u0130 K\u0130M ALDI?<\/h3>\n<p>Gelinim Mutfakta&#8217;da 6 Mart Cuma g\u00fcn\u00fc elenen isim B\u00fc\u015fra ve kay\u0131nvalidesi Emine Han\u0131m olurken, 10 alt\u0131n bilezi\u011fin sahibi Tu\u011fba oluyor.<\/p>\n<p>Tu\u011fba &#8211; 84<\/p>\n<p><img loading=\"lazy\" decoding=\"async\" class=\"alignnone wp-image-307812 size-full\" src=\"https:\/\/www.tgrthaber.com\/mavikadin\/wp-content\/uploads\/2026\/03\/Ekran-goruntusu-2026-03-06-161634.png\" alt=\"\" width=\"1919\" height=\"1079\" title=\"\" srcset=\"https:\/\/www.tgrthaber.com\/mavikadin\/wp-content\/uploads\/2026\/03\/Ekran-goruntusu-2026-03-06-161634.png 1919w, https:\/\/www.tgrthaber.com\/mavikadin\/wp-content\/uploads\/2026\/03\/Ekran-goruntusu-2026-03-06-161634-300x169.png 300w, https:\/\/www.tgrthaber.com\/mavikadin\/wp-content\/uploads\/2026\/03\/Ekran-goruntusu-2026-03-06-161634-1024x576.png 1024w, https:\/\/www.tgrthaber.com\/mavikadin\/wp-content\/uploads\/2026\/03\/Ekran-goruntusu-2026-03-06-161634-768x432.png 768w, https:\/\/www.tgrthaber.com\/mavikadin\/wp-content\/uploads\/2026\/03\/Ekran-goruntusu-2026-03-06-161634-1536x864.png 1536w\" sizes=\"(max-width: 1919px) 100vw, 1919px\" \/><\/p>\n<hr \/>\n<p>Ayten &#8211; 77<\/p>\n<p>Alime &#8211; 59<\/p>\n<p>B\u00fc\u015fra &#8211; 55<\/p>\n","protected":false},"excerpt":{"rendered":"<p>Kanal D ekranlar\u0131nda yay\u0131nlanan Gelinim Mutfakta&#8217;da 10 Mart Sal\u0131 g\u00fcn\u00fc ya\u015fanan olay hem st\u00fcdyodakileri hem de izleyenleri a\u011flatt\u0131. Daha yeni hamile olan Ayten&#8217;in sa\u011fl\u0131k durumu endi\u015fe olu\u015ftururken, Alime&#8217;ye ne oldu\u011fu da olduk\u00e7a merak edilen ba\u015fl\u0131klar aras\u0131nda yer al\u0131yor. Peki Gelinim Mutfakta&#8217;da Ayten&#8217;e ne oldu? Ayten, Gelinim Mutfakta&#8217;da ayr\u0131lacak m\u0131? Ayten&#8217;in bebe\u011fi ya\u015f\u0131yor mu? \u0130\u015fte detaylar&#8230;<\/p>\n","protected":false},"author":35,"featured_media":307804,"comment_status":"closed","ping_status":"closed","sticky":false,"template":"","format":"standard","meta":{"rank_math_lock_modified_date":false,"footnotes":""},"categories":[76],"tags":[73213,7578,72265,2766,133],"class_list":["post-307803","post","type-post","status-publish","format-standard","has-post-thumbnail","hentry","category-magazin","tag-ayten","tag-gelinim-mutfakta","tag-gelinim-mutfakta-ayten","tag-kanal-d","tag-magazin"],"_links":{"self":[{"href":"https:\/\/www.tgrthaber.com\/mavikadin\/wp-json\/wp\/v2\/posts\/307803"}],"collection":[{"href":"https:\/\/www.tgrthaber.com\/mavikadin\/wp-json\/wp\/v2\/posts"}],"about":[{"href":"https:\/\/www.tgrthaber.com\/mavikadin\/wp-json\/wp\/v2\/types\/post"}],"author":[{"embeddable":true,"href":"https:\/\/www.tgrthaber.com\/mavikadin\/wp-json\/wp\/v2\/users\/35"}],"replies":[{"embeddable":true,"href":"https:\/\/www.tgrthaber.com\/mavikadin\/wp-json\/wp\/v2\/comments?post=307803"}],"version-history":[{"count":3,"href":"https:\/\/www.tgrthaber.com\/mavikadin\/wp-json\/wp\/v2\/posts\/307803\/revisions"}],"predecessor-version":[{"id":307907,"href":"https:\/\/www.tgrthaber.com\/mavikadin\/wp-json\/wp\/v2\/posts\/307803\/revisions\/307907"}],"wp:featuredmedia":[{"embeddable":true,"href":"https:\/\/www.tgrthaber.com\/mavikadin\/wp-json\/wp\/v2\/media\/307804"}],"wp:attachment":[{"href":"https:\/\/www.tgrthaber.com\/mavikadin\/wp-json\/wp\/v2\/media?parent=307803"}],"wp:term":[{"taxonomy":"category","embeddable":true,"href":"https:\/\/www.tgrthaber.com\/mavikadin\/wp-json\/wp\/v2\/categories?post=307803"},{"taxonomy":"post_tag","embeddable":true,"href":"https:\/\/www.tgrthaber.com\/mavikadin\/wp-json\/wp\/v2\/tags?post=307803"}],"curies":[{"name":"wp","href":"https:\/\/api.w.org\/{rel}","templated":true}]}}