{"id":307821,"date":"2026-03-10T12:06:37","date_gmt":"2026-03-10T09:06:37","guid":{"rendered":"https:\/\/www.tgrthaber.com\/mavikadin\/?p=307821"},"modified":"2026-03-10T12:06:38","modified_gmt":"2026-03-10T09:06:38","slug":"arda-turan-ve-fatih-terimden-surpriz-bulusma-sosyal-medya-bu-paylasimi-konusuyor","status":"publish","type":"post","link":"https:\/\/www.tgrthaber.com\/mavikadin\/arda-turan-ve-fatih-terimden-surpriz-bulusma-sosyal-medya-bu-paylasimi-konusuyor\/","title":{"rendered":"Arda Turan ve Fatih Terim\u2019den s\u00fcrpriz bulu\u015fma! Sosyal medya bu payla\u015f\u0131m\u0131 konu\u015fuyor"},"content":{"rendered":"<p><a href=\"https:\/\/www.tgrthaber.com\/mavikadin\/fatih-terimin-kizi-buse-terimden-soke-eden-itiraf-yeni-sevgilisini-paylasip-annelik-sinavi-veriyorum-dedi\/\">Fatih Terim<\/a>, Shakhtar Donetsk&#8217;in kamp\u0131n\u0131 ziyaret ederek teknik ekip ve futbolcularla bir araya geldi. Ziyaret s\u0131ras\u0131nda \u00e7ekilen kareler k\u0131sa s\u00fcrede g\u00fcndem olurken, Arda Turan&#8217;\u0131n sosyal medya hesab\u0131ndan Fatih Terim ile birlikte payla\u015ft\u0131\u011f\u0131 sosyal medyada foto\u011fraf b\u00fcy\u00fck ilgi g\u00f6rd\u00fc. Futbol d\u00fcnyas\u0131n\u0131n sevilen ba\u015far\u0131l\u0131 isimlerinden Fatih Terim ve Arda Turan&#8217;\u0131n dikkat \u00e7eken bu bulu\u015fma, sosyal medyada da \u00e7ok konu\u015fulan anlar aras\u0131nda yer ald\u0131. \u0130\u015fte Arda Turan&#8217;\u0131n <a href=\"https:\/\/www.tgrthaber.com\/mavikadin\/arda-turandan-manidar-fatih-terim-paylasimi-galatasarayin-vefali-cocugu\/\">Fatih Terim<\/a> ile payla\u015f\u0131m\u0131n\u0131n detaylar\u0131&#8230;<\/p>\n<h3>FAT\u0130H TER\u0130M VE ARDA TURAN&#8217;DAN MUHTE\u015eEM BULU\u015eMA<\/h3>\n<p>Arda Turan ile <a href=\"https:\/\/www.tgrthaber.com\/mavikadin\/fatih-terim-karaca-markasinin-yeni-yuzu-oldu-cesur-hareketi-begeni-topladi\/\">Fatih Terim<\/a> yeniden bir araya geldi. Shakhtar Donetsk kamp\u0131nda ger\u00e7ekle\u015fen bulu\u015fma futbol d\u00fcnyas\u0131nda dikkat \u00e7ekerken, Arda Turan o anlara ait bir kareyi sosyal medya hesab\u0131ndan takip\u00e7ileriyle payla\u015ft\u0131. Turan, payla\u015f\u0131m\u0131nda &#8220;Hocamdan muhte\u015fem bir gece s\u00fcrprizi. Deste\u011finiz i\u00e7in \u00e7ok te\u015fekk\u00fcr ederiz hocam, sizi \u00e7ok seviyoruz.&#8221; notunu ekleyerek payla\u015f\u0131m yapt\u0131. Arda Turan&#8217;\u0131n sosyal medya hesab\u0131nda yapt\u0131\u011f\u0131 bu payla\u015f\u0131m\u0131 ile k\u0131sa s\u00fcrede futbolseverlerden yo\u011fun ilgi g\u00f6rd\u00fc.<\/p>\n<p><img loading=\"lazy\" decoding=\"async\" class=\"alignnone size-full wp-image-307844\" src=\"https:\/\/www.tgrthaber.com\/mavikadin\/wp-content\/uploads\/2026\/03\/Asli-2026-03-10T114327.813.png\" alt=\"\" width=\"1208\" height=\"680\" title=\"\" srcset=\"https:\/\/www.tgrthaber.com\/mavikadin\/wp-content\/uploads\/2026\/03\/Asli-2026-03-10T114327.813.png 1208w, https:\/\/www.tgrthaber.com\/mavikadin\/wp-content\/uploads\/2026\/03\/Asli-2026-03-10T114327.813-300x169.png 300w, https:\/\/www.tgrthaber.com\/mavikadin\/wp-content\/uploads\/2026\/03\/Asli-2026-03-10T114327.813-1024x576.png 1024w, https:\/\/www.tgrthaber.com\/mavikadin\/wp-content\/uploads\/2026\/03\/Asli-2026-03-10T114327.813-768x432.png 768w\" sizes=\"(max-width: 1208px) 100vw, 1208px\" \/><\/p>\n<hr \/>\n<h3>FAT\u0130H TER\u0130M K\u0130MD\u0130R?<\/h3>\n<p>Fatih Terim, 4 Eyl\u00fcl 1953 tarihinde Adana, Ceyhan il\u00e7esi G\u00f6kseliye kasabas\u0131nda do\u011fmu\u015ftur. K\u0131br\u0131s T\u00fcrk\u00fc olan babas\u0131yla birlikte bir\u00e7ok i\u015fte \u00e7al\u0131\u015ft\u0131. Babas\u0131n\u0131n ad\u0131 Talat\u2019d\u0131r. Girdi\u011fi motor sanat enstit\u00fcs\u00fcnden devams\u0131zl\u0131k sebebiyle ayr\u0131ld\u0131. 1969 y\u0131l\u0131nda 16 ya\u015f\u0131nda Adana Demirspor&#8217;da kaleci olarak futbol hayat\u0131na ba\u015flad\u0131.Fatih Terim, T\u00fcrk teknik direkt\u00f6r ve eski bir milli futbolcudur. En son 1985 y\u0131l\u0131nda Galatasaray&#8217;da oynam\u0131\u015f ve daha sonra futbolu b\u0131rakm\u0131\u015ft\u0131r. Teknik direkt\u00f6rl\u00fc\u011fe ise MKE Ankarag\u00fcc\u00fc tak\u0131m\u0131nda ba\u015flam\u0131\u015ft\u0131r. Fatih Terim&#8217;in babas\u0131 K\u0131br\u0131sl\u0131d\u0131r. Fulya Aksu Terim ile evli olan Fatih Terim&#8217;in Merve Terim \u00c7etin ve Buse Terim Bah\u00e7ekap\u0131l\u0131 adlar\u0131nda iki k\u0131z\u0131 bulunmaktad\u0131r.<\/p>\n<p><img loading=\"lazy\" decoding=\"async\" class=\"alignnone size-full wp-image-307845\" src=\"https:\/\/www.tgrthaber.com\/mavikadin\/wp-content\/uploads\/2026\/03\/Asli-2026-03-10T113840.914.png\" alt=\"\" width=\"1208\" height=\"680\" title=\"\" srcset=\"https:\/\/www.tgrthaber.com\/mavikadin\/wp-content\/uploads\/2026\/03\/Asli-2026-03-10T113840.914.png 1208w, https:\/\/www.tgrthaber.com\/mavikadin\/wp-content\/uploads\/2026\/03\/Asli-2026-03-10T113840.914-300x169.png 300w, https:\/\/www.tgrthaber.com\/mavikadin\/wp-content\/uploads\/2026\/03\/Asli-2026-03-10T113840.914-1024x576.png 1024w, https:\/\/www.tgrthaber.com\/mavikadin\/wp-content\/uploads\/2026\/03\/Asli-2026-03-10T113840.914-768x432.png 768w\" sizes=\"(max-width: 1208px) 100vw, 1208px\" \/><\/p>\n<hr \/>\n<h3>FAT\u0130H TER\u0130M&#8217;\u0130N KAR\u0130YER\u0130<\/h3>\n<ul>\n<li>Fatih Terim, futbolculuk s\u00fcrecinde Ceyhanspor, Adana Demirspor ve Galatasaray&#8217;da top ko\u015fturdu.<\/li>\n<li>11 y\u0131l boyunca forma giydi\u011fi Galatasaray&#8217;da 1974-1975 sezonunda ve 1978-1979 sezonunda Ba\u015fbakanl\u0131k Kupas\u0131 kazand\u0131.<\/li>\n<li>1976, 1982 ve 1985 sezonlar\u0131nda ise T\u00fcrkiye Kupas\u0131 elde etti.<\/li>\n<li>Son olarak da 1982-1983 sezonunda T\u00fcrkiye S\u00fcper Kupas\u0131n\u0131 kazand\u0131.<\/li>\n<li>1985 y\u0131l\u0131nda futbolu b\u0131rakan Terim, teknik direkt\u00f6rl\u00fc\u011fe ba\u015flad\u0131.<\/li>\n<\/ul>\n<p><img loading=\"lazy\" decoding=\"async\" class=\"alignnone size-full wp-image-307846\" src=\"https:\/\/www.tgrthaber.com\/mavikadin\/wp-content\/uploads\/2026\/03\/Asli-2026-03-10T113956.520.png\" alt=\"\" width=\"1208\" height=\"680\" title=\"\" srcset=\"https:\/\/www.tgrthaber.com\/mavikadin\/wp-content\/uploads\/2026\/03\/Asli-2026-03-10T113956.520.png 1208w, https:\/\/www.tgrthaber.com\/mavikadin\/wp-content\/uploads\/2026\/03\/Asli-2026-03-10T113956.520-300x169.png 300w, https:\/\/www.tgrthaber.com\/mavikadin\/wp-content\/uploads\/2026\/03\/Asli-2026-03-10T113956.520-1024x576.png 1024w, https:\/\/www.tgrthaber.com\/mavikadin\/wp-content\/uploads\/2026\/03\/Asli-2026-03-10T113956.520-768x432.png 768w\" sizes=\"(max-width: 1208px) 100vw, 1208px\" \/><\/p>\n<hr \/>\n<h3>FAT\u0130H TER\u0130M&#8217;\u0130N BA\u015eARILARI<\/h3>\n<ul>\n<li>Fatih Terim, teknik direkt\u00f6r olarak Galatasaray ile 8 kez S\u00fcper Lig, 3 kez T\u00fcrkiye Kupas\u0131, 5 kez T\u00fcrkiye S\u00fcper Kupas\u0131 ve 1 UEFA Kupas\u0131 \u015eampiyonlu\u011fu kazand\u0131.<\/li>\n<li>Oyuncu olarak da 3 T\u00fcrkiye Kupas\u0131 ve 1 T\u00fcrkiye S\u00fcper Kupas\u0131 kazand\u0131.<\/li>\n<li>\u0130talya taraf\u0131ndan verilen &#8216;Commendatore&#8217; ni\u015fan\u0131na sahiptir ve \u0130talyanlar taraf\u0131ndan &#8216;Grande Terim&#8217; olarak an\u0131l\u0131r.<\/li>\n<li>Fatih Terim, &#8216;\u0130mparator&#8217; lakab\u0131 ile de tan\u0131nmakta.<\/li>\n<\/ul>\n<p><img loading=\"lazy\" decoding=\"async\" class=\"alignnone size-full wp-image-307847\" src=\"https:\/\/www.tgrthaber.com\/mavikadin\/wp-content\/uploads\/2026\/03\/Asli-2026-03-10T114248.234.png\" alt=\"\" width=\"1208\" height=\"680\" title=\"\" srcset=\"https:\/\/www.tgrthaber.com\/mavikadin\/wp-content\/uploads\/2026\/03\/Asli-2026-03-10T114248.234.png 1208w, https:\/\/www.tgrthaber.com\/mavikadin\/wp-content\/uploads\/2026\/03\/Asli-2026-03-10T114248.234-300x169.png 300w, https:\/\/www.tgrthaber.com\/mavikadin\/wp-content\/uploads\/2026\/03\/Asli-2026-03-10T114248.234-1024x576.png 1024w, https:\/\/www.tgrthaber.com\/mavikadin\/wp-content\/uploads\/2026\/03\/Asli-2026-03-10T114248.234-768x432.png 768w\" sizes=\"(max-width: 1208px) 100vw, 1208px\" \/><\/p>\n<hr \/>\n<h3>ARDA TURAN\u2019IN BARCELONA&#8217;DAK\u0130 BANK H\u0130KAYES\u0130<\/h3>\n<p>\u0130spanya&#8217;n\u0131n Barcelona \u015fehrinde Paseo de Gr\u00e0cia ile Jardinets de Gr\u00e0cia&#8217;n\u0131n kesi\u015fti\u011fi noktada, asl\u0131nda di\u011fer banklardan hi\u00e7bir fark\u0131 olmayan s\u0131radan bir bank \u00fcnl\u00fc futbolcu Arda Turan sayesinde T\u00fcrkiye&#8217;de ola\u011fan\u00fcst\u00fc bir \u00fcne kavu\u015ftu. \u00c7o\u011fu Barcelona sakini fark etmese de \u015fehri ziyaret eden T\u00fcrkler i\u00e7in buras\u0131 La Sagrada Familia kadar g\u00f6r\u00fclmesi gereken bir yer haline gelmi\u015fti. Bu bank\u0131 T\u00fcrk vatanda\u015flar\u0131n \u00e7o\u011fu Arda Turan bank\u0131 olarak tan\u0131d\u0131, \u0130spanya&#8217;da ise \u201cBanco de Arda Turan\u201d olarak tan\u0131nmay\u0131 ba\u015farm\u0131\u015ft\u0131. Bu m\u00fctevazi k\u00f6\u015fe, b\u00f6lgedeki yenileme \u00e7al\u0131\u015fmalar\u0131 nedeniyle kald\u0131r\u0131lmak \u00fczere oldu\u011fu haberleri yay\u0131lm\u0131\u015ft\u0131.<\/p>\n<p><img loading=\"lazy\" decoding=\"async\" class=\"alignnone size-full wp-image-307848\" src=\"https:\/\/www.tgrthaber.com\/mavikadin\/wp-content\/uploads\/2026\/03\/Asli-2026-03-10T114042.450.png\" alt=\"\" width=\"1208\" height=\"680\" title=\"\" srcset=\"https:\/\/www.tgrthaber.com\/mavikadin\/wp-content\/uploads\/2026\/03\/Asli-2026-03-10T114042.450.png 1208w, https:\/\/www.tgrthaber.com\/mavikadin\/wp-content\/uploads\/2026\/03\/Asli-2026-03-10T114042.450-300x169.png 300w, https:\/\/www.tgrthaber.com\/mavikadin\/wp-content\/uploads\/2026\/03\/Asli-2026-03-10T114042.450-1024x576.png 1024w, https:\/\/www.tgrthaber.com\/mavikadin\/wp-content\/uploads\/2026\/03\/Asli-2026-03-10T114042.450-768x432.png 768w\" sizes=\"(max-width: 1208px) 100vw, 1208px\" \/><\/p>\n<p>Arda Turan&#8217;\u0131n Madrid ve Bar\u00e7a g\u00fcnlerini hat\u0131rlayan herkes i\u00e7in bu bank \u00f6nemli. Her \u015fey y\u0131llar \u00f6nce, o d\u00f6nem Barcelona&#8217;da forma giyen Arda&#8217;n\u0131n Japon restoran\u0131 Parco&#8217;da yedi\u011fi ak\u015fam yeme\u011finin ard\u0131ndan restoran\u0131n \u00f6n\u00fcndeki o bankta kahve i\u00e7erken \u00e7ekilen bir foto\u011fraf\u0131n\u0131 payla\u015fmas\u0131yla ba\u015flam\u0131\u015ft\u0131. Arda Turan\u0131n att\u0131\u011f\u0131 ad\u0131mlar pek \u00e7o\u011fu gibi bu bank da T\u00fcrkiye&#8217;de viral oldu ve bank al\u0131\u015f\u0131lmad\u0131k bir turizm destinasyonuna d\u00f6n\u00fc\u015fm\u00fc\u015ft\u00fc. Sosyal medyada Arda Turan\u2019\u0131n \u00fcnl\u00fc foto\u011fraf\u0131n benzerini \u00e7ektirmek isteyen T\u00fcrk turistlerin ak\u0131n\u0131na u\u011fram\u0131\u015ft\u0131. Hatta bir\u00e7o\u011fu banka imzas\u0131n\u0131 da b\u0131rakarak, s\u00f6z konusu bank\u0131 bu kolektif hayranl\u0131\u011f\u0131n ilgin\u00e7 bir sembol\u00fcne d\u00f6n\u00fc\u015ft\u00fcrd\u00fc.<\/p>\n","protected":false},"excerpt":{"rendered":"<p>Arda Turan ve Fatih Terim, tekrardan bir araya gelerek futbolseverlere unutulmaz bir an ya\u015fatt\u0131. Arda Turan&#8217;\u0131n &#8220;Hocamdan muhte\u015fem bir gece s\u00fcrprizi. Deste\u011finiz i\u00e7in \u00e7ok te\u015fekk\u00fcr ederiz hocam, sizi \u00e7ok seviyoruz.&#8221; notuyla yapt\u0131\u011f\u0131 payla\u015f\u0131m, k\u0131sa s\u00fcrede b\u00fcy\u00fck ilgi g\u00f6rd\u00fc.<\/p>\n","protected":false},"author":37,"featured_media":307843,"comment_status":"closed","ping_status":"closed","sticky":false,"template":"","format":"standard","meta":{"rank_math_lock_modified_date":false,"footnotes":""},"categories":[76],"tags":[5771,73216,1336,73215,133],"class_list":["post-307821","post","type-post","status-publish","format-standard","has-post-thumbnail","hentry","category-magazin","tag-arda-turan","tag-arda-turan-paylasim","tag-fatih-terim","tag-fatih-terim-arda-turan","tag-magazin"],"_links":{"self":[{"href":"https:\/\/www.tgrthaber.com\/mavikadin\/wp-json\/wp\/v2\/posts\/307821"}],"collection":[{"href":"https:\/\/www.tgrthaber.com\/mavikadin\/wp-json\/wp\/v2\/posts"}],"about":[{"href":"https:\/\/www.tgrthaber.com\/mavikadin\/wp-json\/wp\/v2\/types\/post"}],"author":[{"embeddable":true,"href":"https:\/\/www.tgrthaber.com\/mavikadin\/wp-json\/wp\/v2\/users\/37"}],"replies":[{"embeddable":true,"href":"https:\/\/www.tgrthaber.com\/mavikadin\/wp-json\/wp\/v2\/comments?post=307821"}],"version-history":[{"count":2,"href":"https:\/\/www.tgrthaber.com\/mavikadin\/wp-json\/wp\/v2\/posts\/307821\/revisions"}],"predecessor-version":[{"id":307854,"href":"https:\/\/www.tgrthaber.com\/mavikadin\/wp-json\/wp\/v2\/posts\/307821\/revisions\/307854"}],"wp:featuredmedia":[{"embeddable":true,"href":"https:\/\/www.tgrthaber.com\/mavikadin\/wp-json\/wp\/v2\/media\/307843"}],"wp:attachment":[{"href":"https:\/\/www.tgrthaber.com\/mavikadin\/wp-json\/wp\/v2\/media?parent=307821"}],"wp:term":[{"taxonomy":"category","embeddable":true,"href":"https:\/\/www.tgrthaber.com\/mavikadin\/wp-json\/wp\/v2\/categories?post=307821"},{"taxonomy":"post_tag","embeddable":true,"href":"https:\/\/www.tgrthaber.com\/mavikadin\/wp-json\/wp\/v2\/tags?post=307821"}],"curies":[{"name":"wp","href":"https:\/\/api.w.org\/{rel}","templated":true}]}}