{"id":307859,"date":"2026-03-10T13:19:10","date_gmt":"2026-03-10T10:19:10","guid":{"rendered":"https:\/\/www.tgrthaber.com\/mavikadin\/?p=307859"},"modified":"2026-03-10T13:21:59","modified_gmt":"2026-03-10T10:21:59","slug":"eski-milli-sporcu-adem-kiliccinin-yasakli-madde-testi-pozitif-cikti-sosyal-medya-aciklamasi-sasirtti","status":"publish","type":"post","link":"https:\/\/www.tgrthaber.com\/mavikadin\/eski-milli-sporcu-adem-kiliccinin-yasakli-madde-testi-pozitif-cikti-sosyal-medya-aciklamasi-sasirtti\/","title":{"rendered":"Eski milli sporcu Adem K\u0131l\u0131\u00e7\u00e7\u0131\u2019n\u0131n yasakl\u0131 madde testi pozitif \u00e7\u0131kt\u0131! Sosyal medya a\u00e7\u0131klamas\u0131 \u015fa\u015f\u0131rtt\u0131"},"content":{"rendered":"<p>\u00dcnl\u00fc isimlere y\u00f6nelik devam eden yasakl\u0131 madde soru\u015fturmas\u0131 kapsam\u0131nda g\u00f6zalt\u0131na al\u0131n\u0131p ifadelerinin ard\u0131ndan serbest b\u0131rak\u0131lan eski milli sporcu <a href=\"https:\/\/www.tgrthaber.com\/mavikadin\/survivor-2015-sampiyonu-turabiden-adem-kilicci-icin-olay-olacak-sozler-caycim-yaparim\/\">Adem K\u0131l\u0131\u00e7\u00e7\u0131<\/a> ile ilgili dikkat \u00e7ekici geli\u015fmeler ya\u015fand\u0131. Adli T\u0131p Kurumu\u2019nda yap\u0131lan testlerin sonu\u00e7lar\u0131 a\u00e7\u0131kland\u0131 ve K\u0131l\u0131\u00e7\u00e7\u0131\u2019n\u0131n testlerinin pozitif \u00e7\u0131kt\u0131\u011f\u0131 belirtildi. Test sonucunun ard\u0131ndan Adem K\u0131l\u0131\u00e7\u00e7\u0131, sosyal medya hesab\u0131ndan yapt\u0131\u011f\u0131 a\u00e7\u0131klamayla dikkatleri \u00fczerine \u00e7ekti. \u0130\u015fte detaylar\u2026<\/p>\n<h3>ADEM KILI\u00c7CI\u2019DAN \u0130LK A\u00c7IKLAMA<\/h3>\n<p>\u00dcnl\u00fc isimlere y\u00f6nelik devam eden yasakl\u0131 madde soru\u015fturmas\u0131 kapsam\u0131nda ad\u0131 ge\u00e7en isimler aras\u0131nda yer alan eski milli sporcu <a href=\"https:\/\/www.tgrthaber.com\/mavikadin\/2-kez-survivor-sampiyonu-adem-kilicciyi-yikan-haber-2025te-kupasini-hediye-ettigi-seyda-keser-vefat-etti\/\">Adem K\u0131l\u0131\u00e7\u00e7\u0131<\/a>\u2019n\u0131n, yap\u0131lan testlerde yasakl\u0131 madde sonucunun pozitif \u00e7\u0131kt\u0131\u011f\u0131 \u00f6\u011frenildi. Bunun \u00fczerine K\u0131l\u0131\u00e7\u00e7\u0131, \u00e7\u0131kan haberler ve iddialarla ilgili olarak kamuoyuna sosyal medya hesab\u0131 \u00fczerinden \u00f6nemli bir a\u00e7\u0131klama yapt\u0131.<\/p>\n<p><img loading=\"lazy\" decoding=\"async\" class=\"alignnone size-full wp-image-307873\" src=\"https:\/\/www.tgrthaber.com\/mavikadin\/wp-content\/uploads\/2026\/03\/Asli-2026-03-10T121116.230.png\" alt=\"\" width=\"1208\" height=\"680\" title=\"\" srcset=\"https:\/\/www.tgrthaber.com\/mavikadin\/wp-content\/uploads\/2026\/03\/Asli-2026-03-10T121116.230.png 1208w, https:\/\/www.tgrthaber.com\/mavikadin\/wp-content\/uploads\/2026\/03\/Asli-2026-03-10T121116.230-300x169.png 300w, https:\/\/www.tgrthaber.com\/mavikadin\/wp-content\/uploads\/2026\/03\/Asli-2026-03-10T121116.230-1024x576.png 1024w, https:\/\/www.tgrthaber.com\/mavikadin\/wp-content\/uploads\/2026\/03\/Asli-2026-03-10T121116.230-768x432.png 768w\" sizes=\"(max-width: 1208px) 100vw, 1208px\" \/><\/p>\n<hr \/>\n<p>&#8220;Hayat\u0131mda hi\u00e7 g\u00f6rmedi\u011fim pek \u00e7ok etken maddeden bahseden bir gazetecinin haberini al\u0131p ger\u00e7ekmi\u015f gibi payla\u015fmas\u0131, bana yap\u0131lan b\u00fcy\u00fck bir itibar suikastidir. Ger\u00e7ek bilgilere ula\u015fmak i\u00e7in do\u011fru gazetecileri ve g\u00fcvenilir platformlar\u0131 takip edebilirsiniz. \u0130lk g\u00f6revim, tam te\u015fekk\u00fcll\u00fc bir hastaneye gidip kan, idrar ve sa\u00e7 analizi testi yapt\u0131rmak ve bu test sonu\u00e7lar\u0131n\u0131 sizlerle payla\u015fmak olacakt\u0131r. S\u00fcre\u00e7 boyunca de\u011fil, yolun sonunda tekrar g\u00f6r\u00fc\u015fece\u011fiz. Sayg\u0131lar&#8230;&#8221;<\/p>\n<p><img loading=\"lazy\" decoding=\"async\" class=\"alignnone size-full wp-image-307874\" src=\"https:\/\/www.tgrthaber.com\/mavikadin\/wp-content\/uploads\/2026\/03\/Asli-2026-03-10T130921.031.png\" alt=\"\" width=\"1208\" height=\"680\" title=\"\" srcset=\"https:\/\/www.tgrthaber.com\/mavikadin\/wp-content\/uploads\/2026\/03\/Asli-2026-03-10T130921.031.png 1208w, https:\/\/www.tgrthaber.com\/mavikadin\/wp-content\/uploads\/2026\/03\/Asli-2026-03-10T130921.031-300x169.png 300w, https:\/\/www.tgrthaber.com\/mavikadin\/wp-content\/uploads\/2026\/03\/Asli-2026-03-10T130921.031-1024x576.png 1024w, https:\/\/www.tgrthaber.com\/mavikadin\/wp-content\/uploads\/2026\/03\/Asli-2026-03-10T130921.031-768x432.png 768w\" sizes=\"(max-width: 1208px) 100vw, 1208px\" \/><\/p>\n<hr \/>\n<h3>BATUHAN KARACAKA\u2019DAN ADEM KILI\u00c7\u00c7I\u2019YA \u015eA\u015eIRTAN HAMLE<\/h3>\n<p>Survivor finalinde birlikte yar\u0131\u015fan Batuhan Karacakaya ve <a href=\"https:\/\/www.tgrthaber.com\/mavikadin\/yasakli-madde-kullandiklarini-itiraf-eden-unluler-kimdir-adem-kilicci-kemal-dogulu-murat-dalkilic-ve-kaan-tangoze-tutuklandi-mi\/\">Adem K\u0131l\u0131\u00e7\u00e7\u0131<\/a> aras\u0131nda son d\u00f6nemde ya\u015fanan geli\u015fmeler de dikkat \u00e7ekti. K\u0131l\u0131\u00e7\u00e7\u0131\u2019n\u0131n yasakl\u0131 madde testinin pozitif \u00e7\u0131kmas\u0131n\u0131n ard\u0131ndan, Karacakaya sosyal medyada \u00fcnl\u00fc ismi takipten \u00e7\u0131kararak \u015fa\u015f\u0131rt\u0131c\u0131 bir hamle yapt\u0131. Bu hareket dikkatlerden ka\u00e7mad\u0131.<\/p>\n<p><img loading=\"lazy\" decoding=\"async\" class=\"alignnone size-full wp-image-307875\" src=\"https:\/\/www.tgrthaber.com\/mavikadin\/wp-content\/uploads\/2026\/03\/Asli-2026-03-10T125650.394.png\" alt=\"\" width=\"1208\" height=\"680\" title=\"\" srcset=\"https:\/\/www.tgrthaber.com\/mavikadin\/wp-content\/uploads\/2026\/03\/Asli-2026-03-10T125650.394.png 1208w, https:\/\/www.tgrthaber.com\/mavikadin\/wp-content\/uploads\/2026\/03\/Asli-2026-03-10T125650.394-300x169.png 300w, https:\/\/www.tgrthaber.com\/mavikadin\/wp-content\/uploads\/2026\/03\/Asli-2026-03-10T125650.394-1024x576.png 1024w, https:\/\/www.tgrthaber.com\/mavikadin\/wp-content\/uploads\/2026\/03\/Asli-2026-03-10T125650.394-768x432.png 768w\" sizes=\"(max-width: 1208px) 100vw, 1208px\" \/><\/p>\n<hr \/>\n<h3>YASAKLI MADDE SORU\u015eTURMASI SON GEL\u0130\u015eMELER VE S\u00dcRE\u00c7<\/h3>\n<p>\u0130stanbul Cumhuriyet Ba\u015fsavc\u0131l\u0131\u011f\u0131nca \u00fcnl\u00fclere y\u00f6nelik yasakl\u0131 madde soru\u015fturmas\u0131 devam ediyor. Hakk\u0131nda yakalama karar\u0131 \u00e7\u0131kar\u0131lan \u015fark\u0131c\u0131 Edis G\u00f6rg\u00fcl\u00fc, yurt d\u0131\u015f\u0131 d\u00f6n\u00fc\u015f\u00fc 27 \u015eubat&#8217;ta havaliman\u0131nda g\u00f6zalt\u0131na al\u0131nm\u0131\u015ft\u0131. Adli t\u0131pa \u00f6rnek veren G\u00f6rg\u00fcl\u00fc, ifade i\u015flemlerinin ard\u0131ndan &#8220;imza atma&#8221; \u015feklinde adli kontrol tedbiri uygulanarak sal\u0131verilmi\u015fti.<\/p>\n<p><img loading=\"lazy\" decoding=\"async\" class=\"alignnone size-full wp-image-307876\" src=\"https:\/\/www.tgrthaber.com\/mavikadin\/wp-content\/uploads\/2026\/03\/Asli-2026-03-10T130903.807.png\" alt=\"\" width=\"1208\" height=\"680\" title=\"\" srcset=\"https:\/\/www.tgrthaber.com\/mavikadin\/wp-content\/uploads\/2026\/03\/Asli-2026-03-10T130903.807.png 1208w, https:\/\/www.tgrthaber.com\/mavikadin\/wp-content\/uploads\/2026\/03\/Asli-2026-03-10T130903.807-300x169.png 300w, https:\/\/www.tgrthaber.com\/mavikadin\/wp-content\/uploads\/2026\/03\/Asli-2026-03-10T130903.807-1024x576.png 1024w, https:\/\/www.tgrthaber.com\/mavikadin\/wp-content\/uploads\/2026\/03\/Asli-2026-03-10T130903.807-768x432.png 768w\" sizes=\"(max-width: 1208px) 100vw, 1208px\" \/><\/p>\n<hr \/>\n<p>Edis G\u00f6rg\u00fcl\u00fc, Adli T\u0131p Kurumu&#8217;na kan ve sa\u00e7 \u00f6rne\u011fi vermi\u015fti. G\u00f6rg\u00fcl\u00fc&#8217;n\u00fcn yasakl\u0131 madde testi sonucunun pozitif \u00e7\u0131kt\u0131\u011f\u0131 bildirildi. \u00dcnl\u00fclere y\u00f6nelik yasakl\u0131 madde operasyonunda g\u00f6zalt\u0131na al\u0131nan isimler \u00f6nce hastanede sa\u011fl\u0131k kontrol\u00fcnden ge\u00e7iriliyor.<\/p>\n<p><img loading=\"lazy\" decoding=\"async\" class=\"alignnone size-full wp-image-307877\" src=\"https:\/\/www.tgrthaber.com\/mavikadin\/wp-content\/uploads\/2026\/03\/Asli-2026-03-10T130937.909.png\" alt=\"\" width=\"1208\" height=\"680\" title=\"\" srcset=\"https:\/\/www.tgrthaber.com\/mavikadin\/wp-content\/uploads\/2026\/03\/Asli-2026-03-10T130937.909.png 1208w, https:\/\/www.tgrthaber.com\/mavikadin\/wp-content\/uploads\/2026\/03\/Asli-2026-03-10T130937.909-300x169.png 300w, https:\/\/www.tgrthaber.com\/mavikadin\/wp-content\/uploads\/2026\/03\/Asli-2026-03-10T130937.909-1024x576.png 1024w, https:\/\/www.tgrthaber.com\/mavikadin\/wp-content\/uploads\/2026\/03\/Asli-2026-03-10T130937.909-768x432.png 768w\" sizes=\"(max-width: 1208px) 100vw, 1208px\" \/><br \/>\nBu isimler daha sonra yasakl\u0131 madde testi i\u00e7in Adli T\u0131p Kurumu&#8217;na g\u00f6t\u00fcr\u00fcl\u00fcyor. \u00dcnl\u00fcler sonras\u0131nda ise savc\u0131ya ifade i\u00e7in adliyeye g\u00f6t\u00fcr\u00fcl\u00fcyor. G\u00f6zalt\u0131na al\u0131nanlar hakk\u0131ndaki savc\u0131l\u0131k talebi ise bu a\u015famada veriliyor. Talebe g\u00f6re \u00fcnl\u00fc isimler serbest b\u0131rak\u0131l\u0131yor ya da mahkemeye sevk ediliyor.<\/p>\n","protected":false},"excerpt":{"rendered":"<p>\u00dcnl\u00fclere y\u00f6nelik yasakl\u0131 madde soru\u015fturmas\u0131nda, eski milli sporcu Adem K\u0131l\u0131\u00e7c\u0131&#8217;n\u0131n Adli T\u0131p&#8217;taki test sonu\u00e7lar\u0131n\u0131n pozitif \u00e7\u0131kmas\u0131 \u00f6\u011frenildi. Yasakl\u0131 madde sonucu sosyal medya hesab\u0131ndan yapt\u0131\u011f\u0131 a\u00e7\u0131klama k\u0131sa s\u00fcrede g\u00fcndem oldu.<\/p>\n","protected":false},"author":37,"featured_media":307872,"comment_status":"closed","ping_status":"closed","sticky":false,"template":"","format":"standard","meta":{"rank_math_lock_modified_date":false,"footnotes":""},"categories":[76],"tags":[15014,73219,133],"class_list":["post-307859","post","type-post","status-publish","format-standard","has-post-thumbnail","hentry","category-magazin","tag-adem-kilicci","tag-eski-milli-sporcu-adem-kilicci","tag-magazin"],"_links":{"self":[{"href":"https:\/\/www.tgrthaber.com\/mavikadin\/wp-json\/wp\/v2\/posts\/307859"}],"collection":[{"href":"https:\/\/www.tgrthaber.com\/mavikadin\/wp-json\/wp\/v2\/posts"}],"about":[{"href":"https:\/\/www.tgrthaber.com\/mavikadin\/wp-json\/wp\/v2\/types\/post"}],"author":[{"embeddable":true,"href":"https:\/\/www.tgrthaber.com\/mavikadin\/wp-json\/wp\/v2\/users\/37"}],"replies":[{"embeddable":true,"href":"https:\/\/www.tgrthaber.com\/mavikadin\/wp-json\/wp\/v2\/comments?post=307859"}],"version-history":[{"count":3,"href":"https:\/\/www.tgrthaber.com\/mavikadin\/wp-json\/wp\/v2\/posts\/307859\/revisions"}],"predecessor-version":[{"id":307892,"href":"https:\/\/www.tgrthaber.com\/mavikadin\/wp-json\/wp\/v2\/posts\/307859\/revisions\/307892"}],"wp:featuredmedia":[{"embeddable":true,"href":"https:\/\/www.tgrthaber.com\/mavikadin\/wp-json\/wp\/v2\/media\/307872"}],"wp:attachment":[{"href":"https:\/\/www.tgrthaber.com\/mavikadin\/wp-json\/wp\/v2\/media?parent=307859"}],"wp:term":[{"taxonomy":"category","embeddable":true,"href":"https:\/\/www.tgrthaber.com\/mavikadin\/wp-json\/wp\/v2\/categories?post=307859"},{"taxonomy":"post_tag","embeddable":true,"href":"https:\/\/www.tgrthaber.com\/mavikadin\/wp-json\/wp\/v2\/tags?post=307859"}],"curies":[{"name":"wp","href":"https:\/\/api.w.org\/{rel}","templated":true}]}}