{"id":307878,"date":"2026-03-10T13:20:01","date_gmt":"2026-03-10T10:20:01","guid":{"rendered":"https:\/\/www.tgrthaber.com\/mavikadin\/?p=307878"},"modified":"2026-03-10T13:20:01","modified_gmt":"2026-03-10T10:20:01","slug":"vera-celik-zurih-belediye-meclisinde-bir-ilke-imza-atti-elimden-gelenin-en-iyisini-yapmaya-hazirim","status":"publish","type":"post","link":"https:\/\/www.tgrthaber.com\/mavikadin\/vera-celik-zurih-belediye-meclisinde-bir-ilke-imza-atti-elimden-gelenin-en-iyisini-yapmaya-hazirim\/","title":{"rendered":"Vera \u00c7elik Z\u00fcrih Belediye Meclisi\u2019nde bir ilke imza att\u0131! \u201cElimden gelenin en iyisini yapmaya haz\u0131r\u0131m\u201d"},"content":{"rendered":"<p>Vera \u00c7elik, \u0130svi\u00e7re\u2019nin Z\u00fcrih \u015fehrinde Z\u00fcrih Belediye Meclisi&#8217;ne se\u00e7ilen ilk tesett\u00fcrl\u00fc \u00fcye oldu. Gen\u00e7 ya\u015fta g\u00f6reve gelmekten gurur duydu\u011funu dile getiren Vera \u00c7elik, Z\u00fcrih Belediye Meclisi\u2019nde bir ilke imza att\u0131. M\u00fcsl\u00fcmanlar ve az\u0131nl\u0131klar\u0131n korunmas\u0131 i\u00e7in y\u00fcr\u00fctt\u00fc\u011f\u00fc \u00e7al\u0131\u015fmalar\u0131n\u0131 bu platformda da s\u00fcrd\u00fcrece\u011fini a\u00e7\u0131klayan Vera \u00c7elik, ayn\u0131 zamanda elinden gelenin en iyisini yapmaya haz\u0131r oldu\u011funu dile getirdi.<\/p>\n<h3>VERA \u00c7EL\u0130K Z\u00dcR\u0130H BELED\u0130YE MECL\u0130S\u0130\u2019NDE B\u0130R \u0130LKE \u0130MZA ATTI!<\/h3>\n<p><a href=\"https:\/\/www.tgrthaber.com\/mavikadin\/x-eroglu-holdingden-8-marta-ozel-deger-ureten-x-kadinlari-projesi-kadinlarin-ozdeger-yolculugu\/\">Vera \u00c7elik<\/a>, ge\u00e7ti\u011fimiz g\u00fcn yap\u0131lan se\u00e7imlerde Z\u00fcrih&#8217;in 11. b\u00f6lgesinde \u0130svi\u00e7re Sosyal Demokrat Partisinden (SP) yeni Belediye Meclisi&#8217;ne bu se\u00e7imdeki en gen\u00e7 \u00fcye olarak se\u00e7ildi. \u00c7elik, \u0130svi\u00e7re\u2019nin Z\u00fcrih \u015fehrinde Z\u00fcrih Belediye Meclisi&#8217;ne se\u00e7ilen ilk tesett\u00fcrl\u00fc \u00fcye oldu. Gen\u00e7 ya\u015fta g\u00f6reve gelmekten gurur duydu\u011funu dile getiren Vera \u00c7elik, Z\u00fcrih Belediye Meclisi\u2019nde bir ilke imza att\u0131. Gen\u00e7 ya\u015fta meclis \u00fcyesi olan \u00c7elik, s\u00fcreci AA\u2019ya anlatt\u0131.<\/p>\n<p><img loading=\"lazy\" decoding=\"async\" class=\"size-full wp-image-307883\" src=\"https:\/\/www.tgrthaber.com\/mavikadin\/wp-content\/uploads\/2026\/03\/Vera-Celik-6.jpg\" alt=\"Vera \u00c7elik Z\u00fcrih Belediye Meclisi\u2019nde bir ilke imza att\u0131! \u201cElimden gelenin en iyisini yapmaya haz\u0131r\u0131m\u201d\" width=\"1208\" height=\"680\" title=\"\" srcset=\"https:\/\/www.tgrthaber.com\/mavikadin\/wp-content\/uploads\/2026\/03\/Vera-Celik-6.jpg 1208w, https:\/\/www.tgrthaber.com\/mavikadin\/wp-content\/uploads\/2026\/03\/Vera-Celik-6-300x169.jpg 300w, https:\/\/www.tgrthaber.com\/mavikadin\/wp-content\/uploads\/2026\/03\/Vera-Celik-6-1024x576.jpg 1024w, https:\/\/www.tgrthaber.com\/mavikadin\/wp-content\/uploads\/2026\/03\/Vera-Celik-6-768x432.jpg 768w\" sizes=\"(max-width: 1208px) 100vw, 1208px\" \/><\/p>\n<hr \/>\n<p>Heyecanl\u0131 ve mutlu oldu\u011funu dile getiren Vera \u00c7elik, a\u00e7\u0131klamalar\u0131nda \u015fu ifadelere yer verdi:<\/p>\n<p>\u201cBir de bunun yan\u0131nda getirdi\u011fi bir gurur da var tabii. \u00c7\u00fcnk\u00fc 20 ya\u015f\u0131nda bir gen\u00e7 olarak ilk denemesinde ve yerel halk taraf\u0131ndan se\u00e7ilmek de insan\u0131 sevindiriyor. \u0130nsana &#8216;tabii ki de biz sana g\u00fcveniyoruz&#8217; hissini olduk\u00e7a veriyor. Z\u00fcrih Belediye Meclisi&#8217;nde ilk tesett\u00fcrl\u00fc parlamenterim. Z\u00fcrih gibi bir \u015fehirde bu \u00e7o\u011fulcu toplumu olabildi\u011fince parlamentoda g\u00f6rmek istiyoruz. Bunu en g\u00fczel \u015fekilde bence bu se\u00e7imlerde yans\u0131tabildik. Benim yan\u0131mda farkl\u0131 az\u0131nl\u0131klardan da vekiller se\u00e7ildi. Bu olduk\u00e7a mutlu eden bir sonu\u00e7.\u201d<\/p>\n<h3>\u201cAZINLIKLARIN VE M\u00dcSL\u00dcMAN TOPLUMUN KORUNMASI \u0130\u00c7\u0130N BA\u015eKA B\u0130R PLATFORMA SAH\u0130B\u0130M ARTIK\u201d<\/h3>\n<p>Halk\u0131n bir kesiminin tesett\u00fcrl\u00fc insanlara kar\u015f\u0131 b\u00fcy\u00fck bir \u00f6n yarg\u0131s\u0131 oldu\u011funu vurgulayan <a href=\"https:\/\/www.tgrthaber.com\/mavikadin\/altin-yatirimi-yapan-kadinlar-dikkat-savasin-etkisi-gumusu-altini-ucurdu\/\">Vera \u00c7elik<\/a>, \u201cGenel olarak sadece ba\u015f\u00f6rt\u00fcs\u00fcne de\u011fil M\u00fcsl\u00fcman g\u00f6z\u00fckebilecek herkese, yani bu isimle de olabilir b\u00fcy\u00fck bir \u00f6n yarg\u0131 vard\u0131. Halen daha var ancak bence buradaki g\u00f6r\u00fcn\u00fcrl\u00fck \u00e7ok \u00f6nemli ve bu beni asl\u0131nda \u00e7ok mutlu ediyor.\u201d \u015feklinde konu\u015ftu.<\/p>\n<p><img loading=\"lazy\" decoding=\"async\" class=\"size-full wp-image-307880\" src=\"https:\/\/www.tgrthaber.com\/mavikadin\/wp-content\/uploads\/2026\/03\/Vera-Celik-3.jpg\" alt=\"Vera \u00c7elik Z\u00fcrih Belediye Meclisi\u2019nde bir ilke imza att\u0131! \u201cElimden gelenin en iyisini yapmaya haz\u0131r\u0131m\u201d\" width=\"1208\" height=\"680\" title=\"\" srcset=\"https:\/\/www.tgrthaber.com\/mavikadin\/wp-content\/uploads\/2026\/03\/Vera-Celik-3.jpg 1208w, https:\/\/www.tgrthaber.com\/mavikadin\/wp-content\/uploads\/2026\/03\/Vera-Celik-3-300x169.jpg 300w, https:\/\/www.tgrthaber.com\/mavikadin\/wp-content\/uploads\/2026\/03\/Vera-Celik-3-1024x576.jpg 1024w, https:\/\/www.tgrthaber.com\/mavikadin\/wp-content\/uploads\/2026\/03\/Vera-Celik-3-768x432.jpg 768w\" sizes=\"(max-width: 1208px) 100vw, 1208px\" \/><\/p>\n<hr \/>\n<p>M\u00fcsl\u00fcmanlar\u0131n \u00fclkede ya\u015fad\u0131\u011f\u0131 zorluklar\u0131 da dile getiren Vera \u00c7elik, \u201cBiz burada &#8216;M\u00fcsl\u00fcman kar\u015f\u0131t\u0131 \u0131rk\u00e7\u0131l\u0131k&#8217; diyoruz buna. \u0130slamofobi kelimesinden birazc\u0131k daha \u00e7ekiniyoruz. \u00c7\u00fcnk\u00fc bu konuda, \u0130slamofobiden daha \u00e7ok M\u00fcsl\u00fcman olabilecek herkese kar\u015f\u0131 bu tav\u0131r sergileniyor. G\u00fcndelik \u0131rk\u00e7\u0131l\u0131k yine had safhada art\u0131yor ve g\u00f6r\u00fcn\u00fcr bir \u015fekilde ve siyasette de asl\u0131nda gittik\u00e7e daha bunu s\u00f6z konusu etmeye \u00e7al\u0131\u015f\u0131yoruz.\u201d ifadelerine yer verdi.<\/p>\n<p>Demokraside az\u0131nl\u0131klar\u0131n korunmas\u0131n\u0131n olmazsa olmaz oldu\u011funa vurgu yapan Vera \u00c7elik, siyaset\u00e7inin daha \u00e7ok aktivist de olmas\u0131na i\u015faret ederek \u015fu ifadeleri kulland\u0131:<\/p>\n<p>\u201cBir parlamentoda olmaktansa sesinin g\u00fcr \u00e7\u0131kmas\u0131, cesur olmak, bir \u015feylere kar\u015f\u0131 bir haks\u0131zl\u0131k olunca sesini \u00e7\u0131karmak \u00e7ok g\u00fczel bir \u015fey bence. Ben bunu severek yap\u0131yorum. Se\u00e7ildim diye bir \u015fey de\u011fi\u015fmiyor sonu\u00e7ta. Bu demek oluyor ki sadece \u00e7al\u0131\u015fmalar\u0131m\u0131 devam ettirmek, az\u0131nl\u0131klar\u0131n ve M\u00fcsl\u00fcman toplumun haklar\u0131n\u0131 korumak i\u00e7in ba\u015fka bir platforma sahibim art\u0131k. Bu da benim i\u015fimi olduk\u00e7a kolayla\u015ft\u0131r\u0131yor.\u201d<\/p>\n<h3>\u201cEL\u0130MDEN GELEN\u0130N EN \u0130Y\u0130S\u0130N\u0130 YAPMAYA HAZIRIM\u201d<\/h3>\n<p>Z\u00fcrih Belediye Meclis \u00fcyeli\u011fine se\u00e7ilen 125 ki\u015fiden biri olman\u0131n \u00e7ok gururland\u0131r\u0131c\u0131 oldu\u011funu belirten Vera \u00c7elik, g\u00f6revini lay\u0131k\u0131yla yapmay\u0131 istedi\u011finin alt\u0131n\u0131 \u00e7izerek \u015fu ifadelere yer verdi:<\/p>\n<p><img loading=\"lazy\" decoding=\"async\" class=\"size-full wp-image-307882\" src=\"https:\/\/www.tgrthaber.com\/mavikadin\/wp-content\/uploads\/2026\/03\/Vera-Celik-5.jpg\" alt=\"Vera \u00c7elik Z\u00fcrih Belediye Meclisi\u2019nde bir ilke imza att\u0131! \u201cElimden gelenin en iyisini yapmaya haz\u0131r\u0131m\u201d\" width=\"1208\" height=\"680\" title=\"\" srcset=\"https:\/\/www.tgrthaber.com\/mavikadin\/wp-content\/uploads\/2026\/03\/Vera-Celik-5.jpg 1208w, https:\/\/www.tgrthaber.com\/mavikadin\/wp-content\/uploads\/2026\/03\/Vera-Celik-5-300x169.jpg 300w, https:\/\/www.tgrthaber.com\/mavikadin\/wp-content\/uploads\/2026\/03\/Vera-Celik-5-1024x576.jpg 1024w, https:\/\/www.tgrthaber.com\/mavikadin\/wp-content\/uploads\/2026\/03\/Vera-Celik-5-768x432.jpg 768w\" sizes=\"(max-width: 1208px) 100vw, 1208px\" \/><\/p>\n<hr \/>\n<p>\u201cBu \u00fclkede tesett\u00fcrl\u00fc bir parlamenter hi\u00e7 olmad\u0131. Salonda konu\u015fabilen ilk siyaset\u00e7i olabilece\u011fim ve bunu \u00e7ok gen\u00e7 bir ya\u015fta ba\u015fard\u0131m.\u201d<\/p>\n<p>K\u00fc\u00e7\u00fckl\u00fc\u011f\u00fcnden bu yana babas\u0131yla siyasi konular\u0131 konu\u015ftu\u011funu ifade eden Vera \u00c7elik, \u201cYa\u015f\u0131m ilerledik\u00e7e SP&#8217;de hep beraber ya\u015fan\u0131labilir, \u0131rk\u00e7\u0131l\u0131k kar\u015f\u0131t\u0131, birbirine sahip \u00e7\u0131kan ve insanlar\u0131n birbirine kenetlendi\u011fi bir \u015fehrin ne kadar \u00f6nemli oldu\u011funu g\u00f6rd\u00fcm. \u00d6zellikle tabii (T\u00fcrk) g\u00f6\u00e7men k\u00f6kenli olmak yani M\u00fcsl\u00fcman olmak bunun \u00f6nemini daha da art\u0131r\u0131yor ve bu insan bunun \u00f6nemini daha da g\u00f6r\u00fcyor. Gelecek d\u00f6rt sene i\u00e7in \u0130svi\u00e7re&#8217;nin bence en g\u00fczel belediyesi i\u00e7in bir parlamenter olabilirim. Bu \u015fehir i\u00e7in elimden gelenin en iyisini yapmaya haz\u0131r\u0131m ve bunu da yapaca\u011f\u0131m.\u201d \u015feklinde konu\u015ftu.<\/p>\n<h3>\u201cBURADA YA\u015eAYAN HALKI TEMS\u0130L ETMEK \u0130\u00c7\u0130N G\u0130R\u0130YORUM\u201d<\/h3>\n<p>Partisinin bu s\u00fcre\u00e7teki deste\u011finin kendisini \u00e7ok motive etti\u011fini belirten Vera \u00c7elik, bu durum sayesinde ad\u0131mlar\u0131n\u0131 daha g\u00fc\u00e7l\u00fc atabildi\u011finin alt\u0131n\u0131 \u00e7izdi.<\/p>\n<p><img loading=\"lazy\" decoding=\"async\" class=\"size-full wp-image-307881\" src=\"https:\/\/www.tgrthaber.com\/mavikadin\/wp-content\/uploads\/2026\/03\/Vera-Celik-4.jpg\" alt=\"Vera \u00c7elik Z\u00fcrih Belediye Meclisi\u2019nde bir ilke imza att\u0131! \u201cElimden gelenin en iyisini yapmaya haz\u0131r\u0131m\u201d\" width=\"1208\" height=\"680\" title=\"\" srcset=\"https:\/\/www.tgrthaber.com\/mavikadin\/wp-content\/uploads\/2026\/03\/Vera-Celik-4.jpg 1208w, https:\/\/www.tgrthaber.com\/mavikadin\/wp-content\/uploads\/2026\/03\/Vera-Celik-4-300x169.jpg 300w, https:\/\/www.tgrthaber.com\/mavikadin\/wp-content\/uploads\/2026\/03\/Vera-Celik-4-1024x576.jpg 1024w, https:\/\/www.tgrthaber.com\/mavikadin\/wp-content\/uploads\/2026\/03\/Vera-Celik-4-768x432.jpg 768w\" sizes=\"(max-width: 1208px) 100vw, 1208px\" \/><\/p>\n<hr \/>\n<p><a href=\"https:\/\/www.tgrthaber.com\/mavikadin\/sumeyye-erdogan-bayraktardan-aile-vurgusu-uluslararasi-ailenin-guclendirilmesi-konferansi-kapanis-toreni-istanbulda-tamamlandi\/\">Vera \u00c7elik<\/a>, konu\u015fmas\u0131nda \u201c(Federal Konseye se\u00e7ilme) Tabii g\u00f6n\u00fcl ister evet ama bence bunu s\u00f6ylemek i\u00e7in birazc\u0131k \u00e7ok erken. Ben \u00f6nce ger\u00e7ekten hani bu \u015fehre lay\u0131\u011f\u0131yla bir \u015feyler katmak istiyorum, bir deste\u011fim olsun istiyorum ama ileriki d\u00f6nemlerde niye olmas\u0131n? Yine bir adayl\u0131k d\u00fc\u015f\u00fcnebilirim. Ben buraya Z\u00fcrih Belediyesinin bir par\u00e7as\u0131nda do\u011fmu\u015f, b\u00fcy\u00fcm\u00fc\u015f bir insan olarak ve burada ya\u015fayan halk\u0131 temsil etmek i\u00e7in giriyorum. Tabii bunun i\u00e7inde T\u00fcrkler de var. Bundan da mutluluk duyuyorum, kendi (T\u00fcrk) k\u00f6kenim oldu\u011fu i\u00e7in.\u201d ifadelerini kulland\u0131.<\/p>\n<p>A\u00e7\u0131klamalar\u0131na devam eden Vera \u00c7elik, \u201c(Z\u00fcrih&#8217;te siyaset yapan) Hele ki g\u00f6\u00e7men k\u00f6kenli insanlar neredeyse yok denilecek kadar az. Bu say\u0131 i\u00e7inde T\u00fcrk k\u00f6kenli gen\u00e7ler yine yok denilecek kadar az. Benim s\u00f6yleyebilece\u011fim asl\u0131nda en g\u00fczel ve en b\u00fcy\u00fck \u015fey asl\u0131nda cesur olun. Sizin de bir \u015fans\u0131n\u0131z olabilir. Dedi\u011fim gibi ya\u015fad\u0131\u011f\u0131n\u0131z yere g\u00fczel bir \u015feyler katmaya \u00e7al\u0131\u015f\u0131n. Sonu\u00e7ta kararl\u0131l\u0131k ve azimle bu i\u015f olabiliyor. Bu \u00fclkede ya\u015fayan b\u00fct\u00fcn insanlar yani her demografik yap\u0131 ve her k\u00f6\u015fesinde olan insanlar buraya bakt\u0131\u011f\u0131nda kendilerini temsil eden bir ses g\u00f6rebilsin. Burada ya\u015fayan M\u00fcsl\u00fcmanlar veya diyelim ki T\u00fcrk k\u00f6kenli insanlar bunu g\u00f6remiyorsa o zaman b\u00fcy\u00fck bir eksik vard\u0131r. Ancak e\u011fer bug\u00fcnden itibaren bunu g\u00f6rebiliyor olsak ne mutlu bize.\u201d \u015feklinde konu\u015ftu.<\/p>\n<h3>\u201cT\u00dcRK\u0130YE&#8217;DEK\u0130 DESTE\u011e\u0130 H\u0130SSETMEK G\u00dcZEL GEL\u0130YOR\u201d<\/h3>\n<p>Siyaset\u00e7inin samimi olmas\u0131n\u0131n se\u00e7menler ve \u00e7evresi taraf\u0131ndan da g\u00f6r\u00fcld\u00fc\u011f\u00fcn\u00fc s\u00f6yleyen Vera \u00c7elik, her insan\u0131n siyasette kendini temsil eden birini g\u00f6rebilmesinin ve kendini temsil edebilmesine dikkat \u00e7ekti. \u00c7elik, a\u00e7\u0131klamalar\u0131na \u015fu \u015fekilde devam etti:<\/p>\n<p><img loading=\"lazy\" decoding=\"async\" class=\"size-full wp-image-307886\" src=\"https:\/\/www.tgrthaber.com\/mavikadin\/wp-content\/uploads\/2026\/03\/Vera-Celik-1.jpg\" alt=\"Vera \u00c7elik Z\u00fcrih Belediye Meclisi\u2019nde bir ilke imza att\u0131! \u201cElimden gelenin en iyisini yapmaya haz\u0131r\u0131m\u201d\" width=\"1208\" height=\"680\" title=\"\" srcset=\"https:\/\/www.tgrthaber.com\/mavikadin\/wp-content\/uploads\/2026\/03\/Vera-Celik-1.jpg 1208w, https:\/\/www.tgrthaber.com\/mavikadin\/wp-content\/uploads\/2026\/03\/Vera-Celik-1-300x169.jpg 300w, https:\/\/www.tgrthaber.com\/mavikadin\/wp-content\/uploads\/2026\/03\/Vera-Celik-1-1024x576.jpg 1024w, https:\/\/www.tgrthaber.com\/mavikadin\/wp-content\/uploads\/2026\/03\/Vera-Celik-1-768x432.jpg 768w\" sizes=\"(max-width: 1208px) 100vw, 1208px\" \/><\/p>\n<hr \/>\n<p>\u201cYani bence ba\u015fkas\u0131n\u0131n bunu yapmas\u0131na gerek yok. Siz gelin kendinizi kendiniz temsil edin. En g\u00fczeli bence budur. (T\u00fcrkiye&#8217;deki ilgi i\u00e7in) \u00c7ok te\u015fekk\u00fcr ederim. Dedi\u011fim gibi \u00f6n yarg\u0131l\u0131 olmayal\u0131m. Hepimiz sonu\u00e7ta insan\u0131z. (T\u00fcrkiye&#8217;deki haberler) Birka\u00e7 \u015fey okudum, beni \u00e7ok motive etti. Umar\u0131m bu mecliste, ya\u015fad\u0131\u011f\u0131m yer ve topluma en g\u00fczel \u015fekilde bir faydam dokunabilir. Tabii ki deste\u011fi de hissetmek \u00e7ok g\u00fczel hissettiriyor. T\u00fcrkiye&#8217;deki deste\u011fi hissetmek g\u00fczel geliyor.\u201d<\/p>\n<p>Z\u00fcrih parlamentosundaki en gen\u00e7 vekil oldu\u011funu da hat\u0131rlatan Vera \u00c7elik, en gen\u00e7 vekilin may\u0131sta ba\u015flayacak yeni d\u00f6nemde a\u00e7\u0131l\u0131\u015f konu\u015fmas\u0131n\u0131 yapt\u0131\u011f\u0131na i\u015faret etti.<\/p>\n<p>Vera \u00c7elik, \u201c(En gen\u00e7 vekil) Meclisi a\u00e7\u0131yor. Bu durumda ben oluyorum bu ki\u015fi ve bundan da ayr\u0131 bir mutluluk duyuyorum. Gen\u00e7 olmak demek gen\u00e7 insanlar\u0131n sesini de buraya ta\u015f\u0131mak demek. En gen\u00e7 olman\u0131n getirdi\u011fi bir gurur da var burada.\u201d dedi.<\/p>\n","protected":false},"excerpt":{"rendered":"<p>Hayat\u0131n\u0131 \u0130svi\u00e7re\u2019de s\u00fcrd\u00fcren Vera \u00c7elik, Z\u00fcrih Belediye Meclisi&#8217;ne se\u00e7ilen ilk tesett\u00fcrl\u00fc \u00fcye oldu. Gen\u00e7 ya\u015f\u0131na ra\u011fmen Z\u00fcrih Belediye Meclisi\u2019nde bir ilke imza atan Vera \u00c7elik, elinden gelenin en iyisini yapmaya haz\u0131r oldu\u011funu dile getirdi. \u0130\u015fte detaylar\u2026<\/p>\n","protected":false},"author":26,"featured_media":307879,"comment_status":"closed","ping_status":"closed","sticky":false,"template":"","format":"standard","meta":{"rank_math_lock_modified_date":false,"footnotes":""},"categories":[2149],"tags":[3455,20399,73220,73222,73221],"class_list":["post-307878","post","type-post","status-publish","format-standard","has-post-thumbnail","hentry","category-guclu-kadin","tag-guclu-kadin","tag-guclu-kadin-haberleri","tag-vera-celik","tag-zurih-belediye-meclisi","tag-zurih-belediye-meclisi-uyesi-vera-celik"],"_links":{"self":[{"href":"https:\/\/www.tgrthaber.com\/mavikadin\/wp-json\/wp\/v2\/posts\/307878"}],"collection":[{"href":"https:\/\/www.tgrthaber.com\/mavikadin\/wp-json\/wp\/v2\/posts"}],"about":[{"href":"https:\/\/www.tgrthaber.com\/mavikadin\/wp-json\/wp\/v2\/types\/post"}],"author":[{"embeddable":true,"href":"https:\/\/www.tgrthaber.com\/mavikadin\/wp-json\/wp\/v2\/users\/26"}],"replies":[{"embeddable":true,"href":"https:\/\/www.tgrthaber.com\/mavikadin\/wp-json\/wp\/v2\/comments?post=307878"}],"version-history":[{"count":2,"href":"https:\/\/www.tgrthaber.com\/mavikadin\/wp-json\/wp\/v2\/posts\/307878\/revisions"}],"predecessor-version":[{"id":307889,"href":"https:\/\/www.tgrthaber.com\/mavikadin\/wp-json\/wp\/v2\/posts\/307878\/revisions\/307889"}],"wp:featuredmedia":[{"embeddable":true,"href":"https:\/\/www.tgrthaber.com\/mavikadin\/wp-json\/wp\/v2\/media\/307879"}],"wp:attachment":[{"href":"https:\/\/www.tgrthaber.com\/mavikadin\/wp-json\/wp\/v2\/media?parent=307878"}],"wp:term":[{"taxonomy":"category","embeddable":true,"href":"https:\/\/www.tgrthaber.com\/mavikadin\/wp-json\/wp\/v2\/categories?post=307878"},{"taxonomy":"post_tag","embeddable":true,"href":"https:\/\/www.tgrthaber.com\/mavikadin\/wp-json\/wp\/v2\/tags?post=307878"}],"curies":[{"name":"wp","href":"https:\/\/api.w.org\/{rel}","templated":true}]}}