{"id":307893,"date":"2026-03-10T13:49:41","date_gmt":"2026-03-10T10:49:41","guid":{"rendered":"https:\/\/www.tgrthaber.com\/mavikadin\/?p=307893"},"modified":"2026-03-10T13:49:41","modified_gmt":"2026-03-10T10:49:41","slug":"vera-celik-kimdir-vera-celik-kac-yasinda-ne-okudu-aslen-nereli","status":"publish","type":"post","link":"https:\/\/www.tgrthaber.com\/mavikadin\/vera-celik-kimdir-vera-celik-kac-yasinda-ne-okudu-aslen-nereli\/","title":{"rendered":"Vera \u00c7elik kimdir? Vera \u00c7elik ka\u00e7 ya\u015f\u0131nda, ne okudu, aslen nereli?"},"content":{"rendered":"<p>\u0130svi\u00e7re\u2019nin Z\u00fcrih kentinde yap\u0131lan yerel se\u00e7imlerde T\u00fcrk k\u00f6kenli olan Vera \u00c7elik, elde etti\u011fi ba\u015far\u0131yla hem T\u00fcrkiye de hem de \u0130svi\u00e7re\u2019de olduk\u00e7a ses getirdi. Z\u00fcrih b\u00f6lgesinde olduk\u00e7a fazla oy alarak meclise giren <a href=\"https:\/\/www.tgrthaber.com\/mavikadin\/vera-celik-zurih-belediye-meclisinde-bir-ilke-imza-atti-elimden-gelenin-en-iyisini-yapmaya-hazirim\/\">Vera \u00c7elik<\/a>, hayat\u0131yla da g\u00fcndem oldu. Peki, Vera \u00c7elik kimdir? Vera \u00c7elik ka\u00e7 ya\u015f\u0131nda, ne okudu, aslen nereli? sorular\u0131n\u0131 sizin i\u00e7in ara\u015ft\u0131rd\u0131k. \u0130\u015fte detaylar\u2026<\/p>\n<h3>VERA \u00c7EL\u0130K K\u0130MD\u0130R?<\/h3>\n<p>\u0130svi\u00e7re\u2019nin Z\u00fcrih kentinde yap\u0131lan yerel se\u00e7imlerde Sosyal Demokrat Parti listesinde yar\u0131\u015fan T\u00fcrkiye k\u00f6kenli isim Vera \u00c7elik ba\u015far\u0131s\u0131yla adeta hem T\u00fcrkiye\u2019nin hem de d\u00fcnyan\u0131n g\u00fcndemine oturdu. Kamuoyunda da olduk\u00e7a yank\u0131 uyand\u0131ran Vera \u00c7elik, hayat\u0131yla merak edildi.<\/p>\n<p><img loading=\"lazy\" decoding=\"async\" class=\"alignnone size-full wp-image-307900\" src=\"https:\/\/www.tgrthaber.com\/mavikadin\/wp-content\/uploads\/2026\/03\/celik-7.jpg\" alt=\"Vera \u00c7elik kimdir? Vera \u00c7elik ka\u00e7 ya\u015f\u0131nda, ne okudu, aslen nereli?\" width=\"1208\" height=\"680\" title=\"\" srcset=\"https:\/\/www.tgrthaber.com\/mavikadin\/wp-content\/uploads\/2026\/03\/celik-7.jpg 1208w, https:\/\/www.tgrthaber.com\/mavikadin\/wp-content\/uploads\/2026\/03\/celik-7-300x169.jpg 300w, https:\/\/www.tgrthaber.com\/mavikadin\/wp-content\/uploads\/2026\/03\/celik-7-1024x576.jpg 1024w, https:\/\/www.tgrthaber.com\/mavikadin\/wp-content\/uploads\/2026\/03\/celik-7-768x432.jpg 768w\" sizes=\"(max-width: 1208px) 100vw, 1208px\" \/><\/p>\n<hr \/>\n<p>2006 y\u0131l\u0131nda d\u00fcnyaya gelen Vera \u00c7elik, \u0130svi\u00e7re\u2019ye okumak i\u00e7in gitmi\u015ftir. T\u00fcrkiye vatanda\u015f\u0131 olan Vera \u00c7elik, Z\u00fcrih\u2019te 10. B\u00f6lgesinin 4 bin 772 oy alarak belediye meclisine girerek kentin ilk tesett\u00fcrl\u00fc meclis \u00fcyesi oldu.<\/p>\n<h3><img loading=\"lazy\" decoding=\"async\" class=\"alignnone size-full wp-image-307898\" src=\"https:\/\/www.tgrthaber.com\/mavikadin\/wp-content\/uploads\/2026\/03\/celik-5.jpg\" alt=\"Vera \u00c7elik kimdir? Vera \u00c7elik ka\u00e7 ya\u015f\u0131nda, ne okudu, aslen nereli?\" width=\"1208\" height=\"680\" title=\"\" srcset=\"https:\/\/www.tgrthaber.com\/mavikadin\/wp-content\/uploads\/2026\/03\/celik-5.jpg 1208w, https:\/\/www.tgrthaber.com\/mavikadin\/wp-content\/uploads\/2026\/03\/celik-5-300x169.jpg 300w, https:\/\/www.tgrthaber.com\/mavikadin\/wp-content\/uploads\/2026\/03\/celik-5-1024x576.jpg 1024w, https:\/\/www.tgrthaber.com\/mavikadin\/wp-content\/uploads\/2026\/03\/celik-5-768x432.jpg 768w\" sizes=\"(max-width: 1208px) 100vw, 1208px\" \/><\/h3>\n<hr \/>\n<h3>VERA \u00c7EL\u0130K KA\u00c7 YA\u015eINDA?<\/h3>\n<p>Kamuoyunda b\u00fcy\u00fck bir yank\u0131 uyand\u0131ran Vera \u00c7elik, 2006 y\u0131l\u0131nda d\u00fcnyaya geldi. Vera \u00c7elik \u015fimdilerde 20 ya\u015f\u0131ndad\u0131r. Gen\u00e7 ya\u015f\u0131na ra\u011fmen, siyasi \u00e7al\u0131\u015fmalar\u0131yla dikkatleri \u00fczerine \u00e7ekmektedir. Siyas\u0131 \u00e7al\u0131\u015fmalar\u0131nda genellikle sosyal adalet ve f\u0131rsat e\u015fitli\u011fi gibi konular\u0131 ele almaktad\u0131r.<\/p>\n<h3><img loading=\"lazy\" decoding=\"async\" class=\"alignnone size-full wp-image-307897\" src=\"https:\/\/www.tgrthaber.com\/mavikadin\/wp-content\/uploads\/2026\/03\/celik-4.jpg\" alt=\"Vera \u00c7elik kimdir? Vera \u00c7elik ka\u00e7 ya\u015f\u0131nda, ne okudu, aslen nereli?\" width=\"1208\" height=\"680\" title=\"\" srcset=\"https:\/\/www.tgrthaber.com\/mavikadin\/wp-content\/uploads\/2026\/03\/celik-4.jpg 1208w, https:\/\/www.tgrthaber.com\/mavikadin\/wp-content\/uploads\/2026\/03\/celik-4-300x169.jpg 300w, https:\/\/www.tgrthaber.com\/mavikadin\/wp-content\/uploads\/2026\/03\/celik-4-1024x576.jpg 1024w, https:\/\/www.tgrthaber.com\/mavikadin\/wp-content\/uploads\/2026\/03\/celik-4-768x432.jpg 768w\" sizes=\"(max-width: 1208px) 100vw, 1208px\" \/><\/h3>\n<hr \/>\n<h3>VERA \u00c7EL\u0130K NE OKUDU?<\/h3>\n<p>Mesleki e\u011fitimi ile de merak edilen Vera \u00c7elik, di\u015f hekimi asistanl\u0131\u011f\u0131 alan\u0131nda da e\u011fitim almaktad\u0131r. Z\u00fcrih\u2019te g\u00f6stermi\u015f oldu\u011fu ba\u015far\u0131s\u0131yla da dikkatleri \u00fczerine \u00e7eken Vera \u00c7elik, \u015fimdilerde hem kamuoyunun hem de yabanc\u0131 bas\u0131n\u0131n dikkatini \u00e7ekmeye devam ediyor.<\/p>\n<p><img loading=\"lazy\" decoding=\"async\" class=\"alignnone size-full wp-image-307896\" src=\"https:\/\/www.tgrthaber.com\/mavikadin\/wp-content\/uploads\/2026\/03\/celik-3.jpg\" alt=\"Vera \u00c7elik kimdir? Vera \u00c7elik ka\u00e7 ya\u015f\u0131nda, ne okudu, aslen nereli?\" width=\"1208\" height=\"680\" title=\"\" srcset=\"https:\/\/www.tgrthaber.com\/mavikadin\/wp-content\/uploads\/2026\/03\/celik-3.jpg 1208w, https:\/\/www.tgrthaber.com\/mavikadin\/wp-content\/uploads\/2026\/03\/celik-3-300x169.jpg 300w, https:\/\/www.tgrthaber.com\/mavikadin\/wp-content\/uploads\/2026\/03\/celik-3-1024x576.jpg 1024w, https:\/\/www.tgrthaber.com\/mavikadin\/wp-content\/uploads\/2026\/03\/celik-3-768x432.jpg 768w\" sizes=\"(max-width: 1208px) 100vw, 1208px\" \/><\/p>\n<hr \/>\n<p>Di\u015f hekimi asistanl\u0131\u011f\u0131 e\u011fitimiyle dikkat \u00e7eken Vera \u00c7elik, siyasetteki ba\u015far\u0131s\u0131yla da olduk\u00e7a g\u00fcndem olmaya devam ediyor. Siyasi \u00e7al\u0131\u015fmalar\u0131yla ad\u0131ndan s\u00f6z ettirece\u011fi d\u00fc\u015f\u00fcn\u00fclen Vera \u00c7elik, parti i\u00e7inde de etkin s\u00f6z hakk\u0131yla dikkatleri \u00fczerine \u00e7ekmektedir.<\/p>\n<h3><img loading=\"lazy\" decoding=\"async\" class=\"alignnone size-full wp-image-307895\" src=\"https:\/\/www.tgrthaber.com\/mavikadin\/wp-content\/uploads\/2026\/03\/celik-2.jpg\" alt=\"Vera \u00c7elik kimdir? Vera \u00c7elik ka\u00e7 ya\u015f\u0131nda, ne okudu, aslen nereli?\" width=\"1208\" height=\"680\" title=\"\" srcset=\"https:\/\/www.tgrthaber.com\/mavikadin\/wp-content\/uploads\/2026\/03\/celik-2.jpg 1208w, https:\/\/www.tgrthaber.com\/mavikadin\/wp-content\/uploads\/2026\/03\/celik-2-300x169.jpg 300w, https:\/\/www.tgrthaber.com\/mavikadin\/wp-content\/uploads\/2026\/03\/celik-2-1024x576.jpg 1024w, https:\/\/www.tgrthaber.com\/mavikadin\/wp-content\/uploads\/2026\/03\/celik-2-768x432.jpg 768w\" sizes=\"(max-width: 1208px) 100vw, 1208px\" \/><\/h3>\n<hr \/>\n<h3>VERA \u00c7EL\u0130K ASLEN NEREL\u0130?<\/h3>\n<p>Vera \u00c7elik\u2019in aslen nereli oldu\u011fu bilinmiyor. \u0130svi\u00e7re\u2019nin Z\u00fcrih kentine e\u011fitimi i\u00e7in giden Vera \u00c7elik, T\u00fcrkiye\u2019de ya\u015f\u0131yor. Ancak T\u00fcrkiye\u2019den nereli oldu\u011fu bilinmiyor. Ancak Vera \u00c7elik&#8217;in sosyal medya hesab\u0131na bak\u0131ld\u0131\u011f\u0131nda Ordu&#8217;dan payla\u015f\u0131mlar yapt\u0131\u011f\u0131 g\u00f6r\u00fcl\u00fcyor.<\/p>\n<p><img loading=\"lazy\" decoding=\"async\" class=\"alignnone size-full wp-image-307894\" src=\"https:\/\/www.tgrthaber.com\/mavikadin\/wp-content\/uploads\/2026\/03\/celik-1.jpg\" alt=\"Vera \u00c7elik kimdir? Vera \u00c7elik ka\u00e7 ya\u015f\u0131nda, ne okudu, aslen nereli?\" width=\"1208\" height=\"680\" title=\"\" srcset=\"https:\/\/www.tgrthaber.com\/mavikadin\/wp-content\/uploads\/2026\/03\/celik-1.jpg 1208w, https:\/\/www.tgrthaber.com\/mavikadin\/wp-content\/uploads\/2026\/03\/celik-1-300x169.jpg 300w, https:\/\/www.tgrthaber.com\/mavikadin\/wp-content\/uploads\/2026\/03\/celik-1-1024x576.jpg 1024w, https:\/\/www.tgrthaber.com\/mavikadin\/wp-content\/uploads\/2026\/03\/celik-1-768x432.jpg 768w\" sizes=\"(max-width: 1208px) 100vw, 1208px\" \/><\/p>\n<hr \/>\n<p>Vera \u00c7elik&#8217;in tam oalrak nereli oldu\u011fu bilinmiyor. Sadece sosyal medya payla\u015f\u0131mlar\u0131nda bak\u0131larak Ordulu oldu\u011fu s\u00f6ylenebilir. T\u00fcrkiye ve yabanc\u0131 bas\u0131nda ad\u0131n\u0131 s\u0131kl\u0131kla duyaca\u011f\u0131m\u0131z ki\u015filer aras\u0131nda yer al\u0131yor.<\/p>\n","protected":false},"excerpt":{"rendered":"<p>Z\u00fcrih yerel se\u00e7imlerde Sosyal Demokrat Parti\u2019de meclis \u00fcyesi se\u00e7ilen Vera \u00c7elik, hayat\u0131yla merak edilerek ara\u015ft\u0131r\u0131lmaya ba\u015fland\u0131. Peki, Vera \u00c7elik kimdir? Vera \u00c7elik ka\u00e7 ya\u015f\u0131nda, ne okudu, aslen nereli? \u0130\u015fte detaylar\u2026<\/p>\n","protected":false},"author":34,"featured_media":307899,"comment_status":"closed","ping_status":"closed","sticky":false,"template":"","format":"standard","meta":{"rank_math_lock_modified_date":false,"footnotes":""},"categories":[491],"tags":[16521,73220,73223,73224,73221],"class_list":["post-307893","post","type-post","status-publish","format-standard","has-post-thumbnail","hentry","category-biyografi","tag-biyografi-haberleri","tag-vera-celik","tag-vera-celik-kimdir","tag-zurih","tag-zurih-belediye-meclisi-uyesi-vera-celik"],"_links":{"self":[{"href":"https:\/\/www.tgrthaber.com\/mavikadin\/wp-json\/wp\/v2\/posts\/307893"}],"collection":[{"href":"https:\/\/www.tgrthaber.com\/mavikadin\/wp-json\/wp\/v2\/posts"}],"about":[{"href":"https:\/\/www.tgrthaber.com\/mavikadin\/wp-json\/wp\/v2\/types\/post"}],"author":[{"embeddable":true,"href":"https:\/\/www.tgrthaber.com\/mavikadin\/wp-json\/wp\/v2\/users\/34"}],"replies":[{"embeddable":true,"href":"https:\/\/www.tgrthaber.com\/mavikadin\/wp-json\/wp\/v2\/comments?post=307893"}],"version-history":[{"count":1,"href":"https:\/\/www.tgrthaber.com\/mavikadin\/wp-json\/wp\/v2\/posts\/307893\/revisions"}],"predecessor-version":[{"id":307901,"href":"https:\/\/www.tgrthaber.com\/mavikadin\/wp-json\/wp\/v2\/posts\/307893\/revisions\/307901"}],"wp:featuredmedia":[{"embeddable":true,"href":"https:\/\/www.tgrthaber.com\/mavikadin\/wp-json\/wp\/v2\/media\/307899"}],"wp:attachment":[{"href":"https:\/\/www.tgrthaber.com\/mavikadin\/wp-json\/wp\/v2\/media?parent=307893"}],"wp:term":[{"taxonomy":"category","embeddable":true,"href":"https:\/\/www.tgrthaber.com\/mavikadin\/wp-json\/wp\/v2\/categories?post=307893"},{"taxonomy":"post_tag","embeddable":true,"href":"https:\/\/www.tgrthaber.com\/mavikadin\/wp-json\/wp\/v2\/tags?post=307893"}],"curies":[{"name":"wp","href":"https:\/\/api.w.org\/{rel}","templated":true}]}}