{"id":307954,"date":"2026-03-10T16:45:36","date_gmt":"2026-03-10T13:45:36","guid":{"rendered":"https:\/\/www.tgrthaber.com\/mavikadin\/?p=307954"},"modified":"2026-03-10T16:45:36","modified_gmt":"2026-03-10T13:45:36","slug":"ramazanda-mide-yanmasi-neden-artar-orucluyken-mide-yanmasi-nasil-onlenir","status":"publish","type":"post","link":"https:\/\/www.tgrthaber.com\/mavikadin\/ramazanda-mide-yanmasi-neden-artar-orucluyken-mide-yanmasi-nasil-onlenir\/","title":{"rendered":"Ramazanda mide yanmas\u0131 neden artar? Oru\u00e7luyken mide yanmas\u0131 nas\u0131l \u00f6nlenir?"},"content":{"rendered":"<p>Ramazanda hemen bir\u00e7o\u011fumuz <a href=\"https:\/\/www.tgrthaber.com\/mavikadin\/yemek-yiyerek-kilo-almiyorsunuz-aliskanliklariniza-dikkat-edin\/\">mide yanmas\u0131<\/a> ve mide a\u011fr\u0131s\u0131 gibi problemlerle kar\u015f\u0131 kar\u015f\u0131ya kalabiliriz. Bu noktada en \u00e7ok sorulan ve merak edilenler aras\u0131nda ise \u201cRamazanda mide yanmas\u0131 neden artar? Oru\u00e7luyken mide yanmas\u0131 nas\u0131l \u00f6nlenir?\u201d sorular\u0131 yer al\u0131r. Sizde Ramazan\u0131n son g\u00fcnlerinde mide yanmas\u0131 \u015fikayetiyle kar\u015f\u0131 kar\u015f\u0131ya kal\u0131yorsan\u0131z, do\u011fru yerdesiniz.<\/p>\n<p>\u0130ftar ve sahur aras\u0131nda yapt\u0131\u011f\u0131n\u0131z bir\u00e7ok hata oru\u00e7lu oldu\u011funuz g\u00fcn boyunca mide yanmas\u0131 ve mide a\u011fr\u0131s\u0131 problemlerine yol a\u00e7ar. \u201cRamazanda mide yanmas\u0131 neden artar? Oru\u00e7luyken mide yanmas\u0131 nas\u0131l \u00f6nlenir?\u201d sorular\u0131n\u0131n cevab\u0131n\u0131 Atlas \u00dcniversitesi Hastanesi Gastroenteroloji Uzman\u0131 Prof. Dr. Raim \u0130liaz, sizin i\u00e7in cevaplad\u0131. Peki, Ramazanda mide yanmas\u0131 neden artar? Oru\u00e7luyken mide yanmas\u0131 nas\u0131l \u00f6nlenir? \u0130\u015fte Ramazanda mide yanmas\u0131 problemiyle m\u00fccadele ederken dikkat edilmesi gerekenler\u2026<\/p>\n<h3>RAMAZANDA M\u0130DE YANMASI NEDEN OLUR?<\/h3>\n<p>G\u00fcnl\u00fck hayatta bir\u00e7ok ki\u015finin s\u0131kl\u0131kla kar\u015f\u0131la\u015ft\u0131\u011f\u0131 en yayg\u0131n mide rahats\u0131zl\u0131klar\u0131 aras\u0131nda bulunan <a href=\"https:\/\/www.tgrthaber.com\/mavikadin\/sabah-vucudunuzun-sizi-uyardigi-alarm-surekli-yorgunlugun-ilk-nedeni\/\">mide yanmas\u0131<\/a>, g\u00fcnl\u00fck ya\u015fant\u0131m\u0131z\u0131 ve sa\u011fl\u0131\u011f\u0131m\u0131z\u0131 olumsuz y\u00f6nde etkiler. Peki, mide yanmas\u0131 nedir?<\/p>\n<p><img loading=\"lazy\" decoding=\"async\" class=\"size-full wp-image-307961\" src=\"https:\/\/www.tgrthaber.com\/mavikadin\/wp-content\/uploads\/2026\/03\/mide-yanmasi-7.jpg\" alt=\"Ramazanda mide yanmas\u0131 neden artar? Oru\u00e7luyken mide yanmas\u0131 nas\u0131l \u00f6nlenir?\" width=\"1208\" height=\"680\" title=\"\" srcset=\"https:\/\/www.tgrthaber.com\/mavikadin\/wp-content\/uploads\/2026\/03\/mide-yanmasi-7.jpg 1208w, https:\/\/www.tgrthaber.com\/mavikadin\/wp-content\/uploads\/2026\/03\/mide-yanmasi-7-300x169.jpg 300w, https:\/\/www.tgrthaber.com\/mavikadin\/wp-content\/uploads\/2026\/03\/mide-yanmasi-7-1024x576.jpg 1024w, https:\/\/www.tgrthaber.com\/mavikadin\/wp-content\/uploads\/2026\/03\/mide-yanmasi-7-768x432.jpg 768w\" sizes=\"(max-width: 1208px) 100vw, 1208px\" \/><\/p>\n<hr \/>\n<ul>\n<li>Mide yanmas\u0131 (refl\u00fc hastal\u0131\u011f\u0131) mide asidinin yemek borusuna do\u011fru geriye ka\u00e7mas\u0131 sonucu ortaya \u00e7\u0131kan bir yanma hissidir.<\/li>\n<li>Mide yanmas\u0131 genellikle g\u00f6\u011f\u00fcs kemi\u011finin arkas\u0131nda hissedilir.<\/li>\n<li>Mide yanmas\u0131, bazen a\u011fza ac\u0131 veya ek\u015fi su gelmesiyle kendini g\u00f6sterebilir.<\/li>\n<li>Uzun s\u00fcreli a\u00e7l\u0131k, mide asidi \u00fcretimini tamamen durdurmaz.<\/li>\n<li>\u0130ftar s\u0131ras\u0131nda mideye bir anda fazla miktarda yemek girmesi ve mide i\u00e7i bas\u0131nc\u0131n artmas\u0131, refl\u00fcy\u00fc tetikleyebilir.<\/li>\n<\/ul>\n<h3>RAMAZANDA M\u0130DE YANMASI NEDEN ARTAR?<\/h3>\n<p>Ramazan ay\u0131nda <a href=\"https:\/\/www.tgrthaber.com\/mavikadin\/ramazanin-son-gunlerinde-enerjinizi-yuksek-tutun-dinc-kalmak-icin-bu-8-besini-mutlaka-tuketin\/\">mide yanmas\u0131n\u0131n<\/a> art\u0131\u015f g\u00f6stermesi \u00e7e\u015fitli nedenlere ba\u011fl\u0131 olarak farkl\u0131l\u0131k g\u00f6sterebilir. Oru\u00e7 tutan bir\u00e7ok ki\u015fi uzun s\u00fcren a\u00e7l\u0131k sonucunda g\u00fcn i\u00e7erisinde s\u0131k s\u0131k mide problemleriyle m\u00fccadele edebilir. \u00d6zellikle oru\u00e7 ve mide sa\u011fl\u0131\u011f\u0131 aras\u0131nda olduk\u00e7a \u00f6nemli bir ba\u011f vard\u0131r. Peki, Ramazanda mide yanmas\u0131 neden artar?<\/p>\n<p><img loading=\"lazy\" decoding=\"async\" class=\"size-full wp-image-307959\" src=\"https:\/\/www.tgrthaber.com\/mavikadin\/wp-content\/uploads\/2026\/03\/mide-yanmasi-5.jpg\" alt=\"Ramazanda mide yanmas\u0131 neden artar? Oru\u00e7luyken mide yanmas\u0131 nas\u0131l \u00f6nlenir?Ramazanda mide yanmas\u0131 neden artar? Oru\u00e7luyken mide yanmas\u0131 nas\u0131l \u00f6nlenir?\" width=\"1208\" height=\"680\" title=\"\" srcset=\"https:\/\/www.tgrthaber.com\/mavikadin\/wp-content\/uploads\/2026\/03\/mide-yanmasi-5.jpg 1208w, https:\/\/www.tgrthaber.com\/mavikadin\/wp-content\/uploads\/2026\/03\/mide-yanmasi-5-300x169.jpg 300w, https:\/\/www.tgrthaber.com\/mavikadin\/wp-content\/uploads\/2026\/03\/mide-yanmasi-5-1024x576.jpg 1024w, https:\/\/www.tgrthaber.com\/mavikadin\/wp-content\/uploads\/2026\/03\/mide-yanmasi-5-768x432.jpg 768w\" sizes=\"(max-width: 1208px) 100vw, 1208px\" \/><\/p>\n<hr \/>\n<p>Atlas \u00dcniversitesi Hastanesi Gastroenteroloji Uzman\u0131 Prof. Dr. Raim \u0130liaz, Ramazanda mide yanmas\u0131 problemi hakk\u0131nda dikkat \u00e7eken a\u00e7\u0131klamalarda bulunuyor.<\/p>\n<ul>\n<li>Ramazan ay\u0131, beslenme d\u00fczenimizin \u00f6nemli \u00f6l\u00e7\u00fcde de\u011fi\u015fti\u011fi bir d\u00f6nemdir.<\/li>\n<li>G\u00fcn boyunca uzun s\u00fcre a\u00e7 kal\u0131nd\u0131ktan sonra iftarda h\u0131zl\u0131 ve fazla miktarda yemek yemek, baz\u0131 ki\u015filerde mide yanmas\u0131 ve refl\u00fc \u015fikayetlerinin artmas\u0131na neden olabilir.<\/li>\n<li>\u00d6zellikle daha \u00f6nce mide hassasiyeti veya refl\u00fc problemi olan ki\u015filerde bu \u015fikayetler Ramazan ay\u0131nda daha s\u0131k g\u00f6r\u00fclmektedir.<\/li>\n<li>Ramazan ay\u0131nda mide yanmas\u0131n\u0131n(refl\u00fcn\u00fcn) artmas\u0131n\u0131n ba\u015fl\u0131ca nedenleri \u015funlard\u0131r;<\/li>\n<li>H\u0131zl\u0131 yemek yemek<\/li>\n<li>\u00c7ok ya\u011fl\u0131 veya k\u0131zart\u0131lm\u0131\u015f yiyecekler t\u00fcketmek<\/li>\n<li>A\u015f\u0131r\u0131 baharatl\u0131 g\u0131dalarla beslenmek<\/li>\n<li>\u0130ftarda ve sahurda gazl\u0131 i\u00e7ecekler i\u00e7mek<\/li>\n<li>\u0130ftardan hemen sonra uzanarak yatmak<\/li>\n<\/ul>\n<p><img loading=\"lazy\" decoding=\"async\" class=\"size-full wp-image-307957\" src=\"https:\/\/www.tgrthaber.com\/mavikadin\/wp-content\/uploads\/2026\/03\/mide-yanmasi-3.jpg\" alt=\"Ramazanda mide yanmas\u0131 neden artar? Oru\u00e7luyken mide yanmas\u0131 nas\u0131l \u00f6nlenir?\" width=\"1208\" height=\"680\" title=\"\" srcset=\"https:\/\/www.tgrthaber.com\/mavikadin\/wp-content\/uploads\/2026\/03\/mide-yanmasi-3.jpg 1208w, https:\/\/www.tgrthaber.com\/mavikadin\/wp-content\/uploads\/2026\/03\/mide-yanmasi-3-300x169.jpg 300w, https:\/\/www.tgrthaber.com\/mavikadin\/wp-content\/uploads\/2026\/03\/mide-yanmasi-3-1024x576.jpg 1024w, https:\/\/www.tgrthaber.com\/mavikadin\/wp-content\/uploads\/2026\/03\/mide-yanmasi-3-768x432.jpg 768w\" sizes=\"(max-width: 1208px) 100vw, 1208px\" \/><\/p>\n<hr \/>\n<h3>ORU\u00c7LUYKEN M\u0130DE YANMASI NASIL \u00d6NLEN\u0130R?<\/h3>\n<p>Ramazanda hemen bir\u00e7o\u011fumuz <a href=\"https:\/\/www.tgrthaber.com\/mavikadin\/orucun-son-gunlerinde-hazimsizliga-dikkat-iftardan-sonra-tuketmeniz-gereken-karisim\/\">mide yanmas\u0131<\/a> probleminden \u015fikayet\u00e7i oluruz. Oru\u00e7luyken mide yanmas\u0131yla m\u00fccadele etmek hi\u00e7 \u015f\u00fcphesiz ka\u00e7\u0131n\u0131lmazd\u0131r. \u00d6zellikle Ramazan ay\u0131nda beslenme d\u00fczeninde ya\u015fanan de\u011fi\u015fiklikler mide yanmas\u0131n\u0131n ve problemlerinin ba\u015fl\u0131ca sebepleri aras\u0131ndad\u0131r.<\/p>\n<p><img loading=\"lazy\" decoding=\"async\" class=\"size-full wp-image-307964\" src=\"https:\/\/www.tgrthaber.com\/mavikadin\/wp-content\/uploads\/2026\/03\/mide-yanmasi-10.jpg\" alt=\"Ramazanda mide yanmas\u0131 neden artar? Oru\u00e7luyken mide yanmas\u0131 nas\u0131l \u00f6nlenir?\" width=\"1208\" height=\"680\" title=\"\" srcset=\"https:\/\/www.tgrthaber.com\/mavikadin\/wp-content\/uploads\/2026\/03\/mide-yanmasi-10.jpg 1208w, https:\/\/www.tgrthaber.com\/mavikadin\/wp-content\/uploads\/2026\/03\/mide-yanmasi-10-300x169.jpg 300w, https:\/\/www.tgrthaber.com\/mavikadin\/wp-content\/uploads\/2026\/03\/mide-yanmasi-10-1024x576.jpg 1024w, https:\/\/www.tgrthaber.com\/mavikadin\/wp-content\/uploads\/2026\/03\/mide-yanmasi-10-768x432.jpg 768w\" sizes=\"(max-width: 1208px) 100vw, 1208px\" \/><\/p>\n<hr \/>\n<p>Fakat Ramazanda mide yanmas\u0131 ve mide problemleri \u015fikayetlerini azaltmak i\u00e7in baz\u0131 basit \u00f6nlemler olduk\u00e7a faydal\u0131d\u0131r. Atlas \u00dcniversitesi Hastanesi Gastroenteroloji Uzman\u0131 Prof. Dr. Raim \u0130liaz, Ramazanda mide yanmas\u0131 problemine kar\u015f\u0131 al\u0131nabilecek \u00f6nlemleri \u015fu \u015fekilde s\u0131ral\u0131yor;<\/p>\n<ul>\n<li>\u00d6ncelikle iftara bir bardak su ve hafif bir \u00e7orba ile ba\u015flanmal\u0131d\u0131r.<\/li>\n<li>\u0130ftarda ana yeme\u011fe ge\u00e7meden \u00f6nce k\u0131sa bir ara vermek sindirim sistemi i\u00e7in daha sa\u011fl\u0131kl\u0131d\u0131r.<\/li>\n<li>Yeme\u011fin yava\u015f yenmesi ve porsiyonlar\u0131n a\u015f\u0131r\u0131 b\u00fcy\u00fct\u00fclmemesi de mide \u00fczerindeki y\u00fck\u00fc azalt\u0131r.<\/li>\n<li>Ya\u011fl\u0131 ve k\u0131zart\u0131lm\u0131\u015f yemekler, \u00e7ok baharatl\u0131 yiyecekler, \u00e7ikolata ve a\u015f\u0131r\u0131 kahve t\u00fcketimi refl\u00fcy\u00fc art\u0131rabilece\u011fi i\u00e7in s\u0131n\u0131rlanmal\u0131d\u0131r.<\/li>\n<li>Bunun yerine ha\u015flama, \u0131zgara veya f\u0131r\u0131nda pi\u015firilmi\u015f yemekler tercih edilmelidir.<\/li>\n<li>Gazl\u0131 i\u00e7ecekler yerine su veya ayran t\u00fcketmek daha uygun olacakt\u0131r.<\/li>\n<\/ul>\n<h3>SAHUR \u00d6\u011e\u00dcN\u00dcN\u00dcN M\u0130DE YANMASI \u00dcZER\u0130NDEK\u0130 ETK\u0130S\u0130 NE?<\/h3>\n<p>Oru\u00e7 tutan bir\u00e7ok ki\u015fi uzun s\u00fcren a\u00e7l\u0131k sonucunda g\u00fcn i\u00e7erisinde s\u0131k s\u0131k mide problemleriyle m\u00fccadele edebilir. \u00d6zellikle oru\u00e7 ve mide sa\u011fl\u0131\u011f\u0131 aras\u0131nda olduk\u00e7a \u00f6nemli bir ba\u011f vard\u0131r. \u0130ftar ve sahur aras\u0131nda yap\u0131lan her bir hata g\u00fcn boyu midenizin a\u011fr\u0131mas\u0131na neden olabilir.<\/p>\n<p><img loading=\"lazy\" decoding=\"async\" class=\"size-full wp-image-307962\" src=\"https:\/\/www.tgrthaber.com\/mavikadin\/wp-content\/uploads\/2026\/03\/mide-yanmasi-8.jpg\" alt=\"Ramazanda mide yanmas\u0131 neden artar? Oru\u00e7luyken mide yanmas\u0131 nas\u0131l \u00f6nlenir?\" width=\"1208\" height=\"680\" title=\"\" srcset=\"https:\/\/www.tgrthaber.com\/mavikadin\/wp-content\/uploads\/2026\/03\/mide-yanmasi-8.jpg 1208w, https:\/\/www.tgrthaber.com\/mavikadin\/wp-content\/uploads\/2026\/03\/mide-yanmasi-8-300x169.jpg 300w, https:\/\/www.tgrthaber.com\/mavikadin\/wp-content\/uploads\/2026\/03\/mide-yanmasi-8-1024x576.jpg 1024w, https:\/\/www.tgrthaber.com\/mavikadin\/wp-content\/uploads\/2026\/03\/mide-yanmasi-8-768x432.jpg 768w\" sizes=\"(max-width: 1208px) 100vw, 1208px\" \/><\/p>\n<hr \/>\n<ul>\n<li>Sahur \u00f6\u011f\u00fcn\u00fc de Ramazan\u2019da mide sa\u011fl\u0131\u011f\u0131 a\u00e7\u0131s\u0131ndan \u00f6nemli bir role sahiptir. Atlas \u00dcniversitesi Hastanesi Gastroenteroloji Uzman\u0131 Prof. Dr. Raim \u0130liaz, sahur \u00f6\u011f\u00fcn\u00fcn\u00fcn mide yanmas\u0131 \u00fczerindeki etkisine dikkat \u00e7ekiyor.<\/li>\n<li>Sahurda a\u015f\u0131r\u0131 tuzlu, ya\u011fl\u0131 veya a\u011f\u0131r yiyeceklerden ka\u00e7\u0131nmak; yumurta, peynir, yo\u011furt, tam tah\u0131ll\u0131 ekmek gibi daha dengeli besinler tercih etmek mideyi daha az zorlar.<\/li>\n<\/ul>\n<h3>RAMAZANDA M\u0130DE YANMASI NASIL ENGELLEN\u0130R?<\/h3>\n<p>\u00dclser ve gastrit gibi mide rahats\u0131zl\u0131klar\u0131yla m\u00fccadele ediyorsan\u0131z, Ramazan ay\u0131nda bu rahats\u0131zl\u0131k \u00fcst seviyelere \u00e7\u0131kabilir. Peki, Ramazanda mide yanmas\u0131 nas\u0131l engellenir?<\/p>\n<p><img loading=\"lazy\" decoding=\"async\" class=\"size-full wp-image-307958\" src=\"https:\/\/www.tgrthaber.com\/mavikadin\/wp-content\/uploads\/2026\/03\/mide-yanmasi-4.jpg\" alt=\"Ramazanda mide yanmas\u0131 neden artar? Oru\u00e7luyken mide yanmas\u0131 nas\u0131l \u00f6nlenir?\" width=\"1208\" height=\"680\" title=\"\" srcset=\"https:\/\/www.tgrthaber.com\/mavikadin\/wp-content\/uploads\/2026\/03\/mide-yanmasi-4.jpg 1208w, https:\/\/www.tgrthaber.com\/mavikadin\/wp-content\/uploads\/2026\/03\/mide-yanmasi-4-300x169.jpg 300w, https:\/\/www.tgrthaber.com\/mavikadin\/wp-content\/uploads\/2026\/03\/mide-yanmasi-4-1024x576.jpg 1024w, https:\/\/www.tgrthaber.com\/mavikadin\/wp-content\/uploads\/2026\/03\/mide-yanmasi-4-768x432.jpg 768w\" sizes=\"(max-width: 1208px) 100vw, 1208px\" \/><\/p>\n<hr \/>\n<ul>\n<li>Ramazanda iftardan hemen sonra uzanmamakt\u0131r.<\/li>\n<li>Yemekten sonra en az iki saat dik pozisyonda kalmak, m\u00fcmk\u00fcnse hafif bir y\u00fcr\u00fcy\u00fc\u015f yapmak refl\u00fc \u015fikayetlerini azaltabilir.<\/li>\n<li>E\u011fer mide yanmas\u0131 s\u0131k tekrarl\u0131yor, gece uykudan uyand\u0131r\u0131yor, yutma g\u00fc\u00e7l\u00fc\u011f\u00fc veya a\u00e7\u0131klanamayan kilo kayb\u0131 gibi belirtiler e\u015flik ediyorsa mutlaka bir doktora ba\u015fvurulmal\u0131d\u0131r.<\/li>\n<li>\u00c7\u00fcnk\u00fc bu durumlar altta yatan farkl\u0131 mide veya yemek borusu hastal\u0131klar\u0131n\u0131n habercisi olabilir.<\/li>\n<\/ul>\n","protected":false},"excerpt":{"rendered":"<p>Ramazan\u0131n bitmesine son g\u00fcnler kala en \u00e7ok arat\u0131lan sorular aras\u0131nda \u201cRamazanda mide yanmas\u0131 neden artar? Oru\u00e7luyken mide yanmas\u0131 nas\u0131l \u00f6nlenir?\u201d sorular\u0131 yer al\u0131yor. Sizde Ramazan ay\u0131nda s\u0131k s\u0131k mide yanmas\u0131 problemleriyle kar\u015f\u0131 kar\u015f\u0131ya kal\u0131yorsan\u0131z, do\u011fru yerdesiniz. Atlas \u00dcniversitesi Hastanesi Gastroenteroloji Uzman\u0131 Prof. Dr. Raim \u0130liaz, Ramazanda mide yanmas\u0131 problemi hakk\u0131nda vatanda\u015flar\u0131 uyar\u0131yor. \u0130\u015fte detaylar\u2026<\/p>\n","protected":false},"author":26,"featured_media":307956,"comment_status":"closed","ping_status":"closed","sticky":false,"template":"","format":"standard","meta":{"rank_math_lock_modified_date":false,"footnotes":""},"categories":[1991],"tags":[5089,495,73227,173,16668],"class_list":["post-307954","post","type-post","status-publish","format-standard","has-post-thumbnail","hentry","category-saglik","tag-mide-yanmasi","tag-ramazan","tag-ramazanda-mide-yanmasi","tag-saglik","tag-saglik-haberleri"],"_links":{"self":[{"href":"https:\/\/www.tgrthaber.com\/mavikadin\/wp-json\/wp\/v2\/posts\/307954"}],"collection":[{"href":"https:\/\/www.tgrthaber.com\/mavikadin\/wp-json\/wp\/v2\/posts"}],"about":[{"href":"https:\/\/www.tgrthaber.com\/mavikadin\/wp-json\/wp\/v2\/types\/post"}],"author":[{"embeddable":true,"href":"https:\/\/www.tgrthaber.com\/mavikadin\/wp-json\/wp\/v2\/users\/26"}],"replies":[{"embeddable":true,"href":"https:\/\/www.tgrthaber.com\/mavikadin\/wp-json\/wp\/v2\/comments?post=307954"}],"version-history":[{"count":1,"href":"https:\/\/www.tgrthaber.com\/mavikadin\/wp-json\/wp\/v2\/posts\/307954\/revisions"}],"predecessor-version":[{"id":307972,"href":"https:\/\/www.tgrthaber.com\/mavikadin\/wp-json\/wp\/v2\/posts\/307954\/revisions\/307972"}],"wp:featuredmedia":[{"embeddable":true,"href":"https:\/\/www.tgrthaber.com\/mavikadin\/wp-json\/wp\/v2\/media\/307956"}],"wp:attachment":[{"href":"https:\/\/www.tgrthaber.com\/mavikadin\/wp-json\/wp\/v2\/media?parent=307954"}],"wp:term":[{"taxonomy":"category","embeddable":true,"href":"https:\/\/www.tgrthaber.com\/mavikadin\/wp-json\/wp\/v2\/categories?post=307954"},{"taxonomy":"post_tag","embeddable":true,"href":"https:\/\/www.tgrthaber.com\/mavikadin\/wp-json\/wp\/v2\/tags?post=307954"}],"curies":[{"name":"wp","href":"https:\/\/api.w.org\/{rel}","templated":true}]}}