{"id":308019,"date":"2026-03-10T18:49:22","date_gmt":"2026-03-10T15:49:22","guid":{"rendered":"https:\/\/www.tgrthaber.com\/mavikadin\/?p=308019"},"modified":"2026-03-10T18:49:22","modified_gmt":"2026-03-10T15:49:22","slug":"cennetin-cocuklari-dizisine-deniz-hamzaoglu-surprizi-zeynepin-babasi-azil-geliyor","status":"publish","type":"post","link":"https:\/\/www.tgrthaber.com\/mavikadin\/cennetin-cocuklari-dizisine-deniz-hamzaoglu-surprizi-zeynepin-babasi-azil-geliyor\/","title":{"rendered":"Cennetin \u00c7ocuklar\u0131 dizisine Deniz Hamzao\u011flu s\u00fcrprizi! Zeynep&#8217;in babas\u0131 Azil geliyor"},"content":{"rendered":"<p>TRT 1 ekranlar\u0131n\u0131n sevilen dizisi Cennetin \u00c7ocuklar\u0131&#8217;nda s\u00fcrpriz hamleler ya\u015fanmaya devam ediyor. Ba\u015frol oyuncular\u0131n veda etti\u011fi dizi, kartlar\u0131n\u0131 yeniden da\u011f\u0131t\u0131rken, dizinin hikayesine bomba bir isim daha kat\u0131ld\u0131. Gazeteci Birsen Altunta\u015f&#8217;\u0131n aktard\u0131\u011f\u0131 bilgilere g\u00f6re, <a href=\"https:\/\/www.tgrthaber.com\/mavikadin\/deniz-hamzaoglu-mehmed-fetihler-sultani-dizisinden-ayriliyor-mu-deniz-hamzaoglu-mehmed-fetihler-sultanina-neden-veda-ediyor\/\">Deniz Hamzao\u011flu<\/a>, Azil rol\u00fcyle izleyici kar\u015f\u0131s\u0131na \u00e7\u0131kacak. Ayval\u0131k&#8217;ta \u00e7ekimlerine ba\u015flanan Cennetin \u00c7ocuklar\u0131 dizisinin yeni b\u00f6l\u00fcm \u00e7ekim tarihi de netle\u015fti. \u0130\u015fte Cennetin \u00c7ocuklar\u0131 dizisinde ya\u015fanan geli\u015fmeler&#8230;<\/p>\n<h3>CENNET\u0130N \u00c7OCUKLARI D\u0130Z\u0130S\u0130NE DEN\u0130Z HAMZAO\u011eLU S\u00dcRPR\u0130Z\u0130!<\/h3>\n<p>TRT 1&#8217;in Pazartesi ak\u015famlar\u0131na damga vuran <a href=\"https:\/\/www.tgrthaber.com\/mavikadin\/cennetin-cocuklari-dizisinin-basrol-oyunculari-buse-meral-ve-burak-serdar-sanal-oldu-basrollerdeki-degisim-heyecanlandirdi\/\">Cennetin \u00c7ocuklar\u0131<\/a> dizisinde ya\u015fanan heyecan verici kadro de\u011fi\u015fimi sonras\u0131 bir g\u00fc\u00e7l\u00fc isim daha kadroya kat\u0131ld\u0131.<\/p>\n<p><img loading=\"lazy\" decoding=\"async\" class=\"alignnone wp-image-308021 size-full\" src=\"https:\/\/www.tgrthaber.com\/mavikadin\/wp-content\/uploads\/2026\/03\/331c86b6adsc4b1ztasarc4b1m-2.jpg\" alt=\"\" width=\"1200\" height=\"674\" title=\"\" srcset=\"https:\/\/www.tgrthaber.com\/mavikadin\/wp-content\/uploads\/2026\/03\/331c86b6adsc4b1ztasarc4b1m-2.jpg 1200w, https:\/\/www.tgrthaber.com\/mavikadin\/wp-content\/uploads\/2026\/03\/331c86b6adsc4b1ztasarc4b1m-2-300x169.jpg 300w, https:\/\/www.tgrthaber.com\/mavikadin\/wp-content\/uploads\/2026\/03\/331c86b6adsc4b1ztasarc4b1m-2-1024x575.jpg 1024w, https:\/\/www.tgrthaber.com\/mavikadin\/wp-content\/uploads\/2026\/03\/331c86b6adsc4b1ztasarc4b1m-2-768x431.jpg 768w\" sizes=\"(max-width: 1200px) 100vw, 1200px\" \/><\/p>\n<hr \/>\n<p>Ba\u015frol oyuncular\u0131n\u0131n vedas\u0131 sonras\u0131 yeni oyuncularla hikayesine devam eden Cennetin \u00c7ocuklar\u0131 dizisine Azil karakterinin de dahil olmas\u0131, yeni b\u00f6l\u00fcmlere dair beklentiyi de y\u00fckseltti. Motto Yap\u0131m imzal\u0131 dizinin \u00e7ekimleri ise k\u0131sa ara sonras\u0131nda Ayval\u0131k&#8217;ta yeniden ba\u015flad\u0131.<\/p>\n<p><img loading=\"lazy\" decoding=\"async\" class=\"alignnone wp-image-308025 size-full\" src=\"https:\/\/www.tgrthaber.com\/mavikadin\/wp-content\/uploads\/2026\/03\/deniz-hamzaoglu-kimdir-hangi-dizilerde-oynadi-mehmed-fetihler-sultaninda-yeniceri-aga-1760996_20260105134100.webp\" alt=\"\" width=\"1280\" height=\"720\" title=\"\" srcset=\"https:\/\/www.tgrthaber.com\/mavikadin\/wp-content\/uploads\/2026\/03\/deniz-hamzaoglu-kimdir-hangi-dizilerde-oynadi-mehmed-fetihler-sultaninda-yeniceri-aga-1760996_20260105134100.webp 1280w, https:\/\/www.tgrthaber.com\/mavikadin\/wp-content\/uploads\/2026\/03\/deniz-hamzaoglu-kimdir-hangi-dizilerde-oynadi-mehmed-fetihler-sultaninda-yeniceri-aga-1760996_20260105134100-300x169.webp 300w, https:\/\/www.tgrthaber.com\/mavikadin\/wp-content\/uploads\/2026\/03\/deniz-hamzaoglu-kimdir-hangi-dizilerde-oynadi-mehmed-fetihler-sultaninda-yeniceri-aga-1760996_20260105134100-1024x576.webp 1024w, https:\/\/www.tgrthaber.com\/mavikadin\/wp-content\/uploads\/2026\/03\/deniz-hamzaoglu-kimdir-hangi-dizilerde-oynadi-mehmed-fetihler-sultaninda-yeniceri-aga-1760996_20260105134100-768x432.webp 768w\" sizes=\"(max-width: 1280px) 100vw, 1280px\" \/><\/p>\n<hr \/>\n<h3>ZEYNEP&#8217;\u0130N BABASI AZ\u0130L GEL\u0130YOR<\/h3>\n<p>Cennetin \u00c7ocuklar\u0131 dizisine son olarak, Mehmed Fetihler Sultan\u0131 dizisinde oynayan <a href=\"https:\/\/www.tgrthaber.com\/mavikadin\/deniz-hamzaoglu-kimdir-kac-yasinda-deniz-hamzaoglu-hangi-dizilerde-oynadi\/\">Deniz Hamzao\u011flu<\/a> kat\u0131ld\u0131. Ali Kara&#8217;n\u0131n yazd\u0131\u011f\u0131 Cennetin \u00c7ocuklar\u0131&#8217;nda 26. b\u00f6l\u00fcmle beraber dahil olacak olan Zeynep&#8217;ten \u00f6nce, babas\u0131 Azil&#8217;in ekranlarda yer alaca\u011f\u0131 da gelen bilgiler aras\u0131nda yer al\u0131yor.<\/p>\n<p><img loading=\"lazy\" decoding=\"async\" class=\"alignnone wp-image-308020 size-full\" src=\"https:\/\/www.tgrthaber.com\/mavikadin\/wp-content\/uploads\/2026\/03\/Cennetin-Cocuklari-dizi-10-1.webp\" alt=\"\" width=\"1208\" height=\"680\" title=\"\" srcset=\"https:\/\/www.tgrthaber.com\/mavikadin\/wp-content\/uploads\/2026\/03\/Cennetin-Cocuklari-dizi-10-1.webp 1208w, https:\/\/www.tgrthaber.com\/mavikadin\/wp-content\/uploads\/2026\/03\/Cennetin-Cocuklari-dizi-10-1-300x169.webp 300w, https:\/\/www.tgrthaber.com\/mavikadin\/wp-content\/uploads\/2026\/03\/Cennetin-Cocuklari-dizi-10-1-1024x576.webp 1024w, https:\/\/www.tgrthaber.com\/mavikadin\/wp-content\/uploads\/2026\/03\/Cennetin-Cocuklari-dizi-10-1-768x432.webp 768w\" sizes=\"(max-width: 1208px) 100vw, 1208px\" \/><\/p>\n<hr \/>\n<h3>CENNET\u0130N \u00c7OCUKLARI YEN\u0130 B\u00d6L\u00dcM NE ZAMAN?<\/h3>\n<p>TRT 1&#8217;in sevilen dizisi Cennetin \u00c7ocuklar\u0131&#8217;na dair yeni b\u00f6l\u00fcm\u00fcn ne zaman yay\u0131nlanaca\u011f\u0131 da merak ediliyordu. TRT 1 dizisi Cennetin \u00c7ocuklar\u0131 16 Mart ak\u015fam\u0131 Kadir Gecesi \u00d6zel yay\u0131n\u0131 nedeniyle ekranlara gelmeyecek.<\/p>\n<p><img loading=\"lazy\" decoding=\"async\" class=\"alignnone wp-image-308027 \" src=\"https:\/\/www.tgrthaber.com\/mavikadin\/wp-content\/uploads\/2026\/03\/1200xauto-9.webp\" alt=\"\" width=\"1144\" height=\"783\" title=\"\" srcset=\"https:\/\/www.tgrthaber.com\/mavikadin\/wp-content\/uploads\/2026\/03\/1200xauto-9.webp 1080w, https:\/\/www.tgrthaber.com\/mavikadin\/wp-content\/uploads\/2026\/03\/1200xauto-9-300x205.webp 300w, https:\/\/www.tgrthaber.com\/mavikadin\/wp-content\/uploads\/2026\/03\/1200xauto-9-1024x701.webp 1024w, https:\/\/www.tgrthaber.com\/mavikadin\/wp-content\/uploads\/2026\/03\/1200xauto-9-768x526.webp 768w\" sizes=\"(max-width: 1144px) 100vw, 1144px\" \/><\/p>\n<hr \/>\n<p>Dizinin sab\u0131rs\u0131zl\u0131kla beklenen yeni b\u00f6l\u00fcm\u00fc ise 23 Mart Pazartesi ak\u015fam\u0131 izleyiciyle bulu\u015facak. Bununla beraber, \u0130smail Hac\u0131o\u011flu&#8217;na y\u00f6nelik de dikkat \u00e7eken bir geli\u015fme kulislerde konu\u015fuluyor. Gelen bilgilere g\u00f6re, \u0130smail Hac\u0131o\u011flu&#8217;nun 25. b\u00f6l\u00fcm \u00e7ekilen sahneleri de \u00e7\u00f6pe at\u0131lmayacak ve dizinin hikayesinde kullan\u0131lacak.<\/p>\n<p><img loading=\"lazy\" decoding=\"async\" class=\"alignnone wp-image-308026 size-full\" src=\"https:\/\/www.tgrthaber.com\/mavikadin\/wp-content\/uploads\/2026\/03\/Deniz-Hamzaoglu-4.webp\" alt=\"\" width=\"1208\" height=\"680\" title=\"\" srcset=\"https:\/\/www.tgrthaber.com\/mavikadin\/wp-content\/uploads\/2026\/03\/Deniz-Hamzaoglu-4.webp 1208w, https:\/\/www.tgrthaber.com\/mavikadin\/wp-content\/uploads\/2026\/03\/Deniz-Hamzaoglu-4-300x169.webp 300w, https:\/\/www.tgrthaber.com\/mavikadin\/wp-content\/uploads\/2026\/03\/Deniz-Hamzaoglu-4-1024x576.webp 1024w, https:\/\/www.tgrthaber.com\/mavikadin\/wp-content\/uploads\/2026\/03\/Deniz-Hamzaoglu-4-768x432.webp 768w\" sizes=\"(max-width: 1208px) 100vw, 1208px\" \/><\/p>\n<hr \/>\n<h3>DEN\u0130Z HAMZAO\u011eLU K\u0130MD\u0130R, K\u0130M\u0130N O\u011eLU?<\/h3>\n<p>24 Kas\u0131m 1979 do\u011fumlu olan Deniz \u015een Hamzao\u011flu, \u00fcnl\u00fc sinema oyuncusu Hayati Hamzao\u011flu&#8217;nun o\u011fludur. \u0130lk ve ortaokulu Yalova&#8217;da okuyan Hamzao\u011flu, Anadolu \u00dcniversitesi Kamu Y\u00f6netimi, \u0130stanbul \u00dcniversitesi Arkeoloji ve Sel\u00e7uk \u00dcniversitesi Radyo, Televizyon ve Sinema b\u00f6l\u00fcmlerinde e\u011fitim alm\u0131\u015ft\u0131r.<\/p>\n<p><img loading=\"lazy\" decoding=\"async\" class=\"alignnone wp-image-308024 size-full\" src=\"https:\/\/www.tgrthaber.com\/mavikadin\/wp-content\/uploads\/2026\/03\/kirmizi-kamyon-tolga-kimdir-kirmizi-kamyon-deniz-14033761_8017_amp.webp\" alt=\"\" width=\"1200\" height=\"767\" title=\"\" srcset=\"https:\/\/www.tgrthaber.com\/mavikadin\/wp-content\/uploads\/2026\/03\/kirmizi-kamyon-tolga-kimdir-kirmizi-kamyon-deniz-14033761_8017_amp.webp 1200w, https:\/\/www.tgrthaber.com\/mavikadin\/wp-content\/uploads\/2026\/03\/kirmizi-kamyon-tolga-kimdir-kirmizi-kamyon-deniz-14033761_8017_amp-300x192.webp 300w, https:\/\/www.tgrthaber.com\/mavikadin\/wp-content\/uploads\/2026\/03\/kirmizi-kamyon-tolga-kimdir-kirmizi-kamyon-deniz-14033761_8017_amp-1024x655.webp 1024w, https:\/\/www.tgrthaber.com\/mavikadin\/wp-content\/uploads\/2026\/03\/kirmizi-kamyon-tolga-kimdir-kirmizi-kamyon-deniz-14033761_8017_amp-768x491.webp 768w\" sizes=\"(max-width: 1200px) 100vw, 1200px\" \/><\/p>\n<hr \/>\n<p>2002 y\u0131l\u0131nda ise Sel\u00e7uk \u00dcniversitesi Dilek Sabanc\u0131 Devlet Konservatuar\u0131 Tiyatro B\u00f6l\u00fcm\u00fc&#8217;nde okumu\u015f ve daha sonra da ayn\u0131 \u00fcniversitenin y\u00f6netmenlik alan\u0131nda y\u00fcksek lisans yapm\u0131\u015ft\u0131r.<\/p>\n<p><img loading=\"lazy\" decoding=\"async\" class=\"alignnone wp-image-308022 size-full\" src=\"https:\/\/www.tgrthaber.com\/mavikadin\/wp-content\/uploads\/2026\/03\/Deniz-Hamzaoglu-1.webp\" alt=\"\" width=\"1208\" height=\"680\" title=\"\" srcset=\"https:\/\/www.tgrthaber.com\/mavikadin\/wp-content\/uploads\/2026\/03\/Deniz-Hamzaoglu-1.webp 1208w, https:\/\/www.tgrthaber.com\/mavikadin\/wp-content\/uploads\/2026\/03\/Deniz-Hamzaoglu-1-300x169.webp 300w, https:\/\/www.tgrthaber.com\/mavikadin\/wp-content\/uploads\/2026\/03\/Deniz-Hamzaoglu-1-1024x576.webp 1024w, https:\/\/www.tgrthaber.com\/mavikadin\/wp-content\/uploads\/2026\/03\/Deniz-Hamzaoglu-1-768x432.webp 768w\" sizes=\"(max-width: 1208px) 100vw, 1208px\" \/><\/p>\n<hr \/>\n<p>E\u011fitim alan\u0131nda ad\u0131ndan sz\u00f6 ettiren ba\u015far\u0131l\u0131 oyuncu Deniz Hamzao\u011flu, konya Devlet Tiyatrosu, Antalya Devlet Tiyatrosu ve Antalya \u015eehir Tiyatrosu&#8217;nda oyuncu ve y\u00f6netmen olarak da g\u00f6rev alm\u0131\u015ft\u0131r. Daha sonra \u0130stanbul&#8217;a yerle\u015fen Deniz Hamzao\u011flu, \u00f6zel tiyatrolarda g\u00f6rev almaya ba\u015flam\u0131\u015ft\u0131r.<\/p>\n","protected":false},"excerpt":{"rendered":"<p>Cennetin \u00c7ocuklar\u0131 dizisinde kadro de\u011fi\u015fimi h\u0131zla s\u00fcr\u00fcyor. \u0130smail Hac\u0131o\u011flu ve \u00d6zg\u00fc Kaya&#8217;n\u0131n ayr\u0131l\u0131\u011f\u0131 sonras\u0131 yeni isimlerle yoluna devam eden Cennetin \u00c7ocuklar\u0131&#8217;na son olarak ba\u015far\u0131l\u0131 oyuncu Deniz Hamzao\u011flu&#8217;da kat\u0131ld\u0131. Hamzao\u011flu, Cennetin \u00c7ocuklar\u0131 dizisinde Zeynep&#8217;in babas\u0131 Azil rol\u00fcyle dahil oldu. \u0130\u015fte detaylar&#8230;<\/p>\n","protected":false},"author":35,"featured_media":308028,"comment_status":"closed","ping_status":"closed","sticky":false,"template":"","format":"standard","meta":{"rank_math_lock_modified_date":false,"footnotes":""},"categories":[602],"tags":[28345,9621,69976,3602,60955],"class_list":["post-308019","post","type-post","status-publish","format-standard","has-post-thumbnail","hentry","category-diziler","tag-cennetin-cocuklari","tag-deniz-hamzaoglu","tag-deniz-hamzaoglu-kimdir","tag-diziler","tag-trt-1-dizisi"],"_links":{"self":[{"href":"https:\/\/www.tgrthaber.com\/mavikadin\/wp-json\/wp\/v2\/posts\/308019"}],"collection":[{"href":"https:\/\/www.tgrthaber.com\/mavikadin\/wp-json\/wp\/v2\/posts"}],"about":[{"href":"https:\/\/www.tgrthaber.com\/mavikadin\/wp-json\/wp\/v2\/types\/post"}],"author":[{"embeddable":true,"href":"https:\/\/www.tgrthaber.com\/mavikadin\/wp-json\/wp\/v2\/users\/35"}],"replies":[{"embeddable":true,"href":"https:\/\/www.tgrthaber.com\/mavikadin\/wp-json\/wp\/v2\/comments?post=308019"}],"version-history":[{"count":2,"href":"https:\/\/www.tgrthaber.com\/mavikadin\/wp-json\/wp\/v2\/posts\/308019\/revisions"}],"predecessor-version":[{"id":308030,"href":"https:\/\/www.tgrthaber.com\/mavikadin\/wp-json\/wp\/v2\/posts\/308019\/revisions\/308030"}],"wp:featuredmedia":[{"embeddable":true,"href":"https:\/\/www.tgrthaber.com\/mavikadin\/wp-json\/wp\/v2\/media\/308028"}],"wp:attachment":[{"href":"https:\/\/www.tgrthaber.com\/mavikadin\/wp-json\/wp\/v2\/media?parent=308019"}],"wp:term":[{"taxonomy":"category","embeddable":true,"href":"https:\/\/www.tgrthaber.com\/mavikadin\/wp-json\/wp\/v2\/categories?post=308019"},{"taxonomy":"post_tag","embeddable":true,"href":"https:\/\/www.tgrthaber.com\/mavikadin\/wp-json\/wp\/v2\/tags?post=308019"}],"curies":[{"name":"wp","href":"https:\/\/api.w.org\/{rel}","templated":true}]}}