{"id":308031,"date":"2026-03-10T20:40:27","date_gmt":"2026-03-10T17:40:27","guid":{"rendered":"https:\/\/www.tgrthaber.com\/mavikadin\/?p=308031"},"modified":"2026-03-10T20:40:27","modified_gmt":"2026-03-10T17:40:27","slug":"survivor-ramazanin-esi-yasemin-saridan-buyuk-destek-sosyal-medyada-gundem-olan-aciklama","status":"publish","type":"post","link":"https:\/\/www.tgrthaber.com\/mavikadin\/survivor-ramazanin-esi-yasemin-saridan-buyuk-destek-sosyal-medyada-gundem-olan-aciklama\/","title":{"rendered":"Survivor Ramazan\u2019\u0131n e\u015fi Yasemin Sar\u0131\u2019dan b\u00fcy\u00fck destek! Sosyal medyada g\u00fcndem olan a\u00e7\u0131klama"},"content":{"rendered":"<p>Survivor 2026\u2019da ya\u015fanan tart\u0131\u015fmalar izleyicilerin g\u00fcndeminde yer almaya devam ediyor. Son olarak yar\u0131\u015fmada<a href=\"https:\/\/www.tgrthaber.com\/mavikadin\/survivor-ramazan-sarinin-esiyle-olan-videosu-gundem-oldu-sosyal-medya-bunu-konusuyor\/\"> Ramazan<\/a>\u00a0 ile Bar\u0131\u015f aras\u0131nda ya\u015fanan gerilim sosyal medyada \u00e7ok konu\u015fulmu\u015ftu. Geli\u015fmelerin ard\u0131ndan Ramazan\u2019\u0131n e\u015fi Yasemin Sar\u0131 sosyal medya hesab\u0131ndan bir a\u00e7\u0131klama yapt\u0131. E\u015fine olan g\u00fcveninin her zaman tam oldu\u011funu belirten Sar\u0131,hakaret i\u00e7eren yorumlara kar\u015f\u0131 hukuki yollara ba\u015fvuraca\u011f\u0131n\u0131 s\u00f6yledi. Ramazan\u2019\u0131n e\u015fi Yasemin Sar\u0131\u2019n\u0131n a\u00e7\u0131klamas\u0131 k\u0131sa s\u00fcrede g\u00fcndem olurken, Survivor izleyicileri aras\u0131nda da geni\u015f yank\u0131 uyand\u0131rd\u0131.<\/p>\n<h3>RAMAZAN\u2019NIN E\u015e\u0130 YASEM\u0130N SARI\u2019DAN B\u00dcY\u00dcK DESTEK<\/h3>\n<p>Survivor 2026 yar\u0131\u015fmas\u0131n\u0131n ba\u015f\u0131ndan beri s\u00f6ylemleriyle, davran\u0131\u015flar\u0131yla ve oyundaki performans\u0131yla ad\u0131ndan s\u00f6z ettiren Ramazan\u2019\u0131n Bar\u0131\u015f\u2019la kavgas\u0131 g\u00fcndem olmu\u015ftu. Oyun s\u0131ras\u0131nda y\u00fckselen nab\u0131zla birbirlerine kar\u015f\u0131 a\u011f\u0131r ithamlarda bulunan Ramazan ve Bar\u0131\u015f gerilimine Yasemin Sar\u0131\u2019dan da yorum geldi.<\/p>\n<p><img loading=\"lazy\" decoding=\"async\" class=\"alignnone wp-image-308032 size-full\" src=\"https:\/\/www.tgrthaber.com\/mavikadin\/wp-content\/uploads\/2026\/03\/ramazanin-esi-yasemin-saridan-destek.jpg\" alt=\"\" width=\"1208\" height=\"680\" title=\"\" srcset=\"https:\/\/www.tgrthaber.com\/mavikadin\/wp-content\/uploads\/2026\/03\/ramazanin-esi-yasemin-saridan-destek.jpg 1208w, https:\/\/www.tgrthaber.com\/mavikadin\/wp-content\/uploads\/2026\/03\/ramazanin-esi-yasemin-saridan-destek-300x169.jpg 300w, https:\/\/www.tgrthaber.com\/mavikadin\/wp-content\/uploads\/2026\/03\/ramazanin-esi-yasemin-saridan-destek-1024x576.jpg 1024w, https:\/\/www.tgrthaber.com\/mavikadin\/wp-content\/uploads\/2026\/03\/ramazanin-esi-yasemin-saridan-destek-768x432.jpg 768w\" sizes=\"(max-width: 1208px) 100vw, 1208px\" \/><\/p>\n<hr \/>\n<p>Survivor 2026\u2019\u0131n yeni b\u00f6l\u00fcm\u00fcne dair Cumartesi gecesi yay\u0131nlanan fragman\u0131 g\u00f6ren Yasemin Sar\u0131, sosyal medya \u00fczerinden a\u00e7\u0131klama yapt\u0131. E\u015fi Ramazan Sar\u0131 hakk\u0131nda sosyal medyada yap\u0131lan yorumlara kar\u015f\u0131, sosyal medyadas\u0131n bildirim yay\u0131nlad\u0131. Ramazan\u2019\u0131n e\u015fi Yasemin Sar\u0131, \u201c E\u015fime olan g\u00fcvenim ve inanc\u0131m her zaman tam. Onu en iyi tan\u0131yan ki\u015fi olarak fragmandan yola \u00e7\u0131karak, yap\u0131lan yorumlar\u0131n as\u0131ls\u0131z oldu\u011funu bu ak\u015fam hep birlikte g\u00f6rd\u00fck.\u201d payla\u015f\u0131m\u0131yla e\u015finin en b\u00fcy\u00fck destek\u00e7isi oldu\u011funu a\u00e7\u0131klad\u0131.<\/p>\n<p><img loading=\"lazy\" decoding=\"async\" class=\"alignnone wp-image-308033 size-full\" src=\"https:\/\/www.tgrthaber.com\/mavikadin\/wp-content\/uploads\/2026\/03\/Adsiz-tasarim-24.jpg\" alt=\"\" width=\"1208\" height=\"680\" title=\"\" srcset=\"https:\/\/www.tgrthaber.com\/mavikadin\/wp-content\/uploads\/2026\/03\/Adsiz-tasarim-24.jpg 1208w, https:\/\/www.tgrthaber.com\/mavikadin\/wp-content\/uploads\/2026\/03\/Adsiz-tasarim-24-300x169.jpg 300w, https:\/\/www.tgrthaber.com\/mavikadin\/wp-content\/uploads\/2026\/03\/Adsiz-tasarim-24-1024x576.jpg 1024w, https:\/\/www.tgrthaber.com\/mavikadin\/wp-content\/uploads\/2026\/03\/Adsiz-tasarim-24-768x432.jpg 768w\" sizes=\"(max-width: 1208px) 100vw, 1208px\" \/><\/p>\n<hr \/>\n<h3>YASEM\u0130N SARI\u2019DAN UYARI GELD\u0130<\/h3>\n<p>Survivor Ramazan, Bar\u0131\u015f\u2019la olan gerilimi sonras\u0131 sosyal medyada a\u011f\u0131r \u015fekilde ele\u015ftiri ya\u011fmuruna tutulmu\u015ftu. Ramazan Sar\u0131 hakk\u0131nda sosyal medya kullan\u0131c\u0131lar\u0131n\u0131n s\u00f6ylemlerinin a\u015f\u0131r\u0131 derecede rahats\u0131z etmesi sonucunda e\u015fi Yasemin Sar\u0131\u2019dan uyar\u0131 geldi. Ramazan\u2019\u0131n e\u015fi Yasemin Sar\u0131, \u201c Asl\u0131n\u0131 astar\u0131n\u0131 bilmeden yap\u0131lan ve hakaret i\u00e7eren yorumlarla ilgili hukuki yollara ba\u015fvuraca\u011f\u0131m\u0131 da belirtmek isterim.\u201d s\u00f6zleriyle ifade etti.<\/p>\n<p><img loading=\"lazy\" decoding=\"async\" class=\"alignnone wp-image-308034 size-full\" src=\"https:\/\/www.tgrthaber.com\/mavikadin\/wp-content\/uploads\/2026\/03\/Adsiz-tasarim-1-4.jpg\" alt=\"\" width=\"1208\" height=\"680\" title=\"\" srcset=\"https:\/\/www.tgrthaber.com\/mavikadin\/wp-content\/uploads\/2026\/03\/Adsiz-tasarim-1-4.jpg 1208w, https:\/\/www.tgrthaber.com\/mavikadin\/wp-content\/uploads\/2026\/03\/Adsiz-tasarim-1-4-300x169.jpg 300w, https:\/\/www.tgrthaber.com\/mavikadin\/wp-content\/uploads\/2026\/03\/Adsiz-tasarim-1-4-1024x576.jpg 1024w, https:\/\/www.tgrthaber.com\/mavikadin\/wp-content\/uploads\/2026\/03\/Adsiz-tasarim-1-4-768x432.jpg 768w\" sizes=\"(max-width: 1208px) 100vw, 1208px\" \/><\/p>\n<hr \/>\n<h3>RAMAZAN E\u015e\u0130 YASEM\u0130N SARI K\u0130MD\u0130R?<\/h3>\n<p>Survivor 2026 G\u00f6n\u00fcll\u00fcler kadrosunda yer alan Ramazan Sar\u0131, oyun parkurlar\u0131ndaki ba\u015far\u0131s\u0131yla ad\u0131ndan s\u00f6z ettiriyor. \u0130leti\u015fim \u00f6d\u00fcllerinde e\u015finden gelen mesajlar\u0131 g\u00f6zleri ya\u015fl\u0131 \u015fekilde okuyan Ramazan\u2019\u0131n e\u015fi ise merak uyand\u0131rd\u0131.<\/p>\n<p><img loading=\"lazy\" decoding=\"async\" class=\"alignnone wp-image-308035 size-full\" src=\"https:\/\/www.tgrthaber.com\/mavikadin\/wp-content\/uploads\/2026\/03\/survivor-ramazanin-esi-yasemin-sari-kimdir.jpg\" alt=\"\" width=\"1208\" height=\"680\" title=\"\" srcset=\"https:\/\/www.tgrthaber.com\/mavikadin\/wp-content\/uploads\/2026\/03\/survivor-ramazanin-esi-yasemin-sari-kimdir.jpg 1208w, https:\/\/www.tgrthaber.com\/mavikadin\/wp-content\/uploads\/2026\/03\/survivor-ramazanin-esi-yasemin-sari-kimdir-300x169.jpg 300w, https:\/\/www.tgrthaber.com\/mavikadin\/wp-content\/uploads\/2026\/03\/survivor-ramazanin-esi-yasemin-sari-kimdir-1024x576.jpg 1024w, https:\/\/www.tgrthaber.com\/mavikadin\/wp-content\/uploads\/2026\/03\/survivor-ramazanin-esi-yasemin-sari-kimdir-768x432.jpg 768w\" sizes=\"(max-width: 1208px) 100vw, 1208px\" \/><\/p>\n<hr \/>\n<p>Ramazan\u2019n\u0131n e\u015fi Yasemin Kaya Sar\u0131\u2019n\u0131n ya\u015f\u0131na ve mesle\u011fine dair herhangi bir \u015fey bilinmemektedir. E\u015fiyle birlikte mutlu oldu\u011fu anlardan baz\u0131 kareleri sosyal medyas\u0131nda payla\u015fan Yasemin Sar\u0131, g\u00fczelli\u011fiyle herkesi kendisine hayran b\u0131rakt\u0131.<\/p>\n","protected":false},"excerpt":{"rendered":"<p>Survivor 2026\u2019da ya\u015fanan Ramazan ve Bar\u0131\u015f gerilimi g\u00fcndem olmaya devam ederken, yar\u0131\u015fmac\u0131 Ramazan Sar\u0131\u2019n\u0131n e\u015fi Yasemin Sar\u0131\u2019dan dikkat \u00e7eken bir payla\u015f\u0131m geldi. Sosyal medya hesab\u0131ndan a\u00e7\u0131klama yapan Sar\u0131, e\u015fine olan g\u00fcveninin tam oldu\u011funu vurgulad\u0131. Fragman \u00fczerinden yap\u0131lan yorumlar\u0131n ger\u00e7e\u011fi yans\u0131tmad\u0131\u011f\u0131n\u0131 belirten Sar\u0131, hakaret i\u00e7eren yorumlar i\u00e7in hukuki yollara ba\u015fvuraca\u011f\u0131n\u0131 da ifade etti. Payla\u015f\u0131m k\u0131sa s\u00fcrede sosyal medyada g\u00fcndem oldu.<\/p>\n","protected":false},"author":10,"featured_media":308036,"comment_status":"closed","ping_status":"closed","sticky":false,"template":"","format":"standard","meta":{"rank_math_lock_modified_date":false,"footnotes":""},"categories":[76],"tags":[133,73233,69735,73232,2366,63785],"class_list":["post-308031","post","type-post","status-publish","format-standard","has-post-thumbnail","hentry","category-magazin","tag-magazin","tag-ramazan-esi-yasemin-sari-kimdir","tag-ramazan-sari","tag-ramazan-sari-esi-yasemin-sari","tag-survivor","tag-survivor-2026"],"_links":{"self":[{"href":"https:\/\/www.tgrthaber.com\/mavikadin\/wp-json\/wp\/v2\/posts\/308031"}],"collection":[{"href":"https:\/\/www.tgrthaber.com\/mavikadin\/wp-json\/wp\/v2\/posts"}],"about":[{"href":"https:\/\/www.tgrthaber.com\/mavikadin\/wp-json\/wp\/v2\/types\/post"}],"author":[{"embeddable":true,"href":"https:\/\/www.tgrthaber.com\/mavikadin\/wp-json\/wp\/v2\/users\/10"}],"replies":[{"embeddable":true,"href":"https:\/\/www.tgrthaber.com\/mavikadin\/wp-json\/wp\/v2\/comments?post=308031"}],"version-history":[{"count":1,"href":"https:\/\/www.tgrthaber.com\/mavikadin\/wp-json\/wp\/v2\/posts\/308031\/revisions"}],"predecessor-version":[{"id":308037,"href":"https:\/\/www.tgrthaber.com\/mavikadin\/wp-json\/wp\/v2\/posts\/308031\/revisions\/308037"}],"wp:featuredmedia":[{"embeddable":true,"href":"https:\/\/www.tgrthaber.com\/mavikadin\/wp-json\/wp\/v2\/media\/308036"}],"wp:attachment":[{"href":"https:\/\/www.tgrthaber.com\/mavikadin\/wp-json\/wp\/v2\/media?parent=308031"}],"wp:term":[{"taxonomy":"category","embeddable":true,"href":"https:\/\/www.tgrthaber.com\/mavikadin\/wp-json\/wp\/v2\/categories?post=308031"},{"taxonomy":"post_tag","embeddable":true,"href":"https:\/\/www.tgrthaber.com\/mavikadin\/wp-json\/wp\/v2\/tags?post=308031"}],"curies":[{"name":"wp","href":"https:\/\/api.w.org\/{rel}","templated":true}]}}