{"id":308038,"date":"2026-03-10T21:27:58","date_gmt":"2026-03-10T18:27:58","guid":{"rendered":"https:\/\/www.tgrthaber.com\/mavikadin\/?p=308038"},"modified":"2026-03-10T21:27:58","modified_gmt":"2026-03-10T18:27:58","slug":"survivor-2026ya-veda-eden-onur-alp-final-dortlusu-acikladi-onur-alpin-ramazanla-ilgili-aciklamasi","status":"publish","type":"post","link":"https:\/\/www.tgrthaber.com\/mavikadin\/survivor-2026ya-veda-eden-onur-alp-final-dortlusu-acikladi-onur-alpin-ramazanla-ilgili-aciklamasi\/","title":{"rendered":"Survivor 2026\u2019ya veda eden Onur Alp final d\u00f6rtl\u00fcs\u00fc a\u00e7\u0131klad\u0131! Onur Alp\u2019\u0131n Ramazan\u2019la ilgili a\u00e7\u0131klamas\u0131"},"content":{"rendered":"<p>Survivor 2026\u2019ya 9. haftada veda eden <a href=\"https:\/\/www.tgrthaber.com\/mavikadin\/survivor-2026ya-veda-eden-onur-alpten-ilk-paylasim-survivor-onur-alpten-turkiyeye-donmeme-karari\/\">Onur Alp<\/a> \u00c7am, elenmesinin ard\u0131ndan verdi\u011fi r\u00f6portajla sosyal medyada g\u00fcndem oldu. Yar\u0131\u015fmaya dair dikkat \u00e7eken a\u00e7\u0131klamalarda bulunan Onur Alp, \u00f6zellikle Ramazan Sar\u0131 hakk\u0131nda s\u00f6yledi\u011fi s\u00f6zlerle izleyicilerin dikkatini \u00e7ekti. \u201cRamazan \u015fampiyon olmas\u0131n\u201d ifadeleriyle konu\u015fan Onur Alp, Survivor\u2019daki rekabete dair d\u00fc\u015f\u00fcncelerini a\u00e7\u0131k\u00e7a dile getirdi. Survivor yar\u0131\u015fmas\u0131n\u0131n olas\u0131 final d\u00f6rtl\u00fcs\u00fcn\u00fc de a\u00e7\u0131klayan Onur Alp\u2019in s\u00f6zleri k\u0131sa s\u00fcrede sosyal medyada viral oldu<\/p>\n<h3>ONUR ALP\u2019DEN RAMAZAN\u2019A \u201c\u015eAMP\u0130YON OLMASIN\u201d<\/h3>\n<p>Survivor 2026\u2019dan elenen Onur Alp \u00c7am, yar\u0131\u015fma sonras\u0131 \u00e7arp\u0131c\u0131 a\u00e7\u0131klamalarda bulundu. Yar\u0131\u015fma boyunca G\u00f6n\u00fcll\u00fcler tak\u0131m\u0131nda Ramazan Sar\u0131 ile anla\u015famad\u0131\u011f\u0131 her f\u0131rsatta s\u00f6yleyen Onur Alp, s\u00f6ylemleriyle \u015fa\u015f\u0131rtt\u0131. Ada hayat\u0131nda Ramazan taraf\u0131ndan hep ters s\u00f6ylemlere maruz kald\u0131\u011f\u0131n\u0131 ifade eden a\u00e7\u0131klamalarda bulundu. Onur Alp Survivor 2026\u2019da \u015fampiyon olmas\u0131n\u0131 istedi\u011fini yar\u0131\u015fmac\u0131lar\u0131n adlar\u0131n\u0131 s\u00f6ylerken, Ramazan ve di\u011fer tak\u0131m arkada\u015flar\u0131n\u0131n ad\u0131n\u0131 vermedi.<\/p>\n<p><img loading=\"lazy\" decoding=\"async\" class=\"alignnone wp-image-308040 size-full\" src=\"https:\/\/www.tgrthaber.com\/mavikadin\/wp-content\/uploads\/2026\/03\/Adsiz-tasarim-7-2.jpg\" alt=\"\" width=\"1208\" height=\"680\" title=\"\" srcset=\"https:\/\/www.tgrthaber.com\/mavikadin\/wp-content\/uploads\/2026\/03\/Adsiz-tasarim-7-2.jpg 1208w, https:\/\/www.tgrthaber.com\/mavikadin\/wp-content\/uploads\/2026\/03\/Adsiz-tasarim-7-2-300x169.jpg 300w, https:\/\/www.tgrthaber.com\/mavikadin\/wp-content\/uploads\/2026\/03\/Adsiz-tasarim-7-2-1024x576.jpg 1024w, https:\/\/www.tgrthaber.com\/mavikadin\/wp-content\/uploads\/2026\/03\/Adsiz-tasarim-7-2-768x432.jpg 768w\" sizes=\"(max-width: 1208px) 100vw, 1208px\" \/><\/p>\n<hr \/>\n<p>G\u00f6n\u00fcll\u00fcler tak\u0131m\u0131ndan Ramazan Sar\u0131\u2019n\u0131n \u015fampiyon adayl\u0131\u011f\u0131na uygun olmad\u0131\u011f\u0131n\u0131 ifade etti. Onur Alp, \u201c Ramazan \u015eampiyon olmas\u0131n \u00e7\u00fcnk\u00fc survivor \u015fampiyonlu\u011fu ger\u00e7ekten ciddi bir title ve ciddi bir etiket. B\u00f6yle bir ki\u015filikle, b\u00f6yle bir etiketi \u00fczerinde ta\u015f\u0131mak ona a\u011f\u0131r gelebilir. Ben de a\u00e7\u0131k\u00e7as\u0131 pek yak\u0131\u015ft\u0131rmam. Onun olmas\u0131n\u0131 g\u00f6n\u00fclden istemiyorum.\u201d s\u00f6zleriyle a\u00e7\u0131klad\u0131.<\/p>\n<div style=\"width: 640px;\" class=\"wp-video\"><!--[if lt IE 9]><script>document.createElement('video');<\/script><![endif]-->\n<video class=\"wp-video-shortcode\" id=\"video-308038-1\" width=\"640\" height=\"348\" preload=\"metadata\" controls=\"controls\"><source type=\"video\/mp4\" src=\"https:\/\/www.tgrthaber.com\/mavikadin\/wp-content\/uploads\/2026\/03\/Onur-Alp-Ramazana-sampiyon-olmasin-dedi.mp4?_=1\" \/><a href=\"https:\/\/www.tgrthaber.com\/mavikadin\/wp-content\/uploads\/2026\/03\/Onur-Alp-Ramazana-sampiyon-olmasin-dedi.mp4\">https:\/\/www.tgrthaber.com\/mavikadin\/wp-content\/uploads\/2026\/03\/Onur-Alp-Ramazana-sampiyon-olmasin-dedi.mp4<\/a><\/video><\/div>\n<hr \/>\n<h3>ONUR ALP\u2019IN SURV\u0130VOR 2026 F\u0130NAL D\u00d6RTL\u00dcS\u00dc<\/h3>\n<p>Survivor 2026\u2019dan ayr\u0131lan Onur Alp, yar\u0131\u015fmadan elendikten sonra \u015fampiyon olmas\u0131n\u0131 istedi\u011fi aday ve final d\u00f6rtl\u00fcs\u00fcn\u00fc a\u00e7\u0131klad\u0131. G\u00f6n\u00fcll\u00fcler tak\u0131m\u0131nda en iyi anla\u015ft\u0131\u011f\u0131 arkada\u015flar\u0131ndan olan Osman ve Bar\u0131\u015f Murat\u2019\u0131n ad\u0131n\u0131 verdi. Survivor Onur Alp, \u00dcnl\u00fcler tak\u0131m\u0131ndan da final d\u00f6rtl\u00fcs\u00fc i\u00e7in isimler verdi.<\/p>\n<p><img loading=\"lazy\" decoding=\"async\" class=\"alignnone wp-image-308043 size-full\" src=\"https:\/\/www.tgrthaber.com\/mavikadin\/wp-content\/uploads\/2026\/03\/survivor-2026-4.jpg\" alt=\"\" width=\"1208\" height=\"680\" title=\"\" srcset=\"https:\/\/www.tgrthaber.com\/mavikadin\/wp-content\/uploads\/2026\/03\/survivor-2026-4.jpg 1208w, https:\/\/www.tgrthaber.com\/mavikadin\/wp-content\/uploads\/2026\/03\/survivor-2026-4-300x169.jpg 300w, https:\/\/www.tgrthaber.com\/mavikadin\/wp-content\/uploads\/2026\/03\/survivor-2026-4-1024x576.jpg 1024w, https:\/\/www.tgrthaber.com\/mavikadin\/wp-content\/uploads\/2026\/03\/survivor-2026-4-768x432.jpg 768w\" sizes=\"(max-width: 1208px) 100vw, 1208px\" \/><\/p>\n<hr \/>\n<p>\u201cFinal d\u00f6rtl\u00fcs\u00fc kimler olsun?\u201d sorusuna Onur Alp, \u201c \u00c7ok iyi bir sezon ge\u00e7irdim. A\u00e7l\u0131k a\u015f\u0131r\u0131 zordu. Ramazan taraf\u0131ndan \u00e7ok fazla sayg\u0131s\u0131zl\u0131\u011fa maruz kald\u0131m. D\u0131\u015far\u0131da muhattap olmayaca\u011f\u0131m tek ki\u015fi. Nobre, Osman, Bar\u0131\u015f ve Nagihan\u2019dan d\u00f6rd\u00fc finale gider. Bence Nobre \u015fampiyon olur.\u201d<\/p>\n<p><img loading=\"lazy\" decoding=\"async\" class=\"alignnone wp-image-308042 size-full\" src=\"https:\/\/www.tgrthaber.com\/mavikadin\/wp-content\/uploads\/2026\/03\/Suvivor-2026-kirmizi-ve-mavi-takim-5.jpg\" alt=\"\" width=\"1208\" height=\"680\" title=\"\" srcset=\"https:\/\/www.tgrthaber.com\/mavikadin\/wp-content\/uploads\/2026\/03\/Suvivor-2026-kirmizi-ve-mavi-takim-5.jpg 1208w, https:\/\/www.tgrthaber.com\/mavikadin\/wp-content\/uploads\/2026\/03\/Suvivor-2026-kirmizi-ve-mavi-takim-5-300x169.jpg 300w, https:\/\/www.tgrthaber.com\/mavikadin\/wp-content\/uploads\/2026\/03\/Suvivor-2026-kirmizi-ve-mavi-takim-5-1024x576.jpg 1024w, https:\/\/www.tgrthaber.com\/mavikadin\/wp-content\/uploads\/2026\/03\/Suvivor-2026-kirmizi-ve-mavi-takim-5-768x432.jpg 768w\" sizes=\"(max-width: 1208px) 100vw, 1208px\" \/><\/p>\n<hr \/>\n<h3>SURV\u0130VOR 2026 KIRMIZI VE MAV\u0130 TAKIM KADROSU<\/h3>\n<p><strong>Survivor 2026 K\u0131rm\u0131z\u0131 tak\u0131m kadrosu\u00a0<\/strong><\/p>\n<ul>\n<li>Bayhan G\u00fcrhan<\/li>\n<li>Deniz \u00c7atalba\u015f<\/li>\n<li>Nefise Karatay<\/li>\n<li>Sercan Y\u0131ld\u0131r\u0131m<\/li>\n<li>Mert Nobre<\/li>\n<li>Murat Ark\u0131n<\/li>\n<li>Seren Ay \u00c7etin<\/li>\n<li>Serhan Onat<\/li>\n<li>Can Berkay Ertemiz<\/li>\n<li>Seda Albayrak<\/li>\n<\/ul>\n<p><strong>Survivor 2026 Mavi tak\u0131m kadrosu\u00a0<\/strong><\/p>\n<ul>\n<li>Ramazan Sar\u0131<\/li>\n<li>Beyza Gemici<\/li>\n<li>Engincan Tura<\/li>\n<li>Bar\u0131\u015f Murat Ya\u011fc\u0131<\/li>\n<li>G\u00f6zde Bozkurt<\/li>\n<li>Lina Hourieh<\/li>\n<li>Nisanur G\u00fcler<\/li>\n<li>Nagihan Karadere<\/li>\n<li>Osman Can Ural<\/li>\n<li>Sude Demir<\/li>\n<\/ul>\n<p><img loading=\"lazy\" decoding=\"async\" class=\"alignnone wp-image-308041 size-full\" src=\"https:\/\/www.tgrthaber.com\/mavikadin\/wp-content\/uploads\/2026\/03\/Survivor-Unluler-Gonulluler-6.jpg\" alt=\"\" width=\"1208\" height=\"680\" title=\"\" srcset=\"https:\/\/www.tgrthaber.com\/mavikadin\/wp-content\/uploads\/2026\/03\/Survivor-Unluler-Gonulluler-6.jpg 1208w, https:\/\/www.tgrthaber.com\/mavikadin\/wp-content\/uploads\/2026\/03\/Survivor-Unluler-Gonulluler-6-300x169.jpg 300w, https:\/\/www.tgrthaber.com\/mavikadin\/wp-content\/uploads\/2026\/03\/Survivor-Unluler-Gonulluler-6-1024x576.jpg 1024w, https:\/\/www.tgrthaber.com\/mavikadin\/wp-content\/uploads\/2026\/03\/Survivor-Unluler-Gonulluler-6-768x432.jpg 768w\" sizes=\"(max-width: 1208px) 100vw, 1208px\" \/><\/p>\n<hr \/>\n<h3>SURV\u0130VOR 2026\u2019YA VEDE EDEN YARI\u015eMACILAR<\/h3>\n<ul>\n<li>Dilan \u00c7\u0131tak<\/li>\n<li>Keremcem D\u00fcr\u00fck<\/li>\n<li>Selen G\u00f6rg\u00fczel<\/li>\n<li>Erkan Bilben<\/li>\n<li>Tu\u011f\u00e7e Melis Demir<\/li>\n<li>Do\u011fu\u015f<\/li>\n<li>Meryem Boz<\/li>\n<li>Eren Semerci<\/li>\n<li>B\u00fc\u015fra Yal\u00e7\u0131n<\/li>\n<li>Onur Alp \u00c7am<\/li>\n<\/ul>\n","protected":false},"excerpt":{"rendered":"<p>Survivor 2026&#8217;n\u0131n 9 haftas\u0131 erkek eleme potas\u0131nda yar\u0131\u015fmadan ayr\u0131lan Onur Alp \u00c7am, r\u00f6portaj\u0131yla sosyal medyaya damga vurdu. Ramazan ile ilgili s\u00f6ylemleriyle dikkat \u00e7eken Onur Alp, Survivor 2026 final d\u00f6rtl\u00fcs\u00fcn\u00fc a\u00e7\u0131klad\u0131. Onur Alp \u201c Ramazan \u015fampiyon olmas\u0131n\u201d diyerek a\u00e7\u0131klamalarda bulundu. <\/p>\n","protected":false},"author":10,"featured_media":308044,"comment_status":"closed","ping_status":"closed","sticky":false,"template":"","format":"standard","meta":{"rank_math_lock_modified_date":false,"footnotes":""},"categories":[76],"tags":[133,67209,73234,2366,63785],"class_list":["post-308038","post","type-post","status-publish","format-standard","has-post-thumbnail","hentry","category-magazin","tag-magazin","tag-onur-alp-cam","tag-onur-alp-survivor-dortlu-finalisti","tag-survivor","tag-survivor-2026"],"_links":{"self":[{"href":"https:\/\/www.tgrthaber.com\/mavikadin\/wp-json\/wp\/v2\/posts\/308038"}],"collection":[{"href":"https:\/\/www.tgrthaber.com\/mavikadin\/wp-json\/wp\/v2\/posts"}],"about":[{"href":"https:\/\/www.tgrthaber.com\/mavikadin\/wp-json\/wp\/v2\/types\/post"}],"author":[{"embeddable":true,"href":"https:\/\/www.tgrthaber.com\/mavikadin\/wp-json\/wp\/v2\/users\/10"}],"replies":[{"embeddable":true,"href":"https:\/\/www.tgrthaber.com\/mavikadin\/wp-json\/wp\/v2\/comments?post=308038"}],"version-history":[{"count":2,"href":"https:\/\/www.tgrthaber.com\/mavikadin\/wp-json\/wp\/v2\/posts\/308038\/revisions"}],"predecessor-version":[{"id":308046,"href":"https:\/\/www.tgrthaber.com\/mavikadin\/wp-json\/wp\/v2\/posts\/308038\/revisions\/308046"}],"wp:featuredmedia":[{"embeddable":true,"href":"https:\/\/www.tgrthaber.com\/mavikadin\/wp-json\/wp\/v2\/media\/308044"}],"wp:attachment":[{"href":"https:\/\/www.tgrthaber.com\/mavikadin\/wp-json\/wp\/v2\/media?parent=308038"}],"wp:term":[{"taxonomy":"category","embeddable":true,"href":"https:\/\/www.tgrthaber.com\/mavikadin\/wp-json\/wp\/v2\/categories?post=308038"},{"taxonomy":"post_tag","embeddable":true,"href":"https:\/\/www.tgrthaber.com\/mavikadin\/wp-json\/wp\/v2\/tags?post=308038"}],"curies":[{"name":"wp","href":"https:\/\/api.w.org\/{rel}","templated":true}]}}